{"id":15388,"date":"2014-10-14T16:51:00","date_gmt":"2014-10-14T14:51:00","guid":{"rendered":"https:\/\/dev.beneggiassociati.com\/2014\/10\/14\/bonus-occupazione-giovani\/"},"modified":"2014-10-14T16:51:00","modified_gmt":"2014-10-14T14:51:00","slug":"bonus-occupazione-giovani","status":"publish","type":"post","link":"https:\/\/beneggiassociati.com\/en\/bonus-occupazione-giovani\/","title":{"rendered":"Bonus Occupazione Giovani"},"content":{"rendered":"<p>Tutti i datori di lavoro che assumono, nelle Regioni coinvolte e nella provincia Autonoma di Trento, giovani di et\u00e0 compresa tra i 16 e i 29 anni, iscritti nel portale Garanzia Giovani, non impegnati in un&#8217;attivit\u00e0 lavorativa, n\u00e9 inseriti in un percorso scolastico o formativo possono, far aspirare ad un bonus dai 1.500 ai 6.000 euro.<br \/>\nLe assunzioni ammesse a beneficio sono quelle attivate con contratto a tempo indeterminato, anche a scopo di somministrazione o contratto a tempo determinato.<br \/>\nI  giovani tra i 15 e i 29 anni (29 anni e 364 giorni), residente in Italia, cittadino comunitario o straniero extra UE, regolarmente soggiornante in Italia, si iscrivono sul portale o sui portali delle Regioni coinvolte nel progetto. Saranno successivamente chiamati per un colloquio finalizzato all\u2019assegnazione di un \u201cProfilo\u201d per essere inseriti in una delle quattro classi previste  che vanno dalla difficolt\u00e0 media a quelle molto alta, pi\u00f9 \u00e8 alta la profilazione, pi\u00f9 \u00e8 alto il bonus spettante al datore di lavoro che lo assume. Il bonus scatta solo per i giovani assunti dai 16 anni in su.<br \/>\nLe assunzioni possono essere effettuate tra il 3\/10\/2014 e il 30\/6\/2017  fino a esaurimento dei fondi disponibili, anche con soci di cooperativa con rapporto di lavoro subordinato. Non danno diritto al bonus: apprendistato, lavoro domestico, intermittente, ripartito e accessorio.<\/p>\n","protected":false},"excerpt":{"rendered":"<p>Tutti i datori di lavoro che assumono, nelle Regioni coinvolte e nella provincia Autonoma di Trento, giovani di et\u00e0 compresa tra i 16 e i 29 anni, iscritti nel portale Garanzia Giovani, non impegnati in un&#8217;attivit\u00e0 lavorativa, n\u00e9 inseriti in un percorso scolastico o formativo possono, far aspirare ad un bonus dai 1.500 ai 6.000 [&hellip;]<\/p>\n","protected":false},"author":4,"featured_media":409,"comment_status":"open","ping_status":"open","sticky":false,"template":"","format":"standard","meta":{"_acf_changed":false,"content-type":"","footnotes":""},"categories":[16],"tags":[],"class_list":["post-15388","post","type-post","status-publish","format-standard","has-post-thumbnail","hentry","category-archivio"],"acf":[],"yoast_head":"<!-- This site is optimized with the Yoast SEO plugin v27.5 - https:\/\/yoast.com\/product\/yoast-seo-wordpress\/ -->\n<title>Bonus Occupazione Giovani - Beneggi &amp; Associati<\/title>\n<meta name=\"description\" content=\"Tutti i datori di lavoro che assumono, nelle Regioni coinvolte e nella provincia Autonoma di Trento, giovani di et\u00e0 compresa tra i 16 e i 29 anni,\" \/>\n<meta name=\"robots\" content=\"index, follow, max-snippet:-1, max-image-preview:large, max-video-preview:-1\" \/>\n<link rel=\"canonical\" href=\"https:\/\/beneggiassociati.com\/en\/bonus-occupazione-giovani\/\" \/>\n<meta property=\"og:locale\" content=\"en_US\" \/>\n<meta property=\"og:type\" content=\"article\" \/>\n<meta property=\"og:title\" content=\"Bonus Occupazione Giovani - Beneggi &amp; Associati\" \/>\n<meta property=\"og:description\" content=\"Tutti i datori di lavoro che assumono, nelle Regioni coinvolte e nella provincia Autonoma di Trento, giovani di et\u00e0 compresa tra i 16 e i 29 anni,\" \/>\n<meta property=\"og:url\" content=\"https:\/\/beneggiassociati.com\/en\/bonus-occupazione-giovani\/\" \/>\n<meta property=\"og:site_name\" content=\"Beneggi &amp; Associati\" \/>\n<meta property=\"article:published_time\" content=\"2014-10-14T14:51:00+00:00\" \/>\n<meta property=\"og:image\" content=\"https:\/\/beneggiassociati.com\/wp-content\/uploads\/2025\/07\/single-post-beneggi.jpg\" \/>\n\t<meta property=\"og:image:width\" content=\"1280\" \/>\n\t<meta property=\"og:image:height\" content=\"823\" \/>\n\t<meta property=\"og:image:type\" content=\"image\/jpeg\" \/>\n<meta name=\"author\" content=\"Tiziano Beneggi\" \/>\n<meta name=\"twitter:card\" content=\"summary_large_image\" \/>\n<meta name=\"twitter:label1\" content=\"Written by\" \/>\n\t<meta name=\"twitter:data1\" content=\"Tiziano Beneggi\" \/>\n\t<meta name=\"twitter:label2\" content=\"Est. reading time\" \/>\n\t<meta name=\"twitter:data2\" content=\"1 minute\" \/>\n<script type=\"application\/ld+json\" class=\"yoast-schema-graph\">{\"@context\":\"https:\\\/\\\/schema.org\",\"@graph\":[{\"@type\":\"Article\",\"@id\":\"https:\\\/\\\/beneggiassociati.com\\\/en\\\/bonus-occupazione-giovani\\\/#article\",\"isPartOf\":{\"@id\":\"https:\\\/\\\/beneggiassociati.com\\\/en\\\/bonus-occupazione-giovani\\\/\"},\"author\":{\"name\":\"Tiziano Beneggi\",\"@id\":\"https:\\\/\\\/beneggiassociati.com\\\/en\\\/#\\\/schema\\\/person\\\/828daacfa37b359e89e981f920072004\"},\"headline\":\"Bonus Occupazione Giovani\",\"datePublished\":\"2014-10-14T14:51:00+00:00\",\"mainEntityOfPage\":{\"@id\":\"https:\\\/\\\/beneggiassociati.com\\\/en\\\/bonus-occupazione-giovani\\\/\"},\"wordCount\":209,\"commentCount\":0,\"publisher\":{\"@id\":\"https:\\\/\\\/beneggiassociati.com\\\/en\\\/#organization\"},\"image\":{\"@id\":\"https:\\\/\\\/beneggiassociati.com\\\/en\\\/bonus-occupazione-giovani\\\/#primaryimage\"},\"thumbnailUrl\":\"https:\\\/\\\/beneggiassociati.com\\\/wp-content\\\/uploads\\\/2025\\\/07\\\/single-post-beneggi.jpg\",\"articleSection\":[\"ARCHIVIO\"],\"inLanguage\":\"en-US\"},{\"@type\":\"WebPage\",\"@id\":\"https:\\\/\\\/beneggiassociati.com\\\/en\\\/bonus-occupazione-giovani\\\/\",\"url\":\"https:\\\/\\\/beneggiassociati.com\\\/en\\\/bonus-occupazione-giovani\\\/\",\"name\":\"Bonus Occupazione Giovani - Beneggi &amp; Associati\",\"isPartOf\":{\"@id\":\"https:\\\/\\\/beneggiassociati.com\\\/en\\\/#website\"},\"primaryImageOfPage\":{\"@id\":\"https:\\\/\\\/beneggiassociati.com\\\/en\\\/bonus-occupazione-giovani\\\/#primaryimage\"},\"image\":{\"@id\":\"https:\\\/\\\/beneggiassociati.com\\\/en\\\/bonus-occupazione-giovani\\\/#primaryimage\"},\"thumbnailUrl\":\"https:\\\/\\\/beneggiassociati.com\\\/wp-content\\\/uploads\\\/2025\\\/07\\\/single-post-beneggi.jpg\",\"datePublished\":\"2014-10-14T14:51:00+00:00\",\"description\":\"Tutti i datori di lavoro che assumono, nelle Regioni coinvolte e nella provincia Autonoma di Trento, giovani di et\u00e0 compresa tra i 16 e i 29 anni,\",\"breadcrumb\":{\"@id\":\"https:\\\/\\\/beneggiassociati.com\\\/en\\\/bonus-occupazione-giovani\\\/#breadcrumb\"},\"inLanguage\":\"en-US\",\"potentialAction\":[{\"@type\":\"ReadAction\",\"target\":[\"https:\\\/\\\/beneggiassociati.com\\\/en\\\/bonus-occupazione-giovani\\\/\"]}]},{\"@type\":\"ImageObject\",\"inLanguage\":\"en-US\",\"@id\":\"https:\\\/\\\/beneggiassociati.com\\\/en\\\/bonus-occupazione-giovani\\\/#primaryimage\",\"url\":\"https:\\\/\\\/beneggiassociati.com\\\/wp-content\\\/uploads\\\/2025\\\/07\\\/single-post-beneggi.jpg\",\"contentUrl\":\"https:\\\/\\\/beneggiassociati.com\\\/wp-content\\\/uploads\\\/2025\\\/07\\\/single-post-beneggi.jpg\",\"width\":1280,\"height\":823},{\"@type\":\"BreadcrumbList\",\"@id\":\"https:\\\/\\\/beneggiassociati.com\\\/en\\\/bonus-occupazione-giovani\\\/#breadcrumb\",\"itemListElement\":[{\"@type\":\"ListItem\",\"position\":1,\"name\":\"Home\",\"item\":\"https:\\\/\\\/beneggiassociati.com\\\/en\\\/?page_id=24163\"},{\"@type\":\"ListItem\",\"position\":2,\"name\":\"Bonus Occupazione Giovani\"}]},{\"@type\":\"WebSite\",\"@id\":\"https:\\\/\\\/beneggiassociati.com\\\/en\\\/#website\",\"url\":\"https:\\\/\\\/beneggiassociati.com\\\/en\\\/\",\"name\":\"Beneggi e associati\",\"description\":\"\",\"publisher\":{\"@id\":\"https:\\\/\\\/beneggiassociati.com\\\/en\\\/#organization\"},\"potentialAction\":[{\"@type\":\"SearchAction\",\"target\":{\"@type\":\"EntryPoint\",\"urlTemplate\":\"https:\\\/\\\/beneggiassociati.com\\\/en\\\/?s={search_term_string}\"},\"query-input\":{\"@type\":\"PropertyValueSpecification\",\"valueRequired\":true,\"valueName\":\"search_term_string\"}}],\"inLanguage\":\"en-US\"},{\"@type\":\"Organization\",\"@id\":\"https:\\\/\\\/beneggiassociati.com\\\/en\\\/#organization\",\"name\":\"Beneggi e associati\",\"url\":\"https:\\\/\\\/beneggiassociati.com\\\/en\\\/\",\"logo\":{\"@type\":\"ImageObject\",\"inLanguage\":\"en-US\",\"@id\":\"https:\\\/\\\/beneggiassociati.com\\\/en\\\/#\\\/schema\\\/logo\\\/image\\\/\",\"url\":\"https:\\\/\\\/beneggiassociati.com\\\/wp-content\\\/uploads\\\/2025\\\/07\\\/beneggi-logo.png\",\"contentUrl\":\"https:\\\/\\\/beneggiassociati.com\\\/wp-content\\\/uploads\\\/2025\\\/07\\\/beneggi-logo.png\",\"width\":141,\"height\":87,\"caption\":\"Beneggi e associati\"},\"image\":{\"@id\":\"https:\\\/\\\/beneggiassociati.com\\\/en\\\/#\\\/schema\\\/logo\\\/image\\\/\"}},{\"@type\":\"Person\",\"@id\":\"https:\\\/\\\/beneggiassociati.com\\\/en\\\/#\\\/schema\\\/person\\\/828daacfa37b359e89e981f920072004\",\"name\":\"Tiziano Beneggi\",\"url\":\"https:\\\/\\\/beneggiassociati.com\\\/en\\\/author\\\/tizianobeneggiassociati-com\\\/\"}]}<\/script>\n<!-- \/ Yoast SEO plugin. -->","yoast_head_json":{"title":"Bonus Occupazione Giovani - Beneggi &amp; Associati","description":"Tutti i datori di lavoro che assumono, nelle Regioni coinvolte e nella provincia Autonoma di Trento, giovani di et\u00e0 compresa tra i 16 e i 29 anni,","robots":{"index":"index","follow":"follow","max-snippet":"max-snippet:-1","max-image-preview":"max-image-preview:large","max-video-preview":"max-video-preview:-1"},"canonical":"https:\/\/beneggiassociati.com\/en\/bonus-occupazione-giovani\/","og_locale":"en_US","og_type":"article","og_title":"Bonus Occupazione Giovani - Beneggi &amp; Associati","og_description":"Tutti i datori di lavoro che assumono, nelle Regioni coinvolte e nella provincia Autonoma di Trento, giovani di et\u00e0 compresa tra i 16 e i 29 anni,","og_url":"https:\/\/beneggiassociati.com\/en\/bonus-occupazione-giovani\/","og_site_name":"Beneggi &amp; Associati","article_published_time":"2014-10-14T14:51:00+00:00","og_image":[{"width":1280,"height":823,"url":"https:\/\/beneggiassociati.com\/wp-content\/uploads\/2025\/07\/single-post-beneggi.jpg","type":"image\/jpeg"}],"author":"Tiziano Beneggi","twitter_card":"summary_large_image","twitter_misc":{"Written by":"Tiziano Beneggi","Est. reading time":"1 minute"},"schema":{"@context":"https:\/\/schema.org","@graph":[{"@type":"Article","@id":"https:\/\/beneggiassociati.com\/en\/bonus-occupazione-giovani\/#article","isPartOf":{"@id":"https:\/\/beneggiassociati.com\/en\/bonus-occupazione-giovani\/"},"author":{"name":"Tiziano Beneggi","@id":"https:\/\/beneggiassociati.com\/en\/#\/schema\/person\/828daacfa37b359e89e981f920072004"},"headline":"Bonus Occupazione Giovani","datePublished":"2014-10-14T14:51:00+00:00","mainEntityOfPage":{"@id":"https:\/\/beneggiassociati.com\/en\/bonus-occupazione-giovani\/"},"wordCount":209,"commentCount":0,"publisher":{"@id":"https:\/\/beneggiassociati.com\/en\/#organization"},"image":{"@id":"https:\/\/beneggiassociati.com\/en\/bonus-occupazione-giovani\/#primaryimage"},"thumbnailUrl":"https:\/\/beneggiassociati.com\/wp-content\/uploads\/2025\/07\/single-post-beneggi.jpg","articleSection":["ARCHIVIO"],"inLanguage":"en-US"},{"@type":"WebPage","@id":"https:\/\/beneggiassociati.com\/en\/bonus-occupazione-giovani\/","url":"https:\/\/beneggiassociati.com\/en\/bonus-occupazione-giovani\/","name":"Bonus Occupazione Giovani - Beneggi &amp; Associati","isPartOf":{"@id":"https:\/\/beneggiassociati.com\/en\/#website"},"primaryImageOfPage":{"@id":"https:\/\/beneggiassociati.com\/en\/bonus-occupazione-giovani\/#primaryimage"},"image":{"@id":"https:\/\/beneggiassociati.com\/en\/bonus-occupazione-giovani\/#primaryimage"},"thumbnailUrl":"https:\/\/beneggiassociati.com\/wp-content\/uploads\/2025\/07\/single-post-beneggi.jpg","datePublished":"2014-10-14T14:51:00+00:00","description":"Tutti i datori di lavoro che assumono, nelle Regioni coinvolte e nella provincia Autonoma di Trento, giovani di et\u00e0 compresa tra i 16 e i 29 anni,","breadcrumb":{"@id":"https:\/\/beneggiassociati.com\/en\/bonus-occupazione-giovani\/#breadcrumb"},"inLanguage":"en-US","potentialAction":[{"@type":"ReadAction","target":["https:\/\/beneggiassociati.com\/en\/bonus-occupazione-giovani\/"]}]},{"@type":"ImageObject","inLanguage":"en-US","@id":"https:\/\/beneggiassociati.com\/en\/bonus-occupazione-giovani\/#primaryimage","url":"https:\/\/beneggiassociati.com\/wp-content\/uploads\/2025\/07\/single-post-beneggi.jpg","contentUrl":"https:\/\/beneggiassociati.com\/wp-content\/uploads\/2025\/07\/single-post-beneggi.jpg","width":1280,"height":823},{"@type":"BreadcrumbList","@id":"https:\/\/beneggiassociati.com\/en\/bonus-occupazione-giovani\/#breadcrumb","itemListElement":[{"@type":"ListItem","position":1,"name":"Home","item":"https:\/\/beneggiassociati.com\/en\/?page_id=24163"},{"@type":"ListItem","position":2,"name":"Bonus Occupazione Giovani"}]},{"@type":"WebSite","@id":"https:\/\/beneggiassociati.com\/en\/#website","url":"https:\/\/beneggiassociati.com\/en\/","name":"Beneggi e associati","description":"","publisher":{"@id":"https:\/\/beneggiassociati.com\/en\/#organization"},"potentialAction":[{"@type":"SearchAction","target":{"@type":"EntryPoint","urlTemplate":"https:\/\/beneggiassociati.com\/en\/?s={search_term_string}"},"query-input":{"@type":"PropertyValueSpecification","valueRequired":true,"valueName":"search_term_string"}}],"inLanguage":"en-US"},{"@type":"Organization","@id":"https:\/\/beneggiassociati.com\/en\/#organization","name":"Beneggi e associati","url":"https:\/\/beneggiassociati.com\/en\/","logo":{"@type":"ImageObject","inLanguage":"en-US","@id":"https:\/\/beneggiassociati.com\/en\/#\/schema\/logo\/image\/","url":"https:\/\/beneggiassociati.com\/wp-content\/uploads\/2025\/07\/beneggi-logo.png","contentUrl":"https:\/\/beneggiassociati.com\/wp-content\/uploads\/2025\/07\/beneggi-logo.png","width":141,"height":87,"caption":"Beneggi e associati"},"image":{"@id":"https:\/\/beneggiassociati.com\/en\/#\/schema\/logo\/image\/"}},{"@type":"Person","@id":"https:\/\/beneggiassociati.com\/en\/#\/schema\/person\/828daacfa37b359e89e981f920072004","name":"Tiziano Beneggi","url":"https:\/\/beneggiassociati.com\/en\/author\/tizianobeneggiassociati-com\/"}]}},"_links":{"self":[{"href":"https:\/\/beneggiassociati.com\/en\/wp-json\/wp\/v2\/posts\/15388","targetHints":{"allow":["GET"]}}],"collection":[{"href":"https:\/\/beneggiassociati.com\/en\/wp-json\/wp\/v2\/posts"}],"about":[{"href":"https:\/\/beneggiassociati.com\/en\/wp-json\/wp\/v2\/types\/post"}],"author":[{"embeddable":true,"href":"https:\/\/beneggiassociati.com\/en\/wp-json\/wp\/v2\/users\/4"}],"replies":[{"embeddable":true,"href":"https:\/\/beneggiassociati.com\/en\/wp-json\/wp\/v2\/comments?post=15388"}],"version-history":[{"count":0,"href":"https:\/\/beneggiassociati.com\/en\/wp-json\/wp\/v2\/posts\/15388\/revisions"}],"wp:featuredmedia":[{"embeddable":true,"href":"https:\/\/beneggiassociati.com\/en\/wp-json\/wp\/v2\/media\/409"}],"wp:attachment":[{"href":"https:\/\/beneggiassociati.com\/en\/wp-json\/wp\/v2\/media?parent=15388"}],"wp:term":[{"taxonomy":"category","embeddable":true,"href":"https:\/\/beneggiassociati.com\/en\/wp-json\/wp\/v2\/categories?post=15388"},{"taxonomy":"post_tag","embeddable":true,"href":"https:\/\/beneggiassociati.com\/en\/wp-json\/wp\/v2\/tags?post=15388"}],"curies":[{"name":"wp","href":"https:\/\/api.w.org\/{rel}","templated":true}]}}