{"id":15447,"date":"2015-01-14T18:41:00","date_gmt":"2015-01-14T17:41:00","guid":{"rendered":"https:\/\/dev.beneggiassociati.com\/2015\/01\/14\/jobs-act-le-novita-oltre-larticolo-18\/"},"modified":"2015-01-14T18:41:00","modified_gmt":"2015-01-14T17:41:00","slug":"jobs-act-le-novita-oltre-larticolo-18","status":"publish","type":"post","link":"https:\/\/beneggiassociati.com\/en\/jobs-act-le-novita-oltre-larticolo-18\/","title":{"rendered":"Jobs act: le novit\u00e0 oltre l&#039;articolo 18"},"content":{"rendered":"<p>In sintesi i vari argomenti di cui si occupa e che saranno regolamentati prossimamente con vari decreti delegati, per cui le norme entreranno in vigore in momenti diversi durante il prossimo anno.<br \/>\nART. 18 e NUOVI CONTRATTI dal 2015 &#8211; Posto che uno degli obiettivi della legge \u00e8 la semplificazione e il riordino delle tipologie contrattuali del lavoro, a partire dal 2015 il rapporto di lavoro prevalente dovrebbe essere quello con contratto a tempo indeterminato (come gi\u00e0 nelle intenzioni della riforma Fornero) ma con la novit\u00e0 delle tutele crescenti commisurate all&#8217;anzianit\u00e0 di servizio del lavoratore.<br \/>\nI Contratti di Collaborazione Coordinata non dovrebbero essere pi\u00f9 previsti mentre per contratto a tempo determinato e apprendistato restano in vigore le norme da poco modificate. Il tema pi\u00f9 discusso in tema di contratto a tempo indeterminato \u00e8 stata ovviamente la tutela del lavoratore licenziato ingiustamente, regolamentata dall&#8217;art 18 dello Statuto dei lavoratori con il reintegro nello stesso posto di lavoro. Da Gennaio la nuova formulazione della norma prevede che per i licenziamenti per motivi economici non vi sia pi\u00f9 la possibilit\u00e0 di reintegra ma solo l&#8217;indennizzo economico che sar\u00e0 commisurato all&#8217;anzianit\u00e0 del lavoratore. Resta confermata invece la possibilit\u00e0 di riavere il proprio posto nei casi di licenziamento discriminatorio. Per i licenziamenti per giusta causa come il licenziamento disciplinare saranno i decreti attuativi a delimitare le casistiche specifiche nelle quali sar\u00e0 ancora possibile ottenere il reintegro in azienda oltre all&#8217;indennizzo.<br \/>\nAMMORTIZZATORI SOCIALI &#8211; Per CIGS e mobilit\u00e0 sono previste risorse per 1900 milioni per il 2915 e 2016 fatte salve successive norme di rifinanziamento. Viene per\u00f2 prevista l&#8217;eliminazione della possibilit\u00e0 di ricorrere alla Cassa Integrazione in caso di cessazione definitiva della attivit\u00e0 dell&#8217;azienda o anche solo di un suo ramo. Si punta dall&#8217;altro lato a mettere in campo servizi di orientamento e supporto nel ricollocamento del lavoratore che perde il proprio posto. ASPI e Miniaspi vengono unificate e si introduce una variabilit\u00e0 nella durata del sussidio, nel senso che i lavoratori che hanno una carriera contributiva pi\u00f9 &#8220;pesante&#8221; potranno contare sul contributo per un periodo pi\u00f9 lungo. Il diritto all&#8217;ASPI viene inoltre esteso alle collaborazioni coordinate e coordinative.<br \/>\nMODALITA&#8217; DI LAVORO E MANSIONI &#8211; La legge delega ammorbidisce le regole sul controlli del lavoro a distanza. Non sar\u00e0 pi\u00f9 vietato infatti l&#8217;utilizzo di telecamere, come finora \u00e8 previsto dallo Statuto dei lavoratori. Si specifica per\u00f2 che i controlli riguarderanno l&#8217;attivit\u00e0 delle macchine e non direttamente delle persone. Dal punto di vista delle mansioni a cui il lavoratore pu\u00f2 essere adibito, anche qui si superano le previsioni dello Statuto dei lavoratori, infatti diventer\u00e0 pi\u00f9 semplice per il datore di lavoro proporre al lavoratore mansioni diverse non necessariamente uguali o superiori a quelle del momento dell&#8217;assunzione. Pi\u00f9 spazio dunque alle necessit\u00e0 aziendali di riorganizzazione o ristrutturazione pur con la tutela della professionalit\u00e0 e delle competenze dei lavoratori. Molte misure dei decreti previsti dal Disegno di legge vengono incontro alle esigenze personali e familiari dei dipendenti allargando l&#8217;indennit\u00e0 di maternit\u00e0 anche alle lavoratrici parasubordinate e autonome e prevedendo forme di tutela per lavoratori con figli disabili non autosufficienti. Sono inoltre previsti incentivi al telelavoro e la possibilit\u00e0 di scambio dei giorni di riposo tra lavoratori.<br \/>\nSEMPLIFICAZIONE AMMINISTRATIVA &#8211; Il Jobs act contiene ancora misure di razionalizzazione e la semplificazione degli adempimenti amministrativi richiesti alle aziende e collegati ai contratti e alla gestione i rapporti di lavoro. Anche dal punto di vista dell&#8217;organizzazione centrale, si cerca di semplificare con l&#8217;intenzione di sottrarre parte delle competenze alle Regioni per unificare in una Agenzia Nazionale la gestione delle politiche attive per il lavoro e dei servizi per l&#8217;impiego attive e l&#8217;erogazione dell&#8217;Aspi. Le competenze finora frazionate faranno dunque capo a un&#8217;unico soggetto compartecipato tra Ministero ed enti locali. Nuova Agenzia Unica anche per le attivit\u00e0 ispettive che riunir\u00e0 i controlli del Ministero del lavoro , INPS, INAIL sulle imprese e sui lavoratori.<\/p>\n","protected":false},"excerpt":{"rendered":"<p>In sintesi i vari argomenti di cui si occupa e che saranno regolamentati prossimamente con vari decreti delegati, per cui le norme entreranno in vigore in momenti diversi durante il prossimo anno. ART. 18 e NUOVI CONTRATTI dal 2015 &#8211; Posto che uno degli obiettivi della legge \u00e8 la semplificazione e il riordino delle tipologie [&hellip;]<\/p>\n","protected":false},"author":4,"featured_media":409,"comment_status":"open","ping_status":"open","sticky":false,"template":"","format":"standard","meta":{"_acf_changed":false,"content-type":"","footnotes":""},"categories":[16],"tags":[],"class_list":["post-15447","post","type-post","status-publish","format-standard","has-post-thumbnail","hentry","category-archivio"],"acf":[],"yoast_head":"<!-- This site is optimized with the Yoast SEO plugin v27.5 - https:\/\/yoast.com\/product\/yoast-seo-wordpress\/ -->\n<title>Jobs act: le novit\u00e0 oltre l&#039;articolo 18 - Beneggi &amp; Associati<\/title>\n<meta name=\"description\" content=\"In sintesi i vari argomenti di cui si occupa e che saranno regolamentati prossimamente con vari decreti delegati, per cui le norme entreranno in vigore in\" \/>\n<meta name=\"robots\" content=\"index, follow, max-snippet:-1, max-image-preview:large, max-video-preview:-1\" \/>\n<link rel=\"canonical\" href=\"https:\/\/beneggiassociati.com\/en\/jobs-act-le-novita-oltre-larticolo-18\/\" \/>\n<meta property=\"og:locale\" content=\"en_US\" \/>\n<meta property=\"og:type\" content=\"article\" \/>\n<meta property=\"og:title\" content=\"Jobs act: le novit\u00e0 oltre l&#039;articolo 18 - Beneggi &amp; Associati\" \/>\n<meta property=\"og:description\" content=\"In sintesi i vari argomenti di cui si occupa e che saranno regolamentati prossimamente con vari decreti delegati, per cui le norme entreranno in vigore in\" \/>\n<meta property=\"og:url\" content=\"https:\/\/beneggiassociati.com\/en\/jobs-act-le-novita-oltre-larticolo-18\/\" \/>\n<meta property=\"og:site_name\" content=\"Beneggi &amp; Associati\" \/>\n<meta property=\"article:published_time\" content=\"2015-01-14T17:41:00+00:00\" \/>\n<meta property=\"og:image\" content=\"https:\/\/beneggiassociati.com\/wp-content\/uploads\/2025\/07\/single-post-beneggi.jpg\" \/>\n\t<meta property=\"og:image:width\" content=\"1280\" \/>\n\t<meta property=\"og:image:height\" content=\"823\" \/>\n\t<meta property=\"og:image:type\" content=\"image\/jpeg\" \/>\n<meta name=\"author\" content=\"Tiziano Beneggi\" \/>\n<meta name=\"twitter:card\" content=\"summary_large_image\" \/>\n<meta name=\"twitter:label1\" content=\"Written by\" \/>\n\t<meta name=\"twitter:data1\" content=\"Tiziano Beneggi\" \/>\n\t<meta name=\"twitter:label2\" content=\"Est. reading time\" \/>\n\t<meta name=\"twitter:data2\" content=\"3 minutes\" \/>\n<script type=\"application\/ld+json\" class=\"yoast-schema-graph\">{\"@context\":\"https:\\\/\\\/schema.org\",\"@graph\":[{\"@type\":\"Article\",\"@id\":\"https:\\\/\\\/beneggiassociati.com\\\/en\\\/jobs-act-le-novita-oltre-larticolo-18\\\/#article\",\"isPartOf\":{\"@id\":\"https:\\\/\\\/beneggiassociati.com\\\/en\\\/jobs-act-le-novita-oltre-larticolo-18\\\/\"},\"author\":{\"name\":\"Tiziano Beneggi\",\"@id\":\"https:\\\/\\\/beneggiassociati.com\\\/en\\\/#\\\/schema\\\/person\\\/828daacfa37b359e89e981f920072004\"},\"headline\":\"Jobs act: le novit\u00e0 oltre l&#039;articolo 18\",\"datePublished\":\"2015-01-14T17:41:00+00:00\",\"mainEntityOfPage\":{\"@id\":\"https:\\\/\\\/beneggiassociati.com\\\/en\\\/jobs-act-le-novita-oltre-larticolo-18\\\/\"},\"wordCount\":656,\"commentCount\":0,\"publisher\":{\"@id\":\"https:\\\/\\\/beneggiassociati.com\\\/en\\\/#organization\"},\"image\":{\"@id\":\"https:\\\/\\\/beneggiassociati.com\\\/en\\\/jobs-act-le-novita-oltre-larticolo-18\\\/#primaryimage\"},\"thumbnailUrl\":\"https:\\\/\\\/beneggiassociati.com\\\/wp-content\\\/uploads\\\/2025\\\/07\\\/single-post-beneggi.jpg\",\"articleSection\":[\"ARCHIVIO\"],\"inLanguage\":\"en-US\"},{\"@type\":\"WebPage\",\"@id\":\"https:\\\/\\\/beneggiassociati.com\\\/en\\\/jobs-act-le-novita-oltre-larticolo-18\\\/\",\"url\":\"https:\\\/\\\/beneggiassociati.com\\\/en\\\/jobs-act-le-novita-oltre-larticolo-18\\\/\",\"name\":\"Jobs act: le novit\u00e0 oltre l&#039;articolo 18 - Beneggi &amp; Associati\",\"isPartOf\":{\"@id\":\"https:\\\/\\\/beneggiassociati.com\\\/en\\\/#website\"},\"primaryImageOfPage\":{\"@id\":\"https:\\\/\\\/beneggiassociati.com\\\/en\\\/jobs-act-le-novita-oltre-larticolo-18\\\/#primaryimage\"},\"image\":{\"@id\":\"https:\\\/\\\/beneggiassociati.com\\\/en\\\/jobs-act-le-novita-oltre-larticolo-18\\\/#primaryimage\"},\"thumbnailUrl\":\"https:\\\/\\\/beneggiassociati.com\\\/wp-content\\\/uploads\\\/2025\\\/07\\\/single-post-beneggi.jpg\",\"datePublished\":\"2015-01-14T17:41:00+00:00\",\"description\":\"In sintesi i vari argomenti di cui si occupa e che saranno regolamentati prossimamente con vari decreti delegati, per cui le norme entreranno in vigore in\",\"breadcrumb\":{\"@id\":\"https:\\\/\\\/beneggiassociati.com\\\/en\\\/jobs-act-le-novita-oltre-larticolo-18\\\/#breadcrumb\"},\"inLanguage\":\"en-US\",\"potentialAction\":[{\"@type\":\"ReadAction\",\"target\":[\"https:\\\/\\\/beneggiassociati.com\\\/en\\\/jobs-act-le-novita-oltre-larticolo-18\\\/\"]}]},{\"@type\":\"ImageObject\",\"inLanguage\":\"en-US\",\"@id\":\"https:\\\/\\\/beneggiassociati.com\\\/en\\\/jobs-act-le-novita-oltre-larticolo-18\\\/#primaryimage\",\"url\":\"https:\\\/\\\/beneggiassociati.com\\\/wp-content\\\/uploads\\\/2025\\\/07\\\/single-post-beneggi.jpg\",\"contentUrl\":\"https:\\\/\\\/beneggiassociati.com\\\/wp-content\\\/uploads\\\/2025\\\/07\\\/single-post-beneggi.jpg\",\"width\":1280,\"height\":823},{\"@type\":\"BreadcrumbList\",\"@id\":\"https:\\\/\\\/beneggiassociati.com\\\/en\\\/jobs-act-le-novita-oltre-larticolo-18\\\/#breadcrumb\",\"itemListElement\":[{\"@type\":\"ListItem\",\"position\":1,\"name\":\"Home\",\"item\":\"https:\\\/\\\/beneggiassociati.com\\\/en\\\/?page_id=24163\"},{\"@type\":\"ListItem\",\"position\":2,\"name\":\"Jobs act: le novit\u00e0 oltre l&#039;articolo 18\"}]},{\"@type\":\"WebSite\",\"@id\":\"https:\\\/\\\/beneggiassociati.com\\\/en\\\/#website\",\"url\":\"https:\\\/\\\/beneggiassociati.com\\\/en\\\/\",\"name\":\"Beneggi e associati\",\"description\":\"\",\"publisher\":{\"@id\":\"https:\\\/\\\/beneggiassociati.com\\\/en\\\/#organization\"},\"potentialAction\":[{\"@type\":\"SearchAction\",\"target\":{\"@type\":\"EntryPoint\",\"urlTemplate\":\"https:\\\/\\\/beneggiassociati.com\\\/en\\\/?s={search_term_string}\"},\"query-input\":{\"@type\":\"PropertyValueSpecification\",\"valueRequired\":true,\"valueName\":\"search_term_string\"}}],\"inLanguage\":\"en-US\"},{\"@type\":\"Organization\",\"@id\":\"https:\\\/\\\/beneggiassociati.com\\\/en\\\/#organization\",\"name\":\"Beneggi e associati\",\"url\":\"https:\\\/\\\/beneggiassociati.com\\\/en\\\/\",\"logo\":{\"@type\":\"ImageObject\",\"inLanguage\":\"en-US\",\"@id\":\"https:\\\/\\\/beneggiassociati.com\\\/en\\\/#\\\/schema\\\/logo\\\/image\\\/\",\"url\":\"https:\\\/\\\/beneggiassociati.com\\\/wp-content\\\/uploads\\\/2025\\\/07\\\/beneggi-logo.png\",\"contentUrl\":\"https:\\\/\\\/beneggiassociati.com\\\/wp-content\\\/uploads\\\/2025\\\/07\\\/beneggi-logo.png\",\"width\":141,\"height\":87,\"caption\":\"Beneggi e associati\"},\"image\":{\"@id\":\"https:\\\/\\\/beneggiassociati.com\\\/en\\\/#\\\/schema\\\/logo\\\/image\\\/\"}},{\"@type\":\"Person\",\"@id\":\"https:\\\/\\\/beneggiassociati.com\\\/en\\\/#\\\/schema\\\/person\\\/828daacfa37b359e89e981f920072004\",\"name\":\"Tiziano Beneggi\",\"url\":\"https:\\\/\\\/beneggiassociati.com\\\/en\\\/author\\\/tizianobeneggiassociati-com\\\/\"}]}<\/script>\n<!-- \/ Yoast SEO plugin. -->","yoast_head_json":{"title":"Jobs act: le novit\u00e0 oltre l&#039;articolo 18 - Beneggi &amp; Associati","description":"In sintesi i vari argomenti di cui si occupa e che saranno regolamentati prossimamente con vari decreti delegati, per cui le norme entreranno in vigore in","robots":{"index":"index","follow":"follow","max-snippet":"max-snippet:-1","max-image-preview":"max-image-preview:large","max-video-preview":"max-video-preview:-1"},"canonical":"https:\/\/beneggiassociati.com\/en\/jobs-act-le-novita-oltre-larticolo-18\/","og_locale":"en_US","og_type":"article","og_title":"Jobs act: le novit\u00e0 oltre l&#039;articolo 18 - Beneggi &amp; Associati","og_description":"In sintesi i vari argomenti di cui si occupa e che saranno regolamentati prossimamente con vari decreti delegati, per cui le norme entreranno in vigore in","og_url":"https:\/\/beneggiassociati.com\/en\/jobs-act-le-novita-oltre-larticolo-18\/","og_site_name":"Beneggi &amp; Associati","article_published_time":"2015-01-14T17:41:00+00:00","og_image":[{"width":1280,"height":823,"url":"https:\/\/beneggiassociati.com\/wp-content\/uploads\/2025\/07\/single-post-beneggi.jpg","type":"image\/jpeg"}],"author":"Tiziano Beneggi","twitter_card":"summary_large_image","twitter_misc":{"Written by":"Tiziano Beneggi","Est. reading time":"3 minutes"},"schema":{"@context":"https:\/\/schema.org","@graph":[{"@type":"Article","@id":"https:\/\/beneggiassociati.com\/en\/jobs-act-le-novita-oltre-larticolo-18\/#article","isPartOf":{"@id":"https:\/\/beneggiassociati.com\/en\/jobs-act-le-novita-oltre-larticolo-18\/"},"author":{"name":"Tiziano Beneggi","@id":"https:\/\/beneggiassociati.com\/en\/#\/schema\/person\/828daacfa37b359e89e981f920072004"},"headline":"Jobs act: le novit\u00e0 oltre l&#039;articolo 18","datePublished":"2015-01-14T17:41:00+00:00","mainEntityOfPage":{"@id":"https:\/\/beneggiassociati.com\/en\/jobs-act-le-novita-oltre-larticolo-18\/"},"wordCount":656,"commentCount":0,"publisher":{"@id":"https:\/\/beneggiassociati.com\/en\/#organization"},"image":{"@id":"https:\/\/beneggiassociati.com\/en\/jobs-act-le-novita-oltre-larticolo-18\/#primaryimage"},"thumbnailUrl":"https:\/\/beneggiassociati.com\/wp-content\/uploads\/2025\/07\/single-post-beneggi.jpg","articleSection":["ARCHIVIO"],"inLanguage":"en-US"},{"@type":"WebPage","@id":"https:\/\/beneggiassociati.com\/en\/jobs-act-le-novita-oltre-larticolo-18\/","url":"https:\/\/beneggiassociati.com\/en\/jobs-act-le-novita-oltre-larticolo-18\/","name":"Jobs act: le novit\u00e0 oltre l&#039;articolo 18 - Beneggi &amp; Associati","isPartOf":{"@id":"https:\/\/beneggiassociati.com\/en\/#website"},"primaryImageOfPage":{"@id":"https:\/\/beneggiassociati.com\/en\/jobs-act-le-novita-oltre-larticolo-18\/#primaryimage"},"image":{"@id":"https:\/\/beneggiassociati.com\/en\/jobs-act-le-novita-oltre-larticolo-18\/#primaryimage"},"thumbnailUrl":"https:\/\/beneggiassociati.com\/wp-content\/uploads\/2025\/07\/single-post-beneggi.jpg","datePublished":"2015-01-14T17:41:00+00:00","description":"In sintesi i vari argomenti di cui si occupa e che saranno regolamentati prossimamente con vari decreti delegati, per cui le norme entreranno in vigore in","breadcrumb":{"@id":"https:\/\/beneggiassociati.com\/en\/jobs-act-le-novita-oltre-larticolo-18\/#breadcrumb"},"inLanguage":"en-US","potentialAction":[{"@type":"ReadAction","target":["https:\/\/beneggiassociati.com\/en\/jobs-act-le-novita-oltre-larticolo-18\/"]}]},{"@type":"ImageObject","inLanguage":"en-US","@id":"https:\/\/beneggiassociati.com\/en\/jobs-act-le-novita-oltre-larticolo-18\/#primaryimage","url":"https:\/\/beneggiassociati.com\/wp-content\/uploads\/2025\/07\/single-post-beneggi.jpg","contentUrl":"https:\/\/beneggiassociati.com\/wp-content\/uploads\/2025\/07\/single-post-beneggi.jpg","width":1280,"height":823},{"@type":"BreadcrumbList","@id":"https:\/\/beneggiassociati.com\/en\/jobs-act-le-novita-oltre-larticolo-18\/#breadcrumb","itemListElement":[{"@type":"ListItem","position":1,"name":"Home","item":"https:\/\/beneggiassociati.com\/en\/?page_id=24163"},{"@type":"ListItem","position":2,"name":"Jobs act: le novit\u00e0 oltre l&#039;articolo 18"}]},{"@type":"WebSite","@id":"https:\/\/beneggiassociati.com\/en\/#website","url":"https:\/\/beneggiassociati.com\/en\/","name":"Beneggi e associati","description":"","publisher":{"@id":"https:\/\/beneggiassociati.com\/en\/#organization"},"potentialAction":[{"@type":"SearchAction","target":{"@type":"EntryPoint","urlTemplate":"https:\/\/beneggiassociati.com\/en\/?s={search_term_string}"},"query-input":{"@type":"PropertyValueSpecification","valueRequired":true,"valueName":"search_term_string"}}],"inLanguage":"en-US"},{"@type":"Organization","@id":"https:\/\/beneggiassociati.com\/en\/#organization","name":"Beneggi e associati","url":"https:\/\/beneggiassociati.com\/en\/","logo":{"@type":"ImageObject","inLanguage":"en-US","@id":"https:\/\/beneggiassociati.com\/en\/#\/schema\/logo\/image\/","url":"https:\/\/beneggiassociati.com\/wp-content\/uploads\/2025\/07\/beneggi-logo.png","contentUrl":"https:\/\/beneggiassociati.com\/wp-content\/uploads\/2025\/07\/beneggi-logo.png","width":141,"height":87,"caption":"Beneggi e associati"},"image":{"@id":"https:\/\/beneggiassociati.com\/en\/#\/schema\/logo\/image\/"}},{"@type":"Person","@id":"https:\/\/beneggiassociati.com\/en\/#\/schema\/person\/828daacfa37b359e89e981f920072004","name":"Tiziano Beneggi","url":"https:\/\/beneggiassociati.com\/en\/author\/tizianobeneggiassociati-com\/"}]}},"_links":{"self":[{"href":"https:\/\/beneggiassociati.com\/en\/wp-json\/wp\/v2\/posts\/15447","targetHints":{"allow":["GET"]}}],"collection":[{"href":"https:\/\/beneggiassociati.com\/en\/wp-json\/wp\/v2\/posts"}],"about":[{"href":"https:\/\/beneggiassociati.com\/en\/wp-json\/wp\/v2\/types\/post"}],"author":[{"embeddable":true,"href":"https:\/\/beneggiassociati.com\/en\/wp-json\/wp\/v2\/users\/4"}],"replies":[{"embeddable":true,"href":"https:\/\/beneggiassociati.com\/en\/wp-json\/wp\/v2\/comments?post=15447"}],"version-history":[{"count":0,"href":"https:\/\/beneggiassociati.com\/en\/wp-json\/wp\/v2\/posts\/15447\/revisions"}],"wp:featuredmedia":[{"embeddable":true,"href":"https:\/\/beneggiassociati.com\/en\/wp-json\/wp\/v2\/media\/409"}],"wp:attachment":[{"href":"https:\/\/beneggiassociati.com\/en\/wp-json\/wp\/v2\/media?parent=15447"}],"wp:term":[{"taxonomy":"category","embeddable":true,"href":"https:\/\/beneggiassociati.com\/en\/wp-json\/wp\/v2\/categories?post=15447"},{"taxonomy":"post_tag","embeddable":true,"href":"https:\/\/beneggiassociati.com\/en\/wp-json\/wp\/v2\/tags?post=15447"}],"curies":[{"name":"wp","href":"https:\/\/api.w.org\/{rel}","templated":true}]}}