{"id":15470,"date":"2015-03-20T16:44:00","date_gmt":"2015-03-20T15:44:00","guid":{"rendered":"https:\/\/dev.beneggiassociati.com\/2015\/03\/20\/jobs-act-contratto-a-tutele-crescenti\/"},"modified":"2015-03-20T16:44:00","modified_gmt":"2015-03-20T15:44:00","slug":"jobs-act-contratto-a-tutele-crescenti","status":"publish","type":"post","link":"https:\/\/beneggiassociati.com\/en\/jobs-act-contratto-a-tutele-crescenti\/","title":{"rendered":"Jobs Act &#8211; Contratto a tutele crescenti"},"content":{"rendered":"<p>A seguito della pubblicazione in Gazzetta Ufficiale \u00e8 definitivamente entrato in vigore, a decorrere dal 07.03.2015, il decreto relativo al contratto a tutele crescenti.<br \/>\nCampo di applicazione: contratti di lavoro subordinato a tempo indeterminato stipulati a decorrere dal 7 marzo 2015 ivi comprese le conversioni\/conferme in contratto a tempo indeterminato di contratti a tempo determinato o di apprendistato.<br \/>\nRientrano altres\u00ec nella presente normativa i lavoratori assunti precedentemente il 7 marzo da parte di datori di lavoro che, in conseguenza di assunzioni a tempo indeterminato avvenute successivamente a tale data, integrino il requisito occupazionale di cui all\u2019articolo 18 della L. 300\/1970.<br \/>\nLicenziamento discriminatorio, nullo e intimato in forma orale: il datore di lavoro \u00e8 tenuto al reintegro del lavoratore nel posto di lavoro ed al pagamento della retribuzione dal giorno del licenziamento sino a quello dell&#8217;effettiva reintegrazione (la misura del risarcimento non potr\u00e0 essere inferiore a 5 mensilit\u00e0). In alternativa al reintegro il lavoratore potr\u00e0 richiedere una indennit\u00e0 pari a 15 mensilit\u00e0.<br \/>\nLa predetta disciplina trova applicazione anche in caso di licenziamenti disciplinari in cui sia accertata l&#8217;insussistenza del fatto materiale contestato al lavoratore.<br \/>\nIn questo caso per\u00f2 la misura dell&#8217;indennit\u00e0 risarcitoria relativa al periodo tra licenziamento e reintegra non potr\u00e0 essere superiore a 12 mensilit\u00e0.<br \/>\nLicenziamento per giustificato motivo e giusta causa: nei casi in cui il licenziamento risulti illegittimo il giudice dichiara comunque estinto il rapporto di lavoro e condanna il datore di lavoro al pagamento di un&#8217; indennit\u00e0 risarcitoria (non assoggettata a contribuzione previdenziale) di importo pari a 2 mensilit\u00e0 per ogni anno di servizio, in misura comunque non inferiore a 4 e non superiore a 24 mensilit\u00e0.<br \/>\nIl suddetto importo viene dimezzato nel caso in cui il licenziamento risulti illegittimo esclusivamente a causa di vizi formali e\/o procedurali.<br \/>\nLe indennit\u00e0 di cui sopra sono:<br \/>\n&#8211; dimezzate e non potranno mai superare le 6 mensilit\u00e0 nei confronti dei datori di lavoro ai quali non si applica l\u2019 art.18 della L. 300\/1970;<br \/>\n&#8211; calcolate tenendo conto dei mesi di effettiva durata del rapporto di lavoro e le frazioni di mese uguali o superiori a quindici giorni sono computate come mese intero.<br \/>\nLicenziamento collettivo: le normative di cui sopra trovano applicazione anche ai casi di licenziamento collettivo con la conseguenza che al licenziamento collettivo intimato senza l\u2019osservanza della forma scritta si applica il regime sanzionatorio previsto per il licenziamento discriminatorio o nullo mentre in tutti gli altri casi (vizi procedurali o errata applicazione dei criteri di scelta) si applicher\u00e0 il regime previsto per il licenziamento privo di giustificato motivo.<br \/>\nRevoca del licenziamento: entro il termine di quindici giorni dalla comunicazione dell&#8217;impugnazione del licenziamento il datore di lavoro pu\u00f2 revocare il licenziamento con il ripristino del rapporto di lavoro ed il solo pagamento della retribuzione maturata nel periodo precedente alla revoca.<br \/>\nOfferta di conciliazione: il datore di lavoro pu\u00f2 offrire al lavoratore, entro i termini di impugnazione stragiudiziale del licenziamento, un importo, esente sia ai fini fiscali che ai fini contributivi, pari ad una mensilit\u00e0 per ogni anno di servizio con un minimo di 2 ed un massimo di 18 mensilit\u00e0. Ogni eventuale ulteriore somma pattuita nella stessa sede conciliativa a chiusura di ogni altra pendenza derivante dal rapporto di lavoro, \u00e8 soggetta al regime fiscale e contributivo ordinario.<\/p>\n","protected":false},"excerpt":{"rendered":"<p>A seguito della pubblicazione in Gazzetta Ufficiale \u00e8 definitivamente entrato in vigore, a decorrere dal 07.03.2015, il decreto relativo al contratto a tutele crescenti. Campo di applicazione: contratti di lavoro subordinato a tempo indeterminato stipulati a decorrere dal 7 marzo 2015 ivi comprese le conversioni\/conferme in contratto a tempo indeterminato di contratti a tempo determinato [&hellip;]<\/p>\n","protected":false},"author":4,"featured_media":409,"comment_status":"open","ping_status":"open","sticky":false,"template":"","format":"standard","meta":{"_acf_changed":false,"content-type":"","footnotes":""},"categories":[16],"tags":[],"class_list":["post-15470","post","type-post","status-publish","format-standard","has-post-thumbnail","hentry","category-archivio"],"acf":[],"yoast_head":"<!-- This site is optimized with the Yoast SEO plugin v27.5 - https:\/\/yoast.com\/product\/yoast-seo-wordpress\/ -->\n<title>Jobs Act - Contratto a tutele crescenti - Beneggi &amp; Associati<\/title>\n<meta name=\"description\" content=\"A seguito della pubblicazione in Gazzetta Ufficiale \u00e8 definitivamente entrato in vigore, a decorrere dal 07.03.2015, il decreto relativo al contratto a\" \/>\n<meta name=\"robots\" content=\"index, follow, max-snippet:-1, max-image-preview:large, max-video-preview:-1\" \/>\n<link rel=\"canonical\" href=\"https:\/\/beneggiassociati.com\/en\/jobs-act-contratto-a-tutele-crescenti\/\" \/>\n<meta property=\"og:locale\" content=\"en_US\" \/>\n<meta property=\"og:type\" content=\"article\" \/>\n<meta property=\"og:title\" content=\"Jobs Act - Contratto a tutele crescenti - Beneggi &amp; Associati\" \/>\n<meta property=\"og:description\" content=\"A seguito della pubblicazione in Gazzetta Ufficiale \u00e8 definitivamente entrato in vigore, a decorrere dal 07.03.2015, il decreto relativo al contratto a\" \/>\n<meta property=\"og:url\" content=\"https:\/\/beneggiassociati.com\/en\/jobs-act-contratto-a-tutele-crescenti\/\" \/>\n<meta property=\"og:site_name\" content=\"Beneggi &amp; Associati\" \/>\n<meta property=\"article:published_time\" content=\"2015-03-20T15:44:00+00:00\" \/>\n<meta property=\"og:image\" content=\"https:\/\/beneggiassociati.com\/wp-content\/uploads\/2025\/07\/single-post-beneggi.jpg\" \/>\n\t<meta property=\"og:image:width\" content=\"1280\" \/>\n\t<meta property=\"og:image:height\" content=\"823\" \/>\n\t<meta property=\"og:image:type\" content=\"image\/jpeg\" \/>\n<meta name=\"author\" content=\"Tiziano Beneggi\" \/>\n<meta name=\"twitter:card\" content=\"summary_large_image\" \/>\n<meta name=\"twitter:label1\" content=\"Written by\" \/>\n\t<meta name=\"twitter:data1\" content=\"Tiziano Beneggi\" \/>\n\t<meta name=\"twitter:label2\" content=\"Est. reading time\" \/>\n\t<meta name=\"twitter:data2\" content=\"3 minutes\" \/>\n<script type=\"application\/ld+json\" class=\"yoast-schema-graph\">{\"@context\":\"https:\\\/\\\/schema.org\",\"@graph\":[{\"@type\":\"Article\",\"@id\":\"https:\\\/\\\/beneggiassociati.com\\\/en\\\/jobs-act-contratto-a-tutele-crescenti\\\/#article\",\"isPartOf\":{\"@id\":\"https:\\\/\\\/beneggiassociati.com\\\/en\\\/jobs-act-contratto-a-tutele-crescenti\\\/\"},\"author\":{\"name\":\"Tiziano Beneggi\",\"@id\":\"https:\\\/\\\/beneggiassociati.com\\\/en\\\/#\\\/schema\\\/person\\\/828daacfa37b359e89e981f920072004\"},\"headline\":\"Jobs Act &#8211; Contratto a tutele crescenti\",\"datePublished\":\"2015-03-20T15:44:00+00:00\",\"mainEntityOfPage\":{\"@id\":\"https:\\\/\\\/beneggiassociati.com\\\/en\\\/jobs-act-contratto-a-tutele-crescenti\\\/\"},\"wordCount\":534,\"commentCount\":0,\"publisher\":{\"@id\":\"https:\\\/\\\/beneggiassociati.com\\\/en\\\/#organization\"},\"image\":{\"@id\":\"https:\\\/\\\/beneggiassociati.com\\\/en\\\/jobs-act-contratto-a-tutele-crescenti\\\/#primaryimage\"},\"thumbnailUrl\":\"https:\\\/\\\/beneggiassociati.com\\\/wp-content\\\/uploads\\\/2025\\\/07\\\/single-post-beneggi.jpg\",\"articleSection\":[\"ARCHIVIO\"],\"inLanguage\":\"en-US\"},{\"@type\":\"WebPage\",\"@id\":\"https:\\\/\\\/beneggiassociati.com\\\/en\\\/jobs-act-contratto-a-tutele-crescenti\\\/\",\"url\":\"https:\\\/\\\/beneggiassociati.com\\\/en\\\/jobs-act-contratto-a-tutele-crescenti\\\/\",\"name\":\"Jobs Act - Contratto a tutele crescenti - Beneggi &amp; Associati\",\"isPartOf\":{\"@id\":\"https:\\\/\\\/beneggiassociati.com\\\/en\\\/#website\"},\"primaryImageOfPage\":{\"@id\":\"https:\\\/\\\/beneggiassociati.com\\\/en\\\/jobs-act-contratto-a-tutele-crescenti\\\/#primaryimage\"},\"image\":{\"@id\":\"https:\\\/\\\/beneggiassociati.com\\\/en\\\/jobs-act-contratto-a-tutele-crescenti\\\/#primaryimage\"},\"thumbnailUrl\":\"https:\\\/\\\/beneggiassociati.com\\\/wp-content\\\/uploads\\\/2025\\\/07\\\/single-post-beneggi.jpg\",\"datePublished\":\"2015-03-20T15:44:00+00:00\",\"description\":\"A seguito della pubblicazione in Gazzetta Ufficiale \u00e8 definitivamente entrato in vigore, a decorrere dal 07.03.2015, il decreto relativo al contratto a\",\"breadcrumb\":{\"@id\":\"https:\\\/\\\/beneggiassociati.com\\\/en\\\/jobs-act-contratto-a-tutele-crescenti\\\/#breadcrumb\"},\"inLanguage\":\"en-US\",\"potentialAction\":[{\"@type\":\"ReadAction\",\"target\":[\"https:\\\/\\\/beneggiassociati.com\\\/en\\\/jobs-act-contratto-a-tutele-crescenti\\\/\"]}]},{\"@type\":\"ImageObject\",\"inLanguage\":\"en-US\",\"@id\":\"https:\\\/\\\/beneggiassociati.com\\\/en\\\/jobs-act-contratto-a-tutele-crescenti\\\/#primaryimage\",\"url\":\"https:\\\/\\\/beneggiassociati.com\\\/wp-content\\\/uploads\\\/2025\\\/07\\\/single-post-beneggi.jpg\",\"contentUrl\":\"https:\\\/\\\/beneggiassociati.com\\\/wp-content\\\/uploads\\\/2025\\\/07\\\/single-post-beneggi.jpg\",\"width\":1280,\"height\":823},{\"@type\":\"BreadcrumbList\",\"@id\":\"https:\\\/\\\/beneggiassociati.com\\\/en\\\/jobs-act-contratto-a-tutele-crescenti\\\/#breadcrumb\",\"itemListElement\":[{\"@type\":\"ListItem\",\"position\":1,\"name\":\"Home\",\"item\":\"https:\\\/\\\/beneggiassociati.com\\\/en\\\/?page_id=24163\"},{\"@type\":\"ListItem\",\"position\":2,\"name\":\"Jobs Act &#8211; Contratto a tutele crescenti\"}]},{\"@type\":\"WebSite\",\"@id\":\"https:\\\/\\\/beneggiassociati.com\\\/en\\\/#website\",\"url\":\"https:\\\/\\\/beneggiassociati.com\\\/en\\\/\",\"name\":\"Beneggi e associati\",\"description\":\"\",\"publisher\":{\"@id\":\"https:\\\/\\\/beneggiassociati.com\\\/en\\\/#organization\"},\"potentialAction\":[{\"@type\":\"SearchAction\",\"target\":{\"@type\":\"EntryPoint\",\"urlTemplate\":\"https:\\\/\\\/beneggiassociati.com\\\/en\\\/?s={search_term_string}\"},\"query-input\":{\"@type\":\"PropertyValueSpecification\",\"valueRequired\":true,\"valueName\":\"search_term_string\"}}],\"inLanguage\":\"en-US\"},{\"@type\":\"Organization\",\"@id\":\"https:\\\/\\\/beneggiassociati.com\\\/en\\\/#organization\",\"name\":\"Beneggi e associati\",\"url\":\"https:\\\/\\\/beneggiassociati.com\\\/en\\\/\",\"logo\":{\"@type\":\"ImageObject\",\"inLanguage\":\"en-US\",\"@id\":\"https:\\\/\\\/beneggiassociati.com\\\/en\\\/#\\\/schema\\\/logo\\\/image\\\/\",\"url\":\"https:\\\/\\\/beneggiassociati.com\\\/wp-content\\\/uploads\\\/2025\\\/07\\\/beneggi-logo.png\",\"contentUrl\":\"https:\\\/\\\/beneggiassociati.com\\\/wp-content\\\/uploads\\\/2025\\\/07\\\/beneggi-logo.png\",\"width\":141,\"height\":87,\"caption\":\"Beneggi e associati\"},\"image\":{\"@id\":\"https:\\\/\\\/beneggiassociati.com\\\/en\\\/#\\\/schema\\\/logo\\\/image\\\/\"}},{\"@type\":\"Person\",\"@id\":\"https:\\\/\\\/beneggiassociati.com\\\/en\\\/#\\\/schema\\\/person\\\/828daacfa37b359e89e981f920072004\",\"name\":\"Tiziano Beneggi\",\"url\":\"https:\\\/\\\/beneggiassociati.com\\\/en\\\/author\\\/tizianobeneggiassociati-com\\\/\"}]}<\/script>\n<!-- \/ Yoast SEO plugin. -->","yoast_head_json":{"title":"Jobs Act - Contratto a tutele crescenti - Beneggi &amp; Associati","description":"A seguito della pubblicazione in Gazzetta Ufficiale \u00e8 definitivamente entrato in vigore, a decorrere dal 07.03.2015, il decreto relativo al contratto a","robots":{"index":"index","follow":"follow","max-snippet":"max-snippet:-1","max-image-preview":"max-image-preview:large","max-video-preview":"max-video-preview:-1"},"canonical":"https:\/\/beneggiassociati.com\/en\/jobs-act-contratto-a-tutele-crescenti\/","og_locale":"en_US","og_type":"article","og_title":"Jobs Act - Contratto a tutele crescenti - Beneggi &amp; Associati","og_description":"A seguito della pubblicazione in Gazzetta Ufficiale \u00e8 definitivamente entrato in vigore, a decorrere dal 07.03.2015, il decreto relativo al contratto a","og_url":"https:\/\/beneggiassociati.com\/en\/jobs-act-contratto-a-tutele-crescenti\/","og_site_name":"Beneggi &amp; Associati","article_published_time":"2015-03-20T15:44:00+00:00","og_image":[{"width":1280,"height":823,"url":"https:\/\/beneggiassociati.com\/wp-content\/uploads\/2025\/07\/single-post-beneggi.jpg","type":"image\/jpeg"}],"author":"Tiziano Beneggi","twitter_card":"summary_large_image","twitter_misc":{"Written by":"Tiziano Beneggi","Est. reading time":"3 minutes"},"schema":{"@context":"https:\/\/schema.org","@graph":[{"@type":"Article","@id":"https:\/\/beneggiassociati.com\/en\/jobs-act-contratto-a-tutele-crescenti\/#article","isPartOf":{"@id":"https:\/\/beneggiassociati.com\/en\/jobs-act-contratto-a-tutele-crescenti\/"},"author":{"name":"Tiziano Beneggi","@id":"https:\/\/beneggiassociati.com\/en\/#\/schema\/person\/828daacfa37b359e89e981f920072004"},"headline":"Jobs Act &#8211; Contratto a tutele crescenti","datePublished":"2015-03-20T15:44:00+00:00","mainEntityOfPage":{"@id":"https:\/\/beneggiassociati.com\/en\/jobs-act-contratto-a-tutele-crescenti\/"},"wordCount":534,"commentCount":0,"publisher":{"@id":"https:\/\/beneggiassociati.com\/en\/#organization"},"image":{"@id":"https:\/\/beneggiassociati.com\/en\/jobs-act-contratto-a-tutele-crescenti\/#primaryimage"},"thumbnailUrl":"https:\/\/beneggiassociati.com\/wp-content\/uploads\/2025\/07\/single-post-beneggi.jpg","articleSection":["ARCHIVIO"],"inLanguage":"en-US"},{"@type":"WebPage","@id":"https:\/\/beneggiassociati.com\/en\/jobs-act-contratto-a-tutele-crescenti\/","url":"https:\/\/beneggiassociati.com\/en\/jobs-act-contratto-a-tutele-crescenti\/","name":"Jobs Act - Contratto a tutele crescenti - Beneggi &amp; Associati","isPartOf":{"@id":"https:\/\/beneggiassociati.com\/en\/#website"},"primaryImageOfPage":{"@id":"https:\/\/beneggiassociati.com\/en\/jobs-act-contratto-a-tutele-crescenti\/#primaryimage"},"image":{"@id":"https:\/\/beneggiassociati.com\/en\/jobs-act-contratto-a-tutele-crescenti\/#primaryimage"},"thumbnailUrl":"https:\/\/beneggiassociati.com\/wp-content\/uploads\/2025\/07\/single-post-beneggi.jpg","datePublished":"2015-03-20T15:44:00+00:00","description":"A seguito della pubblicazione in Gazzetta Ufficiale \u00e8 definitivamente entrato in vigore, a decorrere dal 07.03.2015, il decreto relativo al contratto a","breadcrumb":{"@id":"https:\/\/beneggiassociati.com\/en\/jobs-act-contratto-a-tutele-crescenti\/#breadcrumb"},"inLanguage":"en-US","potentialAction":[{"@type":"ReadAction","target":["https:\/\/beneggiassociati.com\/en\/jobs-act-contratto-a-tutele-crescenti\/"]}]},{"@type":"ImageObject","inLanguage":"en-US","@id":"https:\/\/beneggiassociati.com\/en\/jobs-act-contratto-a-tutele-crescenti\/#primaryimage","url":"https:\/\/beneggiassociati.com\/wp-content\/uploads\/2025\/07\/single-post-beneggi.jpg","contentUrl":"https:\/\/beneggiassociati.com\/wp-content\/uploads\/2025\/07\/single-post-beneggi.jpg","width":1280,"height":823},{"@type":"BreadcrumbList","@id":"https:\/\/beneggiassociati.com\/en\/jobs-act-contratto-a-tutele-crescenti\/#breadcrumb","itemListElement":[{"@type":"ListItem","position":1,"name":"Home","item":"https:\/\/beneggiassociati.com\/en\/?page_id=24163"},{"@type":"ListItem","position":2,"name":"Jobs Act &#8211; Contratto a tutele crescenti"}]},{"@type":"WebSite","@id":"https:\/\/beneggiassociati.com\/en\/#website","url":"https:\/\/beneggiassociati.com\/en\/","name":"Beneggi e associati","description":"","publisher":{"@id":"https:\/\/beneggiassociati.com\/en\/#organization"},"potentialAction":[{"@type":"SearchAction","target":{"@type":"EntryPoint","urlTemplate":"https:\/\/beneggiassociati.com\/en\/?s={search_term_string}"},"query-input":{"@type":"PropertyValueSpecification","valueRequired":true,"valueName":"search_term_string"}}],"inLanguage":"en-US"},{"@type":"Organization","@id":"https:\/\/beneggiassociati.com\/en\/#organization","name":"Beneggi e associati","url":"https:\/\/beneggiassociati.com\/en\/","logo":{"@type":"ImageObject","inLanguage":"en-US","@id":"https:\/\/beneggiassociati.com\/en\/#\/schema\/logo\/image\/","url":"https:\/\/beneggiassociati.com\/wp-content\/uploads\/2025\/07\/beneggi-logo.png","contentUrl":"https:\/\/beneggiassociati.com\/wp-content\/uploads\/2025\/07\/beneggi-logo.png","width":141,"height":87,"caption":"Beneggi e associati"},"image":{"@id":"https:\/\/beneggiassociati.com\/en\/#\/schema\/logo\/image\/"}},{"@type":"Person","@id":"https:\/\/beneggiassociati.com\/en\/#\/schema\/person\/828daacfa37b359e89e981f920072004","name":"Tiziano Beneggi","url":"https:\/\/beneggiassociati.com\/en\/author\/tizianobeneggiassociati-com\/"}]}},"_links":{"self":[{"href":"https:\/\/beneggiassociati.com\/en\/wp-json\/wp\/v2\/posts\/15470","targetHints":{"allow":["GET"]}}],"collection":[{"href":"https:\/\/beneggiassociati.com\/en\/wp-json\/wp\/v2\/posts"}],"about":[{"href":"https:\/\/beneggiassociati.com\/en\/wp-json\/wp\/v2\/types\/post"}],"author":[{"embeddable":true,"href":"https:\/\/beneggiassociati.com\/en\/wp-json\/wp\/v2\/users\/4"}],"replies":[{"embeddable":true,"href":"https:\/\/beneggiassociati.com\/en\/wp-json\/wp\/v2\/comments?post=15470"}],"version-history":[{"count":0,"href":"https:\/\/beneggiassociati.com\/en\/wp-json\/wp\/v2\/posts\/15470\/revisions"}],"wp:featuredmedia":[{"embeddable":true,"href":"https:\/\/beneggiassociati.com\/en\/wp-json\/wp\/v2\/media\/409"}],"wp:attachment":[{"href":"https:\/\/beneggiassociati.com\/en\/wp-json\/wp\/v2\/media?parent=15470"}],"wp:term":[{"taxonomy":"category","embeddable":true,"href":"https:\/\/beneggiassociati.com\/en\/wp-json\/wp\/v2\/categories?post=15470"},{"taxonomy":"post_tag","embeddable":true,"href":"https:\/\/beneggiassociati.com\/en\/wp-json\/wp\/v2\/tags?post=15470"}],"curies":[{"name":"wp","href":"https:\/\/api.w.org\/{rel}","templated":true}]}}