{"id":15533,"date":"2015-08-27T15:47:00","date_gmt":"2015-08-27T13:47:00","guid":{"rendered":"https:\/\/dev.beneggiassociati.com\/2015\/08\/27\/il-nuovo-congedo-parentale\/"},"modified":"2015-08-27T15:47:00","modified_gmt":"2015-08-27T13:47:00","slug":"il-nuovo-congedo-parentale","status":"publish","type":"post","link":"https:\/\/beneggiassociati.com\/en\/il-nuovo-congedo-parentale\/","title":{"rendered":"Il nuovo congedo parentale"},"content":{"rendered":"<p>L&#8217;istituto del congedo parentale riconosce e consente, nel coinvolgimento del diritto ad entrambi i genitori, la condivisione della cura dei figli fra i due genitori.<br \/>\nViene elevato da tre a sei anni il limite di et\u00e0 del bambino entro il quale, in caso di assenza per congedo parentale, al genitore spetta un indennizzo pari al 30% della retribuzione, per un periodo massimo tra i genitori di sei mesi. Nei casi di adozione o affidamento il diritto all&#8217;indennit\u00e0 spetta, anch&#8217;esso limitatamente alle giornate richieste dal 25\/6\/2015 al 31\/12\/2015, per i periodi fruiti entro i sei anni (in precedenza tre) dall&#8217;ingresso del minore in famiglia.<br \/>\nCon la modifica al Testo Unico maternit\u00e0\/paternit\u00e0 a ciascun genitore, anche adottivo o affidatario, \u00e8 concesso un pi\u00f9 ampio periodo per fruire del congedo parentale: fino a dodici anni di vita per ogni bambino nato e fino a dodici anni dall&#8217;ingresso in famiglia del minore adottato o affidato con la differenza che in tale evenienza il prolungamento pu\u00f2 essere goduto qualunque sia l&#8217;et\u00e0 del minore, entro dodici anni dall&#8217;ingresso in famiglia, e comunque non oltre il raggiungimento della maggiore et\u00e0.<br \/>\nLe domande relative alle richieste decorrenti dal 25\/6\/2015 riferite all&#8217;estensione del periodo ordinario o di prolungamento del congedo parentale interessato dalle novit\u00e0 potranno essere inviate in via telematica esclusivamente dai genitori lavoratori dipendenti che richiedono di fruire periodi di congedo dal 25 giugno 2015 al 31 dicembre 2015, relativamente ai figli in et\u00e0 compresa tra gli otto e dodici anni, oppure per minori in adozione o affidamento che si trovano tra l&#8217;ottavo ed il dodicesimo anno di ingresso in famiglia.<\/p>\n","protected":false},"excerpt":{"rendered":"<p>L&#8217;istituto del congedo parentale riconosce e consente, nel coinvolgimento del diritto ad entrambi i genitori, la condivisione della cura dei figli fra i due genitori. Viene elevato da tre a sei anni il limite di et\u00e0 del bambino entro il quale, in caso di assenza per congedo parentale, al genitore spetta un indennizzo pari al [&hellip;]<\/p>\n","protected":false},"author":4,"featured_media":409,"comment_status":"open","ping_status":"open","sticky":false,"template":"","format":"standard","meta":{"_acf_changed":false,"content-type":"","footnotes":""},"categories":[16],"tags":[],"class_list":["post-15533","post","type-post","status-publish","format-standard","has-post-thumbnail","hentry","category-archivio"],"acf":[],"yoast_head":"<!-- This site is optimized with the Yoast SEO plugin v27.5 - https:\/\/yoast.com\/product\/yoast-seo-wordpress\/ -->\n<title>Il nuovo congedo parentale - Beneggi &amp; Associati<\/title>\n<meta name=\"description\" content=\"L&#039;istituto del congedo parentale riconosce e consente, nel coinvolgimento del diritto ad entrambi i genitori, la condivisione della cura dei figli fra i\" \/>\n<meta name=\"robots\" content=\"index, follow, max-snippet:-1, max-image-preview:large, max-video-preview:-1\" \/>\n<link rel=\"canonical\" href=\"https:\/\/beneggiassociati.com\/en\/il-nuovo-congedo-parentale\/\" \/>\n<meta property=\"og:locale\" content=\"en_US\" \/>\n<meta property=\"og:type\" content=\"article\" \/>\n<meta property=\"og:title\" content=\"Il nuovo congedo parentale - Beneggi &amp; Associati\" \/>\n<meta property=\"og:description\" content=\"L&#039;istituto del congedo parentale riconosce e consente, nel coinvolgimento del diritto ad entrambi i genitori, la condivisione della cura dei figli fra i\" \/>\n<meta property=\"og:url\" content=\"https:\/\/beneggiassociati.com\/en\/il-nuovo-congedo-parentale\/\" \/>\n<meta property=\"og:site_name\" content=\"Beneggi &amp; Associati\" \/>\n<meta property=\"article:published_time\" content=\"2015-08-27T13:47:00+00:00\" \/>\n<meta property=\"og:image\" content=\"https:\/\/beneggiassociati.com\/wp-content\/uploads\/2025\/07\/single-post-beneggi.jpg\" \/>\n\t<meta property=\"og:image:width\" content=\"1280\" \/>\n\t<meta property=\"og:image:height\" content=\"823\" \/>\n\t<meta property=\"og:image:type\" content=\"image\/jpeg\" \/>\n<meta name=\"author\" content=\"Tiziano Beneggi\" \/>\n<meta name=\"twitter:card\" content=\"summary_large_image\" \/>\n<meta name=\"twitter:label1\" content=\"Written by\" \/>\n\t<meta name=\"twitter:data1\" content=\"Tiziano Beneggi\" \/>\n\t<meta name=\"twitter:label2\" content=\"Est. reading time\" \/>\n\t<meta name=\"twitter:data2\" content=\"1 minute\" \/>\n<script type=\"application\/ld+json\" class=\"yoast-schema-graph\">{\"@context\":\"https:\\\/\\\/schema.org\",\"@graph\":[{\"@type\":\"Article\",\"@id\":\"https:\\\/\\\/beneggiassociati.com\\\/en\\\/il-nuovo-congedo-parentale\\\/#article\",\"isPartOf\":{\"@id\":\"https:\\\/\\\/beneggiassociati.com\\\/en\\\/il-nuovo-congedo-parentale\\\/\"},\"author\":{\"name\":\"Tiziano Beneggi\",\"@id\":\"https:\\\/\\\/beneggiassociati.com\\\/en\\\/#\\\/schema\\\/person\\\/828daacfa37b359e89e981f920072004\"},\"headline\":\"Il nuovo congedo parentale\",\"datePublished\":\"2015-08-27T13:47:00+00:00\",\"mainEntityOfPage\":{\"@id\":\"https:\\\/\\\/beneggiassociati.com\\\/en\\\/il-nuovo-congedo-parentale\\\/\"},\"wordCount\":268,\"commentCount\":0,\"publisher\":{\"@id\":\"https:\\\/\\\/beneggiassociati.com\\\/en\\\/#organization\"},\"image\":{\"@id\":\"https:\\\/\\\/beneggiassociati.com\\\/en\\\/il-nuovo-congedo-parentale\\\/#primaryimage\"},\"thumbnailUrl\":\"https:\\\/\\\/beneggiassociati.com\\\/wp-content\\\/uploads\\\/2025\\\/07\\\/single-post-beneggi.jpg\",\"articleSection\":[\"ARCHIVIO\"],\"inLanguage\":\"en-US\"},{\"@type\":\"WebPage\",\"@id\":\"https:\\\/\\\/beneggiassociati.com\\\/en\\\/il-nuovo-congedo-parentale\\\/\",\"url\":\"https:\\\/\\\/beneggiassociati.com\\\/en\\\/il-nuovo-congedo-parentale\\\/\",\"name\":\"Il nuovo congedo parentale - Beneggi &amp; Associati\",\"isPartOf\":{\"@id\":\"https:\\\/\\\/beneggiassociati.com\\\/en\\\/#website\"},\"primaryImageOfPage\":{\"@id\":\"https:\\\/\\\/beneggiassociati.com\\\/en\\\/il-nuovo-congedo-parentale\\\/#primaryimage\"},\"image\":{\"@id\":\"https:\\\/\\\/beneggiassociati.com\\\/en\\\/il-nuovo-congedo-parentale\\\/#primaryimage\"},\"thumbnailUrl\":\"https:\\\/\\\/beneggiassociati.com\\\/wp-content\\\/uploads\\\/2025\\\/07\\\/single-post-beneggi.jpg\",\"datePublished\":\"2015-08-27T13:47:00+00:00\",\"description\":\"L'istituto del congedo parentale riconosce e consente, nel coinvolgimento del diritto ad entrambi i genitori, la condivisione della cura dei figli fra i\",\"breadcrumb\":{\"@id\":\"https:\\\/\\\/beneggiassociati.com\\\/en\\\/il-nuovo-congedo-parentale\\\/#breadcrumb\"},\"inLanguage\":\"en-US\",\"potentialAction\":[{\"@type\":\"ReadAction\",\"target\":[\"https:\\\/\\\/beneggiassociati.com\\\/en\\\/il-nuovo-congedo-parentale\\\/\"]}]},{\"@type\":\"ImageObject\",\"inLanguage\":\"en-US\",\"@id\":\"https:\\\/\\\/beneggiassociati.com\\\/en\\\/il-nuovo-congedo-parentale\\\/#primaryimage\",\"url\":\"https:\\\/\\\/beneggiassociati.com\\\/wp-content\\\/uploads\\\/2025\\\/07\\\/single-post-beneggi.jpg\",\"contentUrl\":\"https:\\\/\\\/beneggiassociati.com\\\/wp-content\\\/uploads\\\/2025\\\/07\\\/single-post-beneggi.jpg\",\"width\":1280,\"height\":823},{\"@type\":\"BreadcrumbList\",\"@id\":\"https:\\\/\\\/beneggiassociati.com\\\/en\\\/il-nuovo-congedo-parentale\\\/#breadcrumb\",\"itemListElement\":[{\"@type\":\"ListItem\",\"position\":1,\"name\":\"Home\",\"item\":\"https:\\\/\\\/beneggiassociati.com\\\/en\\\/?page_id=24163\"},{\"@type\":\"ListItem\",\"position\":2,\"name\":\"Il nuovo congedo parentale\"}]},{\"@type\":\"WebSite\",\"@id\":\"https:\\\/\\\/beneggiassociati.com\\\/en\\\/#website\",\"url\":\"https:\\\/\\\/beneggiassociati.com\\\/en\\\/\",\"name\":\"Beneggi e associati\",\"description\":\"\",\"publisher\":{\"@id\":\"https:\\\/\\\/beneggiassociati.com\\\/en\\\/#organization\"},\"potentialAction\":[{\"@type\":\"SearchAction\",\"target\":{\"@type\":\"EntryPoint\",\"urlTemplate\":\"https:\\\/\\\/beneggiassociati.com\\\/en\\\/?s={search_term_string}\"},\"query-input\":{\"@type\":\"PropertyValueSpecification\",\"valueRequired\":true,\"valueName\":\"search_term_string\"}}],\"inLanguage\":\"en-US\"},{\"@type\":\"Organization\",\"@id\":\"https:\\\/\\\/beneggiassociati.com\\\/en\\\/#organization\",\"name\":\"Beneggi e associati\",\"url\":\"https:\\\/\\\/beneggiassociati.com\\\/en\\\/\",\"logo\":{\"@type\":\"ImageObject\",\"inLanguage\":\"en-US\",\"@id\":\"https:\\\/\\\/beneggiassociati.com\\\/en\\\/#\\\/schema\\\/logo\\\/image\\\/\",\"url\":\"https:\\\/\\\/beneggiassociati.com\\\/wp-content\\\/uploads\\\/2025\\\/07\\\/beneggi-logo.png\",\"contentUrl\":\"https:\\\/\\\/beneggiassociati.com\\\/wp-content\\\/uploads\\\/2025\\\/07\\\/beneggi-logo.png\",\"width\":141,\"height\":87,\"caption\":\"Beneggi e associati\"},\"image\":{\"@id\":\"https:\\\/\\\/beneggiassociati.com\\\/en\\\/#\\\/schema\\\/logo\\\/image\\\/\"}},{\"@type\":\"Person\",\"@id\":\"https:\\\/\\\/beneggiassociati.com\\\/en\\\/#\\\/schema\\\/person\\\/828daacfa37b359e89e981f920072004\",\"name\":\"Tiziano Beneggi\",\"url\":\"https:\\\/\\\/beneggiassociati.com\\\/en\\\/author\\\/tizianobeneggiassociati-com\\\/\"}]}<\/script>\n<!-- \/ Yoast SEO plugin. -->","yoast_head_json":{"title":"Il nuovo congedo parentale - Beneggi &amp; Associati","description":"L'istituto del congedo parentale riconosce e consente, nel coinvolgimento del diritto ad entrambi i genitori, la condivisione della cura dei figli fra i","robots":{"index":"index","follow":"follow","max-snippet":"max-snippet:-1","max-image-preview":"max-image-preview:large","max-video-preview":"max-video-preview:-1"},"canonical":"https:\/\/beneggiassociati.com\/en\/il-nuovo-congedo-parentale\/","og_locale":"en_US","og_type":"article","og_title":"Il nuovo congedo parentale - Beneggi &amp; Associati","og_description":"L'istituto del congedo parentale riconosce e consente, nel coinvolgimento del diritto ad entrambi i genitori, la condivisione della cura dei figli fra i","og_url":"https:\/\/beneggiassociati.com\/en\/il-nuovo-congedo-parentale\/","og_site_name":"Beneggi &amp; Associati","article_published_time":"2015-08-27T13:47:00+00:00","og_image":[{"width":1280,"height":823,"url":"https:\/\/beneggiassociati.com\/wp-content\/uploads\/2025\/07\/single-post-beneggi.jpg","type":"image\/jpeg"}],"author":"Tiziano Beneggi","twitter_card":"summary_large_image","twitter_misc":{"Written by":"Tiziano Beneggi","Est. reading time":"1 minute"},"schema":{"@context":"https:\/\/schema.org","@graph":[{"@type":"Article","@id":"https:\/\/beneggiassociati.com\/en\/il-nuovo-congedo-parentale\/#article","isPartOf":{"@id":"https:\/\/beneggiassociati.com\/en\/il-nuovo-congedo-parentale\/"},"author":{"name":"Tiziano Beneggi","@id":"https:\/\/beneggiassociati.com\/en\/#\/schema\/person\/828daacfa37b359e89e981f920072004"},"headline":"Il nuovo congedo parentale","datePublished":"2015-08-27T13:47:00+00:00","mainEntityOfPage":{"@id":"https:\/\/beneggiassociati.com\/en\/il-nuovo-congedo-parentale\/"},"wordCount":268,"commentCount":0,"publisher":{"@id":"https:\/\/beneggiassociati.com\/en\/#organization"},"image":{"@id":"https:\/\/beneggiassociati.com\/en\/il-nuovo-congedo-parentale\/#primaryimage"},"thumbnailUrl":"https:\/\/beneggiassociati.com\/wp-content\/uploads\/2025\/07\/single-post-beneggi.jpg","articleSection":["ARCHIVIO"],"inLanguage":"en-US"},{"@type":"WebPage","@id":"https:\/\/beneggiassociati.com\/en\/il-nuovo-congedo-parentale\/","url":"https:\/\/beneggiassociati.com\/en\/il-nuovo-congedo-parentale\/","name":"Il nuovo congedo parentale - Beneggi &amp; Associati","isPartOf":{"@id":"https:\/\/beneggiassociati.com\/en\/#website"},"primaryImageOfPage":{"@id":"https:\/\/beneggiassociati.com\/en\/il-nuovo-congedo-parentale\/#primaryimage"},"image":{"@id":"https:\/\/beneggiassociati.com\/en\/il-nuovo-congedo-parentale\/#primaryimage"},"thumbnailUrl":"https:\/\/beneggiassociati.com\/wp-content\/uploads\/2025\/07\/single-post-beneggi.jpg","datePublished":"2015-08-27T13:47:00+00:00","description":"L'istituto del congedo parentale riconosce e consente, nel coinvolgimento del diritto ad entrambi i genitori, la condivisione della cura dei figli fra i","breadcrumb":{"@id":"https:\/\/beneggiassociati.com\/en\/il-nuovo-congedo-parentale\/#breadcrumb"},"inLanguage":"en-US","potentialAction":[{"@type":"ReadAction","target":["https:\/\/beneggiassociati.com\/en\/il-nuovo-congedo-parentale\/"]}]},{"@type":"ImageObject","inLanguage":"en-US","@id":"https:\/\/beneggiassociati.com\/en\/il-nuovo-congedo-parentale\/#primaryimage","url":"https:\/\/beneggiassociati.com\/wp-content\/uploads\/2025\/07\/single-post-beneggi.jpg","contentUrl":"https:\/\/beneggiassociati.com\/wp-content\/uploads\/2025\/07\/single-post-beneggi.jpg","width":1280,"height":823},{"@type":"BreadcrumbList","@id":"https:\/\/beneggiassociati.com\/en\/il-nuovo-congedo-parentale\/#breadcrumb","itemListElement":[{"@type":"ListItem","position":1,"name":"Home","item":"https:\/\/beneggiassociati.com\/en\/?page_id=24163"},{"@type":"ListItem","position":2,"name":"Il nuovo congedo parentale"}]},{"@type":"WebSite","@id":"https:\/\/beneggiassociati.com\/en\/#website","url":"https:\/\/beneggiassociati.com\/en\/","name":"Beneggi e associati","description":"","publisher":{"@id":"https:\/\/beneggiassociati.com\/en\/#organization"},"potentialAction":[{"@type":"SearchAction","target":{"@type":"EntryPoint","urlTemplate":"https:\/\/beneggiassociati.com\/en\/?s={search_term_string}"},"query-input":{"@type":"PropertyValueSpecification","valueRequired":true,"valueName":"search_term_string"}}],"inLanguage":"en-US"},{"@type":"Organization","@id":"https:\/\/beneggiassociati.com\/en\/#organization","name":"Beneggi e associati","url":"https:\/\/beneggiassociati.com\/en\/","logo":{"@type":"ImageObject","inLanguage":"en-US","@id":"https:\/\/beneggiassociati.com\/en\/#\/schema\/logo\/image\/","url":"https:\/\/beneggiassociati.com\/wp-content\/uploads\/2025\/07\/beneggi-logo.png","contentUrl":"https:\/\/beneggiassociati.com\/wp-content\/uploads\/2025\/07\/beneggi-logo.png","width":141,"height":87,"caption":"Beneggi e associati"},"image":{"@id":"https:\/\/beneggiassociati.com\/en\/#\/schema\/logo\/image\/"}},{"@type":"Person","@id":"https:\/\/beneggiassociati.com\/en\/#\/schema\/person\/828daacfa37b359e89e981f920072004","name":"Tiziano Beneggi","url":"https:\/\/beneggiassociati.com\/en\/author\/tizianobeneggiassociati-com\/"}]}},"_links":{"self":[{"href":"https:\/\/beneggiassociati.com\/en\/wp-json\/wp\/v2\/posts\/15533","targetHints":{"allow":["GET"]}}],"collection":[{"href":"https:\/\/beneggiassociati.com\/en\/wp-json\/wp\/v2\/posts"}],"about":[{"href":"https:\/\/beneggiassociati.com\/en\/wp-json\/wp\/v2\/types\/post"}],"author":[{"embeddable":true,"href":"https:\/\/beneggiassociati.com\/en\/wp-json\/wp\/v2\/users\/4"}],"replies":[{"embeddable":true,"href":"https:\/\/beneggiassociati.com\/en\/wp-json\/wp\/v2\/comments?post=15533"}],"version-history":[{"count":0,"href":"https:\/\/beneggiassociati.com\/en\/wp-json\/wp\/v2\/posts\/15533\/revisions"}],"wp:featuredmedia":[{"embeddable":true,"href":"https:\/\/beneggiassociati.com\/en\/wp-json\/wp\/v2\/media\/409"}],"wp:attachment":[{"href":"https:\/\/beneggiassociati.com\/en\/wp-json\/wp\/v2\/media?parent=15533"}],"wp:term":[{"taxonomy":"category","embeddable":true,"href":"https:\/\/beneggiassociati.com\/en\/wp-json\/wp\/v2\/categories?post=15533"},{"taxonomy":"post_tag","embeddable":true,"href":"https:\/\/beneggiassociati.com\/en\/wp-json\/wp\/v2\/tags?post=15533"}],"curies":[{"name":"wp","href":"https:\/\/api.w.org\/{rel}","templated":true}]}}