{"id":15806,"date":"2017-02-13T14:20:00","date_gmt":"2017-02-13T13:20:00","guid":{"rendered":"https:\/\/dev.beneggiassociati.com\/2017\/02\/13\/microcredito-meno-caro-e-piu-efficace-bando-agevola-microcredito-dimpresa\/"},"modified":"2017-02-13T14:20:00","modified_gmt":"2017-02-13T13:20:00","slug":"microcredito-meno-caro-e-piu-efficace-bando-agevola-microcredito-dimpresa","status":"publish","type":"post","link":"https:\/\/beneggiassociati.com\/en\/microcredito-meno-caro-e-piu-efficace-bando-agevola-microcredito-dimpresa\/","title":{"rendered":"Microcredito meno caro e pi\u00f9 efficace, Bando agevola Microcredito d\u2019Impresa"},"content":{"rendered":"<p>Fondazione Welfare Ambrosiano, in collaborazione con la Camera di Commercio di Milano e il Comune di Milano, promuovere e sostiene, nella citt\u00e0 metropolitana di Milano, l\u2019accesso al Microcredito delle imprese.<br \/>\nPer accedere al bando \u00e8 necessario essere in possesso delle seguenti caratteristiche:<br \/>\n\u2013 essere lavoratori autonomi o microimprese, organizzate in forma individuale, di associazione, di societ\u00e0 di persone, di societ\u00e0 a responsabilit\u00e0 limitata semplificata o di societ\u00e0 cooperativa;<br \/>\n\u2013 avere sede legale iscritta alla Camera di Commercio di Milano;<br \/>\n\u2013 essere attivi da meno di 5 anni.<br \/>\nL\u2019iniziativa si realizza in 2 fasi d\u2019intervento:<br \/>\n\u2013 Richiesta ed ottenimento di un finanziamento di Microcredito con una banca convenzionata (Unicredit \u2013 Intesa Sanpaolo \u2013 PerMicro) stipulato a partire dal 01\/01\/2016.<br \/>\nSul finanziamento, d\u2019importo compreso tra 2.000 e 25.000 euro, verr\u00e0 erogato un contributo in conto interessi pari a 3 punti percentuali.<br \/>\nVerr\u00e0 concessa una premialit\u00e0 pari ad 1 punto percentuale per nuove imprese (iscritte al Registro Imprese da meno di 24 mesi), imprese under 35 e imprese femminili.<br \/>\nEsiste un programma di accompagnamento alla realizzazione degli investimenti personalizzato e gratuito per supporto all\u2019individuazione e diagnosi di eventuali criticit\u00e0 del progetto finanziato; orientamento verso possibili soluzioni al fine di prevenire eventuali criticit\u00e0 dell\u2019impresa.<br \/>\nTale programma si concretizza in un primo incontro di gruppo e in successivi incontri individuali attraverso i quali si analizzano i progetti d\u2019investimento e di sviluppo d\u2019impresa per verificare eventuali criticit\u00e0 nell\u2019implementazione e individuare le possibili soluzioni.<br \/>\nIl programma avr\u00e0 una durata variabile in base alle specifiche esigenze del beneficiario, da un minimo di 12 ad un massimo di 18 mesi e consiste in almeno 5 incontri.<br \/>\nIl finanziamento deve essere rivolto al pagamento di piani d\u2019investimento destinati:<br \/>\n&#8211; all\u2019avvio di attivit\u00e0 imprenditoriale e acquisto di attivit\u00e0 preesistente;<br \/>\n&#8211; alla realizzazione di progetti aziendali concernenti l\u2019innovazione di prodotto, tecnologica o organizzativa;<br \/>\n&#8211; all\u2019incremento e\/o miglioramento della capacit\u00e0 produttiva attraverso l\u2019ammodernamento, l\u2019ampliamento dei processi aziendali e delle strutture operative;<br \/>\n&#8211; alla realizzazione di percorsi di certificazione inerenti sia l\u2019impresa che un prodotto specifico;<br \/>\n&#8211; all\u2019incremento\/implementazione di sistemi di sicurezza e sorveglianza;<br \/>\n&#8211; al miglioramento organizzativo e gestionale attraverso l\u2019adeguamento strumentale e tecnologico del sistema informativo.<br \/>\n Sono ammissibili spese di gestione fino ad un massimo del 20% del totale ammesso.<\/p>\n","protected":false},"excerpt":{"rendered":"<p>Fondazione Welfare Ambrosiano, in collaborazione con la Camera di Commercio di Milano e il Comune di Milano, promuovere e sostiene, nella citt\u00e0 metropolitana di Milano, l\u2019accesso al Microcredito delle imprese. Per accedere al bando \u00e8 necessario essere in possesso delle seguenti caratteristiche: \u2013 essere lavoratori autonomi o microimprese, organizzate in forma individuale, di associazione, di [&hellip;]<\/p>\n","protected":false},"author":4,"featured_media":409,"comment_status":"open","ping_status":"open","sticky":false,"template":"","format":"standard","meta":{"_acf_changed":false,"content-type":"","footnotes":""},"categories":[16],"tags":[],"class_list":["post-15806","post","type-post","status-publish","format-standard","has-post-thumbnail","hentry","category-archivio"],"acf":[],"yoast_head":"<!-- This site is optimized with the Yoast SEO plugin v27.4 - https:\/\/yoast.com\/product\/yoast-seo-wordpress\/ -->\n<title>Microcredito meno caro e pi\u00f9 efficace, Bando agevola Microcredito d\u2019Impresa - Beneggi &amp; Associati<\/title>\n<meta name=\"description\" content=\"Fondazione Welfare Ambrosiano, in collaborazione con la Camera di Commercio di Milano e il Comune di Milano, promuovere e sostiene, nella citt\u00e0\" \/>\n<meta name=\"robots\" content=\"index, follow, max-snippet:-1, max-image-preview:large, max-video-preview:-1\" \/>\n<link rel=\"canonical\" href=\"https:\/\/beneggiassociati.com\/en\/microcredito-meno-caro-e-piu-efficace-bando-agevola-microcredito-dimpresa\/\" \/>\n<meta property=\"og:locale\" content=\"en_US\" \/>\n<meta property=\"og:type\" content=\"article\" \/>\n<meta property=\"og:title\" content=\"Microcredito meno caro e pi\u00f9 efficace, Bando agevola Microcredito d\u2019Impresa - Beneggi &amp; Associati\" \/>\n<meta property=\"og:description\" content=\"Fondazione Welfare Ambrosiano, in collaborazione con la Camera di Commercio di Milano e il Comune di Milano, promuovere e sostiene, nella citt\u00e0\" \/>\n<meta property=\"og:url\" content=\"https:\/\/beneggiassociati.com\/en\/microcredito-meno-caro-e-piu-efficace-bando-agevola-microcredito-dimpresa\/\" \/>\n<meta property=\"og:site_name\" content=\"Beneggi &amp; Associati\" \/>\n<meta property=\"article:published_time\" content=\"2017-02-13T13:20:00+00:00\" \/>\n<meta property=\"og:image\" content=\"https:\/\/beneggiassociati.com\/wp-content\/uploads\/2025\/07\/single-post-beneggi.jpg\" \/>\n\t<meta property=\"og:image:width\" content=\"1280\" \/>\n\t<meta property=\"og:image:height\" content=\"823\" \/>\n\t<meta property=\"og:image:type\" content=\"image\/jpeg\" \/>\n<meta name=\"author\" content=\"Tiziano Beneggi\" \/>\n<meta name=\"twitter:card\" content=\"summary_large_image\" \/>\n<meta name=\"twitter:label1\" content=\"Written by\" \/>\n\t<meta name=\"twitter:data1\" content=\"Tiziano Beneggi\" \/>\n\t<meta name=\"twitter:label2\" content=\"Est. reading time\" \/>\n\t<meta name=\"twitter:data2\" content=\"2 minutes\" \/>\n<script type=\"application\/ld+json\" class=\"yoast-schema-graph\">{\"@context\":\"https:\\\/\\\/schema.org\",\"@graph\":[{\"@type\":\"Article\",\"@id\":\"https:\\\/\\\/beneggiassociati.com\\\/en\\\/microcredito-meno-caro-e-piu-efficace-bando-agevola-microcredito-dimpresa\\\/#article\",\"isPartOf\":{\"@id\":\"https:\\\/\\\/beneggiassociati.com\\\/en\\\/microcredito-meno-caro-e-piu-efficace-bando-agevola-microcredito-dimpresa\\\/\"},\"author\":{\"name\":\"Tiziano Beneggi\",\"@id\":\"https:\\\/\\\/beneggiassociati.com\\\/en\\\/#\\\/schema\\\/person\\\/828daacfa37b359e89e981f920072004\"},\"headline\":\"Microcredito meno caro e pi\u00f9 efficace, Bando agevola Microcredito d\u2019Impresa\",\"datePublished\":\"2017-02-13T13:20:00+00:00\",\"mainEntityOfPage\":{\"@id\":\"https:\\\/\\\/beneggiassociati.com\\\/en\\\/microcredito-meno-caro-e-piu-efficace-bando-agevola-microcredito-dimpresa\\\/\"},\"wordCount\":379,\"commentCount\":0,\"publisher\":{\"@id\":\"https:\\\/\\\/beneggiassociati.com\\\/en\\\/#organization\"},\"image\":{\"@id\":\"https:\\\/\\\/beneggiassociati.com\\\/en\\\/microcredito-meno-caro-e-piu-efficace-bando-agevola-microcredito-dimpresa\\\/#primaryimage\"},\"thumbnailUrl\":\"https:\\\/\\\/beneggiassociati.com\\\/wp-content\\\/uploads\\\/2025\\\/07\\\/single-post-beneggi.jpg\",\"articleSection\":[\"ARCHIVIO\"],\"inLanguage\":\"en-US\"},{\"@type\":\"WebPage\",\"@id\":\"https:\\\/\\\/beneggiassociati.com\\\/en\\\/microcredito-meno-caro-e-piu-efficace-bando-agevola-microcredito-dimpresa\\\/\",\"url\":\"https:\\\/\\\/beneggiassociati.com\\\/en\\\/microcredito-meno-caro-e-piu-efficace-bando-agevola-microcredito-dimpresa\\\/\",\"name\":\"Microcredito meno caro e pi\u00f9 efficace, Bando agevola Microcredito d\u2019Impresa - Beneggi &amp; Associati\",\"isPartOf\":{\"@id\":\"https:\\\/\\\/beneggiassociati.com\\\/en\\\/#website\"},\"primaryImageOfPage\":{\"@id\":\"https:\\\/\\\/beneggiassociati.com\\\/en\\\/microcredito-meno-caro-e-piu-efficace-bando-agevola-microcredito-dimpresa\\\/#primaryimage\"},\"image\":{\"@id\":\"https:\\\/\\\/beneggiassociati.com\\\/en\\\/microcredito-meno-caro-e-piu-efficace-bando-agevola-microcredito-dimpresa\\\/#primaryimage\"},\"thumbnailUrl\":\"https:\\\/\\\/beneggiassociati.com\\\/wp-content\\\/uploads\\\/2025\\\/07\\\/single-post-beneggi.jpg\",\"datePublished\":\"2017-02-13T13:20:00+00:00\",\"description\":\"Fondazione Welfare Ambrosiano, in collaborazione con la Camera di Commercio di Milano e il Comune di Milano, promuovere e sostiene, nella citt\u00e0\",\"breadcrumb\":{\"@id\":\"https:\\\/\\\/beneggiassociati.com\\\/en\\\/microcredito-meno-caro-e-piu-efficace-bando-agevola-microcredito-dimpresa\\\/#breadcrumb\"},\"inLanguage\":\"en-US\",\"potentialAction\":[{\"@type\":\"ReadAction\",\"target\":[\"https:\\\/\\\/beneggiassociati.com\\\/en\\\/microcredito-meno-caro-e-piu-efficace-bando-agevola-microcredito-dimpresa\\\/\"]}]},{\"@type\":\"ImageObject\",\"inLanguage\":\"en-US\",\"@id\":\"https:\\\/\\\/beneggiassociati.com\\\/en\\\/microcredito-meno-caro-e-piu-efficace-bando-agevola-microcredito-dimpresa\\\/#primaryimage\",\"url\":\"https:\\\/\\\/beneggiassociati.com\\\/wp-content\\\/uploads\\\/2025\\\/07\\\/single-post-beneggi.jpg\",\"contentUrl\":\"https:\\\/\\\/beneggiassociati.com\\\/wp-content\\\/uploads\\\/2025\\\/07\\\/single-post-beneggi.jpg\",\"width\":1280,\"height\":823},{\"@type\":\"BreadcrumbList\",\"@id\":\"https:\\\/\\\/beneggiassociati.com\\\/en\\\/microcredito-meno-caro-e-piu-efficace-bando-agevola-microcredito-dimpresa\\\/#breadcrumb\",\"itemListElement\":[{\"@type\":\"ListItem\",\"position\":1,\"name\":\"Home\",\"item\":\"https:\\\/\\\/beneggiassociati.com\\\/en\\\/?page_id=24163\"},{\"@type\":\"ListItem\",\"position\":2,\"name\":\"Microcredito meno caro e pi\u00f9 efficace, Bando agevola Microcredito d\u2019Impresa\"}]},{\"@type\":\"WebSite\",\"@id\":\"https:\\\/\\\/beneggiassociati.com\\\/en\\\/#website\",\"url\":\"https:\\\/\\\/beneggiassociati.com\\\/en\\\/\",\"name\":\"Beneggi e associati\",\"description\":\"\",\"publisher\":{\"@id\":\"https:\\\/\\\/beneggiassociati.com\\\/en\\\/#organization\"},\"potentialAction\":[{\"@type\":\"SearchAction\",\"target\":{\"@type\":\"EntryPoint\",\"urlTemplate\":\"https:\\\/\\\/beneggiassociati.com\\\/en\\\/?s={search_term_string}\"},\"query-input\":{\"@type\":\"PropertyValueSpecification\",\"valueRequired\":true,\"valueName\":\"search_term_string\"}}],\"inLanguage\":\"en-US\"},{\"@type\":\"Organization\",\"@id\":\"https:\\\/\\\/beneggiassociati.com\\\/en\\\/#organization\",\"name\":\"Beneggi e associati\",\"url\":\"https:\\\/\\\/beneggiassociati.com\\\/en\\\/\",\"logo\":{\"@type\":\"ImageObject\",\"inLanguage\":\"en-US\",\"@id\":\"https:\\\/\\\/beneggiassociati.com\\\/en\\\/#\\\/schema\\\/logo\\\/image\\\/\",\"url\":\"https:\\\/\\\/beneggiassociati.com\\\/wp-content\\\/uploads\\\/2025\\\/07\\\/beneggi-logo.png\",\"contentUrl\":\"https:\\\/\\\/beneggiassociati.com\\\/wp-content\\\/uploads\\\/2025\\\/07\\\/beneggi-logo.png\",\"width\":141,\"height\":87,\"caption\":\"Beneggi e associati\"},\"image\":{\"@id\":\"https:\\\/\\\/beneggiassociati.com\\\/en\\\/#\\\/schema\\\/logo\\\/image\\\/\"}},{\"@type\":\"Person\",\"@id\":\"https:\\\/\\\/beneggiassociati.com\\\/en\\\/#\\\/schema\\\/person\\\/828daacfa37b359e89e981f920072004\",\"name\":\"Tiziano Beneggi\",\"url\":\"https:\\\/\\\/beneggiassociati.com\\\/en\\\/author\\\/tizianobeneggiassociati-com\\\/\"}]}<\/script>\n<!-- \/ Yoast SEO plugin. -->","yoast_head_json":{"title":"Microcredito meno caro e pi\u00f9 efficace, Bando agevola Microcredito d\u2019Impresa - Beneggi &amp; Associati","description":"Fondazione Welfare Ambrosiano, in collaborazione con la Camera di Commercio di Milano e il Comune di Milano, promuovere e sostiene, nella citt\u00e0","robots":{"index":"index","follow":"follow","max-snippet":"max-snippet:-1","max-image-preview":"max-image-preview:large","max-video-preview":"max-video-preview:-1"},"canonical":"https:\/\/beneggiassociati.com\/en\/microcredito-meno-caro-e-piu-efficace-bando-agevola-microcredito-dimpresa\/","og_locale":"en_US","og_type":"article","og_title":"Microcredito meno caro e pi\u00f9 efficace, Bando agevola Microcredito d\u2019Impresa - Beneggi &amp; Associati","og_description":"Fondazione Welfare Ambrosiano, in collaborazione con la Camera di Commercio di Milano e il Comune di Milano, promuovere e sostiene, nella citt\u00e0","og_url":"https:\/\/beneggiassociati.com\/en\/microcredito-meno-caro-e-piu-efficace-bando-agevola-microcredito-dimpresa\/","og_site_name":"Beneggi &amp; Associati","article_published_time":"2017-02-13T13:20:00+00:00","og_image":[{"width":1280,"height":823,"url":"https:\/\/beneggiassociati.com\/wp-content\/uploads\/2025\/07\/single-post-beneggi.jpg","type":"image\/jpeg"}],"author":"Tiziano Beneggi","twitter_card":"summary_large_image","twitter_misc":{"Written by":"Tiziano Beneggi","Est. reading time":"2 minutes"},"schema":{"@context":"https:\/\/schema.org","@graph":[{"@type":"Article","@id":"https:\/\/beneggiassociati.com\/en\/microcredito-meno-caro-e-piu-efficace-bando-agevola-microcredito-dimpresa\/#article","isPartOf":{"@id":"https:\/\/beneggiassociati.com\/en\/microcredito-meno-caro-e-piu-efficace-bando-agevola-microcredito-dimpresa\/"},"author":{"name":"Tiziano Beneggi","@id":"https:\/\/beneggiassociati.com\/en\/#\/schema\/person\/828daacfa37b359e89e981f920072004"},"headline":"Microcredito meno caro e pi\u00f9 efficace, Bando agevola Microcredito d\u2019Impresa","datePublished":"2017-02-13T13:20:00+00:00","mainEntityOfPage":{"@id":"https:\/\/beneggiassociati.com\/en\/microcredito-meno-caro-e-piu-efficace-bando-agevola-microcredito-dimpresa\/"},"wordCount":379,"commentCount":0,"publisher":{"@id":"https:\/\/beneggiassociati.com\/en\/#organization"},"image":{"@id":"https:\/\/beneggiassociati.com\/en\/microcredito-meno-caro-e-piu-efficace-bando-agevola-microcredito-dimpresa\/#primaryimage"},"thumbnailUrl":"https:\/\/beneggiassociati.com\/wp-content\/uploads\/2025\/07\/single-post-beneggi.jpg","articleSection":["ARCHIVIO"],"inLanguage":"en-US"},{"@type":"WebPage","@id":"https:\/\/beneggiassociati.com\/en\/microcredito-meno-caro-e-piu-efficace-bando-agevola-microcredito-dimpresa\/","url":"https:\/\/beneggiassociati.com\/en\/microcredito-meno-caro-e-piu-efficace-bando-agevola-microcredito-dimpresa\/","name":"Microcredito meno caro e pi\u00f9 efficace, Bando agevola Microcredito d\u2019Impresa - Beneggi &amp; Associati","isPartOf":{"@id":"https:\/\/beneggiassociati.com\/en\/#website"},"primaryImageOfPage":{"@id":"https:\/\/beneggiassociati.com\/en\/microcredito-meno-caro-e-piu-efficace-bando-agevola-microcredito-dimpresa\/#primaryimage"},"image":{"@id":"https:\/\/beneggiassociati.com\/en\/microcredito-meno-caro-e-piu-efficace-bando-agevola-microcredito-dimpresa\/#primaryimage"},"thumbnailUrl":"https:\/\/beneggiassociati.com\/wp-content\/uploads\/2025\/07\/single-post-beneggi.jpg","datePublished":"2017-02-13T13:20:00+00:00","description":"Fondazione Welfare Ambrosiano, in collaborazione con la Camera di Commercio di Milano e il Comune di Milano, promuovere e sostiene, nella citt\u00e0","breadcrumb":{"@id":"https:\/\/beneggiassociati.com\/en\/microcredito-meno-caro-e-piu-efficace-bando-agevola-microcredito-dimpresa\/#breadcrumb"},"inLanguage":"en-US","potentialAction":[{"@type":"ReadAction","target":["https:\/\/beneggiassociati.com\/en\/microcredito-meno-caro-e-piu-efficace-bando-agevola-microcredito-dimpresa\/"]}]},{"@type":"ImageObject","inLanguage":"en-US","@id":"https:\/\/beneggiassociati.com\/en\/microcredito-meno-caro-e-piu-efficace-bando-agevola-microcredito-dimpresa\/#primaryimage","url":"https:\/\/beneggiassociati.com\/wp-content\/uploads\/2025\/07\/single-post-beneggi.jpg","contentUrl":"https:\/\/beneggiassociati.com\/wp-content\/uploads\/2025\/07\/single-post-beneggi.jpg","width":1280,"height":823},{"@type":"BreadcrumbList","@id":"https:\/\/beneggiassociati.com\/en\/microcredito-meno-caro-e-piu-efficace-bando-agevola-microcredito-dimpresa\/#breadcrumb","itemListElement":[{"@type":"ListItem","position":1,"name":"Home","item":"https:\/\/beneggiassociati.com\/en\/?page_id=24163"},{"@type":"ListItem","position":2,"name":"Microcredito meno caro e pi\u00f9 efficace, Bando agevola Microcredito d\u2019Impresa"}]},{"@type":"WebSite","@id":"https:\/\/beneggiassociati.com\/en\/#website","url":"https:\/\/beneggiassociati.com\/en\/","name":"Beneggi e associati","description":"","publisher":{"@id":"https:\/\/beneggiassociati.com\/en\/#organization"},"potentialAction":[{"@type":"SearchAction","target":{"@type":"EntryPoint","urlTemplate":"https:\/\/beneggiassociati.com\/en\/?s={search_term_string}"},"query-input":{"@type":"PropertyValueSpecification","valueRequired":true,"valueName":"search_term_string"}}],"inLanguage":"en-US"},{"@type":"Organization","@id":"https:\/\/beneggiassociati.com\/en\/#organization","name":"Beneggi e associati","url":"https:\/\/beneggiassociati.com\/en\/","logo":{"@type":"ImageObject","inLanguage":"en-US","@id":"https:\/\/beneggiassociati.com\/en\/#\/schema\/logo\/image\/","url":"https:\/\/beneggiassociati.com\/wp-content\/uploads\/2025\/07\/beneggi-logo.png","contentUrl":"https:\/\/beneggiassociati.com\/wp-content\/uploads\/2025\/07\/beneggi-logo.png","width":141,"height":87,"caption":"Beneggi e associati"},"image":{"@id":"https:\/\/beneggiassociati.com\/en\/#\/schema\/logo\/image\/"}},{"@type":"Person","@id":"https:\/\/beneggiassociati.com\/en\/#\/schema\/person\/828daacfa37b359e89e981f920072004","name":"Tiziano Beneggi","url":"https:\/\/beneggiassociati.com\/en\/author\/tizianobeneggiassociati-com\/"}]}},"_links":{"self":[{"href":"https:\/\/beneggiassociati.com\/en\/wp-json\/wp\/v2\/posts\/15806","targetHints":{"allow":["GET"]}}],"collection":[{"href":"https:\/\/beneggiassociati.com\/en\/wp-json\/wp\/v2\/posts"}],"about":[{"href":"https:\/\/beneggiassociati.com\/en\/wp-json\/wp\/v2\/types\/post"}],"author":[{"embeddable":true,"href":"https:\/\/beneggiassociati.com\/en\/wp-json\/wp\/v2\/users\/4"}],"replies":[{"embeddable":true,"href":"https:\/\/beneggiassociati.com\/en\/wp-json\/wp\/v2\/comments?post=15806"}],"version-history":[{"count":0,"href":"https:\/\/beneggiassociati.com\/en\/wp-json\/wp\/v2\/posts\/15806\/revisions"}],"wp:featuredmedia":[{"embeddable":true,"href":"https:\/\/beneggiassociati.com\/en\/wp-json\/wp\/v2\/media\/409"}],"wp:attachment":[{"href":"https:\/\/beneggiassociati.com\/en\/wp-json\/wp\/v2\/media?parent=15806"}],"wp:term":[{"taxonomy":"category","embeddable":true,"href":"https:\/\/beneggiassociati.com\/en\/wp-json\/wp\/v2\/categories?post=15806"},{"taxonomy":"post_tag","embeddable":true,"href":"https:\/\/beneggiassociati.com\/en\/wp-json\/wp\/v2\/tags?post=15806"}],"curies":[{"name":"wp","href":"https:\/\/api.w.org\/{rel}","templated":true}]}}