{"id":15832,"date":"2017-03-30T20:10:00","date_gmt":"2017-03-30T18:10:00","guid":{"rendered":"https:\/\/dev.beneggiassociati.com\/2017\/03\/30\/fatture-inesistenti-2\/"},"modified":"2017-03-30T20:10:00","modified_gmt":"2017-03-30T18:10:00","slug":"fatture-inesistenti-2","status":"publish","type":"post","link":"https:\/\/beneggiassociati.com\/en\/fatture-inesistenti-2\/","title":{"rendered":"Fatture inesistenti"},"content":{"rendered":"<p>Sono sempre pi\u00f9 frequenti le contestazioni dell&#8217;Amministrazione finanziaria sull&#8217;utilizzo in dichiarazione, da parte di imprese, di fatture per operazioni ritenute inesistenti che spesso, ancorch\u00e9 siano realmente avvenute, portano comunque i verificatori a rilevare l&#8217;indebita detrazione dell&#8217;Iva. Sono interessati al fenomeno i settori pi\u00f9 vari: dalle sponsorizzazioni sportive alla commercializzazione dei prodotti pi\u00f9 vari.<br \/>\nA fronte di simili rettifiche diventa particolarmente complicato difendersi anche perch\u00e9, molte volte, l&#8217;acquirente ha effettivamente ricevuto i beni o i servizi e li ha regolarmente pagati, per cui mal comprende la contestazione del fisco che, ritenendo le operazioni poste in essere da un soggetto che non poteva eseguirle (soggettivamente fittizie), richiede l&#8217;Iva all&#8217;acquirente. Queste violazioni comportano peraltro gravi conseguenze sotto il profilo sia fiscale che penale.<br \/>\nDi norma si fa sempre generico riferimento alle false fatturazioni; occorre tuttavia operare un importante distinguo tra operazioni oggettivamente inesistenti rispetto a quelle soggettivamente inesistenti.<br \/>\nMutuando le definizioni dalla normativa penale tributaria, per fatture oggettivamente inesistenti si intendono quelle riferite ad operazioni in tutto o in parte prive di riscontro nella realt\u00e0. Si tratta di documenti che attestano un fatto (cessione di beni o prestazione di servizi) mai avvenuto. L&#8217;inesistenza pu\u00f2 anche essere parziale, nel qual caso si tratta di sovrafatturazione<br \/>\nSotto il profilo tributario, il costo \u00e8 indeducibile (con effetti e sanzioni ai fini delle imposte dirette e dell&#8217;Irap) e l&#8217;Iva \u00e8 indetraibile poich\u00e9 si tratta di transazioni fittizie per le quali, secondo le ordinarie regole di determinazione del reddito, manca il requisito della certezza.<br \/>\nSul versante penale, la norma punisce con la reclusione da 18 mesi a sei anni chiunque, al fine di evadere le imposte sui redditi o l&#8217;Iva, indichi in una delle dichiarazioni elementi passivi fittizi documentati da false fatture. Ne consegue che il momento consumativo \u00e8 la presentazione della dichiarazione. A tal fine oltre a quella annuale (Unico e Iva) rilevano anche le altre dichiarazioni: operazioni intracomunitarie, operazioni straordinarie ecc. Sono invece esclusi dalla rilevanza penale i documenti che tecnicamente non sono definiti \u201cdichiarazioni\u201d, stante l&#8217;impossibilit\u00e0 di un&#8217;estensione analogica della norma incriminatrice: \u00e8 il caso, ad esempio, della comunicazione delle operazioni intercorse con soggetti aventi sede in paradisi fiscali, delle dichiarazioni di intento degli esportatori abituali che non contengono l&#8217;indicazione di elementi passivi, ma soltanto la volont\u00e0 di acquistare in sospensione di imposta.<br \/>\nLe fatture soggettivamente inesistenti sono, invece, quelle riferite ad operazioni realmente avvenute, ma tra soggetti differenti rispetto a chi risulta indicato nel documento.<br \/>\nSpesso tale contestazione \u00e8 mossa dall&#8217;amministrazione nelle ipotesi in cui il cedente o il prestatore non abbia una struttura idonea per effettuare l&#8217;operazione o ancora quando, a seguito di alcune operazioni, i cedenti o i prestatori scompaiono e non adempiono ai principali obblighi fiscali (dichiarazione, versamento ecc.). In queste ipotesi l&#8217;acquirente spesso \u00e8 ignaro delle violazioni commesse dal suo fornitore non potendo conoscere la sua correttezza fiscale. In tali casi, il fisco contesta l&#8217;indebita detrazione dell&#8217;Iva, poich\u00e9 il relativo costo \u00e8 comunque deducibile (purch\u00e9 realmente sostenuto) se inerente all&#8217;attivit\u00e0 svolta.<br \/>\nSotto il profilo penale, invece, non rileva se si tratti di fatture soggettivamente o oggettivamente inesistenti, poich\u00e9 la pena resta in ogni caso la reclusione da 18 mesi a sei anni e solo se tali documenti sono indicati e quindi utilizzati nelle dichiarazioni presentate.<br \/>\nDa evidenziare per\u00f2 che, ai fini penali, nella fatture soggettivamente inesistenti, l&#8217;acquirente in genere non ha conseguito alcun beneficio fiscale (avendo detratto esattamente l&#8217;Iva che ha pagato) e pertanto occorre provare il suo effettivo coinvolgimento nella frode altrimenti viene meno l&#8217;elemento soggettivo del reato.<\/p>\n","protected":false},"excerpt":{"rendered":"<p>Sono sempre pi\u00f9 frequenti le contestazioni dell&#8217;Amministrazione finanziaria sull&#8217;utilizzo in dichiarazione, da parte di imprese, di fatture per operazioni ritenute inesistenti che spesso, ancorch\u00e9 siano realmente avvenute, portano comunque i verificatori a rilevare l&#8217;indebita detrazione dell&#8217;Iva. Sono interessati al fenomeno i settori pi\u00f9 vari: dalle sponsorizzazioni sportive alla commercializzazione dei prodotti pi\u00f9 vari. A fronte [&hellip;]<\/p>\n","protected":false},"author":4,"featured_media":409,"comment_status":"open","ping_status":"open","sticky":false,"template":"","format":"standard","meta":{"_acf_changed":false,"content-type":"","footnotes":""},"categories":[16],"tags":[],"class_list":["post-15832","post","type-post","status-publish","format-standard","has-post-thumbnail","hentry","category-archivio"],"acf":[],"yoast_head":"<!-- This site is optimized with the Yoast SEO plugin v27.5 - https:\/\/yoast.com\/product\/yoast-seo-wordpress\/ -->\n<title>Fatture inesistenti - Beneggi &amp; Associati<\/title>\n<meta name=\"description\" content=\"Sono sempre pi\u00f9 frequenti le contestazioni dell&#039;Amministrazione finanziaria sull&#039;utilizzo in dichiarazione, da parte di imprese, di fatture per operazioni\" \/>\n<meta name=\"robots\" content=\"index, follow, max-snippet:-1, max-image-preview:large, max-video-preview:-1\" \/>\n<link rel=\"canonical\" href=\"https:\/\/beneggiassociati.com\/en\/fatture-inesistenti-2\/\" \/>\n<meta property=\"og:locale\" content=\"en_US\" \/>\n<meta property=\"og:type\" content=\"article\" \/>\n<meta property=\"og:title\" content=\"Fatture inesistenti - Beneggi &amp; Associati\" \/>\n<meta property=\"og:description\" content=\"Sono sempre pi\u00f9 frequenti le contestazioni dell&#039;Amministrazione finanziaria sull&#039;utilizzo in dichiarazione, da parte di imprese, di fatture per operazioni\" \/>\n<meta property=\"og:url\" content=\"https:\/\/beneggiassociati.com\/en\/fatture-inesistenti-2\/\" \/>\n<meta property=\"og:site_name\" content=\"Beneggi &amp; Associati\" \/>\n<meta property=\"article:published_time\" content=\"2017-03-30T18:10:00+00:00\" \/>\n<meta property=\"og:image\" content=\"https:\/\/beneggiassociati.com\/wp-content\/uploads\/2025\/07\/single-post-beneggi.jpg\" \/>\n\t<meta property=\"og:image:width\" content=\"1280\" \/>\n\t<meta property=\"og:image:height\" content=\"823\" \/>\n\t<meta property=\"og:image:type\" content=\"image\/jpeg\" \/>\n<meta name=\"author\" content=\"Tiziano Beneggi\" \/>\n<meta name=\"twitter:card\" content=\"summary_large_image\" \/>\n<meta name=\"twitter:label1\" content=\"Written by\" \/>\n\t<meta name=\"twitter:data1\" content=\"Tiziano Beneggi\" \/>\n\t<meta name=\"twitter:label2\" content=\"Est. reading time\" \/>\n\t<meta name=\"twitter:data2\" content=\"3 minutes\" \/>\n<script type=\"application\/ld+json\" class=\"yoast-schema-graph\">{\"@context\":\"https:\\\/\\\/schema.org\",\"@graph\":[{\"@type\":\"Article\",\"@id\":\"https:\\\/\\\/beneggiassociati.com\\\/en\\\/fatture-inesistenti-2\\\/#article\",\"isPartOf\":{\"@id\":\"https:\\\/\\\/beneggiassociati.com\\\/en\\\/fatture-inesistenti-2\\\/\"},\"author\":{\"name\":\"Tiziano Beneggi\",\"@id\":\"https:\\\/\\\/beneggiassociati.com\\\/en\\\/#\\\/schema\\\/person\\\/828daacfa37b359e89e981f920072004\"},\"headline\":\"Fatture inesistenti\",\"datePublished\":\"2017-03-30T18:10:00+00:00\",\"mainEntityOfPage\":{\"@id\":\"https:\\\/\\\/beneggiassociati.com\\\/en\\\/fatture-inesistenti-2\\\/\"},\"wordCount\":595,\"commentCount\":0,\"publisher\":{\"@id\":\"https:\\\/\\\/beneggiassociati.com\\\/en\\\/#organization\"},\"image\":{\"@id\":\"https:\\\/\\\/beneggiassociati.com\\\/en\\\/fatture-inesistenti-2\\\/#primaryimage\"},\"thumbnailUrl\":\"https:\\\/\\\/beneggiassociati.com\\\/wp-content\\\/uploads\\\/2025\\\/07\\\/single-post-beneggi.jpg\",\"articleSection\":[\"ARCHIVIO\"],\"inLanguage\":\"en-US\"},{\"@type\":\"WebPage\",\"@id\":\"https:\\\/\\\/beneggiassociati.com\\\/en\\\/fatture-inesistenti-2\\\/\",\"url\":\"https:\\\/\\\/beneggiassociati.com\\\/en\\\/fatture-inesistenti-2\\\/\",\"name\":\"Fatture inesistenti - Beneggi &amp; Associati\",\"isPartOf\":{\"@id\":\"https:\\\/\\\/beneggiassociati.com\\\/en\\\/#website\"},\"primaryImageOfPage\":{\"@id\":\"https:\\\/\\\/beneggiassociati.com\\\/en\\\/fatture-inesistenti-2\\\/#primaryimage\"},\"image\":{\"@id\":\"https:\\\/\\\/beneggiassociati.com\\\/en\\\/fatture-inesistenti-2\\\/#primaryimage\"},\"thumbnailUrl\":\"https:\\\/\\\/beneggiassociati.com\\\/wp-content\\\/uploads\\\/2025\\\/07\\\/single-post-beneggi.jpg\",\"datePublished\":\"2017-03-30T18:10:00+00:00\",\"description\":\"Sono sempre pi\u00f9 frequenti le contestazioni dell'Amministrazione finanziaria sull'utilizzo in dichiarazione, da parte di imprese, di fatture per operazioni\",\"breadcrumb\":{\"@id\":\"https:\\\/\\\/beneggiassociati.com\\\/en\\\/fatture-inesistenti-2\\\/#breadcrumb\"},\"inLanguage\":\"en-US\",\"potentialAction\":[{\"@type\":\"ReadAction\",\"target\":[\"https:\\\/\\\/beneggiassociati.com\\\/en\\\/fatture-inesistenti-2\\\/\"]}]},{\"@type\":\"ImageObject\",\"inLanguage\":\"en-US\",\"@id\":\"https:\\\/\\\/beneggiassociati.com\\\/en\\\/fatture-inesistenti-2\\\/#primaryimage\",\"url\":\"https:\\\/\\\/beneggiassociati.com\\\/wp-content\\\/uploads\\\/2025\\\/07\\\/single-post-beneggi.jpg\",\"contentUrl\":\"https:\\\/\\\/beneggiassociati.com\\\/wp-content\\\/uploads\\\/2025\\\/07\\\/single-post-beneggi.jpg\",\"width\":1280,\"height\":823},{\"@type\":\"BreadcrumbList\",\"@id\":\"https:\\\/\\\/beneggiassociati.com\\\/en\\\/fatture-inesistenti-2\\\/#breadcrumb\",\"itemListElement\":[{\"@type\":\"ListItem\",\"position\":1,\"name\":\"Home\",\"item\":\"https:\\\/\\\/beneggiassociati.com\\\/en\\\/?page_id=24163\"},{\"@type\":\"ListItem\",\"position\":2,\"name\":\"Fatture inesistenti\"}]},{\"@type\":\"WebSite\",\"@id\":\"https:\\\/\\\/beneggiassociati.com\\\/en\\\/#website\",\"url\":\"https:\\\/\\\/beneggiassociati.com\\\/en\\\/\",\"name\":\"Beneggi e associati\",\"description\":\"\",\"publisher\":{\"@id\":\"https:\\\/\\\/beneggiassociati.com\\\/en\\\/#organization\"},\"potentialAction\":[{\"@type\":\"SearchAction\",\"target\":{\"@type\":\"EntryPoint\",\"urlTemplate\":\"https:\\\/\\\/beneggiassociati.com\\\/en\\\/?s={search_term_string}\"},\"query-input\":{\"@type\":\"PropertyValueSpecification\",\"valueRequired\":true,\"valueName\":\"search_term_string\"}}],\"inLanguage\":\"en-US\"},{\"@type\":\"Organization\",\"@id\":\"https:\\\/\\\/beneggiassociati.com\\\/en\\\/#organization\",\"name\":\"Beneggi e associati\",\"url\":\"https:\\\/\\\/beneggiassociati.com\\\/en\\\/\",\"logo\":{\"@type\":\"ImageObject\",\"inLanguage\":\"en-US\",\"@id\":\"https:\\\/\\\/beneggiassociati.com\\\/en\\\/#\\\/schema\\\/logo\\\/image\\\/\",\"url\":\"https:\\\/\\\/beneggiassociati.com\\\/wp-content\\\/uploads\\\/2025\\\/07\\\/beneggi-logo.png\",\"contentUrl\":\"https:\\\/\\\/beneggiassociati.com\\\/wp-content\\\/uploads\\\/2025\\\/07\\\/beneggi-logo.png\",\"width\":141,\"height\":87,\"caption\":\"Beneggi e associati\"},\"image\":{\"@id\":\"https:\\\/\\\/beneggiassociati.com\\\/en\\\/#\\\/schema\\\/logo\\\/image\\\/\"}},{\"@type\":\"Person\",\"@id\":\"https:\\\/\\\/beneggiassociati.com\\\/en\\\/#\\\/schema\\\/person\\\/828daacfa37b359e89e981f920072004\",\"name\":\"Tiziano Beneggi\",\"url\":\"https:\\\/\\\/beneggiassociati.com\\\/en\\\/author\\\/tizianobeneggiassociati-com\\\/\"}]}<\/script>\n<!-- \/ Yoast SEO plugin. -->","yoast_head_json":{"title":"Fatture inesistenti - Beneggi &amp; Associati","description":"Sono sempre pi\u00f9 frequenti le contestazioni dell'Amministrazione finanziaria sull'utilizzo in dichiarazione, da parte di imprese, di fatture per operazioni","robots":{"index":"index","follow":"follow","max-snippet":"max-snippet:-1","max-image-preview":"max-image-preview:large","max-video-preview":"max-video-preview:-1"},"canonical":"https:\/\/beneggiassociati.com\/en\/fatture-inesistenti-2\/","og_locale":"en_US","og_type":"article","og_title":"Fatture inesistenti - Beneggi &amp; Associati","og_description":"Sono sempre pi\u00f9 frequenti le contestazioni dell'Amministrazione finanziaria sull'utilizzo in dichiarazione, da parte di imprese, di fatture per operazioni","og_url":"https:\/\/beneggiassociati.com\/en\/fatture-inesistenti-2\/","og_site_name":"Beneggi &amp; Associati","article_published_time":"2017-03-30T18:10:00+00:00","og_image":[{"width":1280,"height":823,"url":"https:\/\/beneggiassociati.com\/wp-content\/uploads\/2025\/07\/single-post-beneggi.jpg","type":"image\/jpeg"}],"author":"Tiziano Beneggi","twitter_card":"summary_large_image","twitter_misc":{"Written by":"Tiziano Beneggi","Est. reading time":"3 minutes"},"schema":{"@context":"https:\/\/schema.org","@graph":[{"@type":"Article","@id":"https:\/\/beneggiassociati.com\/en\/fatture-inesistenti-2\/#article","isPartOf":{"@id":"https:\/\/beneggiassociati.com\/en\/fatture-inesistenti-2\/"},"author":{"name":"Tiziano Beneggi","@id":"https:\/\/beneggiassociati.com\/en\/#\/schema\/person\/828daacfa37b359e89e981f920072004"},"headline":"Fatture inesistenti","datePublished":"2017-03-30T18:10:00+00:00","mainEntityOfPage":{"@id":"https:\/\/beneggiassociati.com\/en\/fatture-inesistenti-2\/"},"wordCount":595,"commentCount":0,"publisher":{"@id":"https:\/\/beneggiassociati.com\/en\/#organization"},"image":{"@id":"https:\/\/beneggiassociati.com\/en\/fatture-inesistenti-2\/#primaryimage"},"thumbnailUrl":"https:\/\/beneggiassociati.com\/wp-content\/uploads\/2025\/07\/single-post-beneggi.jpg","articleSection":["ARCHIVIO"],"inLanguage":"en-US"},{"@type":"WebPage","@id":"https:\/\/beneggiassociati.com\/en\/fatture-inesistenti-2\/","url":"https:\/\/beneggiassociati.com\/en\/fatture-inesistenti-2\/","name":"Fatture inesistenti - Beneggi &amp; Associati","isPartOf":{"@id":"https:\/\/beneggiassociati.com\/en\/#website"},"primaryImageOfPage":{"@id":"https:\/\/beneggiassociati.com\/en\/fatture-inesistenti-2\/#primaryimage"},"image":{"@id":"https:\/\/beneggiassociati.com\/en\/fatture-inesistenti-2\/#primaryimage"},"thumbnailUrl":"https:\/\/beneggiassociati.com\/wp-content\/uploads\/2025\/07\/single-post-beneggi.jpg","datePublished":"2017-03-30T18:10:00+00:00","description":"Sono sempre pi\u00f9 frequenti le contestazioni dell'Amministrazione finanziaria sull'utilizzo in dichiarazione, da parte di imprese, di fatture per operazioni","breadcrumb":{"@id":"https:\/\/beneggiassociati.com\/en\/fatture-inesistenti-2\/#breadcrumb"},"inLanguage":"en-US","potentialAction":[{"@type":"ReadAction","target":["https:\/\/beneggiassociati.com\/en\/fatture-inesistenti-2\/"]}]},{"@type":"ImageObject","inLanguage":"en-US","@id":"https:\/\/beneggiassociati.com\/en\/fatture-inesistenti-2\/#primaryimage","url":"https:\/\/beneggiassociati.com\/wp-content\/uploads\/2025\/07\/single-post-beneggi.jpg","contentUrl":"https:\/\/beneggiassociati.com\/wp-content\/uploads\/2025\/07\/single-post-beneggi.jpg","width":1280,"height":823},{"@type":"BreadcrumbList","@id":"https:\/\/beneggiassociati.com\/en\/fatture-inesistenti-2\/#breadcrumb","itemListElement":[{"@type":"ListItem","position":1,"name":"Home","item":"https:\/\/beneggiassociati.com\/en\/?page_id=24163"},{"@type":"ListItem","position":2,"name":"Fatture inesistenti"}]},{"@type":"WebSite","@id":"https:\/\/beneggiassociati.com\/en\/#website","url":"https:\/\/beneggiassociati.com\/en\/","name":"Beneggi e associati","description":"","publisher":{"@id":"https:\/\/beneggiassociati.com\/en\/#organization"},"potentialAction":[{"@type":"SearchAction","target":{"@type":"EntryPoint","urlTemplate":"https:\/\/beneggiassociati.com\/en\/?s={search_term_string}"},"query-input":{"@type":"PropertyValueSpecification","valueRequired":true,"valueName":"search_term_string"}}],"inLanguage":"en-US"},{"@type":"Organization","@id":"https:\/\/beneggiassociati.com\/en\/#organization","name":"Beneggi e associati","url":"https:\/\/beneggiassociati.com\/en\/","logo":{"@type":"ImageObject","inLanguage":"en-US","@id":"https:\/\/beneggiassociati.com\/en\/#\/schema\/logo\/image\/","url":"https:\/\/beneggiassociati.com\/wp-content\/uploads\/2025\/07\/beneggi-logo.png","contentUrl":"https:\/\/beneggiassociati.com\/wp-content\/uploads\/2025\/07\/beneggi-logo.png","width":141,"height":87,"caption":"Beneggi e associati"},"image":{"@id":"https:\/\/beneggiassociati.com\/en\/#\/schema\/logo\/image\/"}},{"@type":"Person","@id":"https:\/\/beneggiassociati.com\/en\/#\/schema\/person\/828daacfa37b359e89e981f920072004","name":"Tiziano Beneggi","url":"https:\/\/beneggiassociati.com\/en\/author\/tizianobeneggiassociati-com\/"}]}},"_links":{"self":[{"href":"https:\/\/beneggiassociati.com\/en\/wp-json\/wp\/v2\/posts\/15832","targetHints":{"allow":["GET"]}}],"collection":[{"href":"https:\/\/beneggiassociati.com\/en\/wp-json\/wp\/v2\/posts"}],"about":[{"href":"https:\/\/beneggiassociati.com\/en\/wp-json\/wp\/v2\/types\/post"}],"author":[{"embeddable":true,"href":"https:\/\/beneggiassociati.com\/en\/wp-json\/wp\/v2\/users\/4"}],"replies":[{"embeddable":true,"href":"https:\/\/beneggiassociati.com\/en\/wp-json\/wp\/v2\/comments?post=15832"}],"version-history":[{"count":0,"href":"https:\/\/beneggiassociati.com\/en\/wp-json\/wp\/v2\/posts\/15832\/revisions"}],"wp:featuredmedia":[{"embeddable":true,"href":"https:\/\/beneggiassociati.com\/en\/wp-json\/wp\/v2\/media\/409"}],"wp:attachment":[{"href":"https:\/\/beneggiassociati.com\/en\/wp-json\/wp\/v2\/media?parent=15832"}],"wp:term":[{"taxonomy":"category","embeddable":true,"href":"https:\/\/beneggiassociati.com\/en\/wp-json\/wp\/v2\/categories?post=15832"},{"taxonomy":"post_tag","embeddable":true,"href":"https:\/\/beneggiassociati.com\/en\/wp-json\/wp\/v2\/tags?post=15832"}],"curies":[{"name":"wp","href":"https:\/\/api.w.org\/{rel}","templated":true}]}}