{"id":15962,"date":"2017-11-11T10:46:00","date_gmt":"2017-11-11T09:46:00","guid":{"rendered":"https:\/\/dev.beneggiassociati.com\/2017\/11\/11\/231-vanno-adottati-modelli-organizzativi-autonomi\/"},"modified":"2017-11-11T10:46:00","modified_gmt":"2017-11-11T09:46:00","slug":"231-vanno-adottati-modelli-organizzativi-autonomi","status":"publish","type":"post","link":"https:\/\/beneggiassociati.com\/en\/231-vanno-adottati-modelli-organizzativi-autonomi\/","title":{"rendered":"231, vanno adottati modelli organizzativi autonomi"},"content":{"rendered":"<p>Fermo restando che non \u00e8 possibile desumere la responsabilit\u00e0 delle societ\u00e0 controllate dalla mera esistenza del rapporto di controllo o di collegamento all\u2019interno di un gruppo di societ\u00e0, \u00e8 comunque opportuno stabilire in presenza di quali condizioni del reato commesso da un\u2019impresa appartenente a un gruppo possano essere chiamate a risponderne le altre societ\u00e0 e, in particolare, la capogruppo e capire quali accorgimenti organizzativi possano essere adottati per non incorrere in tale responsabilit\u00e0.<br \/>\nOltre alla responsabilit\u00e0 civilistica che pu\u00f2 discendere dall\u2019appartenenza a un gruppo societario, le imprese possono rispondere anche per i reati societari e fallimentari, che talvolta contengono espressi riferimenti al \u201cgruppo.<br \/>\nCos\u00ec come pure le societ\u00e0 appartenenti al gruppo potrebbero trovarsi a rispondere del reato di \u201cinfedelt\u00e0 patrimoniale\u201d, che punisce gli amministratori, i direttori generali e i liquidatori che, avendo un interesse in conflitto con quello della societ\u00e0, al fine di procurare a s\u00e9 o ad altri un ingiusto profitto o altro vantaggio, compiono o concorrono a deliberare atti di disposizione dei beni sociali, cagionando intenzionalmente alla societ\u00e0 un danno patrimoniale.<br \/>\nUna valida scelta per cercare di azzerare il rischio di configurazione della responsabilit\u00e0 in capo alle societ\u00e0 appartenenti al gruppo e, in particolare, alla holding sembra essere l\u2019adozione da parte di ciascuna societ\u00e0 di un proprio autonomo modello organizzativo, realmente calibrato sulla realt\u00e0 organizzativa della singola impresa. Infatti, solo quest\u2019ultima pu\u00f2 realizzare la puntuale ed efficace ricognizione e gestione dei rischi di reato, necessaria affinch\u00e9 al modello sia riconosciuta l\u2019efficacia esimente di cui all\u2019articolo 6 del decreto 231. Inoltre, soltanto l\u2019adozione del modello da parte di ciascuna societ\u00e0 del gruppo conferma l\u2019autonomia della singola unit\u00e0 operativa del gruppo e, perci\u00f2, ridimensiona il rischio di una risalita della responsabilit\u00e0 in capo alla controllante.<\/p>\n","protected":false},"excerpt":{"rendered":"<p>Fermo restando che non \u00e8 possibile desumere la responsabilit\u00e0 delle societ\u00e0 controllate dalla mera esistenza del rapporto di controllo o di collegamento all\u2019interno di un gruppo di societ\u00e0, \u00e8 comunque opportuno stabilire in presenza di quali condizioni del reato commesso da un\u2019impresa appartenente a un gruppo possano essere chiamate a risponderne le altre societ\u00e0 e, [&hellip;]<\/p>\n","protected":false},"author":4,"featured_media":409,"comment_status":"open","ping_status":"open","sticky":false,"template":"","format":"standard","meta":{"_acf_changed":false,"content-type":"","footnotes":""},"categories":[16],"tags":[],"class_list":["post-15962","post","type-post","status-publish","format-standard","has-post-thumbnail","hentry","category-archivio"],"acf":[],"yoast_head":"<!-- This site is optimized with the Yoast SEO plugin v27.5 - https:\/\/yoast.com\/product\/yoast-seo-wordpress\/ -->\n<title>231, vanno adottati modelli organizzativi autonomi - Beneggi &amp; Associati<\/title>\n<meta name=\"description\" content=\"Fermo restando che non \u00e8 possibile desumere la responsabilit\u00e0 delle societ\u00e0 controllate dalla mera esistenza del rapporto di controllo o di collegamento\" \/>\n<meta name=\"robots\" content=\"index, follow, max-snippet:-1, max-image-preview:large, max-video-preview:-1\" \/>\n<link rel=\"canonical\" href=\"https:\/\/beneggiassociati.com\/en\/231-vanno-adottati-modelli-organizzativi-autonomi\/\" \/>\n<meta property=\"og:locale\" content=\"en_US\" \/>\n<meta property=\"og:type\" content=\"article\" \/>\n<meta property=\"og:title\" content=\"231, vanno adottati modelli organizzativi autonomi - Beneggi &amp; Associati\" \/>\n<meta property=\"og:description\" content=\"Fermo restando che non \u00e8 possibile desumere la responsabilit\u00e0 delle societ\u00e0 controllate dalla mera esistenza del rapporto di controllo o di collegamento\" \/>\n<meta property=\"og:url\" content=\"https:\/\/beneggiassociati.com\/en\/231-vanno-adottati-modelli-organizzativi-autonomi\/\" \/>\n<meta property=\"og:site_name\" content=\"Beneggi &amp; Associati\" \/>\n<meta property=\"article:published_time\" content=\"2017-11-11T09:46:00+00:00\" \/>\n<meta property=\"og:image\" content=\"https:\/\/beneggiassociati.com\/wp-content\/uploads\/2025\/07\/single-post-beneggi.jpg\" \/>\n\t<meta property=\"og:image:width\" content=\"1280\" \/>\n\t<meta property=\"og:image:height\" content=\"823\" \/>\n\t<meta property=\"og:image:type\" content=\"image\/jpeg\" \/>\n<meta name=\"author\" content=\"Tiziano Beneggi\" \/>\n<meta name=\"twitter:card\" content=\"summary_large_image\" \/>\n<meta name=\"twitter:label1\" content=\"Written by\" \/>\n\t<meta name=\"twitter:data1\" content=\"Tiziano Beneggi\" \/>\n\t<meta name=\"twitter:label2\" content=\"Est. reading time\" \/>\n\t<meta name=\"twitter:data2\" content=\"1 minute\" \/>\n<script type=\"application\/ld+json\" class=\"yoast-schema-graph\">{\"@context\":\"https:\\\/\\\/schema.org\",\"@graph\":[{\"@type\":\"Article\",\"@id\":\"https:\\\/\\\/beneggiassociati.com\\\/en\\\/231-vanno-adottati-modelli-organizzativi-autonomi\\\/#article\",\"isPartOf\":{\"@id\":\"https:\\\/\\\/beneggiassociati.com\\\/en\\\/231-vanno-adottati-modelli-organizzativi-autonomi\\\/\"},\"author\":{\"name\":\"Tiziano Beneggi\",\"@id\":\"https:\\\/\\\/beneggiassociati.com\\\/en\\\/#\\\/schema\\\/person\\\/828daacfa37b359e89e981f920072004\"},\"headline\":\"231, vanno adottati modelli organizzativi autonomi\",\"datePublished\":\"2017-11-11T09:46:00+00:00\",\"mainEntityOfPage\":{\"@id\":\"https:\\\/\\\/beneggiassociati.com\\\/en\\\/231-vanno-adottati-modelli-organizzativi-autonomi\\\/\"},\"wordCount\":295,\"commentCount\":0,\"publisher\":{\"@id\":\"https:\\\/\\\/beneggiassociati.com\\\/en\\\/#organization\"},\"image\":{\"@id\":\"https:\\\/\\\/beneggiassociati.com\\\/en\\\/231-vanno-adottati-modelli-organizzativi-autonomi\\\/#primaryimage\"},\"thumbnailUrl\":\"https:\\\/\\\/beneggiassociati.com\\\/wp-content\\\/uploads\\\/2025\\\/07\\\/single-post-beneggi.jpg\",\"articleSection\":[\"ARCHIVIO\"],\"inLanguage\":\"en-US\"},{\"@type\":\"WebPage\",\"@id\":\"https:\\\/\\\/beneggiassociati.com\\\/en\\\/231-vanno-adottati-modelli-organizzativi-autonomi\\\/\",\"url\":\"https:\\\/\\\/beneggiassociati.com\\\/en\\\/231-vanno-adottati-modelli-organizzativi-autonomi\\\/\",\"name\":\"231, vanno adottati modelli organizzativi autonomi - Beneggi &amp; Associati\",\"isPartOf\":{\"@id\":\"https:\\\/\\\/beneggiassociati.com\\\/en\\\/#website\"},\"primaryImageOfPage\":{\"@id\":\"https:\\\/\\\/beneggiassociati.com\\\/en\\\/231-vanno-adottati-modelli-organizzativi-autonomi\\\/#primaryimage\"},\"image\":{\"@id\":\"https:\\\/\\\/beneggiassociati.com\\\/en\\\/231-vanno-adottati-modelli-organizzativi-autonomi\\\/#primaryimage\"},\"thumbnailUrl\":\"https:\\\/\\\/beneggiassociati.com\\\/wp-content\\\/uploads\\\/2025\\\/07\\\/single-post-beneggi.jpg\",\"datePublished\":\"2017-11-11T09:46:00+00:00\",\"description\":\"Fermo restando che non \u00e8 possibile desumere la responsabilit\u00e0 delle societ\u00e0 controllate dalla mera esistenza del rapporto di controllo o di collegamento\",\"breadcrumb\":{\"@id\":\"https:\\\/\\\/beneggiassociati.com\\\/en\\\/231-vanno-adottati-modelli-organizzativi-autonomi\\\/#breadcrumb\"},\"inLanguage\":\"en-US\",\"potentialAction\":[{\"@type\":\"ReadAction\",\"target\":[\"https:\\\/\\\/beneggiassociati.com\\\/en\\\/231-vanno-adottati-modelli-organizzativi-autonomi\\\/\"]}]},{\"@type\":\"ImageObject\",\"inLanguage\":\"en-US\",\"@id\":\"https:\\\/\\\/beneggiassociati.com\\\/en\\\/231-vanno-adottati-modelli-organizzativi-autonomi\\\/#primaryimage\",\"url\":\"https:\\\/\\\/beneggiassociati.com\\\/wp-content\\\/uploads\\\/2025\\\/07\\\/single-post-beneggi.jpg\",\"contentUrl\":\"https:\\\/\\\/beneggiassociati.com\\\/wp-content\\\/uploads\\\/2025\\\/07\\\/single-post-beneggi.jpg\",\"width\":1280,\"height\":823},{\"@type\":\"BreadcrumbList\",\"@id\":\"https:\\\/\\\/beneggiassociati.com\\\/en\\\/231-vanno-adottati-modelli-organizzativi-autonomi\\\/#breadcrumb\",\"itemListElement\":[{\"@type\":\"ListItem\",\"position\":1,\"name\":\"Home\",\"item\":\"https:\\\/\\\/beneggiassociati.com\\\/en\\\/?page_id=24163\"},{\"@type\":\"ListItem\",\"position\":2,\"name\":\"231, vanno adottati modelli organizzativi autonomi\"}]},{\"@type\":\"WebSite\",\"@id\":\"https:\\\/\\\/beneggiassociati.com\\\/en\\\/#website\",\"url\":\"https:\\\/\\\/beneggiassociati.com\\\/en\\\/\",\"name\":\"Beneggi e associati\",\"description\":\"\",\"publisher\":{\"@id\":\"https:\\\/\\\/beneggiassociati.com\\\/en\\\/#organization\"},\"potentialAction\":[{\"@type\":\"SearchAction\",\"target\":{\"@type\":\"EntryPoint\",\"urlTemplate\":\"https:\\\/\\\/beneggiassociati.com\\\/en\\\/?s={search_term_string}\"},\"query-input\":{\"@type\":\"PropertyValueSpecification\",\"valueRequired\":true,\"valueName\":\"search_term_string\"}}],\"inLanguage\":\"en-US\"},{\"@type\":\"Organization\",\"@id\":\"https:\\\/\\\/beneggiassociati.com\\\/en\\\/#organization\",\"name\":\"Beneggi e associati\",\"url\":\"https:\\\/\\\/beneggiassociati.com\\\/en\\\/\",\"logo\":{\"@type\":\"ImageObject\",\"inLanguage\":\"en-US\",\"@id\":\"https:\\\/\\\/beneggiassociati.com\\\/en\\\/#\\\/schema\\\/logo\\\/image\\\/\",\"url\":\"https:\\\/\\\/beneggiassociati.com\\\/wp-content\\\/uploads\\\/2025\\\/07\\\/beneggi-logo.png\",\"contentUrl\":\"https:\\\/\\\/beneggiassociati.com\\\/wp-content\\\/uploads\\\/2025\\\/07\\\/beneggi-logo.png\",\"width\":141,\"height\":87,\"caption\":\"Beneggi e associati\"},\"image\":{\"@id\":\"https:\\\/\\\/beneggiassociati.com\\\/en\\\/#\\\/schema\\\/logo\\\/image\\\/\"}},{\"@type\":\"Person\",\"@id\":\"https:\\\/\\\/beneggiassociati.com\\\/en\\\/#\\\/schema\\\/person\\\/828daacfa37b359e89e981f920072004\",\"name\":\"Tiziano Beneggi\",\"url\":\"https:\\\/\\\/beneggiassociati.com\\\/en\\\/author\\\/tizianobeneggiassociati-com\\\/\"}]}<\/script>\n<!-- \/ Yoast SEO plugin. -->","yoast_head_json":{"title":"231, vanno adottati modelli organizzativi autonomi - Beneggi &amp; Associati","description":"Fermo restando che non \u00e8 possibile desumere la responsabilit\u00e0 delle societ\u00e0 controllate dalla mera esistenza del rapporto di controllo o di collegamento","robots":{"index":"index","follow":"follow","max-snippet":"max-snippet:-1","max-image-preview":"max-image-preview:large","max-video-preview":"max-video-preview:-1"},"canonical":"https:\/\/beneggiassociati.com\/en\/231-vanno-adottati-modelli-organizzativi-autonomi\/","og_locale":"en_US","og_type":"article","og_title":"231, vanno adottati modelli organizzativi autonomi - Beneggi &amp; Associati","og_description":"Fermo restando che non \u00e8 possibile desumere la responsabilit\u00e0 delle societ\u00e0 controllate dalla mera esistenza del rapporto di controllo o di collegamento","og_url":"https:\/\/beneggiassociati.com\/en\/231-vanno-adottati-modelli-organizzativi-autonomi\/","og_site_name":"Beneggi &amp; Associati","article_published_time":"2017-11-11T09:46:00+00:00","og_image":[{"width":1280,"height":823,"url":"https:\/\/beneggiassociati.com\/wp-content\/uploads\/2025\/07\/single-post-beneggi.jpg","type":"image\/jpeg"}],"author":"Tiziano Beneggi","twitter_card":"summary_large_image","twitter_misc":{"Written by":"Tiziano Beneggi","Est. reading time":"1 minute"},"schema":{"@context":"https:\/\/schema.org","@graph":[{"@type":"Article","@id":"https:\/\/beneggiassociati.com\/en\/231-vanno-adottati-modelli-organizzativi-autonomi\/#article","isPartOf":{"@id":"https:\/\/beneggiassociati.com\/en\/231-vanno-adottati-modelli-organizzativi-autonomi\/"},"author":{"name":"Tiziano Beneggi","@id":"https:\/\/beneggiassociati.com\/en\/#\/schema\/person\/828daacfa37b359e89e981f920072004"},"headline":"231, vanno adottati modelli organizzativi autonomi","datePublished":"2017-11-11T09:46:00+00:00","mainEntityOfPage":{"@id":"https:\/\/beneggiassociati.com\/en\/231-vanno-adottati-modelli-organizzativi-autonomi\/"},"wordCount":295,"commentCount":0,"publisher":{"@id":"https:\/\/beneggiassociati.com\/en\/#organization"},"image":{"@id":"https:\/\/beneggiassociati.com\/en\/231-vanno-adottati-modelli-organizzativi-autonomi\/#primaryimage"},"thumbnailUrl":"https:\/\/beneggiassociati.com\/wp-content\/uploads\/2025\/07\/single-post-beneggi.jpg","articleSection":["ARCHIVIO"],"inLanguage":"en-US"},{"@type":"WebPage","@id":"https:\/\/beneggiassociati.com\/en\/231-vanno-adottati-modelli-organizzativi-autonomi\/","url":"https:\/\/beneggiassociati.com\/en\/231-vanno-adottati-modelli-organizzativi-autonomi\/","name":"231, vanno adottati modelli organizzativi autonomi - Beneggi &amp; Associati","isPartOf":{"@id":"https:\/\/beneggiassociati.com\/en\/#website"},"primaryImageOfPage":{"@id":"https:\/\/beneggiassociati.com\/en\/231-vanno-adottati-modelli-organizzativi-autonomi\/#primaryimage"},"image":{"@id":"https:\/\/beneggiassociati.com\/en\/231-vanno-adottati-modelli-organizzativi-autonomi\/#primaryimage"},"thumbnailUrl":"https:\/\/beneggiassociati.com\/wp-content\/uploads\/2025\/07\/single-post-beneggi.jpg","datePublished":"2017-11-11T09:46:00+00:00","description":"Fermo restando che non \u00e8 possibile desumere la responsabilit\u00e0 delle societ\u00e0 controllate dalla mera esistenza del rapporto di controllo o di collegamento","breadcrumb":{"@id":"https:\/\/beneggiassociati.com\/en\/231-vanno-adottati-modelli-organizzativi-autonomi\/#breadcrumb"},"inLanguage":"en-US","potentialAction":[{"@type":"ReadAction","target":["https:\/\/beneggiassociati.com\/en\/231-vanno-adottati-modelli-organizzativi-autonomi\/"]}]},{"@type":"ImageObject","inLanguage":"en-US","@id":"https:\/\/beneggiassociati.com\/en\/231-vanno-adottati-modelli-organizzativi-autonomi\/#primaryimage","url":"https:\/\/beneggiassociati.com\/wp-content\/uploads\/2025\/07\/single-post-beneggi.jpg","contentUrl":"https:\/\/beneggiassociati.com\/wp-content\/uploads\/2025\/07\/single-post-beneggi.jpg","width":1280,"height":823},{"@type":"BreadcrumbList","@id":"https:\/\/beneggiassociati.com\/en\/231-vanno-adottati-modelli-organizzativi-autonomi\/#breadcrumb","itemListElement":[{"@type":"ListItem","position":1,"name":"Home","item":"https:\/\/beneggiassociati.com\/en\/?page_id=24163"},{"@type":"ListItem","position":2,"name":"231, vanno adottati modelli organizzativi autonomi"}]},{"@type":"WebSite","@id":"https:\/\/beneggiassociati.com\/en\/#website","url":"https:\/\/beneggiassociati.com\/en\/","name":"Beneggi e associati","description":"","publisher":{"@id":"https:\/\/beneggiassociati.com\/en\/#organization"},"potentialAction":[{"@type":"SearchAction","target":{"@type":"EntryPoint","urlTemplate":"https:\/\/beneggiassociati.com\/en\/?s={search_term_string}"},"query-input":{"@type":"PropertyValueSpecification","valueRequired":true,"valueName":"search_term_string"}}],"inLanguage":"en-US"},{"@type":"Organization","@id":"https:\/\/beneggiassociati.com\/en\/#organization","name":"Beneggi e associati","url":"https:\/\/beneggiassociati.com\/en\/","logo":{"@type":"ImageObject","inLanguage":"en-US","@id":"https:\/\/beneggiassociati.com\/en\/#\/schema\/logo\/image\/","url":"https:\/\/beneggiassociati.com\/wp-content\/uploads\/2025\/07\/beneggi-logo.png","contentUrl":"https:\/\/beneggiassociati.com\/wp-content\/uploads\/2025\/07\/beneggi-logo.png","width":141,"height":87,"caption":"Beneggi e associati"},"image":{"@id":"https:\/\/beneggiassociati.com\/en\/#\/schema\/logo\/image\/"}},{"@type":"Person","@id":"https:\/\/beneggiassociati.com\/en\/#\/schema\/person\/828daacfa37b359e89e981f920072004","name":"Tiziano Beneggi","url":"https:\/\/beneggiassociati.com\/en\/author\/tizianobeneggiassociati-com\/"}]}},"_links":{"self":[{"href":"https:\/\/beneggiassociati.com\/en\/wp-json\/wp\/v2\/posts\/15962","targetHints":{"allow":["GET"]}}],"collection":[{"href":"https:\/\/beneggiassociati.com\/en\/wp-json\/wp\/v2\/posts"}],"about":[{"href":"https:\/\/beneggiassociati.com\/en\/wp-json\/wp\/v2\/types\/post"}],"author":[{"embeddable":true,"href":"https:\/\/beneggiassociati.com\/en\/wp-json\/wp\/v2\/users\/4"}],"replies":[{"embeddable":true,"href":"https:\/\/beneggiassociati.com\/en\/wp-json\/wp\/v2\/comments?post=15962"}],"version-history":[{"count":0,"href":"https:\/\/beneggiassociati.com\/en\/wp-json\/wp\/v2\/posts\/15962\/revisions"}],"wp:featuredmedia":[{"embeddable":true,"href":"https:\/\/beneggiassociati.com\/en\/wp-json\/wp\/v2\/media\/409"}],"wp:attachment":[{"href":"https:\/\/beneggiassociati.com\/en\/wp-json\/wp\/v2\/media?parent=15962"}],"wp:term":[{"taxonomy":"category","embeddable":true,"href":"https:\/\/beneggiassociati.com\/en\/wp-json\/wp\/v2\/categories?post=15962"},{"taxonomy":"post_tag","embeddable":true,"href":"https:\/\/beneggiassociati.com\/en\/wp-json\/wp\/v2\/tags?post=15962"}],"curies":[{"name":"wp","href":"https:\/\/api.w.org\/{rel}","templated":true}]}}