{"id":16021,"date":"2018-01-28T20:36:00","date_gmt":"2018-01-28T19:36:00","guid":{"rendered":"https:\/\/dev.beneggiassociati.com\/2018\/01\/28\/la-privacy-verso-i-modelli-231\/"},"modified":"2018-01-28T20:36:00","modified_gmt":"2018-01-28T19:36:00","slug":"la-privacy-verso-i-modelli-231","status":"publish","type":"post","link":"https:\/\/beneggiassociati.com\/en\/la-privacy-verso-i-modelli-231\/","title":{"rendered":"La privacy verso i modelli &quot;231&quot;"},"content":{"rendered":"<p>La realizzazione del &#8220;modello organizzativo privacy&#8221; &#8211; con cui sono alle prese in questo periodo le imprese per prepararsi al debutto delle prescrizioni del regolamento Ue 679\/2016, che entrer\u00e0 in vigore il 25 maggio 2018 &#8211; presenta molti punti di contatto e somiglianze con le disposizioni del decreto legislativo 231\/2001 in materia di responsabilit\u00e0 amministrativa delle persone giuridiche.<br \/>\nPer adeguarsi alle nuove norme, le imprese devono quindi rivedere la compliance interna finalizzata a garantire la protezione dei dati e delle informazioni personali che trattano e conservano.<br \/>\nPrecisamente \u00e8 il titolare del trattamento che ha il compito di attuare gli adempimenti previsti dalla normativa e a cui devono essere rimproverate eventuali violazioni o omissioni rispetto ai divieti e alle prescrizioni introdotte. Ed \u00e8 sempre il titolare del trattamento a dover provare di aver posto in essere le iniziative necessarie per assicurare l&#8217;adeguamento delle policy interne alla nuova disciplina.<br \/>\nLa necessit\u00e0 di provare l&#8217;avvenuto adeguamento della compliance aziendale alle nuove prescrizioni privacy ha portato le imprese a introdurre una sorta di &#8220;dossier privacy&#8221; o per alcuni altrimenti detto &#8220;modello organizzativo privacy&#8221;, che racchiuda tutti gli adempimenti necessari ad assicurare la riservatezza e il pi\u00f9 elevato grado di tutela per i dati personali trattati nelle societ\u00e0. Un modello che ricorda da vicino quello che va predisposto (e aggiornato) per rispettare il decreto legislativo 231\/2001.<br \/>\nSi parte con la revisione dell&#8217;organigramma, prestando cio\u00e8 attenzione alla presenza delle nomine esistenti e alla descrizione dei nuovi compiti assegnati al titolare, al responsabile del trattamento, agli incaricati al trattamento. A ci\u00f2 si accompagna la verifica circa l&#8217;obbligatoriet\u00e0, per i casi espressamente indicati dalla normativa, o la mera opportunit\u00e0, negli altri casi, di nominare un Data protection officer (Dpo).<br \/>\nQuanto detto sembra pienamente rispondere al criterio della segregation of duties (Sod) che gi\u00e0 governa il sistema 231, secondo cui occorre individuare le distinte responsabilit\u00e0 in capo a ciascuna funzione descrivendone nel dettaglio i compiti affidati.<br \/>\nIn questa chiave di lettura, di notevole impatto \u00e8 l&#8217;obbligo di provvedere alla valutazione dei rischi privacy (una sorta di risk assessment privacy), destinata inevitabilmente a confluire in un documento riepilogativo delle analisi effettuate. In esso sono individuati i possibili rischi associati alle distinte attivit\u00e0 svolte, passaggio che presuppone la previa disamina dei rispettivi processi aziendali nell&#8217;ambito dei quali sono trattati i dati.<br \/>\nIn questa valutazione si deve tener conto dell&#8217;identit\u00e0 dei soggetti interessati al trattamento (ad esempio, dipendenti o fornitori), delle finalit\u00e0 del trattamento nonch\u00e9 delle tipologie (ad esempio, dati sanitari, anagrafici o altri) e delle categorie di trattamento entro le quali sono compresi i dati gestiti dall&#8217;azienda.<br \/>\nSar\u00e0 necessario, inoltre, garantire un costante aggiornamento a questo documento in occasione di possibili mutamenti sia organizzativi che normativi in grado di incidere sul trattamento dei dati messi a disposizione delle imprese.<br \/>\nRiecheggiando la recente normativa sul whistleblowing (legge 179\/2017, in vigore dal 29 dicembre 2017), \u00e8 infine richiesta l&#8217;introduzione di specifiche modalit\u00e0 di presentazione delle comunicazioni circa eventuali violazioni riscontrate sui dati personali (data breach): sar\u00e0 utile predisporre moduli distinti a seconda della tipologia di violazione riscontrata, individuare un ufficio responsabile per ricevere le segnalazioni oltre che individuare le eventuali iniziative da intraprendere, a livello organizzativo e tecnico, capaci di porre rimedio alle irregolarit\u00e0 che si sono verificate.<br \/>\nInfine, allo scopo di sensibilizzare tutto il personale dipendente nonch\u00e9 le funzioni aziendali impiegate a ogni livello nell&#8217;assessment societario, \u00e8 prevista l&#8217;implementazione di un codice di condotta per garantire la corretta osservanza delle prescrizioni del regolamento Ue, da elaborare tenuto conto delle peculiarit\u00e0 settoriali e delle esigenze specifiche delle micro, piccole e medie imprese.<\/p>\n","protected":false},"excerpt":{"rendered":"<p>La realizzazione del &#8220;modello organizzativo privacy&#8221; &#8211; con cui sono alle prese in questo periodo le imprese per prepararsi al debutto delle prescrizioni del regolamento Ue 679\/2016, che entrer\u00e0 in vigore il 25 maggio 2018 &#8211; presenta molti punti di contatto e somiglianze con le disposizioni del decreto legislativo 231\/2001 in materia di responsabilit\u00e0 amministrativa [&hellip;]<\/p>\n","protected":false},"author":4,"featured_media":409,"comment_status":"open","ping_status":"open","sticky":false,"template":"","format":"standard","meta":{"_acf_changed":false,"content-type":"","footnotes":""},"categories":[16],"tags":[],"class_list":["post-16021","post","type-post","status-publish","format-standard","has-post-thumbnail","hentry","category-archivio"],"acf":[],"yoast_head":"<!-- This site is optimized with the Yoast SEO plugin v27.5 - https:\/\/yoast.com\/product\/yoast-seo-wordpress\/ -->\n<title>La privacy verso i modelli &quot;231&quot; - Beneggi &amp; Associati<\/title>\n<meta name=\"description\" content=\"La realizzazione del &quot;modello organizzativo privacy&quot; - con cui sono alle prese in questo periodo le imprese per prepararsi al debutto delle prescrizioni\" \/>\n<meta name=\"robots\" content=\"index, follow, max-snippet:-1, max-image-preview:large, max-video-preview:-1\" \/>\n<link rel=\"canonical\" href=\"https:\/\/beneggiassociati.com\/en\/la-privacy-verso-i-modelli-231\/\" \/>\n<meta property=\"og:locale\" content=\"en_US\" \/>\n<meta property=\"og:type\" content=\"article\" \/>\n<meta property=\"og:title\" content=\"La privacy verso i modelli &quot;231&quot; - Beneggi &amp; Associati\" \/>\n<meta property=\"og:description\" content=\"La realizzazione del &quot;modello organizzativo privacy&quot; - con cui sono alle prese in questo periodo le imprese per prepararsi al debutto delle prescrizioni\" \/>\n<meta property=\"og:url\" content=\"https:\/\/beneggiassociati.com\/en\/la-privacy-verso-i-modelli-231\/\" \/>\n<meta property=\"og:site_name\" content=\"Beneggi &amp; Associati\" \/>\n<meta property=\"article:published_time\" content=\"2018-01-28T19:36:00+00:00\" \/>\n<meta property=\"og:image\" content=\"https:\/\/beneggiassociati.com\/wp-content\/uploads\/2025\/07\/single-post-beneggi.jpg\" \/>\n\t<meta property=\"og:image:width\" content=\"1280\" \/>\n\t<meta property=\"og:image:height\" content=\"823\" \/>\n\t<meta property=\"og:image:type\" content=\"image\/jpeg\" \/>\n<meta name=\"author\" content=\"Tiziano Beneggi\" \/>\n<meta name=\"twitter:card\" content=\"summary_large_image\" \/>\n<meta name=\"twitter:label1\" content=\"Written by\" \/>\n\t<meta name=\"twitter:data1\" content=\"Tiziano Beneggi\" \/>\n\t<meta name=\"twitter:label2\" content=\"Est. reading time\" \/>\n\t<meta name=\"twitter:data2\" content=\"3 minutes\" \/>\n<script type=\"application\/ld+json\" class=\"yoast-schema-graph\">{\"@context\":\"https:\\\/\\\/schema.org\",\"@graph\":[{\"@type\":\"Article\",\"@id\":\"https:\\\/\\\/beneggiassociati.com\\\/en\\\/la-privacy-verso-i-modelli-231\\\/#article\",\"isPartOf\":{\"@id\":\"https:\\\/\\\/beneggiassociati.com\\\/en\\\/la-privacy-verso-i-modelli-231\\\/\"},\"author\":{\"name\":\"Tiziano Beneggi\",\"@id\":\"https:\\\/\\\/beneggiassociati.com\\\/en\\\/#\\\/schema\\\/person\\\/828daacfa37b359e89e981f920072004\"},\"headline\":\"La privacy verso i modelli &quot;231&quot;\",\"datePublished\":\"2018-01-28T19:36:00+00:00\",\"mainEntityOfPage\":{\"@id\":\"https:\\\/\\\/beneggiassociati.com\\\/en\\\/la-privacy-verso-i-modelli-231\\\/\"},\"wordCount\":593,\"commentCount\":0,\"publisher\":{\"@id\":\"https:\\\/\\\/beneggiassociati.com\\\/en\\\/#organization\"},\"image\":{\"@id\":\"https:\\\/\\\/beneggiassociati.com\\\/en\\\/la-privacy-verso-i-modelli-231\\\/#primaryimage\"},\"thumbnailUrl\":\"https:\\\/\\\/beneggiassociati.com\\\/wp-content\\\/uploads\\\/2025\\\/07\\\/single-post-beneggi.jpg\",\"articleSection\":[\"ARCHIVIO\"],\"inLanguage\":\"en-US\"},{\"@type\":\"WebPage\",\"@id\":\"https:\\\/\\\/beneggiassociati.com\\\/en\\\/la-privacy-verso-i-modelli-231\\\/\",\"url\":\"https:\\\/\\\/beneggiassociati.com\\\/en\\\/la-privacy-verso-i-modelli-231\\\/\",\"name\":\"La privacy verso i modelli &quot;231&quot; - Beneggi &amp; Associati\",\"isPartOf\":{\"@id\":\"https:\\\/\\\/beneggiassociati.com\\\/en\\\/#website\"},\"primaryImageOfPage\":{\"@id\":\"https:\\\/\\\/beneggiassociati.com\\\/en\\\/la-privacy-verso-i-modelli-231\\\/#primaryimage\"},\"image\":{\"@id\":\"https:\\\/\\\/beneggiassociati.com\\\/en\\\/la-privacy-verso-i-modelli-231\\\/#primaryimage\"},\"thumbnailUrl\":\"https:\\\/\\\/beneggiassociati.com\\\/wp-content\\\/uploads\\\/2025\\\/07\\\/single-post-beneggi.jpg\",\"datePublished\":\"2018-01-28T19:36:00+00:00\",\"description\":\"La realizzazione del \\\"modello organizzativo privacy\\\" - con cui sono alle prese in questo periodo le imprese per prepararsi al debutto delle prescrizioni\",\"breadcrumb\":{\"@id\":\"https:\\\/\\\/beneggiassociati.com\\\/en\\\/la-privacy-verso-i-modelli-231\\\/#breadcrumb\"},\"inLanguage\":\"en-US\",\"potentialAction\":[{\"@type\":\"ReadAction\",\"target\":[\"https:\\\/\\\/beneggiassociati.com\\\/en\\\/la-privacy-verso-i-modelli-231\\\/\"]}]},{\"@type\":\"ImageObject\",\"inLanguage\":\"en-US\",\"@id\":\"https:\\\/\\\/beneggiassociati.com\\\/en\\\/la-privacy-verso-i-modelli-231\\\/#primaryimage\",\"url\":\"https:\\\/\\\/beneggiassociati.com\\\/wp-content\\\/uploads\\\/2025\\\/07\\\/single-post-beneggi.jpg\",\"contentUrl\":\"https:\\\/\\\/beneggiassociati.com\\\/wp-content\\\/uploads\\\/2025\\\/07\\\/single-post-beneggi.jpg\",\"width\":1280,\"height\":823},{\"@type\":\"BreadcrumbList\",\"@id\":\"https:\\\/\\\/beneggiassociati.com\\\/en\\\/la-privacy-verso-i-modelli-231\\\/#breadcrumb\",\"itemListElement\":[{\"@type\":\"ListItem\",\"position\":1,\"name\":\"Home\",\"item\":\"https:\\\/\\\/beneggiassociati.com\\\/en\\\/?page_id=24163\"},{\"@type\":\"ListItem\",\"position\":2,\"name\":\"La privacy verso i modelli &quot;231&quot;\"}]},{\"@type\":\"WebSite\",\"@id\":\"https:\\\/\\\/beneggiassociati.com\\\/en\\\/#website\",\"url\":\"https:\\\/\\\/beneggiassociati.com\\\/en\\\/\",\"name\":\"Beneggi e associati\",\"description\":\"\",\"publisher\":{\"@id\":\"https:\\\/\\\/beneggiassociati.com\\\/en\\\/#organization\"},\"potentialAction\":[{\"@type\":\"SearchAction\",\"target\":{\"@type\":\"EntryPoint\",\"urlTemplate\":\"https:\\\/\\\/beneggiassociati.com\\\/en\\\/?s={search_term_string}\"},\"query-input\":{\"@type\":\"PropertyValueSpecification\",\"valueRequired\":true,\"valueName\":\"search_term_string\"}}],\"inLanguage\":\"en-US\"},{\"@type\":\"Organization\",\"@id\":\"https:\\\/\\\/beneggiassociati.com\\\/en\\\/#organization\",\"name\":\"Beneggi e associati\",\"url\":\"https:\\\/\\\/beneggiassociati.com\\\/en\\\/\",\"logo\":{\"@type\":\"ImageObject\",\"inLanguage\":\"en-US\",\"@id\":\"https:\\\/\\\/beneggiassociati.com\\\/en\\\/#\\\/schema\\\/logo\\\/image\\\/\",\"url\":\"https:\\\/\\\/beneggiassociati.com\\\/wp-content\\\/uploads\\\/2025\\\/07\\\/beneggi-logo.png\",\"contentUrl\":\"https:\\\/\\\/beneggiassociati.com\\\/wp-content\\\/uploads\\\/2025\\\/07\\\/beneggi-logo.png\",\"width\":141,\"height\":87,\"caption\":\"Beneggi e associati\"},\"image\":{\"@id\":\"https:\\\/\\\/beneggiassociati.com\\\/en\\\/#\\\/schema\\\/logo\\\/image\\\/\"}},{\"@type\":\"Person\",\"@id\":\"https:\\\/\\\/beneggiassociati.com\\\/en\\\/#\\\/schema\\\/person\\\/828daacfa37b359e89e981f920072004\",\"name\":\"Tiziano Beneggi\",\"url\":\"https:\\\/\\\/beneggiassociati.com\\\/en\\\/author\\\/tizianobeneggiassociati-com\\\/\"}]}<\/script>\n<!-- \/ Yoast SEO plugin. -->","yoast_head_json":{"title":"La privacy verso i modelli &quot;231&quot; - Beneggi &amp; Associati","description":"La realizzazione del \"modello organizzativo privacy\" - con cui sono alle prese in questo periodo le imprese per prepararsi al debutto delle prescrizioni","robots":{"index":"index","follow":"follow","max-snippet":"max-snippet:-1","max-image-preview":"max-image-preview:large","max-video-preview":"max-video-preview:-1"},"canonical":"https:\/\/beneggiassociati.com\/en\/la-privacy-verso-i-modelli-231\/","og_locale":"en_US","og_type":"article","og_title":"La privacy verso i modelli &quot;231&quot; - Beneggi &amp; Associati","og_description":"La realizzazione del \"modello organizzativo privacy\" - con cui sono alle prese in questo periodo le imprese per prepararsi al debutto delle prescrizioni","og_url":"https:\/\/beneggiassociati.com\/en\/la-privacy-verso-i-modelli-231\/","og_site_name":"Beneggi &amp; Associati","article_published_time":"2018-01-28T19:36:00+00:00","og_image":[{"width":1280,"height":823,"url":"https:\/\/beneggiassociati.com\/wp-content\/uploads\/2025\/07\/single-post-beneggi.jpg","type":"image\/jpeg"}],"author":"Tiziano Beneggi","twitter_card":"summary_large_image","twitter_misc":{"Written by":"Tiziano Beneggi","Est. reading time":"3 minutes"},"schema":{"@context":"https:\/\/schema.org","@graph":[{"@type":"Article","@id":"https:\/\/beneggiassociati.com\/en\/la-privacy-verso-i-modelli-231\/#article","isPartOf":{"@id":"https:\/\/beneggiassociati.com\/en\/la-privacy-verso-i-modelli-231\/"},"author":{"name":"Tiziano Beneggi","@id":"https:\/\/beneggiassociati.com\/en\/#\/schema\/person\/828daacfa37b359e89e981f920072004"},"headline":"La privacy verso i modelli &quot;231&quot;","datePublished":"2018-01-28T19:36:00+00:00","mainEntityOfPage":{"@id":"https:\/\/beneggiassociati.com\/en\/la-privacy-verso-i-modelli-231\/"},"wordCount":593,"commentCount":0,"publisher":{"@id":"https:\/\/beneggiassociati.com\/en\/#organization"},"image":{"@id":"https:\/\/beneggiassociati.com\/en\/la-privacy-verso-i-modelli-231\/#primaryimage"},"thumbnailUrl":"https:\/\/beneggiassociati.com\/wp-content\/uploads\/2025\/07\/single-post-beneggi.jpg","articleSection":["ARCHIVIO"],"inLanguage":"en-US"},{"@type":"WebPage","@id":"https:\/\/beneggiassociati.com\/en\/la-privacy-verso-i-modelli-231\/","url":"https:\/\/beneggiassociati.com\/en\/la-privacy-verso-i-modelli-231\/","name":"La privacy verso i modelli &quot;231&quot; - Beneggi &amp; Associati","isPartOf":{"@id":"https:\/\/beneggiassociati.com\/en\/#website"},"primaryImageOfPage":{"@id":"https:\/\/beneggiassociati.com\/en\/la-privacy-verso-i-modelli-231\/#primaryimage"},"image":{"@id":"https:\/\/beneggiassociati.com\/en\/la-privacy-verso-i-modelli-231\/#primaryimage"},"thumbnailUrl":"https:\/\/beneggiassociati.com\/wp-content\/uploads\/2025\/07\/single-post-beneggi.jpg","datePublished":"2018-01-28T19:36:00+00:00","description":"La realizzazione del \"modello organizzativo privacy\" - con cui sono alle prese in questo periodo le imprese per prepararsi al debutto delle prescrizioni","breadcrumb":{"@id":"https:\/\/beneggiassociati.com\/en\/la-privacy-verso-i-modelli-231\/#breadcrumb"},"inLanguage":"en-US","potentialAction":[{"@type":"ReadAction","target":["https:\/\/beneggiassociati.com\/en\/la-privacy-verso-i-modelli-231\/"]}]},{"@type":"ImageObject","inLanguage":"en-US","@id":"https:\/\/beneggiassociati.com\/en\/la-privacy-verso-i-modelli-231\/#primaryimage","url":"https:\/\/beneggiassociati.com\/wp-content\/uploads\/2025\/07\/single-post-beneggi.jpg","contentUrl":"https:\/\/beneggiassociati.com\/wp-content\/uploads\/2025\/07\/single-post-beneggi.jpg","width":1280,"height":823},{"@type":"BreadcrumbList","@id":"https:\/\/beneggiassociati.com\/en\/la-privacy-verso-i-modelli-231\/#breadcrumb","itemListElement":[{"@type":"ListItem","position":1,"name":"Home","item":"https:\/\/beneggiassociati.com\/en\/?page_id=24163"},{"@type":"ListItem","position":2,"name":"La privacy verso i modelli &quot;231&quot;"}]},{"@type":"WebSite","@id":"https:\/\/beneggiassociati.com\/en\/#website","url":"https:\/\/beneggiassociati.com\/en\/","name":"Beneggi e associati","description":"","publisher":{"@id":"https:\/\/beneggiassociati.com\/en\/#organization"},"potentialAction":[{"@type":"SearchAction","target":{"@type":"EntryPoint","urlTemplate":"https:\/\/beneggiassociati.com\/en\/?s={search_term_string}"},"query-input":{"@type":"PropertyValueSpecification","valueRequired":true,"valueName":"search_term_string"}}],"inLanguage":"en-US"},{"@type":"Organization","@id":"https:\/\/beneggiassociati.com\/en\/#organization","name":"Beneggi e associati","url":"https:\/\/beneggiassociati.com\/en\/","logo":{"@type":"ImageObject","inLanguage":"en-US","@id":"https:\/\/beneggiassociati.com\/en\/#\/schema\/logo\/image\/","url":"https:\/\/beneggiassociati.com\/wp-content\/uploads\/2025\/07\/beneggi-logo.png","contentUrl":"https:\/\/beneggiassociati.com\/wp-content\/uploads\/2025\/07\/beneggi-logo.png","width":141,"height":87,"caption":"Beneggi e associati"},"image":{"@id":"https:\/\/beneggiassociati.com\/en\/#\/schema\/logo\/image\/"}},{"@type":"Person","@id":"https:\/\/beneggiassociati.com\/en\/#\/schema\/person\/828daacfa37b359e89e981f920072004","name":"Tiziano Beneggi","url":"https:\/\/beneggiassociati.com\/en\/author\/tizianobeneggiassociati-com\/"}]}},"_links":{"self":[{"href":"https:\/\/beneggiassociati.com\/en\/wp-json\/wp\/v2\/posts\/16021","targetHints":{"allow":["GET"]}}],"collection":[{"href":"https:\/\/beneggiassociati.com\/en\/wp-json\/wp\/v2\/posts"}],"about":[{"href":"https:\/\/beneggiassociati.com\/en\/wp-json\/wp\/v2\/types\/post"}],"author":[{"embeddable":true,"href":"https:\/\/beneggiassociati.com\/en\/wp-json\/wp\/v2\/users\/4"}],"replies":[{"embeddable":true,"href":"https:\/\/beneggiassociati.com\/en\/wp-json\/wp\/v2\/comments?post=16021"}],"version-history":[{"count":0,"href":"https:\/\/beneggiassociati.com\/en\/wp-json\/wp\/v2\/posts\/16021\/revisions"}],"wp:featuredmedia":[{"embeddable":true,"href":"https:\/\/beneggiassociati.com\/en\/wp-json\/wp\/v2\/media\/409"}],"wp:attachment":[{"href":"https:\/\/beneggiassociati.com\/en\/wp-json\/wp\/v2\/media?parent=16021"}],"wp:term":[{"taxonomy":"category","embeddable":true,"href":"https:\/\/beneggiassociati.com\/en\/wp-json\/wp\/v2\/categories?post=16021"},{"taxonomy":"post_tag","embeddable":true,"href":"https:\/\/beneggiassociati.com\/en\/wp-json\/wp\/v2\/tags?post=16021"}],"curies":[{"name":"wp","href":"https:\/\/api.w.org\/{rel}","templated":true}]}}