{"id":16142,"date":"2018-08-13T09:15:00","date_gmt":"2018-08-13T07:15:00","guid":{"rendered":"https:\/\/dev.beneggiassociati.com\/2018\/08\/13\/iva-di-gruppo-compensazioni-senza-lattestazione-dei-requisiti\/"},"modified":"2018-08-13T09:15:00","modified_gmt":"2018-08-13T07:15:00","slug":"iva-di-gruppo-compensazioni-senza-lattestazione-dei-requisiti","status":"publish","type":"post","link":"https:\/\/beneggiassociati.com\/en\/iva-di-gruppo-compensazioni-senza-lattestazione-dei-requisiti\/","title":{"rendered":"Iva di gruppo, compensazioni senza l\u2019attestazione dei requisiti"},"content":{"rendered":"<p>L\u2019articolo 73 del Dpr 633\/1972 prevede che in ambito di gruppo, per le compensazioni delle eccedenze con i debiti Iva delle societ\u00e0 aderenti, si applichino le stesse regole dei rimborsi: c\u2019\u00e8 quindi la necessit\u00e0 di una garanzia contestuale alla presentazione della dichiarazione annuale. Tuttavia, le imprese che hanno specifici requisiti patrimoniali (virtuose) sono esonerate ed \u00e8 sufficiente un\u2019autocertificazione del possesso di tali requisiti.<br \/>\nNegli anni passati (oggetto delle attuali sanzioni delle Entrate) non era chiaro se l\u2019autocertificazione dovesse essere trasmessa all\u2019Agenzia (e in che termini) o soltanto predisposta e consegnata a richiesta. E, infatti, poich\u00e9 la norma di riferimento era relativa ai rimborsi di imposta, la sua trasmissione era prevista solo in caso di \u00abinvio della richiesta di rimborso\u00bb cartacea, ma nulla era previsto per l\u2019ipotesi (come nei casi in contestazione) di compensazione nell\u2019ambito del gruppo.<br \/>\nIn tutte le ipotesi in cui l\u2019autocertificazione del possesso dei requisiti patrimoniali non \u00e8 stata presentata contestualmente al modello VR Iva, ma in seguito a specifica richiesta degli uffici, l\u2019agenzia delle Entrate ha irrogato la penalit\u00e0 per l\u2019omesso versamento, pari al 30 per cento.<br \/>\nL\u2019interpretazione degli Uffici \u00e8 fondata nell\u2019equiparazione della garanzia per il rimborso con l\u2019autocertificazione dei requisiti patrimoniali delle imprese \u201cvirtuose\u201d. Poich\u00e9 la mancata o invalida o insufficiente prestazione della garanzia \u00e8 paragonata dal legislatore a un irregolare versamento dell\u2019imposta, \u00e8 applicata la sanzione del 30%, ossia quella prevista per gli omessi versamenti. Tuttavia, tale interpretazione trova un primo limite nella lettura testuale della norma secondo la quale l\u2019alternativa alla garanzia rilasciata da un istituto di credito \u00e8 costituita dai requisiti patrimoniali e non dall\u2019autocertificazione. In altre parole, \u00e8 il patrimonio della societ\u00e0 che garantisce l\u2019Erario al pari di una garanzia rilasciata da terzi. Tanto \u00e8 che se una societ\u00e0 autocertificasse il falso dichiarando di possedere i requisiti, \u00e8 inverosimile che la semplice produzione tempestiva dell\u2019autocertificazione possa sostituire la garanzia fideiussoria. E, in caso di inadempimento, l\u2019Erario potr\u00e0 rivalersi sul patrimonio della societ\u00e0 e non sull\u2019autocertificazione.<br \/>\nIn secondo luogo, la formalit\u00e0 di tale adempimento \u00e8 dimostrata da almeno due elementi:<br \/>\n\u2022\tl\u2019obbligo di presentazione \u00e8 stato introdotto solo con una circolare;<br \/>\n\u2022\tl\u2019autocertificazione \u00e8 un fac-simile gi\u00e0 preimpostato nel quale la contribuente interessata deve limitarsi a barrare delle caselle.<br \/>\n&nbsp;<br \/>\n<span style=\"color: #000000;\"><strong><a style=\"color: #000000;\" href=\"mailto:info@beneggiassociati.com\" target=\"_blank\" rel=\"noopener noreferrer\">Sei interessato all\u2019articolo? Scrivici e verrai contattato da un nostro Consultant<\/a><\/strong><\/span><br \/>\n<span style=\"color: #000000;\"><strong><a style=\"color: #000000;\" href=\"https:\/\/beneggiassociati.com\" target=\"_blank\" rel=\"noopener noreferrer\">@ Beneggi e Associati | Commercialisti al servizio delle imprese | Meda | Milano<\/a><\/strong><\/span><br \/>\n\u2003<\/p>\n","protected":false},"excerpt":{"rendered":"<p>L\u2019articolo 73 del Dpr 633\/1972 prevede che in ambito di gruppo, per le compensazioni delle eccedenze con i debiti Iva delle societ\u00e0 aderenti, si applichino le stesse regole dei rimborsi: c\u2019\u00e8 quindi la necessit\u00e0 di una garanzia contestuale alla presentazione della dichiarazione annuale. Tuttavia, le imprese che hanno specifici requisiti patrimoniali (virtuose) sono esonerate ed [&hellip;]<\/p>\n","protected":false},"author":4,"featured_media":409,"comment_status":"open","ping_status":"open","sticky":false,"template":"","format":"standard","meta":{"_acf_changed":false,"content-type":"","footnotes":""},"categories":[16],"tags":[],"class_list":["post-16142","post","type-post","status-publish","format-standard","has-post-thumbnail","hentry","category-archivio"],"acf":[],"yoast_head":"<!-- This site is optimized with the Yoast SEO plugin v27.5 - https:\/\/yoast.com\/product\/yoast-seo-wordpress\/ -->\n<title>Iva di gruppo, compensazioni senza l\u2019attestazione dei requisiti - Beneggi &amp; Associati<\/title>\n<meta name=\"description\" content=\"L\u2019articolo 73 del Dpr 633\/1972 prevede che in ambito di gruppo, per le compensazioni delle eccedenze con i debiti Iva delle societ\u00e0 aderenti, si\" \/>\n<meta name=\"robots\" content=\"index, follow, max-snippet:-1, max-image-preview:large, max-video-preview:-1\" \/>\n<link rel=\"canonical\" href=\"https:\/\/beneggiassociati.com\/en\/iva-di-gruppo-compensazioni-senza-lattestazione-dei-requisiti\/\" \/>\n<meta property=\"og:locale\" content=\"en_US\" \/>\n<meta property=\"og:type\" content=\"article\" \/>\n<meta property=\"og:title\" content=\"Iva di gruppo, compensazioni senza l\u2019attestazione dei requisiti - Beneggi &amp; Associati\" \/>\n<meta property=\"og:description\" content=\"L\u2019articolo 73 del Dpr 633\/1972 prevede che in ambito di gruppo, per le compensazioni delle eccedenze con i debiti Iva delle societ\u00e0 aderenti, si\" \/>\n<meta property=\"og:url\" content=\"https:\/\/beneggiassociati.com\/en\/iva-di-gruppo-compensazioni-senza-lattestazione-dei-requisiti\/\" \/>\n<meta property=\"og:site_name\" content=\"Beneggi &amp; Associati\" \/>\n<meta property=\"article:published_time\" content=\"2018-08-13T07:15:00+00:00\" \/>\n<meta property=\"og:image\" content=\"https:\/\/beneggiassociati.com\/wp-content\/uploads\/2025\/07\/single-post-beneggi.jpg\" \/>\n\t<meta property=\"og:image:width\" content=\"1280\" \/>\n\t<meta property=\"og:image:height\" content=\"823\" \/>\n\t<meta property=\"og:image:type\" content=\"image\/jpeg\" \/>\n<meta name=\"author\" content=\"Tiziano Beneggi\" \/>\n<meta name=\"twitter:card\" content=\"summary_large_image\" \/>\n<meta name=\"twitter:label1\" content=\"Written by\" \/>\n\t<meta name=\"twitter:data1\" content=\"Tiziano Beneggi\" \/>\n\t<meta name=\"twitter:label2\" content=\"Est. reading time\" \/>\n\t<meta name=\"twitter:data2\" content=\"2 minutes\" \/>\n<script type=\"application\/ld+json\" class=\"yoast-schema-graph\">{\"@context\":\"https:\\\/\\\/schema.org\",\"@graph\":[{\"@type\":\"Article\",\"@id\":\"https:\\\/\\\/beneggiassociati.com\\\/en\\\/iva-di-gruppo-compensazioni-senza-lattestazione-dei-requisiti\\\/#article\",\"isPartOf\":{\"@id\":\"https:\\\/\\\/beneggiassociati.com\\\/en\\\/iva-di-gruppo-compensazioni-senza-lattestazione-dei-requisiti\\\/\"},\"author\":{\"name\":\"Tiziano Beneggi\",\"@id\":\"https:\\\/\\\/beneggiassociati.com\\\/en\\\/#\\\/schema\\\/person\\\/828daacfa37b359e89e981f920072004\"},\"headline\":\"Iva di gruppo, compensazioni senza l\u2019attestazione dei requisiti\",\"datePublished\":\"2018-08-13T07:15:00+00:00\",\"mainEntityOfPage\":{\"@id\":\"https:\\\/\\\/beneggiassociati.com\\\/en\\\/iva-di-gruppo-compensazioni-senza-lattestazione-dei-requisiti\\\/\"},\"wordCount\":402,\"commentCount\":0,\"publisher\":{\"@id\":\"https:\\\/\\\/beneggiassociati.com\\\/en\\\/#organization\"},\"image\":{\"@id\":\"https:\\\/\\\/beneggiassociati.com\\\/en\\\/iva-di-gruppo-compensazioni-senza-lattestazione-dei-requisiti\\\/#primaryimage\"},\"thumbnailUrl\":\"https:\\\/\\\/beneggiassociati.com\\\/wp-content\\\/uploads\\\/2025\\\/07\\\/single-post-beneggi.jpg\",\"articleSection\":[\"ARCHIVIO\"],\"inLanguage\":\"en-US\"},{\"@type\":\"WebPage\",\"@id\":\"https:\\\/\\\/beneggiassociati.com\\\/en\\\/iva-di-gruppo-compensazioni-senza-lattestazione-dei-requisiti\\\/\",\"url\":\"https:\\\/\\\/beneggiassociati.com\\\/en\\\/iva-di-gruppo-compensazioni-senza-lattestazione-dei-requisiti\\\/\",\"name\":\"Iva di gruppo, compensazioni senza l\u2019attestazione dei requisiti - Beneggi &amp; Associati\",\"isPartOf\":{\"@id\":\"https:\\\/\\\/beneggiassociati.com\\\/en\\\/#website\"},\"primaryImageOfPage\":{\"@id\":\"https:\\\/\\\/beneggiassociati.com\\\/en\\\/iva-di-gruppo-compensazioni-senza-lattestazione-dei-requisiti\\\/#primaryimage\"},\"image\":{\"@id\":\"https:\\\/\\\/beneggiassociati.com\\\/en\\\/iva-di-gruppo-compensazioni-senza-lattestazione-dei-requisiti\\\/#primaryimage\"},\"thumbnailUrl\":\"https:\\\/\\\/beneggiassociati.com\\\/wp-content\\\/uploads\\\/2025\\\/07\\\/single-post-beneggi.jpg\",\"datePublished\":\"2018-08-13T07:15:00+00:00\",\"description\":\"L\u2019articolo 73 del Dpr 633\\\/1972 prevede che in ambito di gruppo, per le compensazioni delle eccedenze con i debiti Iva delle societ\u00e0 aderenti, si\",\"breadcrumb\":{\"@id\":\"https:\\\/\\\/beneggiassociati.com\\\/en\\\/iva-di-gruppo-compensazioni-senza-lattestazione-dei-requisiti\\\/#breadcrumb\"},\"inLanguage\":\"en-US\",\"potentialAction\":[{\"@type\":\"ReadAction\",\"target\":[\"https:\\\/\\\/beneggiassociati.com\\\/en\\\/iva-di-gruppo-compensazioni-senza-lattestazione-dei-requisiti\\\/\"]}]},{\"@type\":\"ImageObject\",\"inLanguage\":\"en-US\",\"@id\":\"https:\\\/\\\/beneggiassociati.com\\\/en\\\/iva-di-gruppo-compensazioni-senza-lattestazione-dei-requisiti\\\/#primaryimage\",\"url\":\"https:\\\/\\\/beneggiassociati.com\\\/wp-content\\\/uploads\\\/2025\\\/07\\\/single-post-beneggi.jpg\",\"contentUrl\":\"https:\\\/\\\/beneggiassociati.com\\\/wp-content\\\/uploads\\\/2025\\\/07\\\/single-post-beneggi.jpg\",\"width\":1280,\"height\":823},{\"@type\":\"BreadcrumbList\",\"@id\":\"https:\\\/\\\/beneggiassociati.com\\\/en\\\/iva-di-gruppo-compensazioni-senza-lattestazione-dei-requisiti\\\/#breadcrumb\",\"itemListElement\":[{\"@type\":\"ListItem\",\"position\":1,\"name\":\"Home\",\"item\":\"https:\\\/\\\/beneggiassociati.com\\\/en\\\/?page_id=24163\"},{\"@type\":\"ListItem\",\"position\":2,\"name\":\"Iva di gruppo, compensazioni senza l\u2019attestazione dei requisiti\"}]},{\"@type\":\"WebSite\",\"@id\":\"https:\\\/\\\/beneggiassociati.com\\\/en\\\/#website\",\"url\":\"https:\\\/\\\/beneggiassociati.com\\\/en\\\/\",\"name\":\"Beneggi e associati\",\"description\":\"\",\"publisher\":{\"@id\":\"https:\\\/\\\/beneggiassociati.com\\\/en\\\/#organization\"},\"potentialAction\":[{\"@type\":\"SearchAction\",\"target\":{\"@type\":\"EntryPoint\",\"urlTemplate\":\"https:\\\/\\\/beneggiassociati.com\\\/en\\\/?s={search_term_string}\"},\"query-input\":{\"@type\":\"PropertyValueSpecification\",\"valueRequired\":true,\"valueName\":\"search_term_string\"}}],\"inLanguage\":\"en-US\"},{\"@type\":\"Organization\",\"@id\":\"https:\\\/\\\/beneggiassociati.com\\\/en\\\/#organization\",\"name\":\"Beneggi e associati\",\"url\":\"https:\\\/\\\/beneggiassociati.com\\\/en\\\/\",\"logo\":{\"@type\":\"ImageObject\",\"inLanguage\":\"en-US\",\"@id\":\"https:\\\/\\\/beneggiassociati.com\\\/en\\\/#\\\/schema\\\/logo\\\/image\\\/\",\"url\":\"https:\\\/\\\/beneggiassociati.com\\\/wp-content\\\/uploads\\\/2025\\\/07\\\/beneggi-logo.png\",\"contentUrl\":\"https:\\\/\\\/beneggiassociati.com\\\/wp-content\\\/uploads\\\/2025\\\/07\\\/beneggi-logo.png\",\"width\":141,\"height\":87,\"caption\":\"Beneggi e associati\"},\"image\":{\"@id\":\"https:\\\/\\\/beneggiassociati.com\\\/en\\\/#\\\/schema\\\/logo\\\/image\\\/\"}},{\"@type\":\"Person\",\"@id\":\"https:\\\/\\\/beneggiassociati.com\\\/en\\\/#\\\/schema\\\/person\\\/828daacfa37b359e89e981f920072004\",\"name\":\"Tiziano Beneggi\",\"url\":\"https:\\\/\\\/beneggiassociati.com\\\/en\\\/author\\\/tizianobeneggiassociati-com\\\/\"}]}<\/script>\n<!-- \/ Yoast SEO plugin. -->","yoast_head_json":{"title":"Iva di gruppo, compensazioni senza l\u2019attestazione dei requisiti - Beneggi &amp; Associati","description":"L\u2019articolo 73 del Dpr 633\/1972 prevede che in ambito di gruppo, per le compensazioni delle eccedenze con i debiti Iva delle societ\u00e0 aderenti, si","robots":{"index":"index","follow":"follow","max-snippet":"max-snippet:-1","max-image-preview":"max-image-preview:large","max-video-preview":"max-video-preview:-1"},"canonical":"https:\/\/beneggiassociati.com\/en\/iva-di-gruppo-compensazioni-senza-lattestazione-dei-requisiti\/","og_locale":"en_US","og_type":"article","og_title":"Iva di gruppo, compensazioni senza l\u2019attestazione dei requisiti - Beneggi &amp; Associati","og_description":"L\u2019articolo 73 del Dpr 633\/1972 prevede che in ambito di gruppo, per le compensazioni delle eccedenze con i debiti Iva delle societ\u00e0 aderenti, si","og_url":"https:\/\/beneggiassociati.com\/en\/iva-di-gruppo-compensazioni-senza-lattestazione-dei-requisiti\/","og_site_name":"Beneggi &amp; Associati","article_published_time":"2018-08-13T07:15:00+00:00","og_image":[{"width":1280,"height":823,"url":"https:\/\/beneggiassociati.com\/wp-content\/uploads\/2025\/07\/single-post-beneggi.jpg","type":"image\/jpeg"}],"author":"Tiziano Beneggi","twitter_card":"summary_large_image","twitter_misc":{"Written by":"Tiziano Beneggi","Est. reading time":"2 minutes"},"schema":{"@context":"https:\/\/schema.org","@graph":[{"@type":"Article","@id":"https:\/\/beneggiassociati.com\/en\/iva-di-gruppo-compensazioni-senza-lattestazione-dei-requisiti\/#article","isPartOf":{"@id":"https:\/\/beneggiassociati.com\/en\/iva-di-gruppo-compensazioni-senza-lattestazione-dei-requisiti\/"},"author":{"name":"Tiziano Beneggi","@id":"https:\/\/beneggiassociati.com\/en\/#\/schema\/person\/828daacfa37b359e89e981f920072004"},"headline":"Iva di gruppo, compensazioni senza l\u2019attestazione dei requisiti","datePublished":"2018-08-13T07:15:00+00:00","mainEntityOfPage":{"@id":"https:\/\/beneggiassociati.com\/en\/iva-di-gruppo-compensazioni-senza-lattestazione-dei-requisiti\/"},"wordCount":402,"commentCount":0,"publisher":{"@id":"https:\/\/beneggiassociati.com\/en\/#organization"},"image":{"@id":"https:\/\/beneggiassociati.com\/en\/iva-di-gruppo-compensazioni-senza-lattestazione-dei-requisiti\/#primaryimage"},"thumbnailUrl":"https:\/\/beneggiassociati.com\/wp-content\/uploads\/2025\/07\/single-post-beneggi.jpg","articleSection":["ARCHIVIO"],"inLanguage":"en-US"},{"@type":"WebPage","@id":"https:\/\/beneggiassociati.com\/en\/iva-di-gruppo-compensazioni-senza-lattestazione-dei-requisiti\/","url":"https:\/\/beneggiassociati.com\/en\/iva-di-gruppo-compensazioni-senza-lattestazione-dei-requisiti\/","name":"Iva di gruppo, compensazioni senza l\u2019attestazione dei requisiti - Beneggi &amp; Associati","isPartOf":{"@id":"https:\/\/beneggiassociati.com\/en\/#website"},"primaryImageOfPage":{"@id":"https:\/\/beneggiassociati.com\/en\/iva-di-gruppo-compensazioni-senza-lattestazione-dei-requisiti\/#primaryimage"},"image":{"@id":"https:\/\/beneggiassociati.com\/en\/iva-di-gruppo-compensazioni-senza-lattestazione-dei-requisiti\/#primaryimage"},"thumbnailUrl":"https:\/\/beneggiassociati.com\/wp-content\/uploads\/2025\/07\/single-post-beneggi.jpg","datePublished":"2018-08-13T07:15:00+00:00","description":"L\u2019articolo 73 del Dpr 633\/1972 prevede che in ambito di gruppo, per le compensazioni delle eccedenze con i debiti Iva delle societ\u00e0 aderenti, si","breadcrumb":{"@id":"https:\/\/beneggiassociati.com\/en\/iva-di-gruppo-compensazioni-senza-lattestazione-dei-requisiti\/#breadcrumb"},"inLanguage":"en-US","potentialAction":[{"@type":"ReadAction","target":["https:\/\/beneggiassociati.com\/en\/iva-di-gruppo-compensazioni-senza-lattestazione-dei-requisiti\/"]}]},{"@type":"ImageObject","inLanguage":"en-US","@id":"https:\/\/beneggiassociati.com\/en\/iva-di-gruppo-compensazioni-senza-lattestazione-dei-requisiti\/#primaryimage","url":"https:\/\/beneggiassociati.com\/wp-content\/uploads\/2025\/07\/single-post-beneggi.jpg","contentUrl":"https:\/\/beneggiassociati.com\/wp-content\/uploads\/2025\/07\/single-post-beneggi.jpg","width":1280,"height":823},{"@type":"BreadcrumbList","@id":"https:\/\/beneggiassociati.com\/en\/iva-di-gruppo-compensazioni-senza-lattestazione-dei-requisiti\/#breadcrumb","itemListElement":[{"@type":"ListItem","position":1,"name":"Home","item":"https:\/\/beneggiassociati.com\/en\/?page_id=24163"},{"@type":"ListItem","position":2,"name":"Iva di gruppo, compensazioni senza l\u2019attestazione dei requisiti"}]},{"@type":"WebSite","@id":"https:\/\/beneggiassociati.com\/en\/#website","url":"https:\/\/beneggiassociati.com\/en\/","name":"Beneggi e associati","description":"","publisher":{"@id":"https:\/\/beneggiassociati.com\/en\/#organization"},"potentialAction":[{"@type":"SearchAction","target":{"@type":"EntryPoint","urlTemplate":"https:\/\/beneggiassociati.com\/en\/?s={search_term_string}"},"query-input":{"@type":"PropertyValueSpecification","valueRequired":true,"valueName":"search_term_string"}}],"inLanguage":"en-US"},{"@type":"Organization","@id":"https:\/\/beneggiassociati.com\/en\/#organization","name":"Beneggi e associati","url":"https:\/\/beneggiassociati.com\/en\/","logo":{"@type":"ImageObject","inLanguage":"en-US","@id":"https:\/\/beneggiassociati.com\/en\/#\/schema\/logo\/image\/","url":"https:\/\/beneggiassociati.com\/wp-content\/uploads\/2025\/07\/beneggi-logo.png","contentUrl":"https:\/\/beneggiassociati.com\/wp-content\/uploads\/2025\/07\/beneggi-logo.png","width":141,"height":87,"caption":"Beneggi e associati"},"image":{"@id":"https:\/\/beneggiassociati.com\/en\/#\/schema\/logo\/image\/"}},{"@type":"Person","@id":"https:\/\/beneggiassociati.com\/en\/#\/schema\/person\/828daacfa37b359e89e981f920072004","name":"Tiziano Beneggi","url":"https:\/\/beneggiassociati.com\/en\/author\/tizianobeneggiassociati-com\/"}]}},"_links":{"self":[{"href":"https:\/\/beneggiassociati.com\/en\/wp-json\/wp\/v2\/posts\/16142","targetHints":{"allow":["GET"]}}],"collection":[{"href":"https:\/\/beneggiassociati.com\/en\/wp-json\/wp\/v2\/posts"}],"about":[{"href":"https:\/\/beneggiassociati.com\/en\/wp-json\/wp\/v2\/types\/post"}],"author":[{"embeddable":true,"href":"https:\/\/beneggiassociati.com\/en\/wp-json\/wp\/v2\/users\/4"}],"replies":[{"embeddable":true,"href":"https:\/\/beneggiassociati.com\/en\/wp-json\/wp\/v2\/comments?post=16142"}],"version-history":[{"count":0,"href":"https:\/\/beneggiassociati.com\/en\/wp-json\/wp\/v2\/posts\/16142\/revisions"}],"wp:featuredmedia":[{"embeddable":true,"href":"https:\/\/beneggiassociati.com\/en\/wp-json\/wp\/v2\/media\/409"}],"wp:attachment":[{"href":"https:\/\/beneggiassociati.com\/en\/wp-json\/wp\/v2\/media?parent=16142"}],"wp:term":[{"taxonomy":"category","embeddable":true,"href":"https:\/\/beneggiassociati.com\/en\/wp-json\/wp\/v2\/categories?post=16142"},{"taxonomy":"post_tag","embeddable":true,"href":"https:\/\/beneggiassociati.com\/en\/wp-json\/wp\/v2\/tags?post=16142"}],"curies":[{"name":"wp","href":"https:\/\/api.w.org\/{rel}","templated":true}]}}