{"id":16153,"date":"2018-08-14T09:13:00","date_gmt":"2018-08-14T07:13:00","guid":{"rendered":"https:\/\/dev.beneggiassociati.com\/2018\/08\/14\/assegno-di-divorzio-conta-il-contributo-alla-vita-familiare\/"},"modified":"2018-08-14T09:13:00","modified_gmt":"2018-08-14T07:13:00","slug":"assegno-di-divorzio-conta-il-contributo-alla-vita-familiare","status":"publish","type":"post","link":"https:\/\/beneggiassociati.com\/en\/assegno-di-divorzio-conta-il-contributo-alla-vita-familiare\/","title":{"rendered":"Assegno di divorzio, conta il contributo alla vita familiare"},"content":{"rendered":"<p>Il riconoscimento dell\u2019apporto deve tenere conto non solo del raggiungimento di un grado di autonomia economica tale da permettere l\u2019autosufficienza, sulla base di un parametro astratto, ma deve in concreto permettere un livello di reddito adeguato.<br \/>\nAdeguatezza che non \u00e8 pi\u00f9 per\u00f2 al tenore di vita antecedente la rottura del legame matrimoniale, ma al contributo fornito nella realizzazione della vita familiare, tenendo conto poi delle aspettative economiche e professionali eventualmente sacrificate, in ragione dell\u2019et\u00e0 del richiedente e della durata del matrimonio.<br \/>\nLo squilibrio che viene a crearsi per effetto del divorzio e che l\u2019assegno deve in qualche modo contribuire a eliminare, o almeno a ridurre, non va cio\u00e8 considerato in astratto e senza attenzione alle ragioni che l\u2019hanno prodotto. In particolare, all\u2019assunzione di un ruolo consumato in maniera prevalente o esclusiva all\u2019interno della famiglia, compromettendo carriera o comunque aspettative di reddito, e all\u2019apporto dato alla costituzione del patrimonio familiare.<br \/>\nIl giudice, avvertono le Sezioni unite, dovr\u00e0 procedere a un\u2019attivit\u00e0 complessa, che non dovr\u00e0 per\u00f2 pi\u00f9 distinguere la fase di decisione sull\u2019esistenza del diritto all\u2019assegno da quella della sua quantificazione. Dovr\u00e0 invece procedere in primo luogo all\u2019accertamento dello squilibrio determinato dal divorzio, facendo riferimento per esempio alle dichiarazioni dei redditi.<br \/>\nNaturalmente poi lo squilibrio potr\u00e0 avere diverse gradazioni quanto a rilevanza, valorizzando il principio di responsabilit\u00e0. Anche perch\u00e9 la sentenza \u00e8 chiara nell\u2019attribuire all\u2019assegno una funzione di compensazione non (solo) assistenziale.<br \/>\n\u00abL\u2019adeguatezza dei mezzi &#8211; osservano le Sezioni unite &#8211; deve, pertanto, essere valutata, non solo in relazione alla loro mancanza o insufficienza oggettiva, ma anche in relazione a quel che si \u00e8 contribuito a realizzare in funzione della vita familiare e che, sciolto il vincolo, produrrebbe effetti vantaggiosi unilateralmente per una sola parte\u00bb.<br \/>\nLa pronuncia, che in una parte si diffonde anche nel corroborare con un confronto comparatistico la soluzione raggiunta, mette anche in evidenza pi\u00f9 volte come l\u2019ammissione della funzione equilibratrice dell\u2019assegno non ha come obiettivo la ricostituzione del tenore di vita coniugale, ma soltanto il riconoscimento del ruolo e del contributo fornito dall\u2019ex coniuge economicamente pi\u00f9 debole alla realizzazione della situazione di confronto attuale.<br \/>\n&nbsp;<br \/>\n<span style=\"color: #000000;\"><strong><a style=\"color: #000000;\" href=\"mailto:info@beneggiassociati.com\" target=\"_blank\" rel=\"noopener noreferrer\">Sei interessato all\u2019articolo? Scrivici e verrai contattato da un nostro Consultant<\/a><\/strong><\/span><br \/>\n<span style=\"color: #000000;\"><strong><a style=\"color: #000000;\" href=\"https:\/\/beneggiassociati.com\" target=\"_blank\" rel=\"noopener noreferrer\">@ Beneggi e Associati | Commercialisti al servizio delle imprese | Meda | Milano<\/a><\/strong><\/span><\/p>\n","protected":false},"excerpt":{"rendered":"<p>Il riconoscimento dell\u2019apporto deve tenere conto non solo del raggiungimento di un grado di autonomia economica tale da permettere l\u2019autosufficienza, sulla base di un parametro astratto, ma deve in concreto permettere un livello di reddito adeguato. Adeguatezza che non \u00e8 pi\u00f9 per\u00f2 al tenore di vita antecedente la rottura del legame matrimoniale, ma al contributo [&hellip;]<\/p>\n","protected":false},"author":4,"featured_media":409,"comment_status":"open","ping_status":"open","sticky":false,"template":"","format":"standard","meta":{"_acf_changed":false,"content-type":"","footnotes":""},"categories":[16],"tags":[],"class_list":["post-16153","post","type-post","status-publish","format-standard","has-post-thumbnail","hentry","category-archivio"],"acf":[],"yoast_head":"<!-- This site is optimized with the Yoast SEO plugin v27.5 - https:\/\/yoast.com\/product\/yoast-seo-wordpress\/ -->\n<title>Assegno di divorzio, conta il contributo alla vita familiare - Beneggi &amp; Associati<\/title>\n<meta name=\"description\" content=\"Il riconoscimento dell\u2019apporto deve tenere conto non solo del raggiungimento di un grado di autonomia economica tale da permettere l\u2019autosufficienza,\" \/>\n<meta name=\"robots\" content=\"index, follow, max-snippet:-1, max-image-preview:large, max-video-preview:-1\" \/>\n<link rel=\"canonical\" href=\"https:\/\/beneggiassociati.com\/en\/assegno-di-divorzio-conta-il-contributo-alla-vita-familiare\/\" \/>\n<meta property=\"og:locale\" content=\"en_US\" \/>\n<meta property=\"og:type\" content=\"article\" \/>\n<meta property=\"og:title\" content=\"Assegno di divorzio, conta il contributo alla vita familiare - Beneggi &amp; Associati\" \/>\n<meta property=\"og:description\" content=\"Il riconoscimento dell\u2019apporto deve tenere conto non solo del raggiungimento di un grado di autonomia economica tale da permettere l\u2019autosufficienza,\" \/>\n<meta property=\"og:url\" content=\"https:\/\/beneggiassociati.com\/en\/assegno-di-divorzio-conta-il-contributo-alla-vita-familiare\/\" \/>\n<meta property=\"og:site_name\" content=\"Beneggi &amp; Associati\" \/>\n<meta property=\"article:published_time\" content=\"2018-08-14T07:13:00+00:00\" \/>\n<meta property=\"og:image\" content=\"https:\/\/beneggiassociati.com\/wp-content\/uploads\/2025\/07\/single-post-beneggi.jpg\" \/>\n\t<meta property=\"og:image:width\" content=\"1280\" \/>\n\t<meta property=\"og:image:height\" content=\"823\" \/>\n\t<meta property=\"og:image:type\" content=\"image\/jpeg\" \/>\n<meta name=\"author\" content=\"Tiziano Beneggi\" \/>\n<meta name=\"twitter:card\" content=\"summary_large_image\" \/>\n<meta name=\"twitter:label1\" content=\"Written by\" \/>\n\t<meta name=\"twitter:data1\" content=\"Tiziano Beneggi\" \/>\n\t<meta name=\"twitter:label2\" content=\"Est. reading time\" \/>\n\t<meta name=\"twitter:data2\" content=\"2 minutes\" \/>\n<script type=\"application\/ld+json\" class=\"yoast-schema-graph\">{\"@context\":\"https:\\\/\\\/schema.org\",\"@graph\":[{\"@type\":\"Article\",\"@id\":\"https:\\\/\\\/beneggiassociati.com\\\/en\\\/assegno-di-divorzio-conta-il-contributo-alla-vita-familiare\\\/#article\",\"isPartOf\":{\"@id\":\"https:\\\/\\\/beneggiassociati.com\\\/en\\\/assegno-di-divorzio-conta-il-contributo-alla-vita-familiare\\\/\"},\"author\":{\"name\":\"Tiziano Beneggi\",\"@id\":\"https:\\\/\\\/beneggiassociati.com\\\/en\\\/#\\\/schema\\\/person\\\/828daacfa37b359e89e981f920072004\"},\"headline\":\"Assegno di divorzio, conta il contributo alla vita familiare\",\"datePublished\":\"2018-08-14T07:13:00+00:00\",\"mainEntityOfPage\":{\"@id\":\"https:\\\/\\\/beneggiassociati.com\\\/en\\\/assegno-di-divorzio-conta-il-contributo-alla-vita-familiare\\\/\"},\"wordCount\":393,\"commentCount\":0,\"publisher\":{\"@id\":\"https:\\\/\\\/beneggiassociati.com\\\/en\\\/#organization\"},\"image\":{\"@id\":\"https:\\\/\\\/beneggiassociati.com\\\/en\\\/assegno-di-divorzio-conta-il-contributo-alla-vita-familiare\\\/#primaryimage\"},\"thumbnailUrl\":\"https:\\\/\\\/beneggiassociati.com\\\/wp-content\\\/uploads\\\/2025\\\/07\\\/single-post-beneggi.jpg\",\"articleSection\":[\"ARCHIVIO\"],\"inLanguage\":\"en-US\"},{\"@type\":\"WebPage\",\"@id\":\"https:\\\/\\\/beneggiassociati.com\\\/en\\\/assegno-di-divorzio-conta-il-contributo-alla-vita-familiare\\\/\",\"url\":\"https:\\\/\\\/beneggiassociati.com\\\/en\\\/assegno-di-divorzio-conta-il-contributo-alla-vita-familiare\\\/\",\"name\":\"Assegno di divorzio, conta il contributo alla vita familiare - Beneggi &amp; Associati\",\"isPartOf\":{\"@id\":\"https:\\\/\\\/beneggiassociati.com\\\/en\\\/#website\"},\"primaryImageOfPage\":{\"@id\":\"https:\\\/\\\/beneggiassociati.com\\\/en\\\/assegno-di-divorzio-conta-il-contributo-alla-vita-familiare\\\/#primaryimage\"},\"image\":{\"@id\":\"https:\\\/\\\/beneggiassociati.com\\\/en\\\/assegno-di-divorzio-conta-il-contributo-alla-vita-familiare\\\/#primaryimage\"},\"thumbnailUrl\":\"https:\\\/\\\/beneggiassociati.com\\\/wp-content\\\/uploads\\\/2025\\\/07\\\/single-post-beneggi.jpg\",\"datePublished\":\"2018-08-14T07:13:00+00:00\",\"description\":\"Il riconoscimento dell\u2019apporto deve tenere conto non solo del raggiungimento di un grado di autonomia economica tale da permettere l\u2019autosufficienza,\",\"breadcrumb\":{\"@id\":\"https:\\\/\\\/beneggiassociati.com\\\/en\\\/assegno-di-divorzio-conta-il-contributo-alla-vita-familiare\\\/#breadcrumb\"},\"inLanguage\":\"en-US\",\"potentialAction\":[{\"@type\":\"ReadAction\",\"target\":[\"https:\\\/\\\/beneggiassociati.com\\\/en\\\/assegno-di-divorzio-conta-il-contributo-alla-vita-familiare\\\/\"]}]},{\"@type\":\"ImageObject\",\"inLanguage\":\"en-US\",\"@id\":\"https:\\\/\\\/beneggiassociati.com\\\/en\\\/assegno-di-divorzio-conta-il-contributo-alla-vita-familiare\\\/#primaryimage\",\"url\":\"https:\\\/\\\/beneggiassociati.com\\\/wp-content\\\/uploads\\\/2025\\\/07\\\/single-post-beneggi.jpg\",\"contentUrl\":\"https:\\\/\\\/beneggiassociati.com\\\/wp-content\\\/uploads\\\/2025\\\/07\\\/single-post-beneggi.jpg\",\"width\":1280,\"height\":823},{\"@type\":\"BreadcrumbList\",\"@id\":\"https:\\\/\\\/beneggiassociati.com\\\/en\\\/assegno-di-divorzio-conta-il-contributo-alla-vita-familiare\\\/#breadcrumb\",\"itemListElement\":[{\"@type\":\"ListItem\",\"position\":1,\"name\":\"Home\",\"item\":\"https:\\\/\\\/beneggiassociati.com\\\/en\\\/?page_id=24163\"},{\"@type\":\"ListItem\",\"position\":2,\"name\":\"Assegno di divorzio, conta il contributo alla vita familiare\"}]},{\"@type\":\"WebSite\",\"@id\":\"https:\\\/\\\/beneggiassociati.com\\\/en\\\/#website\",\"url\":\"https:\\\/\\\/beneggiassociati.com\\\/en\\\/\",\"name\":\"Beneggi e associati\",\"description\":\"\",\"publisher\":{\"@id\":\"https:\\\/\\\/beneggiassociati.com\\\/en\\\/#organization\"},\"potentialAction\":[{\"@type\":\"SearchAction\",\"target\":{\"@type\":\"EntryPoint\",\"urlTemplate\":\"https:\\\/\\\/beneggiassociati.com\\\/en\\\/?s={search_term_string}\"},\"query-input\":{\"@type\":\"PropertyValueSpecification\",\"valueRequired\":true,\"valueName\":\"search_term_string\"}}],\"inLanguage\":\"en-US\"},{\"@type\":\"Organization\",\"@id\":\"https:\\\/\\\/beneggiassociati.com\\\/en\\\/#organization\",\"name\":\"Beneggi e associati\",\"url\":\"https:\\\/\\\/beneggiassociati.com\\\/en\\\/\",\"logo\":{\"@type\":\"ImageObject\",\"inLanguage\":\"en-US\",\"@id\":\"https:\\\/\\\/beneggiassociati.com\\\/en\\\/#\\\/schema\\\/logo\\\/image\\\/\",\"url\":\"https:\\\/\\\/beneggiassociati.com\\\/wp-content\\\/uploads\\\/2025\\\/07\\\/beneggi-logo.png\",\"contentUrl\":\"https:\\\/\\\/beneggiassociati.com\\\/wp-content\\\/uploads\\\/2025\\\/07\\\/beneggi-logo.png\",\"width\":141,\"height\":87,\"caption\":\"Beneggi e associati\"},\"image\":{\"@id\":\"https:\\\/\\\/beneggiassociati.com\\\/en\\\/#\\\/schema\\\/logo\\\/image\\\/\"}},{\"@type\":\"Person\",\"@id\":\"https:\\\/\\\/beneggiassociati.com\\\/en\\\/#\\\/schema\\\/person\\\/828daacfa37b359e89e981f920072004\",\"name\":\"Tiziano Beneggi\",\"url\":\"https:\\\/\\\/beneggiassociati.com\\\/en\\\/author\\\/tizianobeneggiassociati-com\\\/\"}]}<\/script>\n<!-- \/ Yoast SEO plugin. -->","yoast_head_json":{"title":"Assegno di divorzio, conta il contributo alla vita familiare - Beneggi &amp; Associati","description":"Il riconoscimento dell\u2019apporto deve tenere conto non solo del raggiungimento di un grado di autonomia economica tale da permettere l\u2019autosufficienza,","robots":{"index":"index","follow":"follow","max-snippet":"max-snippet:-1","max-image-preview":"max-image-preview:large","max-video-preview":"max-video-preview:-1"},"canonical":"https:\/\/beneggiassociati.com\/en\/assegno-di-divorzio-conta-il-contributo-alla-vita-familiare\/","og_locale":"en_US","og_type":"article","og_title":"Assegno di divorzio, conta il contributo alla vita familiare - Beneggi &amp; Associati","og_description":"Il riconoscimento dell\u2019apporto deve tenere conto non solo del raggiungimento di un grado di autonomia economica tale da permettere l\u2019autosufficienza,","og_url":"https:\/\/beneggiassociati.com\/en\/assegno-di-divorzio-conta-il-contributo-alla-vita-familiare\/","og_site_name":"Beneggi &amp; Associati","article_published_time":"2018-08-14T07:13:00+00:00","og_image":[{"width":1280,"height":823,"url":"https:\/\/beneggiassociati.com\/wp-content\/uploads\/2025\/07\/single-post-beneggi.jpg","type":"image\/jpeg"}],"author":"Tiziano Beneggi","twitter_card":"summary_large_image","twitter_misc":{"Written by":"Tiziano Beneggi","Est. reading time":"2 minutes"},"schema":{"@context":"https:\/\/schema.org","@graph":[{"@type":"Article","@id":"https:\/\/beneggiassociati.com\/en\/assegno-di-divorzio-conta-il-contributo-alla-vita-familiare\/#article","isPartOf":{"@id":"https:\/\/beneggiassociati.com\/en\/assegno-di-divorzio-conta-il-contributo-alla-vita-familiare\/"},"author":{"name":"Tiziano Beneggi","@id":"https:\/\/beneggiassociati.com\/en\/#\/schema\/person\/828daacfa37b359e89e981f920072004"},"headline":"Assegno di divorzio, conta il contributo alla vita familiare","datePublished":"2018-08-14T07:13:00+00:00","mainEntityOfPage":{"@id":"https:\/\/beneggiassociati.com\/en\/assegno-di-divorzio-conta-il-contributo-alla-vita-familiare\/"},"wordCount":393,"commentCount":0,"publisher":{"@id":"https:\/\/beneggiassociati.com\/en\/#organization"},"image":{"@id":"https:\/\/beneggiassociati.com\/en\/assegno-di-divorzio-conta-il-contributo-alla-vita-familiare\/#primaryimage"},"thumbnailUrl":"https:\/\/beneggiassociati.com\/wp-content\/uploads\/2025\/07\/single-post-beneggi.jpg","articleSection":["ARCHIVIO"],"inLanguage":"en-US"},{"@type":"WebPage","@id":"https:\/\/beneggiassociati.com\/en\/assegno-di-divorzio-conta-il-contributo-alla-vita-familiare\/","url":"https:\/\/beneggiassociati.com\/en\/assegno-di-divorzio-conta-il-contributo-alla-vita-familiare\/","name":"Assegno di divorzio, conta il contributo alla vita familiare - Beneggi &amp; Associati","isPartOf":{"@id":"https:\/\/beneggiassociati.com\/en\/#website"},"primaryImageOfPage":{"@id":"https:\/\/beneggiassociati.com\/en\/assegno-di-divorzio-conta-il-contributo-alla-vita-familiare\/#primaryimage"},"image":{"@id":"https:\/\/beneggiassociati.com\/en\/assegno-di-divorzio-conta-il-contributo-alla-vita-familiare\/#primaryimage"},"thumbnailUrl":"https:\/\/beneggiassociati.com\/wp-content\/uploads\/2025\/07\/single-post-beneggi.jpg","datePublished":"2018-08-14T07:13:00+00:00","description":"Il riconoscimento dell\u2019apporto deve tenere conto non solo del raggiungimento di un grado di autonomia economica tale da permettere l\u2019autosufficienza,","breadcrumb":{"@id":"https:\/\/beneggiassociati.com\/en\/assegno-di-divorzio-conta-il-contributo-alla-vita-familiare\/#breadcrumb"},"inLanguage":"en-US","potentialAction":[{"@type":"ReadAction","target":["https:\/\/beneggiassociati.com\/en\/assegno-di-divorzio-conta-il-contributo-alla-vita-familiare\/"]}]},{"@type":"ImageObject","inLanguage":"en-US","@id":"https:\/\/beneggiassociati.com\/en\/assegno-di-divorzio-conta-il-contributo-alla-vita-familiare\/#primaryimage","url":"https:\/\/beneggiassociati.com\/wp-content\/uploads\/2025\/07\/single-post-beneggi.jpg","contentUrl":"https:\/\/beneggiassociati.com\/wp-content\/uploads\/2025\/07\/single-post-beneggi.jpg","width":1280,"height":823},{"@type":"BreadcrumbList","@id":"https:\/\/beneggiassociati.com\/en\/assegno-di-divorzio-conta-il-contributo-alla-vita-familiare\/#breadcrumb","itemListElement":[{"@type":"ListItem","position":1,"name":"Home","item":"https:\/\/beneggiassociati.com\/en\/?page_id=24163"},{"@type":"ListItem","position":2,"name":"Assegno di divorzio, conta il contributo alla vita familiare"}]},{"@type":"WebSite","@id":"https:\/\/beneggiassociati.com\/en\/#website","url":"https:\/\/beneggiassociati.com\/en\/","name":"Beneggi e associati","description":"","publisher":{"@id":"https:\/\/beneggiassociati.com\/en\/#organization"},"potentialAction":[{"@type":"SearchAction","target":{"@type":"EntryPoint","urlTemplate":"https:\/\/beneggiassociati.com\/en\/?s={search_term_string}"},"query-input":{"@type":"PropertyValueSpecification","valueRequired":true,"valueName":"search_term_string"}}],"inLanguage":"en-US"},{"@type":"Organization","@id":"https:\/\/beneggiassociati.com\/en\/#organization","name":"Beneggi e associati","url":"https:\/\/beneggiassociati.com\/en\/","logo":{"@type":"ImageObject","inLanguage":"en-US","@id":"https:\/\/beneggiassociati.com\/en\/#\/schema\/logo\/image\/","url":"https:\/\/beneggiassociati.com\/wp-content\/uploads\/2025\/07\/beneggi-logo.png","contentUrl":"https:\/\/beneggiassociati.com\/wp-content\/uploads\/2025\/07\/beneggi-logo.png","width":141,"height":87,"caption":"Beneggi e associati"},"image":{"@id":"https:\/\/beneggiassociati.com\/en\/#\/schema\/logo\/image\/"}},{"@type":"Person","@id":"https:\/\/beneggiassociati.com\/en\/#\/schema\/person\/828daacfa37b359e89e981f920072004","name":"Tiziano Beneggi","url":"https:\/\/beneggiassociati.com\/en\/author\/tizianobeneggiassociati-com\/"}]}},"_links":{"self":[{"href":"https:\/\/beneggiassociati.com\/en\/wp-json\/wp\/v2\/posts\/16153","targetHints":{"allow":["GET"]}}],"collection":[{"href":"https:\/\/beneggiassociati.com\/en\/wp-json\/wp\/v2\/posts"}],"about":[{"href":"https:\/\/beneggiassociati.com\/en\/wp-json\/wp\/v2\/types\/post"}],"author":[{"embeddable":true,"href":"https:\/\/beneggiassociati.com\/en\/wp-json\/wp\/v2\/users\/4"}],"replies":[{"embeddable":true,"href":"https:\/\/beneggiassociati.com\/en\/wp-json\/wp\/v2\/comments?post=16153"}],"version-history":[{"count":0,"href":"https:\/\/beneggiassociati.com\/en\/wp-json\/wp\/v2\/posts\/16153\/revisions"}],"wp:featuredmedia":[{"embeddable":true,"href":"https:\/\/beneggiassociati.com\/en\/wp-json\/wp\/v2\/media\/409"}],"wp:attachment":[{"href":"https:\/\/beneggiassociati.com\/en\/wp-json\/wp\/v2\/media?parent=16153"}],"wp:term":[{"taxonomy":"category","embeddable":true,"href":"https:\/\/beneggiassociati.com\/en\/wp-json\/wp\/v2\/categories?post=16153"},{"taxonomy":"post_tag","embeddable":true,"href":"https:\/\/beneggiassociati.com\/en\/wp-json\/wp\/v2\/tags?post=16153"}],"curies":[{"name":"wp","href":"https:\/\/api.w.org\/{rel}","templated":true}]}}