{"id":16162,"date":"2018-08-17T08:29:00","date_gmt":"2018-08-17T06:29:00","guid":{"rendered":"https:\/\/dev.beneggiassociati.com\/2018\/08\/17\/contratti-a-termine-ridotti-tempi-e-proroghe\/"},"modified":"2018-08-17T08:29:00","modified_gmt":"2018-08-17T06:29:00","slug":"contratti-a-termine-ridotti-tempi-e-proroghe","status":"publish","type":"post","link":"https:\/\/beneggiassociati.com\/en\/contratti-a-termine-ridotti-tempi-e-proroghe\/","title":{"rendered":"Contratti a termine, ridotti tempi e proroghe"},"content":{"rendered":"<p>Il decreto lavoro esce dal passaggio parlamentare di conversione con poche modifiche, per quanto attiene alla disciplina \u201ca regime\u201d del contratto a termine.<br \/>\nRestano la riduzione della durata massima da 36 a 24 mesi (riferita sia al singolo contratto, sia alla sommatoria di pi\u00f9 contratti) e del numero di proroghe da 5 a 4.<br \/>\nResta soprattutto la necessit\u00e0 di apporre la causale al singolo contratto che duri pi\u00f9 di 12 mesi, alle proroghe che vadano oltre tale limite di durata, nonch\u00e9 ai rinnovi contrattuali quali che siano, anche se non eccedono il termine annuale. In sostanza con il primo contratto a termine, quale che ne sia la durata, il datore di lavoro si \u201cbrucia\u201d la possibilit\u00e0 di riassumere a termine lo stesso lavoratore in futuro. Salvo avventurarsi nella formulazione di una causale che, per come congeniata nel decreto, appare come un vero percorso ad ostacoli. A parte infatti la (scontata) causale sostitutiva, le altre ipotesi contemplate nella norma sono da un lato residuali e dall\u2019altro foriere di incertezza e contenzioso. L\u2019estraneit\u00e0 delle esigenze all\u2019ordinaria attivit\u00e0 si riferisce a casi del tutto marginali, mentre gli incrementi temporanei dell&#8217;attivit\u00e0 ordinaria, in quanto \u00absignificativi\u00bb e \u00abnon programmabili\u00bb, si prestano a valutazioni soggettive e difformi. Senza contare che la causale deve essere specifica (\u00abL\u2019atto scritto contiene &#8230; la specificazione delle esigenze\u00bb), il che potr\u00e0 aprire la strada a valutazioni di nullit\u00e0 della clausola per genericit\u00e0, a prescindere dall\u2019esame di merito, come passate esperienze fanno purtroppo prevedere.<br \/>\nA parte l\u2019aggiunta, all\u2019elenco gi\u00e0 contenuto nel Dlgs 81\/2015, di un\u2019ulteriore ipotesi di esclusione dall\u2019applicazione dell\u2019intera normativa sul contratto a termine (i contratti per la fornitura di lavoro portuale temporaneo di cui alla legge 84\/1994), si tratta essenzialmente di modifiche dirette a meglio precisare le conseguenze della violazione delle nuove regole, ovvero il regime sanzionatorio. La prima ipotesi riguarda la stipulazione di un contratto di durata iniziale superiore ai 12 mesi in assenza delle condizioni previste dalla norma, cio\u00e8 privo di una valida causale. In questo caso il contratto si trasforma in contratto a tempo indeterminato \u00abdalla data di superamento del termine di dodici mesi\u00bb. La seconda ipotesi attiene alla mancata apposizione di una valida causale al rinnovo del contratto e alle proroghe che portino la durata del contratto stesso ad eccedere i 12 mesi. In questo caso \u00e8 prevista la trasformazione del contratto a tempo indeterminato senza ulteriori specificazioni, il che fa ritenere che la trasformazione si produca con effetto dal rinnovo o dalla proroga privi della causale richiesta.<br \/>\nSando alla lettera della norma, il contratto a termine ultrannuale privo di causale non si trasforma in contratto a tempo indeterminato se non al superamento del dodicesimo mese. Quindi un eventuale recesso ante tempus entro i 12 mesi sarebbe un recesso da un contratto non ancora trasformato, che produrrebbe pertanto solo la (ordinaria) conseguenza del pagamento delle retribuzioni sino alla scadenza del termine. Resta ferma, ovviamente, la sanzione della trasformazione gi\u00e0 prevista dal Dlgs 81\/2015 per i casi di superamento del limite massimo (ora 24, prima 36 mesi), per effetto di un unico contratto o di una successione di contratti, di proroghe oltre il numero massimo consentito, di violazione degli espressi divieti di ricorso al contratto a termine e di mancato rispetto degli intervalli minimi tra un contratto e l\u2019altro (cosiddetto stop and go).<br \/>\n&nbsp;<br \/>\n<span style=\"color: #000000;\"><strong><a style=\"color: #000000;\" href=\"mailto:info@beneggiassociati.com\" target=\"_blank\" rel=\"noopener noreferrer\">Sei interessato all\u2019articolo? Scrivici e verrai contattato da un nostro Consultant<\/a><\/strong><\/span><br \/>\n<span style=\"color: #000000;\"><strong><a style=\"color: #000000;\" href=\"https:\/\/beneggiassociati.com\" target=\"_blank\" rel=\"noopener noreferrer\">@ Beneggi e Associati | Commercialisti al servizio delle imprese | Meda | Milano<\/a><\/strong><\/span><br \/>\n\u2003<\/p>\n","protected":false},"excerpt":{"rendered":"<p>Il decreto lavoro esce dal passaggio parlamentare di conversione con poche modifiche, per quanto attiene alla disciplina \u201ca regime\u201d del contratto a termine. Restano la riduzione della durata massima da 36 a 24 mesi (riferita sia al singolo contratto, sia alla sommatoria di pi\u00f9 contratti) e del numero di proroghe da 5 a 4. Resta [&hellip;]<\/p>\n","protected":false},"author":4,"featured_media":409,"comment_status":"open","ping_status":"open","sticky":false,"template":"","format":"standard","meta":{"_acf_changed":false,"content-type":"","footnotes":""},"categories":[16],"tags":[],"class_list":["post-16162","post","type-post","status-publish","format-standard","has-post-thumbnail","hentry","category-archivio"],"acf":[],"yoast_head":"<!-- This site is optimized with the Yoast SEO plugin v27.5 - https:\/\/yoast.com\/product\/yoast-seo-wordpress\/ -->\n<title>Contratti a termine, ridotti tempi e proroghe - Beneggi &amp; Associati<\/title>\n<meta name=\"description\" content=\"Il decreto lavoro esce dal passaggio parlamentare di conversione con poche modifiche, per quanto attiene alla disciplina \u201ca regime\u201d del contratto a\" \/>\n<meta name=\"robots\" content=\"index, follow, max-snippet:-1, max-image-preview:large, max-video-preview:-1\" \/>\n<link rel=\"canonical\" href=\"https:\/\/beneggiassociati.com\/en\/contratti-a-termine-ridotti-tempi-e-proroghe\/\" \/>\n<meta property=\"og:locale\" content=\"en_US\" \/>\n<meta property=\"og:type\" content=\"article\" \/>\n<meta property=\"og:title\" content=\"Contratti a termine, ridotti tempi e proroghe - Beneggi &amp; Associati\" \/>\n<meta property=\"og:description\" content=\"Il decreto lavoro esce dal passaggio parlamentare di conversione con poche modifiche, per quanto attiene alla disciplina \u201ca regime\u201d del contratto a\" \/>\n<meta property=\"og:url\" content=\"https:\/\/beneggiassociati.com\/en\/contratti-a-termine-ridotti-tempi-e-proroghe\/\" \/>\n<meta property=\"og:site_name\" content=\"Beneggi &amp; Associati\" \/>\n<meta property=\"article:published_time\" content=\"2018-08-17T06:29:00+00:00\" \/>\n<meta property=\"og:image\" content=\"https:\/\/beneggiassociati.com\/wp-content\/uploads\/2025\/07\/single-post-beneggi.jpg\" \/>\n\t<meta property=\"og:image:width\" content=\"1280\" \/>\n\t<meta property=\"og:image:height\" content=\"823\" \/>\n\t<meta property=\"og:image:type\" content=\"image\/jpeg\" \/>\n<meta name=\"author\" content=\"Tiziano Beneggi\" \/>\n<meta name=\"twitter:card\" content=\"summary_large_image\" \/>\n<meta name=\"twitter:label1\" content=\"Written by\" \/>\n\t<meta name=\"twitter:data1\" content=\"Tiziano Beneggi\" \/>\n\t<meta name=\"twitter:label2\" content=\"Est. reading time\" \/>\n\t<meta name=\"twitter:data2\" content=\"3 minutes\" \/>\n<script type=\"application\/ld+json\" class=\"yoast-schema-graph\">{\"@context\":\"https:\\\/\\\/schema.org\",\"@graph\":[{\"@type\":\"Article\",\"@id\":\"https:\\\/\\\/beneggiassociati.com\\\/en\\\/contratti-a-termine-ridotti-tempi-e-proroghe\\\/#article\",\"isPartOf\":{\"@id\":\"https:\\\/\\\/beneggiassociati.com\\\/en\\\/contratti-a-termine-ridotti-tempi-e-proroghe\\\/\"},\"author\":{\"name\":\"Tiziano Beneggi\",\"@id\":\"https:\\\/\\\/beneggiassociati.com\\\/en\\\/#\\\/schema\\\/person\\\/828daacfa37b359e89e981f920072004\"},\"headline\":\"Contratti a termine, ridotti tempi e proroghe\",\"datePublished\":\"2018-08-17T06:29:00+00:00\",\"mainEntityOfPage\":{\"@id\":\"https:\\\/\\\/beneggiassociati.com\\\/en\\\/contratti-a-termine-ridotti-tempi-e-proroghe\\\/\"},\"wordCount\":573,\"commentCount\":0,\"publisher\":{\"@id\":\"https:\\\/\\\/beneggiassociati.com\\\/en\\\/#organization\"},\"image\":{\"@id\":\"https:\\\/\\\/beneggiassociati.com\\\/en\\\/contratti-a-termine-ridotti-tempi-e-proroghe\\\/#primaryimage\"},\"thumbnailUrl\":\"https:\\\/\\\/beneggiassociati.com\\\/wp-content\\\/uploads\\\/2025\\\/07\\\/single-post-beneggi.jpg\",\"articleSection\":[\"ARCHIVIO\"],\"inLanguage\":\"en-US\"},{\"@type\":\"WebPage\",\"@id\":\"https:\\\/\\\/beneggiassociati.com\\\/en\\\/contratti-a-termine-ridotti-tempi-e-proroghe\\\/\",\"url\":\"https:\\\/\\\/beneggiassociati.com\\\/en\\\/contratti-a-termine-ridotti-tempi-e-proroghe\\\/\",\"name\":\"Contratti a termine, ridotti tempi e proroghe - Beneggi &amp; Associati\",\"isPartOf\":{\"@id\":\"https:\\\/\\\/beneggiassociati.com\\\/en\\\/#website\"},\"primaryImageOfPage\":{\"@id\":\"https:\\\/\\\/beneggiassociati.com\\\/en\\\/contratti-a-termine-ridotti-tempi-e-proroghe\\\/#primaryimage\"},\"image\":{\"@id\":\"https:\\\/\\\/beneggiassociati.com\\\/en\\\/contratti-a-termine-ridotti-tempi-e-proroghe\\\/#primaryimage\"},\"thumbnailUrl\":\"https:\\\/\\\/beneggiassociati.com\\\/wp-content\\\/uploads\\\/2025\\\/07\\\/single-post-beneggi.jpg\",\"datePublished\":\"2018-08-17T06:29:00+00:00\",\"description\":\"Il decreto lavoro esce dal passaggio parlamentare di conversione con poche modifiche, per quanto attiene alla disciplina \u201ca regime\u201d del contratto a\",\"breadcrumb\":{\"@id\":\"https:\\\/\\\/beneggiassociati.com\\\/en\\\/contratti-a-termine-ridotti-tempi-e-proroghe\\\/#breadcrumb\"},\"inLanguage\":\"en-US\",\"potentialAction\":[{\"@type\":\"ReadAction\",\"target\":[\"https:\\\/\\\/beneggiassociati.com\\\/en\\\/contratti-a-termine-ridotti-tempi-e-proroghe\\\/\"]}]},{\"@type\":\"ImageObject\",\"inLanguage\":\"en-US\",\"@id\":\"https:\\\/\\\/beneggiassociati.com\\\/en\\\/contratti-a-termine-ridotti-tempi-e-proroghe\\\/#primaryimage\",\"url\":\"https:\\\/\\\/beneggiassociati.com\\\/wp-content\\\/uploads\\\/2025\\\/07\\\/single-post-beneggi.jpg\",\"contentUrl\":\"https:\\\/\\\/beneggiassociati.com\\\/wp-content\\\/uploads\\\/2025\\\/07\\\/single-post-beneggi.jpg\",\"width\":1280,\"height\":823},{\"@type\":\"BreadcrumbList\",\"@id\":\"https:\\\/\\\/beneggiassociati.com\\\/en\\\/contratti-a-termine-ridotti-tempi-e-proroghe\\\/#breadcrumb\",\"itemListElement\":[{\"@type\":\"ListItem\",\"position\":1,\"name\":\"Home\",\"item\":\"https:\\\/\\\/beneggiassociati.com\\\/en\\\/?page_id=24163\"},{\"@type\":\"ListItem\",\"position\":2,\"name\":\"Contratti a termine, ridotti tempi e proroghe\"}]},{\"@type\":\"WebSite\",\"@id\":\"https:\\\/\\\/beneggiassociati.com\\\/en\\\/#website\",\"url\":\"https:\\\/\\\/beneggiassociati.com\\\/en\\\/\",\"name\":\"Beneggi e associati\",\"description\":\"\",\"publisher\":{\"@id\":\"https:\\\/\\\/beneggiassociati.com\\\/en\\\/#organization\"},\"potentialAction\":[{\"@type\":\"SearchAction\",\"target\":{\"@type\":\"EntryPoint\",\"urlTemplate\":\"https:\\\/\\\/beneggiassociati.com\\\/en\\\/?s={search_term_string}\"},\"query-input\":{\"@type\":\"PropertyValueSpecification\",\"valueRequired\":true,\"valueName\":\"search_term_string\"}}],\"inLanguage\":\"en-US\"},{\"@type\":\"Organization\",\"@id\":\"https:\\\/\\\/beneggiassociati.com\\\/en\\\/#organization\",\"name\":\"Beneggi e associati\",\"url\":\"https:\\\/\\\/beneggiassociati.com\\\/en\\\/\",\"logo\":{\"@type\":\"ImageObject\",\"inLanguage\":\"en-US\",\"@id\":\"https:\\\/\\\/beneggiassociati.com\\\/en\\\/#\\\/schema\\\/logo\\\/image\\\/\",\"url\":\"https:\\\/\\\/beneggiassociati.com\\\/wp-content\\\/uploads\\\/2025\\\/07\\\/beneggi-logo.png\",\"contentUrl\":\"https:\\\/\\\/beneggiassociati.com\\\/wp-content\\\/uploads\\\/2025\\\/07\\\/beneggi-logo.png\",\"width\":141,\"height\":87,\"caption\":\"Beneggi e associati\"},\"image\":{\"@id\":\"https:\\\/\\\/beneggiassociati.com\\\/en\\\/#\\\/schema\\\/logo\\\/image\\\/\"}},{\"@type\":\"Person\",\"@id\":\"https:\\\/\\\/beneggiassociati.com\\\/en\\\/#\\\/schema\\\/person\\\/828daacfa37b359e89e981f920072004\",\"name\":\"Tiziano Beneggi\",\"url\":\"https:\\\/\\\/beneggiassociati.com\\\/en\\\/author\\\/tizianobeneggiassociati-com\\\/\"}]}<\/script>\n<!-- \/ Yoast SEO plugin. -->","yoast_head_json":{"title":"Contratti a termine, ridotti tempi e proroghe - Beneggi &amp; Associati","description":"Il decreto lavoro esce dal passaggio parlamentare di conversione con poche modifiche, per quanto attiene alla disciplina \u201ca regime\u201d del contratto a","robots":{"index":"index","follow":"follow","max-snippet":"max-snippet:-1","max-image-preview":"max-image-preview:large","max-video-preview":"max-video-preview:-1"},"canonical":"https:\/\/beneggiassociati.com\/en\/contratti-a-termine-ridotti-tempi-e-proroghe\/","og_locale":"en_US","og_type":"article","og_title":"Contratti a termine, ridotti tempi e proroghe - Beneggi &amp; Associati","og_description":"Il decreto lavoro esce dal passaggio parlamentare di conversione con poche modifiche, per quanto attiene alla disciplina \u201ca regime\u201d del contratto a","og_url":"https:\/\/beneggiassociati.com\/en\/contratti-a-termine-ridotti-tempi-e-proroghe\/","og_site_name":"Beneggi &amp; Associati","article_published_time":"2018-08-17T06:29:00+00:00","og_image":[{"width":1280,"height":823,"url":"https:\/\/beneggiassociati.com\/wp-content\/uploads\/2025\/07\/single-post-beneggi.jpg","type":"image\/jpeg"}],"author":"Tiziano Beneggi","twitter_card":"summary_large_image","twitter_misc":{"Written by":"Tiziano Beneggi","Est. reading time":"3 minutes"},"schema":{"@context":"https:\/\/schema.org","@graph":[{"@type":"Article","@id":"https:\/\/beneggiassociati.com\/en\/contratti-a-termine-ridotti-tempi-e-proroghe\/#article","isPartOf":{"@id":"https:\/\/beneggiassociati.com\/en\/contratti-a-termine-ridotti-tempi-e-proroghe\/"},"author":{"name":"Tiziano Beneggi","@id":"https:\/\/beneggiassociati.com\/en\/#\/schema\/person\/828daacfa37b359e89e981f920072004"},"headline":"Contratti a termine, ridotti tempi e proroghe","datePublished":"2018-08-17T06:29:00+00:00","mainEntityOfPage":{"@id":"https:\/\/beneggiassociati.com\/en\/contratti-a-termine-ridotti-tempi-e-proroghe\/"},"wordCount":573,"commentCount":0,"publisher":{"@id":"https:\/\/beneggiassociati.com\/en\/#organization"},"image":{"@id":"https:\/\/beneggiassociati.com\/en\/contratti-a-termine-ridotti-tempi-e-proroghe\/#primaryimage"},"thumbnailUrl":"https:\/\/beneggiassociati.com\/wp-content\/uploads\/2025\/07\/single-post-beneggi.jpg","articleSection":["ARCHIVIO"],"inLanguage":"en-US"},{"@type":"WebPage","@id":"https:\/\/beneggiassociati.com\/en\/contratti-a-termine-ridotti-tempi-e-proroghe\/","url":"https:\/\/beneggiassociati.com\/en\/contratti-a-termine-ridotti-tempi-e-proroghe\/","name":"Contratti a termine, ridotti tempi e proroghe - Beneggi &amp; Associati","isPartOf":{"@id":"https:\/\/beneggiassociati.com\/en\/#website"},"primaryImageOfPage":{"@id":"https:\/\/beneggiassociati.com\/en\/contratti-a-termine-ridotti-tempi-e-proroghe\/#primaryimage"},"image":{"@id":"https:\/\/beneggiassociati.com\/en\/contratti-a-termine-ridotti-tempi-e-proroghe\/#primaryimage"},"thumbnailUrl":"https:\/\/beneggiassociati.com\/wp-content\/uploads\/2025\/07\/single-post-beneggi.jpg","datePublished":"2018-08-17T06:29:00+00:00","description":"Il decreto lavoro esce dal passaggio parlamentare di conversione con poche modifiche, per quanto attiene alla disciplina \u201ca regime\u201d del contratto a","breadcrumb":{"@id":"https:\/\/beneggiassociati.com\/en\/contratti-a-termine-ridotti-tempi-e-proroghe\/#breadcrumb"},"inLanguage":"en-US","potentialAction":[{"@type":"ReadAction","target":["https:\/\/beneggiassociati.com\/en\/contratti-a-termine-ridotti-tempi-e-proroghe\/"]}]},{"@type":"ImageObject","inLanguage":"en-US","@id":"https:\/\/beneggiassociati.com\/en\/contratti-a-termine-ridotti-tempi-e-proroghe\/#primaryimage","url":"https:\/\/beneggiassociati.com\/wp-content\/uploads\/2025\/07\/single-post-beneggi.jpg","contentUrl":"https:\/\/beneggiassociati.com\/wp-content\/uploads\/2025\/07\/single-post-beneggi.jpg","width":1280,"height":823},{"@type":"BreadcrumbList","@id":"https:\/\/beneggiassociati.com\/en\/contratti-a-termine-ridotti-tempi-e-proroghe\/#breadcrumb","itemListElement":[{"@type":"ListItem","position":1,"name":"Home","item":"https:\/\/beneggiassociati.com\/en\/?page_id=24163"},{"@type":"ListItem","position":2,"name":"Contratti a termine, ridotti tempi e proroghe"}]},{"@type":"WebSite","@id":"https:\/\/beneggiassociati.com\/en\/#website","url":"https:\/\/beneggiassociati.com\/en\/","name":"Beneggi e associati","description":"","publisher":{"@id":"https:\/\/beneggiassociati.com\/en\/#organization"},"potentialAction":[{"@type":"SearchAction","target":{"@type":"EntryPoint","urlTemplate":"https:\/\/beneggiassociati.com\/en\/?s={search_term_string}"},"query-input":{"@type":"PropertyValueSpecification","valueRequired":true,"valueName":"search_term_string"}}],"inLanguage":"en-US"},{"@type":"Organization","@id":"https:\/\/beneggiassociati.com\/en\/#organization","name":"Beneggi e associati","url":"https:\/\/beneggiassociati.com\/en\/","logo":{"@type":"ImageObject","inLanguage":"en-US","@id":"https:\/\/beneggiassociati.com\/en\/#\/schema\/logo\/image\/","url":"https:\/\/beneggiassociati.com\/wp-content\/uploads\/2025\/07\/beneggi-logo.png","contentUrl":"https:\/\/beneggiassociati.com\/wp-content\/uploads\/2025\/07\/beneggi-logo.png","width":141,"height":87,"caption":"Beneggi e associati"},"image":{"@id":"https:\/\/beneggiassociati.com\/en\/#\/schema\/logo\/image\/"}},{"@type":"Person","@id":"https:\/\/beneggiassociati.com\/en\/#\/schema\/person\/828daacfa37b359e89e981f920072004","name":"Tiziano Beneggi","url":"https:\/\/beneggiassociati.com\/en\/author\/tizianobeneggiassociati-com\/"}]}},"_links":{"self":[{"href":"https:\/\/beneggiassociati.com\/en\/wp-json\/wp\/v2\/posts\/16162","targetHints":{"allow":["GET"]}}],"collection":[{"href":"https:\/\/beneggiassociati.com\/en\/wp-json\/wp\/v2\/posts"}],"about":[{"href":"https:\/\/beneggiassociati.com\/en\/wp-json\/wp\/v2\/types\/post"}],"author":[{"embeddable":true,"href":"https:\/\/beneggiassociati.com\/en\/wp-json\/wp\/v2\/users\/4"}],"replies":[{"embeddable":true,"href":"https:\/\/beneggiassociati.com\/en\/wp-json\/wp\/v2\/comments?post=16162"}],"version-history":[{"count":0,"href":"https:\/\/beneggiassociati.com\/en\/wp-json\/wp\/v2\/posts\/16162\/revisions"}],"wp:featuredmedia":[{"embeddable":true,"href":"https:\/\/beneggiassociati.com\/en\/wp-json\/wp\/v2\/media\/409"}],"wp:attachment":[{"href":"https:\/\/beneggiassociati.com\/en\/wp-json\/wp\/v2\/media?parent=16162"}],"wp:term":[{"taxonomy":"category","embeddable":true,"href":"https:\/\/beneggiassociati.com\/en\/wp-json\/wp\/v2\/categories?post=16162"},{"taxonomy":"post_tag","embeddable":true,"href":"https:\/\/beneggiassociati.com\/en\/wp-json\/wp\/v2\/tags?post=16162"}],"curies":[{"name":"wp","href":"https:\/\/api.w.org\/{rel}","templated":true}]}}