{"id":16175,"date":"2018-08-21T20:35:00","date_gmt":"2018-08-21T18:35:00","guid":{"rendered":"https:\/\/dev.beneggiassociati.com\/2018\/08\/21\/lavoro-occasionale-novita-in-vigore\/"},"modified":"2018-08-21T20:35:00","modified_gmt":"2018-08-21T18:35:00","slug":"lavoro-occasionale-novita-in-vigore","status":"publish","type":"post","link":"https:\/\/beneggiassociati.com\/en\/lavoro-occasionale-novita-in-vigore\/","title":{"rendered":"Lavoro occasionale, novit\u00e0 in vigore"},"content":{"rendered":"<p>La legge di conversione del decreto lavoro tra le diverse modifiche, \u00e8 intervenuta anche sul regime delle prestazioni occasionali, rendendole pi\u00f9 flessibili per alcuni settori e semplificando le procedure.<br \/>\nLe novit\u00e0 maggiori riguardano le imprese agricole, le strutture alberghiere e ricettive e gli enti locali. Per le aziende che appartengono a questi comparti \u00e8 previsto che nella comunicazione di inizio attivit\u00e0 venga indicata una data di inizio della prestazione e un monte orario complessivo, con riferimento a un arco temporale non superiore a dieci giorni, anzich\u00e9 a tre giorni (limite per tutti gli altri utilizzatori).<br \/>\nC\u2019\u00e8 un\u2019altra importante modifica per le aziende alberghiere e le strutture ricettive che operano nel settore del turismo. La normativa precedente prevedeva il divieto da parte dell\u2019utilizzatore di ricorrere al contratto di prestazione occasionale nel caso in cui avesse avuto alle proprie dipendenze pi\u00f9 di cinque lavoratori subordinati a tempo indeterminato: il decreto lavoro eleva il limite della forza lavoro per le aziende appartenenti al settore fino a otto lavoratori.<br \/>\nIl settore agricolo viene alleggerito nelle sanzioni: in caso di violazione di uno dei divieti di ricorso al contratto di prestazione occasionale, non \u00e8 pi\u00f9 prevista la sanzione se la violazione deriva da informazioni incomplete o non veritiere contenute nelle autocertificazioni rese dai prestatori.<br \/>\nNovit\u00e0 anche sull\u2019attivazione del contratto di prestazione: l\u2019utilizzatore pu\u00f2, infatti, versare la provvista economica utile per alimentare il portafoglio virtuale anche tramite intermediario. In ogni caso la responsabilit\u00e0 resta in capo all\u2019utilizzatore.<br \/>\nInoltre, il decreto precisa che l\u20191% destinato agli oneri gestionali ora \u00e8 versato a favore dell\u2019Inps.<br \/>\nPer il pagamento del compenso al prestatore, \u00e8 stata introdotta una modalit\u00e0 che pu\u00f2 sveltire l\u2019accredito: il prestatore che ne fa espressa richiesta al momento della registrazione pu\u00f2 richiedere che il pagamento venga effettuato decorsi 15 giorni dal consolidamento della prestazione lavorativa sulla procedura.<br \/>\nPer ottenere l\u2019autorizzazione, il prestatore pu\u00f2 presentarsi presso qualsiasi sportello postale con univoco mandato emesso dalla piattaforma Inps e stampato dall\u2019utilizzatore, che identifica le parti, il luogo, la durata della prestazione e l\u2019importo del compenso. In questo caso gli oneri del pagamento sono a carico del prestatore.<br \/>\nDiversamente, il pagamento avviene con le vecchie modalit\u00e0. Il compenso, cio\u00e8, viene pagato dall\u2019Inps entro il giorno 15 del mese successivo a quello di svolgimento della prestazione attraverso accredito delle spettanze sul conto corrente bancario indicato nell\u2019anagrafica del prestatore, oppure mediante bonifico bancario domiciliato presso gli uffici postali.<br \/>\nRicordiamo che per prestazioni occasionali s\u2019intendono le attivit\u00e0 che nel corso dell\u2019anno civile danno luogo:<br \/>\n&#8211;\tper ciascun prestatore, con riferimento alla totalit\u00e0 degli utilizzatori, a compensi di importo complessivo non superiore a 5.000 euro;<br \/>\n&#8211;\tper ciascun utilizzatore, con riferimento alla totalit\u00e0 dei prestatori, a compensi di importo complessivo non superiore a 5.000 euro;<br \/>\n&#8211;\tper prestazioni complessive rese da ogni prestatore per il medesimo utilizzatore, a compensi di importo non superiore a 2.500 euro.<br \/>\n&nbsp;<br \/>\n<span style=\"color: #000000;\"><strong><a style=\"color: #000000;\" href=\"mailto:info@beneggiassociati.com\" target=\"_blank\" rel=\"noopener noreferrer\">Sei interessato all\u2019articolo? Scrivici e verrai contattato da un nostro Consultant<\/a><\/strong><\/span><br \/>\n<span style=\"color: #000000;\"><strong><a style=\"color: #000000;\" href=\"https:\/\/beneggiassociati.com\" target=\"_blank\" rel=\"noopener noreferrer\">@ Beneggi e Associati | Commercialisti al servizio delle imprese | Meda | Milano<\/a><\/strong><\/span><br \/>\n\u2003<\/p>\n","protected":false},"excerpt":{"rendered":"<p>La legge di conversione del decreto lavoro tra le diverse modifiche, \u00e8 intervenuta anche sul regime delle prestazioni occasionali, rendendole pi\u00f9 flessibili per alcuni settori e semplificando le procedure. Le novit\u00e0 maggiori riguardano le imprese agricole, le strutture alberghiere e ricettive e gli enti locali. Per le aziende che appartengono a questi comparti \u00e8 previsto [&hellip;]<\/p>\n","protected":false},"author":4,"featured_media":409,"comment_status":"open","ping_status":"open","sticky":false,"template":"","format":"standard","meta":{"_acf_changed":false,"content-type":"","footnotes":""},"categories":[16],"tags":[],"class_list":["post-16175","post","type-post","status-publish","format-standard","has-post-thumbnail","hentry","category-archivio"],"acf":[],"yoast_head":"<!-- This site is optimized with the Yoast SEO plugin v27.5 - https:\/\/yoast.com\/product\/yoast-seo-wordpress\/ -->\n<title>Lavoro occasionale, novit\u00e0 in vigore - Beneggi &amp; Associati<\/title>\n<meta name=\"description\" content=\"La legge di conversione del decreto lavoro tra le diverse modifiche, \u00e8 intervenuta anche sul regime delle prestazioni occasionali, rendendole pi\u00f9\" \/>\n<meta name=\"robots\" content=\"index, follow, max-snippet:-1, max-image-preview:large, max-video-preview:-1\" \/>\n<link rel=\"canonical\" href=\"https:\/\/beneggiassociati.com\/en\/lavoro-occasionale-novita-in-vigore\/\" \/>\n<meta property=\"og:locale\" content=\"en_US\" \/>\n<meta property=\"og:type\" content=\"article\" \/>\n<meta property=\"og:title\" content=\"Lavoro occasionale, novit\u00e0 in vigore - Beneggi &amp; Associati\" \/>\n<meta property=\"og:description\" content=\"La legge di conversione del decreto lavoro tra le diverse modifiche, \u00e8 intervenuta anche sul regime delle prestazioni occasionali, rendendole pi\u00f9\" \/>\n<meta property=\"og:url\" content=\"https:\/\/beneggiassociati.com\/en\/lavoro-occasionale-novita-in-vigore\/\" \/>\n<meta property=\"og:site_name\" content=\"Beneggi &amp; Associati\" \/>\n<meta property=\"article:published_time\" content=\"2018-08-21T18:35:00+00:00\" \/>\n<meta property=\"og:image\" content=\"https:\/\/beneggiassociati.com\/wp-content\/uploads\/2025\/07\/single-post-beneggi.jpg\" \/>\n\t<meta property=\"og:image:width\" content=\"1280\" \/>\n\t<meta property=\"og:image:height\" content=\"823\" \/>\n\t<meta property=\"og:image:type\" content=\"image\/jpeg\" \/>\n<meta name=\"author\" content=\"Tiziano Beneggi\" \/>\n<meta name=\"twitter:card\" content=\"summary_large_image\" \/>\n<meta name=\"twitter:label1\" content=\"Written by\" \/>\n\t<meta name=\"twitter:data1\" content=\"Tiziano Beneggi\" \/>\n\t<meta name=\"twitter:label2\" content=\"Est. reading time\" \/>\n\t<meta name=\"twitter:data2\" content=\"2 minutes\" \/>\n<script type=\"application\/ld+json\" class=\"yoast-schema-graph\">{\"@context\":\"https:\\\/\\\/schema.org\",\"@graph\":[{\"@type\":\"Article\",\"@id\":\"https:\\\/\\\/beneggiassociati.com\\\/en\\\/lavoro-occasionale-novita-in-vigore\\\/#article\",\"isPartOf\":{\"@id\":\"https:\\\/\\\/beneggiassociati.com\\\/en\\\/lavoro-occasionale-novita-in-vigore\\\/\"},\"author\":{\"name\":\"Tiziano Beneggi\",\"@id\":\"https:\\\/\\\/beneggiassociati.com\\\/en\\\/#\\\/schema\\\/person\\\/828daacfa37b359e89e981f920072004\"},\"headline\":\"Lavoro occasionale, novit\u00e0 in vigore\",\"datePublished\":\"2018-08-21T18:35:00+00:00\",\"mainEntityOfPage\":{\"@id\":\"https:\\\/\\\/beneggiassociati.com\\\/en\\\/lavoro-occasionale-novita-in-vigore\\\/\"},\"wordCount\":504,\"commentCount\":0,\"publisher\":{\"@id\":\"https:\\\/\\\/beneggiassociati.com\\\/en\\\/#organization\"},\"image\":{\"@id\":\"https:\\\/\\\/beneggiassociati.com\\\/en\\\/lavoro-occasionale-novita-in-vigore\\\/#primaryimage\"},\"thumbnailUrl\":\"https:\\\/\\\/beneggiassociati.com\\\/wp-content\\\/uploads\\\/2025\\\/07\\\/single-post-beneggi.jpg\",\"articleSection\":[\"ARCHIVIO\"],\"inLanguage\":\"en-US\"},{\"@type\":\"WebPage\",\"@id\":\"https:\\\/\\\/beneggiassociati.com\\\/en\\\/lavoro-occasionale-novita-in-vigore\\\/\",\"url\":\"https:\\\/\\\/beneggiassociati.com\\\/en\\\/lavoro-occasionale-novita-in-vigore\\\/\",\"name\":\"Lavoro occasionale, novit\u00e0 in vigore - Beneggi &amp; Associati\",\"isPartOf\":{\"@id\":\"https:\\\/\\\/beneggiassociati.com\\\/en\\\/#website\"},\"primaryImageOfPage\":{\"@id\":\"https:\\\/\\\/beneggiassociati.com\\\/en\\\/lavoro-occasionale-novita-in-vigore\\\/#primaryimage\"},\"image\":{\"@id\":\"https:\\\/\\\/beneggiassociati.com\\\/en\\\/lavoro-occasionale-novita-in-vigore\\\/#primaryimage\"},\"thumbnailUrl\":\"https:\\\/\\\/beneggiassociati.com\\\/wp-content\\\/uploads\\\/2025\\\/07\\\/single-post-beneggi.jpg\",\"datePublished\":\"2018-08-21T18:35:00+00:00\",\"description\":\"La legge di conversione del decreto lavoro tra le diverse modifiche, \u00e8 intervenuta anche sul regime delle prestazioni occasionali, rendendole pi\u00f9\",\"breadcrumb\":{\"@id\":\"https:\\\/\\\/beneggiassociati.com\\\/en\\\/lavoro-occasionale-novita-in-vigore\\\/#breadcrumb\"},\"inLanguage\":\"en-US\",\"potentialAction\":[{\"@type\":\"ReadAction\",\"target\":[\"https:\\\/\\\/beneggiassociati.com\\\/en\\\/lavoro-occasionale-novita-in-vigore\\\/\"]}]},{\"@type\":\"ImageObject\",\"inLanguage\":\"en-US\",\"@id\":\"https:\\\/\\\/beneggiassociati.com\\\/en\\\/lavoro-occasionale-novita-in-vigore\\\/#primaryimage\",\"url\":\"https:\\\/\\\/beneggiassociati.com\\\/wp-content\\\/uploads\\\/2025\\\/07\\\/single-post-beneggi.jpg\",\"contentUrl\":\"https:\\\/\\\/beneggiassociati.com\\\/wp-content\\\/uploads\\\/2025\\\/07\\\/single-post-beneggi.jpg\",\"width\":1280,\"height\":823},{\"@type\":\"BreadcrumbList\",\"@id\":\"https:\\\/\\\/beneggiassociati.com\\\/en\\\/lavoro-occasionale-novita-in-vigore\\\/#breadcrumb\",\"itemListElement\":[{\"@type\":\"ListItem\",\"position\":1,\"name\":\"Home\",\"item\":\"https:\\\/\\\/beneggiassociati.com\\\/en\\\/?page_id=24163\"},{\"@type\":\"ListItem\",\"position\":2,\"name\":\"Lavoro occasionale, novit\u00e0 in vigore\"}]},{\"@type\":\"WebSite\",\"@id\":\"https:\\\/\\\/beneggiassociati.com\\\/en\\\/#website\",\"url\":\"https:\\\/\\\/beneggiassociati.com\\\/en\\\/\",\"name\":\"Beneggi e associati\",\"description\":\"\",\"publisher\":{\"@id\":\"https:\\\/\\\/beneggiassociati.com\\\/en\\\/#organization\"},\"potentialAction\":[{\"@type\":\"SearchAction\",\"target\":{\"@type\":\"EntryPoint\",\"urlTemplate\":\"https:\\\/\\\/beneggiassociati.com\\\/en\\\/?s={search_term_string}\"},\"query-input\":{\"@type\":\"PropertyValueSpecification\",\"valueRequired\":true,\"valueName\":\"search_term_string\"}}],\"inLanguage\":\"en-US\"},{\"@type\":\"Organization\",\"@id\":\"https:\\\/\\\/beneggiassociati.com\\\/en\\\/#organization\",\"name\":\"Beneggi e associati\",\"url\":\"https:\\\/\\\/beneggiassociati.com\\\/en\\\/\",\"logo\":{\"@type\":\"ImageObject\",\"inLanguage\":\"en-US\",\"@id\":\"https:\\\/\\\/beneggiassociati.com\\\/en\\\/#\\\/schema\\\/logo\\\/image\\\/\",\"url\":\"https:\\\/\\\/beneggiassociati.com\\\/wp-content\\\/uploads\\\/2025\\\/07\\\/beneggi-logo.png\",\"contentUrl\":\"https:\\\/\\\/beneggiassociati.com\\\/wp-content\\\/uploads\\\/2025\\\/07\\\/beneggi-logo.png\",\"width\":141,\"height\":87,\"caption\":\"Beneggi e associati\"},\"image\":{\"@id\":\"https:\\\/\\\/beneggiassociati.com\\\/en\\\/#\\\/schema\\\/logo\\\/image\\\/\"}},{\"@type\":\"Person\",\"@id\":\"https:\\\/\\\/beneggiassociati.com\\\/en\\\/#\\\/schema\\\/person\\\/828daacfa37b359e89e981f920072004\",\"name\":\"Tiziano Beneggi\",\"url\":\"https:\\\/\\\/beneggiassociati.com\\\/en\\\/author\\\/tizianobeneggiassociati-com\\\/\"}]}<\/script>\n<!-- \/ Yoast SEO plugin. -->","yoast_head_json":{"title":"Lavoro occasionale, novit\u00e0 in vigore - Beneggi &amp; Associati","description":"La legge di conversione del decreto lavoro tra le diverse modifiche, \u00e8 intervenuta anche sul regime delle prestazioni occasionali, rendendole pi\u00f9","robots":{"index":"index","follow":"follow","max-snippet":"max-snippet:-1","max-image-preview":"max-image-preview:large","max-video-preview":"max-video-preview:-1"},"canonical":"https:\/\/beneggiassociati.com\/en\/lavoro-occasionale-novita-in-vigore\/","og_locale":"en_US","og_type":"article","og_title":"Lavoro occasionale, novit\u00e0 in vigore - Beneggi &amp; Associati","og_description":"La legge di conversione del decreto lavoro tra le diverse modifiche, \u00e8 intervenuta anche sul regime delle prestazioni occasionali, rendendole pi\u00f9","og_url":"https:\/\/beneggiassociati.com\/en\/lavoro-occasionale-novita-in-vigore\/","og_site_name":"Beneggi &amp; Associati","article_published_time":"2018-08-21T18:35:00+00:00","og_image":[{"width":1280,"height":823,"url":"https:\/\/beneggiassociati.com\/wp-content\/uploads\/2025\/07\/single-post-beneggi.jpg","type":"image\/jpeg"}],"author":"Tiziano Beneggi","twitter_card":"summary_large_image","twitter_misc":{"Written by":"Tiziano Beneggi","Est. reading time":"2 minutes"},"schema":{"@context":"https:\/\/schema.org","@graph":[{"@type":"Article","@id":"https:\/\/beneggiassociati.com\/en\/lavoro-occasionale-novita-in-vigore\/#article","isPartOf":{"@id":"https:\/\/beneggiassociati.com\/en\/lavoro-occasionale-novita-in-vigore\/"},"author":{"name":"Tiziano Beneggi","@id":"https:\/\/beneggiassociati.com\/en\/#\/schema\/person\/828daacfa37b359e89e981f920072004"},"headline":"Lavoro occasionale, novit\u00e0 in vigore","datePublished":"2018-08-21T18:35:00+00:00","mainEntityOfPage":{"@id":"https:\/\/beneggiassociati.com\/en\/lavoro-occasionale-novita-in-vigore\/"},"wordCount":504,"commentCount":0,"publisher":{"@id":"https:\/\/beneggiassociati.com\/en\/#organization"},"image":{"@id":"https:\/\/beneggiassociati.com\/en\/lavoro-occasionale-novita-in-vigore\/#primaryimage"},"thumbnailUrl":"https:\/\/beneggiassociati.com\/wp-content\/uploads\/2025\/07\/single-post-beneggi.jpg","articleSection":["ARCHIVIO"],"inLanguage":"en-US"},{"@type":"WebPage","@id":"https:\/\/beneggiassociati.com\/en\/lavoro-occasionale-novita-in-vigore\/","url":"https:\/\/beneggiassociati.com\/en\/lavoro-occasionale-novita-in-vigore\/","name":"Lavoro occasionale, novit\u00e0 in vigore - Beneggi &amp; Associati","isPartOf":{"@id":"https:\/\/beneggiassociati.com\/en\/#website"},"primaryImageOfPage":{"@id":"https:\/\/beneggiassociati.com\/en\/lavoro-occasionale-novita-in-vigore\/#primaryimage"},"image":{"@id":"https:\/\/beneggiassociati.com\/en\/lavoro-occasionale-novita-in-vigore\/#primaryimage"},"thumbnailUrl":"https:\/\/beneggiassociati.com\/wp-content\/uploads\/2025\/07\/single-post-beneggi.jpg","datePublished":"2018-08-21T18:35:00+00:00","description":"La legge di conversione del decreto lavoro tra le diverse modifiche, \u00e8 intervenuta anche sul regime delle prestazioni occasionali, rendendole pi\u00f9","breadcrumb":{"@id":"https:\/\/beneggiassociati.com\/en\/lavoro-occasionale-novita-in-vigore\/#breadcrumb"},"inLanguage":"en-US","potentialAction":[{"@type":"ReadAction","target":["https:\/\/beneggiassociati.com\/en\/lavoro-occasionale-novita-in-vigore\/"]}]},{"@type":"ImageObject","inLanguage":"en-US","@id":"https:\/\/beneggiassociati.com\/en\/lavoro-occasionale-novita-in-vigore\/#primaryimage","url":"https:\/\/beneggiassociati.com\/wp-content\/uploads\/2025\/07\/single-post-beneggi.jpg","contentUrl":"https:\/\/beneggiassociati.com\/wp-content\/uploads\/2025\/07\/single-post-beneggi.jpg","width":1280,"height":823},{"@type":"BreadcrumbList","@id":"https:\/\/beneggiassociati.com\/en\/lavoro-occasionale-novita-in-vigore\/#breadcrumb","itemListElement":[{"@type":"ListItem","position":1,"name":"Home","item":"https:\/\/beneggiassociati.com\/en\/?page_id=24163"},{"@type":"ListItem","position":2,"name":"Lavoro occasionale, novit\u00e0 in vigore"}]},{"@type":"WebSite","@id":"https:\/\/beneggiassociati.com\/en\/#website","url":"https:\/\/beneggiassociati.com\/en\/","name":"Beneggi e associati","description":"","publisher":{"@id":"https:\/\/beneggiassociati.com\/en\/#organization"},"potentialAction":[{"@type":"SearchAction","target":{"@type":"EntryPoint","urlTemplate":"https:\/\/beneggiassociati.com\/en\/?s={search_term_string}"},"query-input":{"@type":"PropertyValueSpecification","valueRequired":true,"valueName":"search_term_string"}}],"inLanguage":"en-US"},{"@type":"Organization","@id":"https:\/\/beneggiassociati.com\/en\/#organization","name":"Beneggi e associati","url":"https:\/\/beneggiassociati.com\/en\/","logo":{"@type":"ImageObject","inLanguage":"en-US","@id":"https:\/\/beneggiassociati.com\/en\/#\/schema\/logo\/image\/","url":"https:\/\/beneggiassociati.com\/wp-content\/uploads\/2025\/07\/beneggi-logo.png","contentUrl":"https:\/\/beneggiassociati.com\/wp-content\/uploads\/2025\/07\/beneggi-logo.png","width":141,"height":87,"caption":"Beneggi e associati"},"image":{"@id":"https:\/\/beneggiassociati.com\/en\/#\/schema\/logo\/image\/"}},{"@type":"Person","@id":"https:\/\/beneggiassociati.com\/en\/#\/schema\/person\/828daacfa37b359e89e981f920072004","name":"Tiziano Beneggi","url":"https:\/\/beneggiassociati.com\/en\/author\/tizianobeneggiassociati-com\/"}]}},"_links":{"self":[{"href":"https:\/\/beneggiassociati.com\/en\/wp-json\/wp\/v2\/posts\/16175","targetHints":{"allow":["GET"]}}],"collection":[{"href":"https:\/\/beneggiassociati.com\/en\/wp-json\/wp\/v2\/posts"}],"about":[{"href":"https:\/\/beneggiassociati.com\/en\/wp-json\/wp\/v2\/types\/post"}],"author":[{"embeddable":true,"href":"https:\/\/beneggiassociati.com\/en\/wp-json\/wp\/v2\/users\/4"}],"replies":[{"embeddable":true,"href":"https:\/\/beneggiassociati.com\/en\/wp-json\/wp\/v2\/comments?post=16175"}],"version-history":[{"count":0,"href":"https:\/\/beneggiassociati.com\/en\/wp-json\/wp\/v2\/posts\/16175\/revisions"}],"wp:featuredmedia":[{"embeddable":true,"href":"https:\/\/beneggiassociati.com\/en\/wp-json\/wp\/v2\/media\/409"}],"wp:attachment":[{"href":"https:\/\/beneggiassociati.com\/en\/wp-json\/wp\/v2\/media?parent=16175"}],"wp:term":[{"taxonomy":"category","embeddable":true,"href":"https:\/\/beneggiassociati.com\/en\/wp-json\/wp\/v2\/categories?post=16175"},{"taxonomy":"post_tag","embeddable":true,"href":"https:\/\/beneggiassociati.com\/en\/wp-json\/wp\/v2\/tags?post=16175"}],"curies":[{"name":"wp","href":"https:\/\/api.w.org\/{rel}","templated":true}]}}