{"id":16187,"date":"2018-10-07T07:10:00","date_gmt":"2018-10-07T05:10:00","guid":{"rendered":"https:\/\/dev.beneggiassociati.com\/2018\/10\/07\/terzo-settore-proroga-al-3-agosto-2019\/"},"modified":"2018-10-07T07:10:00","modified_gmt":"2018-10-07T05:10:00","slug":"terzo-settore-proroga-al-3-agosto-2019","status":"publish","type":"post","link":"https:\/\/beneggiassociati.com\/en\/terzo-settore-proroga-al-3-agosto-2019\/","title":{"rendered":"Terzo settore, proroga al 3 agosto 2019"},"content":{"rendered":"<p>Onlus, organizzazioni di volontariato e associazioni di promozione sociale avranno a disposizione fino al 3 agosto 2019 (e non pi\u00f9 fino a febbraio) per strutturare le modifiche necessarie ad allinearsi alla riforma.<br \/>\nResta ferma la possibilit\u00e0 di deliberare gli adeguamenti in maniera semplificata (i.e. con le modalit\u00e0 e le maggioranze dell\u2019assemblea ordinaria) limitatamente alle modifiche volte ad uniformarsi alle nuove disposizioni inderogabili o ad escludere l\u2019applicazione di nuove disposizioni derogabili.<br \/>\nPer consentire una maggiore fruibilit\u00e0 da parte degli operatori del settore, viene data pi\u00f9 uniformit\u00e0 alle norme in materia contabile, inserendo anche ai fini fiscali lo stesso limite civilistico di proventi (220 mila euro) entro cui \u00e8 possibile redigere il rendiconto per cassa. Analogamente, l\u2019 \u00abapposito documento\u00bb in cui gli enti del Terzo settore non commerciali dovranno indicare le attivit\u00e0 di interesse generale e quelle secondarie viene sostituito dal bilancio dell\u2019articolo 13, evitando cos\u00ec aggravi documentali.<br \/>\nCorrezioni anche sulle modalit\u00e0 di rendicontazione delle attivit\u00e0 diverse e sulle competenze dell\u2019organo di controllo. Sul primo fronte, \u00e8 previsto che il carattere strumentale e secondario di queste attivit\u00e0 potr\u00e0 essere documentato alternativamente nella relazione di missione, in una annotazione in calce al rendiconto per cassa o nella nota integrativa al bilancio, a seconda del sistema di rendicontazione in concreto adottato. Con riguardo all\u2019organo di controllo interno, invece, al superamento dei limiti dell\u2019articolo 31 del Codice del Terzo settore (Cts) lo stesso potr\u00e0 svolgere anche la revisione legale dei conti, purch\u00e9 i suoi componenti siano tutti revisori iscritti nell\u2019apposito registro. In caso contrario sar\u00e0 necessaria la nomina di un revisore esterno.<br \/>\nSotto il profilo tributario, immediatamente operativa \u00e8 l\u2019esenzione dall\u2019imposta di registro per gli atti costitutivi e per quelli connessi allo svolgimento delle attivit\u00e0 delle organizzazioni di volontariato (Odv). Fatte salve le modifiche statutarie per adeguarsi a variazioni normative (esenti per tutti gli enti del Terzo settore), fino a ieri questi atti scontavano imposta di registro proporzionale o fissa, a seconda del loro contenuto (patrimoniale o meno).<br \/>\nViene reintrodotta all\u2019articolo 82 del Cts questa particolare esenzione, ripristinando cos\u00ec il regime originario della legge 266\/1991, che era in vigore fino al 31 dicembre 2017.<br \/>\nEfficacia immediata anche per le correzioni alla legge sul \u00abDopo di noi\u00bb (112\/2016): i privati che effettuano erogazioni liberali a favore di trust o fondi speciali beneficeranno della detrazione al 35% prevista per le Odv, ma potranno continuare ad optare per la deduzione nel limite del 20% del reddito complessivo netto dichiarato (anzich\u00e9 il 10% delle organizzazioni di volontariato).<br \/>\nTempistiche diverse invece per le modifiche che interessano la finanza sociale. Da un lato, infatti, il correttivo elimina il richiamo al decreto attuativo inizialmente previsto per l\u2019operativit\u00e0 delle piattaforme di social lending, che potranno dunque funzionare sin da subito. Dall\u2019altro, per i titoli di solidariet\u00e0 bisogner\u00e0 ancora attendere: il via libera di questi strumenti rimane ancorato all\u2019autorizzazione della Commissione europea e all\u2019emanazione di uno specifico decreto attuativo.<br \/>\n&nbsp;<br \/>\n<span style=\"color: #000000;\"><strong><a style=\"color: #000000;\" href=\"mailto:info@beneggiassociati.com\" target=\"_blank\" rel=\"noopener noreferrer\">Sei interessato all\u2019articolo? Scrivici e verrai contattato da un nostro Consultant<\/a><\/strong><\/span><br \/>\n<span style=\"color: #000000;\"><strong><a style=\"color: #000000;\" href=\"https:\/\/beneggiassociati.com\" target=\"_blank\" rel=\"noopener noreferrer\">@ Beneggi e Associati | Commercialisti al servizio delle imprese | Meda | Milano<\/a><\/strong><\/span><\/p>\n","protected":false},"excerpt":{"rendered":"<p>Onlus, organizzazioni di volontariato e associazioni di promozione sociale avranno a disposizione fino al 3 agosto 2019 (e non pi\u00f9 fino a febbraio) per strutturare le modifiche necessarie ad allinearsi alla riforma. Resta ferma la possibilit\u00e0 di deliberare gli adeguamenti in maniera semplificata (i.e. con le modalit\u00e0 e le maggioranze dell\u2019assemblea ordinaria) limitatamente alle modifiche [&hellip;]<\/p>\n","protected":false},"author":4,"featured_media":409,"comment_status":"open","ping_status":"open","sticky":false,"template":"","format":"standard","meta":{"_acf_changed":false,"content-type":"","footnotes":""},"categories":[16],"tags":[],"class_list":["post-16187","post","type-post","status-publish","format-standard","has-post-thumbnail","hentry","category-archivio"],"acf":[],"yoast_head":"<!-- This site is optimized with the Yoast SEO plugin v27.5 - https:\/\/yoast.com\/product\/yoast-seo-wordpress\/ -->\n<title>Terzo settore, proroga al 3 agosto 2019 - Beneggi &amp; Associati<\/title>\n<meta name=\"description\" content=\"Onlus, organizzazioni di volontariato e associazioni di promozione sociale avranno a disposizione fino al 3 agosto 2019 (e non pi\u00f9 fino a febbraio) per\" \/>\n<meta name=\"robots\" content=\"index, follow, max-snippet:-1, max-image-preview:large, max-video-preview:-1\" \/>\n<link rel=\"canonical\" href=\"https:\/\/beneggiassociati.com\/en\/terzo-settore-proroga-al-3-agosto-2019\/\" \/>\n<meta property=\"og:locale\" content=\"en_US\" \/>\n<meta property=\"og:type\" content=\"article\" \/>\n<meta property=\"og:title\" content=\"Terzo settore, proroga al 3 agosto 2019 - Beneggi &amp; Associati\" \/>\n<meta property=\"og:description\" content=\"Onlus, organizzazioni di volontariato e associazioni di promozione sociale avranno a disposizione fino al 3 agosto 2019 (e non pi\u00f9 fino a febbraio) per\" \/>\n<meta property=\"og:url\" content=\"https:\/\/beneggiassociati.com\/en\/terzo-settore-proroga-al-3-agosto-2019\/\" \/>\n<meta property=\"og:site_name\" content=\"Beneggi &amp; Associati\" \/>\n<meta property=\"article:published_time\" content=\"2018-10-07T05:10:00+00:00\" \/>\n<meta property=\"og:image\" content=\"https:\/\/beneggiassociati.com\/wp-content\/uploads\/2025\/07\/single-post-beneggi.jpg\" \/>\n\t<meta property=\"og:image:width\" content=\"1280\" \/>\n\t<meta property=\"og:image:height\" content=\"823\" \/>\n\t<meta property=\"og:image:type\" content=\"image\/jpeg\" \/>\n<meta name=\"author\" content=\"Tiziano Beneggi\" \/>\n<meta name=\"twitter:card\" content=\"summary_large_image\" \/>\n<meta name=\"twitter:label1\" content=\"Written by\" \/>\n\t<meta name=\"twitter:data1\" content=\"Tiziano Beneggi\" \/>\n\t<meta name=\"twitter:label2\" content=\"Est. reading time\" \/>\n\t<meta name=\"twitter:data2\" content=\"2 minutes\" \/>\n<script type=\"application\/ld+json\" class=\"yoast-schema-graph\">{\"@context\":\"https:\\\/\\\/schema.org\",\"@graph\":[{\"@type\":\"Article\",\"@id\":\"https:\\\/\\\/beneggiassociati.com\\\/en\\\/terzo-settore-proroga-al-3-agosto-2019\\\/#article\",\"isPartOf\":{\"@id\":\"https:\\\/\\\/beneggiassociati.com\\\/en\\\/terzo-settore-proroga-al-3-agosto-2019\\\/\"},\"author\":{\"name\":\"Tiziano Beneggi\",\"@id\":\"https:\\\/\\\/beneggiassociati.com\\\/en\\\/#\\\/schema\\\/person\\\/828daacfa37b359e89e981f920072004\"},\"headline\":\"Terzo settore, proroga al 3 agosto 2019\",\"datePublished\":\"2018-10-07T05:10:00+00:00\",\"mainEntityOfPage\":{\"@id\":\"https:\\\/\\\/beneggiassociati.com\\\/en\\\/terzo-settore-proroga-al-3-agosto-2019\\\/\"},\"wordCount\":502,\"commentCount\":0,\"publisher\":{\"@id\":\"https:\\\/\\\/beneggiassociati.com\\\/en\\\/#organization\"},\"image\":{\"@id\":\"https:\\\/\\\/beneggiassociati.com\\\/en\\\/terzo-settore-proroga-al-3-agosto-2019\\\/#primaryimage\"},\"thumbnailUrl\":\"https:\\\/\\\/beneggiassociati.com\\\/wp-content\\\/uploads\\\/2025\\\/07\\\/single-post-beneggi.jpg\",\"articleSection\":[\"ARCHIVIO\"],\"inLanguage\":\"en-US\"},{\"@type\":\"WebPage\",\"@id\":\"https:\\\/\\\/beneggiassociati.com\\\/en\\\/terzo-settore-proroga-al-3-agosto-2019\\\/\",\"url\":\"https:\\\/\\\/beneggiassociati.com\\\/en\\\/terzo-settore-proroga-al-3-agosto-2019\\\/\",\"name\":\"Terzo settore, proroga al 3 agosto 2019 - Beneggi &amp; Associati\",\"isPartOf\":{\"@id\":\"https:\\\/\\\/beneggiassociati.com\\\/en\\\/#website\"},\"primaryImageOfPage\":{\"@id\":\"https:\\\/\\\/beneggiassociati.com\\\/en\\\/terzo-settore-proroga-al-3-agosto-2019\\\/#primaryimage\"},\"image\":{\"@id\":\"https:\\\/\\\/beneggiassociati.com\\\/en\\\/terzo-settore-proroga-al-3-agosto-2019\\\/#primaryimage\"},\"thumbnailUrl\":\"https:\\\/\\\/beneggiassociati.com\\\/wp-content\\\/uploads\\\/2025\\\/07\\\/single-post-beneggi.jpg\",\"datePublished\":\"2018-10-07T05:10:00+00:00\",\"description\":\"Onlus, organizzazioni di volontariato e associazioni di promozione sociale avranno a disposizione fino al 3 agosto 2019 (e non pi\u00f9 fino a febbraio) per\",\"breadcrumb\":{\"@id\":\"https:\\\/\\\/beneggiassociati.com\\\/en\\\/terzo-settore-proroga-al-3-agosto-2019\\\/#breadcrumb\"},\"inLanguage\":\"en-US\",\"potentialAction\":[{\"@type\":\"ReadAction\",\"target\":[\"https:\\\/\\\/beneggiassociati.com\\\/en\\\/terzo-settore-proroga-al-3-agosto-2019\\\/\"]}]},{\"@type\":\"ImageObject\",\"inLanguage\":\"en-US\",\"@id\":\"https:\\\/\\\/beneggiassociati.com\\\/en\\\/terzo-settore-proroga-al-3-agosto-2019\\\/#primaryimage\",\"url\":\"https:\\\/\\\/beneggiassociati.com\\\/wp-content\\\/uploads\\\/2025\\\/07\\\/single-post-beneggi.jpg\",\"contentUrl\":\"https:\\\/\\\/beneggiassociati.com\\\/wp-content\\\/uploads\\\/2025\\\/07\\\/single-post-beneggi.jpg\",\"width\":1280,\"height\":823},{\"@type\":\"BreadcrumbList\",\"@id\":\"https:\\\/\\\/beneggiassociati.com\\\/en\\\/terzo-settore-proroga-al-3-agosto-2019\\\/#breadcrumb\",\"itemListElement\":[{\"@type\":\"ListItem\",\"position\":1,\"name\":\"Home\",\"item\":\"https:\\\/\\\/beneggiassociati.com\\\/en\\\/?page_id=24163\"},{\"@type\":\"ListItem\",\"position\":2,\"name\":\"Terzo settore, proroga al 3 agosto 2019\"}]},{\"@type\":\"WebSite\",\"@id\":\"https:\\\/\\\/beneggiassociati.com\\\/en\\\/#website\",\"url\":\"https:\\\/\\\/beneggiassociati.com\\\/en\\\/\",\"name\":\"Beneggi e associati\",\"description\":\"\",\"publisher\":{\"@id\":\"https:\\\/\\\/beneggiassociati.com\\\/en\\\/#organization\"},\"potentialAction\":[{\"@type\":\"SearchAction\",\"target\":{\"@type\":\"EntryPoint\",\"urlTemplate\":\"https:\\\/\\\/beneggiassociati.com\\\/en\\\/?s={search_term_string}\"},\"query-input\":{\"@type\":\"PropertyValueSpecification\",\"valueRequired\":true,\"valueName\":\"search_term_string\"}}],\"inLanguage\":\"en-US\"},{\"@type\":\"Organization\",\"@id\":\"https:\\\/\\\/beneggiassociati.com\\\/en\\\/#organization\",\"name\":\"Beneggi e associati\",\"url\":\"https:\\\/\\\/beneggiassociati.com\\\/en\\\/\",\"logo\":{\"@type\":\"ImageObject\",\"inLanguage\":\"en-US\",\"@id\":\"https:\\\/\\\/beneggiassociati.com\\\/en\\\/#\\\/schema\\\/logo\\\/image\\\/\",\"url\":\"https:\\\/\\\/beneggiassociati.com\\\/wp-content\\\/uploads\\\/2025\\\/07\\\/beneggi-logo.png\",\"contentUrl\":\"https:\\\/\\\/beneggiassociati.com\\\/wp-content\\\/uploads\\\/2025\\\/07\\\/beneggi-logo.png\",\"width\":141,\"height\":87,\"caption\":\"Beneggi e associati\"},\"image\":{\"@id\":\"https:\\\/\\\/beneggiassociati.com\\\/en\\\/#\\\/schema\\\/logo\\\/image\\\/\"}},{\"@type\":\"Person\",\"@id\":\"https:\\\/\\\/beneggiassociati.com\\\/en\\\/#\\\/schema\\\/person\\\/828daacfa37b359e89e981f920072004\",\"name\":\"Tiziano Beneggi\",\"url\":\"https:\\\/\\\/beneggiassociati.com\\\/en\\\/author\\\/tizianobeneggiassociati-com\\\/\"}]}<\/script>\n<!-- \/ Yoast SEO plugin. -->","yoast_head_json":{"title":"Terzo settore, proroga al 3 agosto 2019 - Beneggi &amp; Associati","description":"Onlus, organizzazioni di volontariato e associazioni di promozione sociale avranno a disposizione fino al 3 agosto 2019 (e non pi\u00f9 fino a febbraio) per","robots":{"index":"index","follow":"follow","max-snippet":"max-snippet:-1","max-image-preview":"max-image-preview:large","max-video-preview":"max-video-preview:-1"},"canonical":"https:\/\/beneggiassociati.com\/en\/terzo-settore-proroga-al-3-agosto-2019\/","og_locale":"en_US","og_type":"article","og_title":"Terzo settore, proroga al 3 agosto 2019 - Beneggi &amp; Associati","og_description":"Onlus, organizzazioni di volontariato e associazioni di promozione sociale avranno a disposizione fino al 3 agosto 2019 (e non pi\u00f9 fino a febbraio) per","og_url":"https:\/\/beneggiassociati.com\/en\/terzo-settore-proroga-al-3-agosto-2019\/","og_site_name":"Beneggi &amp; Associati","article_published_time":"2018-10-07T05:10:00+00:00","og_image":[{"width":1280,"height":823,"url":"https:\/\/beneggiassociati.com\/wp-content\/uploads\/2025\/07\/single-post-beneggi.jpg","type":"image\/jpeg"}],"author":"Tiziano Beneggi","twitter_card":"summary_large_image","twitter_misc":{"Written by":"Tiziano Beneggi","Est. reading time":"2 minutes"},"schema":{"@context":"https:\/\/schema.org","@graph":[{"@type":"Article","@id":"https:\/\/beneggiassociati.com\/en\/terzo-settore-proroga-al-3-agosto-2019\/#article","isPartOf":{"@id":"https:\/\/beneggiassociati.com\/en\/terzo-settore-proroga-al-3-agosto-2019\/"},"author":{"name":"Tiziano Beneggi","@id":"https:\/\/beneggiassociati.com\/en\/#\/schema\/person\/828daacfa37b359e89e981f920072004"},"headline":"Terzo settore, proroga al 3 agosto 2019","datePublished":"2018-10-07T05:10:00+00:00","mainEntityOfPage":{"@id":"https:\/\/beneggiassociati.com\/en\/terzo-settore-proroga-al-3-agosto-2019\/"},"wordCount":502,"commentCount":0,"publisher":{"@id":"https:\/\/beneggiassociati.com\/en\/#organization"},"image":{"@id":"https:\/\/beneggiassociati.com\/en\/terzo-settore-proroga-al-3-agosto-2019\/#primaryimage"},"thumbnailUrl":"https:\/\/beneggiassociati.com\/wp-content\/uploads\/2025\/07\/single-post-beneggi.jpg","articleSection":["ARCHIVIO"],"inLanguage":"en-US"},{"@type":"WebPage","@id":"https:\/\/beneggiassociati.com\/en\/terzo-settore-proroga-al-3-agosto-2019\/","url":"https:\/\/beneggiassociati.com\/en\/terzo-settore-proroga-al-3-agosto-2019\/","name":"Terzo settore, proroga al 3 agosto 2019 - Beneggi &amp; Associati","isPartOf":{"@id":"https:\/\/beneggiassociati.com\/en\/#website"},"primaryImageOfPage":{"@id":"https:\/\/beneggiassociati.com\/en\/terzo-settore-proroga-al-3-agosto-2019\/#primaryimage"},"image":{"@id":"https:\/\/beneggiassociati.com\/en\/terzo-settore-proroga-al-3-agosto-2019\/#primaryimage"},"thumbnailUrl":"https:\/\/beneggiassociati.com\/wp-content\/uploads\/2025\/07\/single-post-beneggi.jpg","datePublished":"2018-10-07T05:10:00+00:00","description":"Onlus, organizzazioni di volontariato e associazioni di promozione sociale avranno a disposizione fino al 3 agosto 2019 (e non pi\u00f9 fino a febbraio) per","breadcrumb":{"@id":"https:\/\/beneggiassociati.com\/en\/terzo-settore-proroga-al-3-agosto-2019\/#breadcrumb"},"inLanguage":"en-US","potentialAction":[{"@type":"ReadAction","target":["https:\/\/beneggiassociati.com\/en\/terzo-settore-proroga-al-3-agosto-2019\/"]}]},{"@type":"ImageObject","inLanguage":"en-US","@id":"https:\/\/beneggiassociati.com\/en\/terzo-settore-proroga-al-3-agosto-2019\/#primaryimage","url":"https:\/\/beneggiassociati.com\/wp-content\/uploads\/2025\/07\/single-post-beneggi.jpg","contentUrl":"https:\/\/beneggiassociati.com\/wp-content\/uploads\/2025\/07\/single-post-beneggi.jpg","width":1280,"height":823},{"@type":"BreadcrumbList","@id":"https:\/\/beneggiassociati.com\/en\/terzo-settore-proroga-al-3-agosto-2019\/#breadcrumb","itemListElement":[{"@type":"ListItem","position":1,"name":"Home","item":"https:\/\/beneggiassociati.com\/en\/?page_id=24163"},{"@type":"ListItem","position":2,"name":"Terzo settore, proroga al 3 agosto 2019"}]},{"@type":"WebSite","@id":"https:\/\/beneggiassociati.com\/en\/#website","url":"https:\/\/beneggiassociati.com\/en\/","name":"Beneggi e associati","description":"","publisher":{"@id":"https:\/\/beneggiassociati.com\/en\/#organization"},"potentialAction":[{"@type":"SearchAction","target":{"@type":"EntryPoint","urlTemplate":"https:\/\/beneggiassociati.com\/en\/?s={search_term_string}"},"query-input":{"@type":"PropertyValueSpecification","valueRequired":true,"valueName":"search_term_string"}}],"inLanguage":"en-US"},{"@type":"Organization","@id":"https:\/\/beneggiassociati.com\/en\/#organization","name":"Beneggi e associati","url":"https:\/\/beneggiassociati.com\/en\/","logo":{"@type":"ImageObject","inLanguage":"en-US","@id":"https:\/\/beneggiassociati.com\/en\/#\/schema\/logo\/image\/","url":"https:\/\/beneggiassociati.com\/wp-content\/uploads\/2025\/07\/beneggi-logo.png","contentUrl":"https:\/\/beneggiassociati.com\/wp-content\/uploads\/2025\/07\/beneggi-logo.png","width":141,"height":87,"caption":"Beneggi e associati"},"image":{"@id":"https:\/\/beneggiassociati.com\/en\/#\/schema\/logo\/image\/"}},{"@type":"Person","@id":"https:\/\/beneggiassociati.com\/en\/#\/schema\/person\/828daacfa37b359e89e981f920072004","name":"Tiziano Beneggi","url":"https:\/\/beneggiassociati.com\/en\/author\/tizianobeneggiassociati-com\/"}]}},"_links":{"self":[{"href":"https:\/\/beneggiassociati.com\/en\/wp-json\/wp\/v2\/posts\/16187","targetHints":{"allow":["GET"]}}],"collection":[{"href":"https:\/\/beneggiassociati.com\/en\/wp-json\/wp\/v2\/posts"}],"about":[{"href":"https:\/\/beneggiassociati.com\/en\/wp-json\/wp\/v2\/types\/post"}],"author":[{"embeddable":true,"href":"https:\/\/beneggiassociati.com\/en\/wp-json\/wp\/v2\/users\/4"}],"replies":[{"embeddable":true,"href":"https:\/\/beneggiassociati.com\/en\/wp-json\/wp\/v2\/comments?post=16187"}],"version-history":[{"count":0,"href":"https:\/\/beneggiassociati.com\/en\/wp-json\/wp\/v2\/posts\/16187\/revisions"}],"wp:featuredmedia":[{"embeddable":true,"href":"https:\/\/beneggiassociati.com\/en\/wp-json\/wp\/v2\/media\/409"}],"wp:attachment":[{"href":"https:\/\/beneggiassociati.com\/en\/wp-json\/wp\/v2\/media?parent=16187"}],"wp:term":[{"taxonomy":"category","embeddable":true,"href":"https:\/\/beneggiassociati.com\/en\/wp-json\/wp\/v2\/categories?post=16187"},{"taxonomy":"post_tag","embeddable":true,"href":"https:\/\/beneggiassociati.com\/en\/wp-json\/wp\/v2\/tags?post=16187"}],"curies":[{"name":"wp","href":"https:\/\/api.w.org\/{rel}","templated":true}]}}