{"id":16188,"date":"2018-10-07T07:40:00","date_gmt":"2018-10-07T05:40:00","guid":{"rendered":"https:\/\/dev.beneggiassociati.com\/2018\/10\/07\/amministratori-di-condominio-il-quadro-ac-si-alleggerisce\/"},"modified":"2018-10-07T07:40:00","modified_gmt":"2018-10-07T05:40:00","slug":"amministratori-di-condominio-il-quadro-ac-si-alleggerisce","status":"publish","type":"post","link":"https:\/\/beneggiassociati.com\/en\/amministratori-di-condominio-il-quadro-ac-si-alleggerisce\/","title":{"rendered":"Amministratori di condominio, il quadro AC si alleggerisce"},"content":{"rendered":"<p>Con la risoluzione 67 di ieri l\u2019agenzia delle Entrate chiarisce che non serve inserire nel quadro AC del modello Redditi (ex Unico) i dati relativi a pagamenti per lavori di recupero del patrimonio edilizio, sui quali \u00e8 gi\u00e0 stata operata dalla banca la ritenuta d\u2019acconto dell\u20198 per cento.<br \/>\nIn sostanza, afferma la risoluzione, l\u2019articolo 1, comma 2 del Dm Finanze del 12 novembre 1998 esenta dall\u2019obbligo di comunicare annualmente i dati relativi alle forniture di acqua, elettricit\u00e0 e gas, quelli dei compensi per servizi che sono stati assoggettati a ritenuta alla fonte da parte del condominio (perch\u00e9 gi\u00e0 risultano dal modello 770) e tutti quelli inferiori a 258 euro (riferiti al singolo fornitore).<br \/>\nNella sezione III del quadro AC, quindi, si poneva il dubbio se annotare o meno le somme pagate all\u2019impresa che ha effettuato interventi di recupero del patrimonio edilizio, dato che per questa categoria di pagamento, che avviene solo tramite bonifico, la banca (o Poste Italiane) opera una ritenuta alla fonte in automatico. Ma, chiarisce la risoluzione, quei dati vengono gi\u00e0 inseriti nel modello 770, quadro SY, sezione III, quindi sono del tutto assimilabili a quelli di cui parla l\u2019articolo 2, comma 2, del Dm Finanze del 12 novembre 1998.<br \/>\nLe Entrate ricordano che quei dati affluiscono alle banche dati del fisco anche attraverso \u00abil flusso telematico \u201cbonifici per le spese per interventi di recupero del patrimonio edilizio e di riqualificazione energetica degli edifici\u201d.<br \/>\nIn conclusione, quindi, nella sezione III del quadro AC non vanno pi\u00f9 indicati quei dati.<br \/>\nRimane un dubbio: nell\u2019interpello che ha condotto alla risoluzione il contribuente si \u00e8, evidentemente, dimenticato di allargare la domanda ai pagamenti per gli interventi per il risparmio energetico nelle parti comuni condominiali, che subiscono lo stesso identico trattamento da banche e Poste Italiane e quindi dovrebbe essere anch\u2019essi esentati dall\u2019inserimento nel quadro AC. E le Entrate. Ma l\u2019Agenzia risponde solo alle domande fatte, quindi, anche se la logica vorrebbe che pure questi pagamenti andassero esclusi, si dovr\u00e0 aspettare una disposizione ufficiale.<br \/>\nVa comunque ricordato che l\u2019omessa presentazione del quadro AC \u00e8 soggetta a sanzione che va da 258 a 2.065 euro e non ha conseguenze per il condominio ma esclusivamente per l\u2019amministratore.<br \/>\n&nbsp;<br \/>\n<span style=\"color: #000000;\"><strong><a style=\"color: #000000;\" href=\"mailto:info@beneggiassociati.com\" target=\"_blank\" rel=\"noopener noreferrer\">Sei interessato all\u2019articolo? Scrivici e verrai contattato da un nostro Consultant<\/a><\/strong><\/span><br \/>\n<span style=\"color: #000000;\"><strong><a style=\"color: #000000;\" href=\"https:\/\/beneggiassociati.com\" target=\"_blank\" rel=\"noopener noreferrer\">@ Beneggi e Associati | Commercialisti al servizio delle imprese | Meda | Milano<\/a><\/strong><\/span><\/p>\n","protected":false},"excerpt":{"rendered":"<p>Con la risoluzione 67 di ieri l\u2019agenzia delle Entrate chiarisce che non serve inserire nel quadro AC del modello Redditi (ex Unico) i dati relativi a pagamenti per lavori di recupero del patrimonio edilizio, sui quali \u00e8 gi\u00e0 stata operata dalla banca la ritenuta d\u2019acconto dell\u20198 per cento. In sostanza, afferma la risoluzione, l\u2019articolo 1, [&hellip;]<\/p>\n","protected":false},"author":4,"featured_media":409,"comment_status":"open","ping_status":"open","sticky":false,"template":"","format":"standard","meta":{"_acf_changed":false,"content-type":"","footnotes":""},"categories":[16],"tags":[],"class_list":["post-16188","post","type-post","status-publish","format-standard","has-post-thumbnail","hentry","category-archivio"],"acf":[],"yoast_head":"<!-- This site is optimized with the Yoast SEO plugin v27.5 - https:\/\/yoast.com\/product\/yoast-seo-wordpress\/ -->\n<title>Amministratori di condominio, il quadro AC si alleggerisce - Beneggi &amp; Associati<\/title>\n<meta name=\"description\" content=\"Con la risoluzione 67 di ieri l\u2019agenzia delle Entrate chiarisce che non serve inserire nel quadro AC del modello Redditi (ex Unico) i dati relativi a\" \/>\n<meta name=\"robots\" content=\"index, follow, max-snippet:-1, max-image-preview:large, max-video-preview:-1\" \/>\n<link rel=\"canonical\" href=\"https:\/\/beneggiassociati.com\/en\/amministratori-di-condominio-il-quadro-ac-si-alleggerisce\/\" \/>\n<meta property=\"og:locale\" content=\"en_US\" \/>\n<meta property=\"og:type\" content=\"article\" \/>\n<meta property=\"og:title\" content=\"Amministratori di condominio, il quadro AC si alleggerisce - Beneggi &amp; Associati\" \/>\n<meta property=\"og:description\" content=\"Con la risoluzione 67 di ieri l\u2019agenzia delle Entrate chiarisce che non serve inserire nel quadro AC del modello Redditi (ex Unico) i dati relativi a\" \/>\n<meta property=\"og:url\" content=\"https:\/\/beneggiassociati.com\/en\/amministratori-di-condominio-il-quadro-ac-si-alleggerisce\/\" \/>\n<meta property=\"og:site_name\" content=\"Beneggi &amp; Associati\" \/>\n<meta property=\"article:published_time\" content=\"2018-10-07T05:40:00+00:00\" \/>\n<meta property=\"og:image\" content=\"https:\/\/beneggiassociati.com\/wp-content\/uploads\/2025\/07\/single-post-beneggi.jpg\" \/>\n\t<meta property=\"og:image:width\" content=\"1280\" \/>\n\t<meta property=\"og:image:height\" content=\"823\" \/>\n\t<meta property=\"og:image:type\" content=\"image\/jpeg\" \/>\n<meta name=\"author\" content=\"Tiziano Beneggi\" \/>\n<meta name=\"twitter:card\" content=\"summary_large_image\" \/>\n<meta name=\"twitter:label1\" content=\"Written by\" \/>\n\t<meta name=\"twitter:data1\" content=\"Tiziano Beneggi\" \/>\n\t<meta name=\"twitter:label2\" content=\"Est. reading time\" \/>\n\t<meta name=\"twitter:data2\" content=\"2 minutes\" \/>\n<script type=\"application\/ld+json\" class=\"yoast-schema-graph\">{\"@context\":\"https:\\\/\\\/schema.org\",\"@graph\":[{\"@type\":\"Article\",\"@id\":\"https:\\\/\\\/beneggiassociati.com\\\/en\\\/amministratori-di-condominio-il-quadro-ac-si-alleggerisce\\\/#article\",\"isPartOf\":{\"@id\":\"https:\\\/\\\/beneggiassociati.com\\\/en\\\/amministratori-di-condominio-il-quadro-ac-si-alleggerisce\\\/\"},\"author\":{\"name\":\"Tiziano Beneggi\",\"@id\":\"https:\\\/\\\/beneggiassociati.com\\\/en\\\/#\\\/schema\\\/person\\\/828daacfa37b359e89e981f920072004\"},\"headline\":\"Amministratori di condominio, il quadro AC si alleggerisce\",\"datePublished\":\"2018-10-07T05:40:00+00:00\",\"mainEntityOfPage\":{\"@id\":\"https:\\\/\\\/beneggiassociati.com\\\/en\\\/amministratori-di-condominio-il-quadro-ac-si-alleggerisce\\\/\"},\"wordCount\":389,\"commentCount\":0,\"publisher\":{\"@id\":\"https:\\\/\\\/beneggiassociati.com\\\/en\\\/#organization\"},\"image\":{\"@id\":\"https:\\\/\\\/beneggiassociati.com\\\/en\\\/amministratori-di-condominio-il-quadro-ac-si-alleggerisce\\\/#primaryimage\"},\"thumbnailUrl\":\"https:\\\/\\\/beneggiassociati.com\\\/wp-content\\\/uploads\\\/2025\\\/07\\\/single-post-beneggi.jpg\",\"articleSection\":[\"ARCHIVIO\"],\"inLanguage\":\"en-US\"},{\"@type\":\"WebPage\",\"@id\":\"https:\\\/\\\/beneggiassociati.com\\\/en\\\/amministratori-di-condominio-il-quadro-ac-si-alleggerisce\\\/\",\"url\":\"https:\\\/\\\/beneggiassociati.com\\\/en\\\/amministratori-di-condominio-il-quadro-ac-si-alleggerisce\\\/\",\"name\":\"Amministratori di condominio, il quadro AC si alleggerisce - Beneggi &amp; Associati\",\"isPartOf\":{\"@id\":\"https:\\\/\\\/beneggiassociati.com\\\/en\\\/#website\"},\"primaryImageOfPage\":{\"@id\":\"https:\\\/\\\/beneggiassociati.com\\\/en\\\/amministratori-di-condominio-il-quadro-ac-si-alleggerisce\\\/#primaryimage\"},\"image\":{\"@id\":\"https:\\\/\\\/beneggiassociati.com\\\/en\\\/amministratori-di-condominio-il-quadro-ac-si-alleggerisce\\\/#primaryimage\"},\"thumbnailUrl\":\"https:\\\/\\\/beneggiassociati.com\\\/wp-content\\\/uploads\\\/2025\\\/07\\\/single-post-beneggi.jpg\",\"datePublished\":\"2018-10-07T05:40:00+00:00\",\"description\":\"Con la risoluzione 67 di ieri l\u2019agenzia delle Entrate chiarisce che non serve inserire nel quadro AC del modello Redditi (ex Unico) i dati relativi a\",\"breadcrumb\":{\"@id\":\"https:\\\/\\\/beneggiassociati.com\\\/en\\\/amministratori-di-condominio-il-quadro-ac-si-alleggerisce\\\/#breadcrumb\"},\"inLanguage\":\"en-US\",\"potentialAction\":[{\"@type\":\"ReadAction\",\"target\":[\"https:\\\/\\\/beneggiassociati.com\\\/en\\\/amministratori-di-condominio-il-quadro-ac-si-alleggerisce\\\/\"]}]},{\"@type\":\"ImageObject\",\"inLanguage\":\"en-US\",\"@id\":\"https:\\\/\\\/beneggiassociati.com\\\/en\\\/amministratori-di-condominio-il-quadro-ac-si-alleggerisce\\\/#primaryimage\",\"url\":\"https:\\\/\\\/beneggiassociati.com\\\/wp-content\\\/uploads\\\/2025\\\/07\\\/single-post-beneggi.jpg\",\"contentUrl\":\"https:\\\/\\\/beneggiassociati.com\\\/wp-content\\\/uploads\\\/2025\\\/07\\\/single-post-beneggi.jpg\",\"width\":1280,\"height\":823},{\"@type\":\"BreadcrumbList\",\"@id\":\"https:\\\/\\\/beneggiassociati.com\\\/en\\\/amministratori-di-condominio-il-quadro-ac-si-alleggerisce\\\/#breadcrumb\",\"itemListElement\":[{\"@type\":\"ListItem\",\"position\":1,\"name\":\"Home\",\"item\":\"https:\\\/\\\/beneggiassociati.com\\\/en\\\/?page_id=24163\"},{\"@type\":\"ListItem\",\"position\":2,\"name\":\"Amministratori di condominio, il quadro AC si alleggerisce\"}]},{\"@type\":\"WebSite\",\"@id\":\"https:\\\/\\\/beneggiassociati.com\\\/en\\\/#website\",\"url\":\"https:\\\/\\\/beneggiassociati.com\\\/en\\\/\",\"name\":\"Beneggi e associati\",\"description\":\"\",\"publisher\":{\"@id\":\"https:\\\/\\\/beneggiassociati.com\\\/en\\\/#organization\"},\"potentialAction\":[{\"@type\":\"SearchAction\",\"target\":{\"@type\":\"EntryPoint\",\"urlTemplate\":\"https:\\\/\\\/beneggiassociati.com\\\/en\\\/?s={search_term_string}\"},\"query-input\":{\"@type\":\"PropertyValueSpecification\",\"valueRequired\":true,\"valueName\":\"search_term_string\"}}],\"inLanguage\":\"en-US\"},{\"@type\":\"Organization\",\"@id\":\"https:\\\/\\\/beneggiassociati.com\\\/en\\\/#organization\",\"name\":\"Beneggi e associati\",\"url\":\"https:\\\/\\\/beneggiassociati.com\\\/en\\\/\",\"logo\":{\"@type\":\"ImageObject\",\"inLanguage\":\"en-US\",\"@id\":\"https:\\\/\\\/beneggiassociati.com\\\/en\\\/#\\\/schema\\\/logo\\\/image\\\/\",\"url\":\"https:\\\/\\\/beneggiassociati.com\\\/wp-content\\\/uploads\\\/2025\\\/07\\\/beneggi-logo.png\",\"contentUrl\":\"https:\\\/\\\/beneggiassociati.com\\\/wp-content\\\/uploads\\\/2025\\\/07\\\/beneggi-logo.png\",\"width\":141,\"height\":87,\"caption\":\"Beneggi e associati\"},\"image\":{\"@id\":\"https:\\\/\\\/beneggiassociati.com\\\/en\\\/#\\\/schema\\\/logo\\\/image\\\/\"}},{\"@type\":\"Person\",\"@id\":\"https:\\\/\\\/beneggiassociati.com\\\/en\\\/#\\\/schema\\\/person\\\/828daacfa37b359e89e981f920072004\",\"name\":\"Tiziano Beneggi\",\"url\":\"https:\\\/\\\/beneggiassociati.com\\\/en\\\/author\\\/tizianobeneggiassociati-com\\\/\"}]}<\/script>\n<!-- \/ Yoast SEO plugin. -->","yoast_head_json":{"title":"Amministratori di condominio, il quadro AC si alleggerisce - Beneggi &amp; Associati","description":"Con la risoluzione 67 di ieri l\u2019agenzia delle Entrate chiarisce che non serve inserire nel quadro AC del modello Redditi (ex Unico) i dati relativi a","robots":{"index":"index","follow":"follow","max-snippet":"max-snippet:-1","max-image-preview":"max-image-preview:large","max-video-preview":"max-video-preview:-1"},"canonical":"https:\/\/beneggiassociati.com\/en\/amministratori-di-condominio-il-quadro-ac-si-alleggerisce\/","og_locale":"en_US","og_type":"article","og_title":"Amministratori di condominio, il quadro AC si alleggerisce - Beneggi &amp; Associati","og_description":"Con la risoluzione 67 di ieri l\u2019agenzia delle Entrate chiarisce che non serve inserire nel quadro AC del modello Redditi (ex Unico) i dati relativi a","og_url":"https:\/\/beneggiassociati.com\/en\/amministratori-di-condominio-il-quadro-ac-si-alleggerisce\/","og_site_name":"Beneggi &amp; Associati","article_published_time":"2018-10-07T05:40:00+00:00","og_image":[{"width":1280,"height":823,"url":"https:\/\/beneggiassociati.com\/wp-content\/uploads\/2025\/07\/single-post-beneggi.jpg","type":"image\/jpeg"}],"author":"Tiziano Beneggi","twitter_card":"summary_large_image","twitter_misc":{"Written by":"Tiziano Beneggi","Est. reading time":"2 minutes"},"schema":{"@context":"https:\/\/schema.org","@graph":[{"@type":"Article","@id":"https:\/\/beneggiassociati.com\/en\/amministratori-di-condominio-il-quadro-ac-si-alleggerisce\/#article","isPartOf":{"@id":"https:\/\/beneggiassociati.com\/en\/amministratori-di-condominio-il-quadro-ac-si-alleggerisce\/"},"author":{"name":"Tiziano Beneggi","@id":"https:\/\/beneggiassociati.com\/en\/#\/schema\/person\/828daacfa37b359e89e981f920072004"},"headline":"Amministratori di condominio, il quadro AC si alleggerisce","datePublished":"2018-10-07T05:40:00+00:00","mainEntityOfPage":{"@id":"https:\/\/beneggiassociati.com\/en\/amministratori-di-condominio-il-quadro-ac-si-alleggerisce\/"},"wordCount":389,"commentCount":0,"publisher":{"@id":"https:\/\/beneggiassociati.com\/en\/#organization"},"image":{"@id":"https:\/\/beneggiassociati.com\/en\/amministratori-di-condominio-il-quadro-ac-si-alleggerisce\/#primaryimage"},"thumbnailUrl":"https:\/\/beneggiassociati.com\/wp-content\/uploads\/2025\/07\/single-post-beneggi.jpg","articleSection":["ARCHIVIO"],"inLanguage":"en-US"},{"@type":"WebPage","@id":"https:\/\/beneggiassociati.com\/en\/amministratori-di-condominio-il-quadro-ac-si-alleggerisce\/","url":"https:\/\/beneggiassociati.com\/en\/amministratori-di-condominio-il-quadro-ac-si-alleggerisce\/","name":"Amministratori di condominio, il quadro AC si alleggerisce - Beneggi &amp; Associati","isPartOf":{"@id":"https:\/\/beneggiassociati.com\/en\/#website"},"primaryImageOfPage":{"@id":"https:\/\/beneggiassociati.com\/en\/amministratori-di-condominio-il-quadro-ac-si-alleggerisce\/#primaryimage"},"image":{"@id":"https:\/\/beneggiassociati.com\/en\/amministratori-di-condominio-il-quadro-ac-si-alleggerisce\/#primaryimage"},"thumbnailUrl":"https:\/\/beneggiassociati.com\/wp-content\/uploads\/2025\/07\/single-post-beneggi.jpg","datePublished":"2018-10-07T05:40:00+00:00","description":"Con la risoluzione 67 di ieri l\u2019agenzia delle Entrate chiarisce che non serve inserire nel quadro AC del modello Redditi (ex Unico) i dati relativi a","breadcrumb":{"@id":"https:\/\/beneggiassociati.com\/en\/amministratori-di-condominio-il-quadro-ac-si-alleggerisce\/#breadcrumb"},"inLanguage":"en-US","potentialAction":[{"@type":"ReadAction","target":["https:\/\/beneggiassociati.com\/en\/amministratori-di-condominio-il-quadro-ac-si-alleggerisce\/"]}]},{"@type":"ImageObject","inLanguage":"en-US","@id":"https:\/\/beneggiassociati.com\/en\/amministratori-di-condominio-il-quadro-ac-si-alleggerisce\/#primaryimage","url":"https:\/\/beneggiassociati.com\/wp-content\/uploads\/2025\/07\/single-post-beneggi.jpg","contentUrl":"https:\/\/beneggiassociati.com\/wp-content\/uploads\/2025\/07\/single-post-beneggi.jpg","width":1280,"height":823},{"@type":"BreadcrumbList","@id":"https:\/\/beneggiassociati.com\/en\/amministratori-di-condominio-il-quadro-ac-si-alleggerisce\/#breadcrumb","itemListElement":[{"@type":"ListItem","position":1,"name":"Home","item":"https:\/\/beneggiassociati.com\/en\/?page_id=24163"},{"@type":"ListItem","position":2,"name":"Amministratori di condominio, il quadro AC si alleggerisce"}]},{"@type":"WebSite","@id":"https:\/\/beneggiassociati.com\/en\/#website","url":"https:\/\/beneggiassociati.com\/en\/","name":"Beneggi e associati","description":"","publisher":{"@id":"https:\/\/beneggiassociati.com\/en\/#organization"},"potentialAction":[{"@type":"SearchAction","target":{"@type":"EntryPoint","urlTemplate":"https:\/\/beneggiassociati.com\/en\/?s={search_term_string}"},"query-input":{"@type":"PropertyValueSpecification","valueRequired":true,"valueName":"search_term_string"}}],"inLanguage":"en-US"},{"@type":"Organization","@id":"https:\/\/beneggiassociati.com\/en\/#organization","name":"Beneggi e associati","url":"https:\/\/beneggiassociati.com\/en\/","logo":{"@type":"ImageObject","inLanguage":"en-US","@id":"https:\/\/beneggiassociati.com\/en\/#\/schema\/logo\/image\/","url":"https:\/\/beneggiassociati.com\/wp-content\/uploads\/2025\/07\/beneggi-logo.png","contentUrl":"https:\/\/beneggiassociati.com\/wp-content\/uploads\/2025\/07\/beneggi-logo.png","width":141,"height":87,"caption":"Beneggi e associati"},"image":{"@id":"https:\/\/beneggiassociati.com\/en\/#\/schema\/logo\/image\/"}},{"@type":"Person","@id":"https:\/\/beneggiassociati.com\/en\/#\/schema\/person\/828daacfa37b359e89e981f920072004","name":"Tiziano Beneggi","url":"https:\/\/beneggiassociati.com\/en\/author\/tizianobeneggiassociati-com\/"}]}},"_links":{"self":[{"href":"https:\/\/beneggiassociati.com\/en\/wp-json\/wp\/v2\/posts\/16188","targetHints":{"allow":["GET"]}}],"collection":[{"href":"https:\/\/beneggiassociati.com\/en\/wp-json\/wp\/v2\/posts"}],"about":[{"href":"https:\/\/beneggiassociati.com\/en\/wp-json\/wp\/v2\/types\/post"}],"author":[{"embeddable":true,"href":"https:\/\/beneggiassociati.com\/en\/wp-json\/wp\/v2\/users\/4"}],"replies":[{"embeddable":true,"href":"https:\/\/beneggiassociati.com\/en\/wp-json\/wp\/v2\/comments?post=16188"}],"version-history":[{"count":0,"href":"https:\/\/beneggiassociati.com\/en\/wp-json\/wp\/v2\/posts\/16188\/revisions"}],"wp:featuredmedia":[{"embeddable":true,"href":"https:\/\/beneggiassociati.com\/en\/wp-json\/wp\/v2\/media\/409"}],"wp:attachment":[{"href":"https:\/\/beneggiassociati.com\/en\/wp-json\/wp\/v2\/media?parent=16188"}],"wp:term":[{"taxonomy":"category","embeddable":true,"href":"https:\/\/beneggiassociati.com\/en\/wp-json\/wp\/v2\/categories?post=16188"},{"taxonomy":"post_tag","embeddable":true,"href":"https:\/\/beneggiassociati.com\/en\/wp-json\/wp\/v2\/tags?post=16188"}],"curies":[{"name":"wp","href":"https:\/\/api.w.org\/{rel}","templated":true}]}}