{"id":16195,"date":"2018-10-20T09:40:00","date_gmt":"2018-10-20T07:40:00","guid":{"rendered":"https:\/\/dev.beneggiassociati.com\/2018\/10\/20\/ricerca-industriale-istanze-dal-27-novembre\/"},"modified":"2018-10-20T09:40:00","modified_gmt":"2018-10-20T07:40:00","slug":"ricerca-industriale-istanze-dal-27-novembre","status":"publish","type":"post","link":"https:\/\/beneggiassociati.com\/en\/ricerca-industriale-istanze-dal-27-novembre\/","title":{"rendered":"Ricerca industriale, istanze dal 27 novembre"},"content":{"rendered":"<p>Le domande per l\u2019accesso al bando \u00abFabbrica intelligente\u00bb potranno essere presentate, in via esclusivamente telematica, a partire dalle ore 10 del 27 novembre.<br \/>\nSi tratta, pi\u00f9 nel dettaglio, del bando da oltre 560 milioni di euro pensato per promuovere la ricerca industriale e le attivit\u00e0 di sviluppo sperimentale nei settori \u00abfabbrica intelligente\u00bb, \u00abagri-food\u00bb e \u00abscienze della vita\u00bb, svolte da imprese di qualsiasi dimensione, incluse le artigiane e le imprese agricole, indipendentemente dalla loro localizzazione.<br \/>\nLa chiamata \u00e8 riservata a tutte le imprese, in regime di contabilit\u00e0 ordinaria e con almeno due bilanci approvati, che svolgono attivit\u00e0 industriale diretta alla produzione di beni o di servizi, incluse le imprese artigiane prevalentemente dedite ad attivit\u00e0 industriali, le imprese di trasporto, le imprese agro-industriali e le imprese che erogano servizi a tali imprese. Sono esplicitamente inclusi anche i centri di ricerca, diversi dai cosiddetti \u00aborganismi di ricerca\u00bb.<br \/>\nI progetti che possono accedere all\u2019agevolazione devono prevedere attivit\u00e0 di ricerca industriale e di sviluppo sperimentale, strettamente connesse tra di loro e finalizzate alla realizzazione di nuovi prodotti, servizi o processi o al notevole miglioramento di quelli esistenti.<br \/>\nLe tecnologie abilitanti indicate nel decreto sono: le tecnologie dell\u2019informazione e della comunicazione; le nanotecnologie; i materiali avanzati; le biotecnologie; fabbricazione e trasformazione avanzate; lo spazio. I progetti possono essere agevolati sulla base di due procedure: la procedura a sportello, pi\u00f9 semplice, per i progetti di minore dimensione, e la procedura negoziale, che prevede la definizione di un accordo per l\u2019innovazione.<br \/>\n&nbsp;<br \/>\n<span style=\"color: #000000;\"><strong><a style=\"color: #000000;\" href=\"mailto:info@beneggiassociati.com\" target=\"_blank\" rel=\"noopener noreferrer\">Sei interessato all\u2019articolo? Scrivici e verrai contattato da un nostro Consultant<\/a><\/strong><\/span><br \/>\n<span style=\"color: #000000;\"><strong><a style=\"color: #000000;\" href=\"https:\/\/beneggiassociati.com\" target=\"_blank\" rel=\"noopener noreferrer\">@ Beneggi e Associati | Commercialisti al servizio delle imprese | Meda | Milano<\/a><\/strong><\/span><\/p>\n","protected":false},"excerpt":{"rendered":"<p>Le domande per l\u2019accesso al bando \u00abFabbrica intelligente\u00bb potranno essere presentate, in via esclusivamente telematica, a partire dalle ore 10 del 27 novembre. Si tratta, pi\u00f9 nel dettaglio, del bando da oltre 560 milioni di euro pensato per promuovere la ricerca industriale e le attivit\u00e0 di sviluppo sperimentale nei settori \u00abfabbrica intelligente\u00bb, \u00abagri-food\u00bb e \u00abscienze [&hellip;]<\/p>\n","protected":false},"author":4,"featured_media":409,"comment_status":"open","ping_status":"open","sticky":false,"template":"","format":"standard","meta":{"_acf_changed":false,"content-type":"","footnotes":""},"categories":[16],"tags":[],"class_list":["post-16195","post","type-post","status-publish","format-standard","has-post-thumbnail","hentry","category-archivio"],"acf":[],"yoast_head":"<!-- This site is optimized with the Yoast SEO plugin v27.5 - https:\/\/yoast.com\/product\/yoast-seo-wordpress\/ -->\n<title>Ricerca industriale, istanze dal 27 novembre - Beneggi &amp; Associati<\/title>\n<meta name=\"description\" content=\"Le domande per l\u2019accesso al bando \u00abFabbrica intelligente\u00bb potranno essere presentate, in via esclusivamente telematica, a partire dalle ore 10 del 27\" \/>\n<meta name=\"robots\" content=\"index, follow, max-snippet:-1, max-image-preview:large, max-video-preview:-1\" \/>\n<link rel=\"canonical\" href=\"https:\/\/beneggiassociati.com\/en\/ricerca-industriale-istanze-dal-27-novembre\/\" \/>\n<meta property=\"og:locale\" content=\"en_US\" \/>\n<meta property=\"og:type\" content=\"article\" \/>\n<meta property=\"og:title\" content=\"Ricerca industriale, istanze dal 27 novembre - Beneggi &amp; Associati\" \/>\n<meta property=\"og:description\" content=\"Le domande per l\u2019accesso al bando \u00abFabbrica intelligente\u00bb potranno essere presentate, in via esclusivamente telematica, a partire dalle ore 10 del 27\" \/>\n<meta property=\"og:url\" content=\"https:\/\/beneggiassociati.com\/en\/ricerca-industriale-istanze-dal-27-novembre\/\" \/>\n<meta property=\"og:site_name\" content=\"Beneggi &amp; Associati\" \/>\n<meta property=\"article:published_time\" content=\"2018-10-20T07:40:00+00:00\" \/>\n<meta property=\"og:image\" content=\"https:\/\/beneggiassociati.com\/wp-content\/uploads\/2025\/07\/single-post-beneggi.jpg\" \/>\n\t<meta property=\"og:image:width\" content=\"1280\" \/>\n\t<meta property=\"og:image:height\" content=\"823\" \/>\n\t<meta property=\"og:image:type\" content=\"image\/jpeg\" \/>\n<meta name=\"author\" content=\"Tiziano Beneggi\" \/>\n<meta name=\"twitter:card\" content=\"summary_large_image\" \/>\n<meta name=\"twitter:label1\" content=\"Written by\" \/>\n\t<meta name=\"twitter:data1\" content=\"Tiziano Beneggi\" \/>\n\t<meta name=\"twitter:label2\" content=\"Est. reading time\" \/>\n\t<meta name=\"twitter:data2\" content=\"1 minute\" \/>\n<script type=\"application\/ld+json\" class=\"yoast-schema-graph\">{\"@context\":\"https:\\\/\\\/schema.org\",\"@graph\":[{\"@type\":\"Article\",\"@id\":\"https:\\\/\\\/beneggiassociati.com\\\/en\\\/ricerca-industriale-istanze-dal-27-novembre\\\/#article\",\"isPartOf\":{\"@id\":\"https:\\\/\\\/beneggiassociati.com\\\/en\\\/ricerca-industriale-istanze-dal-27-novembre\\\/\"},\"author\":{\"name\":\"Tiziano Beneggi\",\"@id\":\"https:\\\/\\\/beneggiassociati.com\\\/en\\\/#\\\/schema\\\/person\\\/828daacfa37b359e89e981f920072004\"},\"headline\":\"Ricerca industriale, istanze dal 27 novembre\",\"datePublished\":\"2018-10-20T07:40:00+00:00\",\"mainEntityOfPage\":{\"@id\":\"https:\\\/\\\/beneggiassociati.com\\\/en\\\/ricerca-industriale-istanze-dal-27-novembre\\\/\"},\"wordCount\":271,\"commentCount\":0,\"publisher\":{\"@id\":\"https:\\\/\\\/beneggiassociati.com\\\/en\\\/#organization\"},\"image\":{\"@id\":\"https:\\\/\\\/beneggiassociati.com\\\/en\\\/ricerca-industriale-istanze-dal-27-novembre\\\/#primaryimage\"},\"thumbnailUrl\":\"https:\\\/\\\/beneggiassociati.com\\\/wp-content\\\/uploads\\\/2025\\\/07\\\/single-post-beneggi.jpg\",\"articleSection\":[\"ARCHIVIO\"],\"inLanguage\":\"en-US\"},{\"@type\":\"WebPage\",\"@id\":\"https:\\\/\\\/beneggiassociati.com\\\/en\\\/ricerca-industriale-istanze-dal-27-novembre\\\/\",\"url\":\"https:\\\/\\\/beneggiassociati.com\\\/en\\\/ricerca-industriale-istanze-dal-27-novembre\\\/\",\"name\":\"Ricerca industriale, istanze dal 27 novembre - Beneggi &amp; Associati\",\"isPartOf\":{\"@id\":\"https:\\\/\\\/beneggiassociati.com\\\/en\\\/#website\"},\"primaryImageOfPage\":{\"@id\":\"https:\\\/\\\/beneggiassociati.com\\\/en\\\/ricerca-industriale-istanze-dal-27-novembre\\\/#primaryimage\"},\"image\":{\"@id\":\"https:\\\/\\\/beneggiassociati.com\\\/en\\\/ricerca-industriale-istanze-dal-27-novembre\\\/#primaryimage\"},\"thumbnailUrl\":\"https:\\\/\\\/beneggiassociati.com\\\/wp-content\\\/uploads\\\/2025\\\/07\\\/single-post-beneggi.jpg\",\"datePublished\":\"2018-10-20T07:40:00+00:00\",\"description\":\"Le domande per l\u2019accesso al bando \u00abFabbrica intelligente\u00bb potranno essere presentate, in via esclusivamente telematica, a partire dalle ore 10 del 27\",\"breadcrumb\":{\"@id\":\"https:\\\/\\\/beneggiassociati.com\\\/en\\\/ricerca-industriale-istanze-dal-27-novembre\\\/#breadcrumb\"},\"inLanguage\":\"en-US\",\"potentialAction\":[{\"@type\":\"ReadAction\",\"target\":[\"https:\\\/\\\/beneggiassociati.com\\\/en\\\/ricerca-industriale-istanze-dal-27-novembre\\\/\"]}]},{\"@type\":\"ImageObject\",\"inLanguage\":\"en-US\",\"@id\":\"https:\\\/\\\/beneggiassociati.com\\\/en\\\/ricerca-industriale-istanze-dal-27-novembre\\\/#primaryimage\",\"url\":\"https:\\\/\\\/beneggiassociati.com\\\/wp-content\\\/uploads\\\/2025\\\/07\\\/single-post-beneggi.jpg\",\"contentUrl\":\"https:\\\/\\\/beneggiassociati.com\\\/wp-content\\\/uploads\\\/2025\\\/07\\\/single-post-beneggi.jpg\",\"width\":1280,\"height\":823},{\"@type\":\"BreadcrumbList\",\"@id\":\"https:\\\/\\\/beneggiassociati.com\\\/en\\\/ricerca-industriale-istanze-dal-27-novembre\\\/#breadcrumb\",\"itemListElement\":[{\"@type\":\"ListItem\",\"position\":1,\"name\":\"Home\",\"item\":\"https:\\\/\\\/beneggiassociati.com\\\/en\\\/?page_id=24163\"},{\"@type\":\"ListItem\",\"position\":2,\"name\":\"Ricerca industriale, istanze dal 27 novembre\"}]},{\"@type\":\"WebSite\",\"@id\":\"https:\\\/\\\/beneggiassociati.com\\\/en\\\/#website\",\"url\":\"https:\\\/\\\/beneggiassociati.com\\\/en\\\/\",\"name\":\"Beneggi e associati\",\"description\":\"\",\"publisher\":{\"@id\":\"https:\\\/\\\/beneggiassociati.com\\\/en\\\/#organization\"},\"potentialAction\":[{\"@type\":\"SearchAction\",\"target\":{\"@type\":\"EntryPoint\",\"urlTemplate\":\"https:\\\/\\\/beneggiassociati.com\\\/en\\\/?s={search_term_string}\"},\"query-input\":{\"@type\":\"PropertyValueSpecification\",\"valueRequired\":true,\"valueName\":\"search_term_string\"}}],\"inLanguage\":\"en-US\"},{\"@type\":\"Organization\",\"@id\":\"https:\\\/\\\/beneggiassociati.com\\\/en\\\/#organization\",\"name\":\"Beneggi e associati\",\"url\":\"https:\\\/\\\/beneggiassociati.com\\\/en\\\/\",\"logo\":{\"@type\":\"ImageObject\",\"inLanguage\":\"en-US\",\"@id\":\"https:\\\/\\\/beneggiassociati.com\\\/en\\\/#\\\/schema\\\/logo\\\/image\\\/\",\"url\":\"https:\\\/\\\/beneggiassociati.com\\\/wp-content\\\/uploads\\\/2025\\\/07\\\/beneggi-logo.png\",\"contentUrl\":\"https:\\\/\\\/beneggiassociati.com\\\/wp-content\\\/uploads\\\/2025\\\/07\\\/beneggi-logo.png\",\"width\":141,\"height\":87,\"caption\":\"Beneggi e associati\"},\"image\":{\"@id\":\"https:\\\/\\\/beneggiassociati.com\\\/en\\\/#\\\/schema\\\/logo\\\/image\\\/\"}},{\"@type\":\"Person\",\"@id\":\"https:\\\/\\\/beneggiassociati.com\\\/en\\\/#\\\/schema\\\/person\\\/828daacfa37b359e89e981f920072004\",\"name\":\"Tiziano Beneggi\",\"url\":\"https:\\\/\\\/beneggiassociati.com\\\/en\\\/author\\\/tizianobeneggiassociati-com\\\/\"}]}<\/script>\n<!-- \/ Yoast SEO plugin. -->","yoast_head_json":{"title":"Ricerca industriale, istanze dal 27 novembre - Beneggi &amp; Associati","description":"Le domande per l\u2019accesso al bando \u00abFabbrica intelligente\u00bb potranno essere presentate, in via esclusivamente telematica, a partire dalle ore 10 del 27","robots":{"index":"index","follow":"follow","max-snippet":"max-snippet:-1","max-image-preview":"max-image-preview:large","max-video-preview":"max-video-preview:-1"},"canonical":"https:\/\/beneggiassociati.com\/en\/ricerca-industriale-istanze-dal-27-novembre\/","og_locale":"en_US","og_type":"article","og_title":"Ricerca industriale, istanze dal 27 novembre - Beneggi &amp; Associati","og_description":"Le domande per l\u2019accesso al bando \u00abFabbrica intelligente\u00bb potranno essere presentate, in via esclusivamente telematica, a partire dalle ore 10 del 27","og_url":"https:\/\/beneggiassociati.com\/en\/ricerca-industriale-istanze-dal-27-novembre\/","og_site_name":"Beneggi &amp; Associati","article_published_time":"2018-10-20T07:40:00+00:00","og_image":[{"width":1280,"height":823,"url":"https:\/\/beneggiassociati.com\/wp-content\/uploads\/2025\/07\/single-post-beneggi.jpg","type":"image\/jpeg"}],"author":"Tiziano Beneggi","twitter_card":"summary_large_image","twitter_misc":{"Written by":"Tiziano Beneggi","Est. reading time":"1 minute"},"schema":{"@context":"https:\/\/schema.org","@graph":[{"@type":"Article","@id":"https:\/\/beneggiassociati.com\/en\/ricerca-industriale-istanze-dal-27-novembre\/#article","isPartOf":{"@id":"https:\/\/beneggiassociati.com\/en\/ricerca-industriale-istanze-dal-27-novembre\/"},"author":{"name":"Tiziano Beneggi","@id":"https:\/\/beneggiassociati.com\/en\/#\/schema\/person\/828daacfa37b359e89e981f920072004"},"headline":"Ricerca industriale, istanze dal 27 novembre","datePublished":"2018-10-20T07:40:00+00:00","mainEntityOfPage":{"@id":"https:\/\/beneggiassociati.com\/en\/ricerca-industriale-istanze-dal-27-novembre\/"},"wordCount":271,"commentCount":0,"publisher":{"@id":"https:\/\/beneggiassociati.com\/en\/#organization"},"image":{"@id":"https:\/\/beneggiassociati.com\/en\/ricerca-industriale-istanze-dal-27-novembre\/#primaryimage"},"thumbnailUrl":"https:\/\/beneggiassociati.com\/wp-content\/uploads\/2025\/07\/single-post-beneggi.jpg","articleSection":["ARCHIVIO"],"inLanguage":"en-US"},{"@type":"WebPage","@id":"https:\/\/beneggiassociati.com\/en\/ricerca-industriale-istanze-dal-27-novembre\/","url":"https:\/\/beneggiassociati.com\/en\/ricerca-industriale-istanze-dal-27-novembre\/","name":"Ricerca industriale, istanze dal 27 novembre - Beneggi &amp; Associati","isPartOf":{"@id":"https:\/\/beneggiassociati.com\/en\/#website"},"primaryImageOfPage":{"@id":"https:\/\/beneggiassociati.com\/en\/ricerca-industriale-istanze-dal-27-novembre\/#primaryimage"},"image":{"@id":"https:\/\/beneggiassociati.com\/en\/ricerca-industriale-istanze-dal-27-novembre\/#primaryimage"},"thumbnailUrl":"https:\/\/beneggiassociati.com\/wp-content\/uploads\/2025\/07\/single-post-beneggi.jpg","datePublished":"2018-10-20T07:40:00+00:00","description":"Le domande per l\u2019accesso al bando \u00abFabbrica intelligente\u00bb potranno essere presentate, in via esclusivamente telematica, a partire dalle ore 10 del 27","breadcrumb":{"@id":"https:\/\/beneggiassociati.com\/en\/ricerca-industriale-istanze-dal-27-novembre\/#breadcrumb"},"inLanguage":"en-US","potentialAction":[{"@type":"ReadAction","target":["https:\/\/beneggiassociati.com\/en\/ricerca-industriale-istanze-dal-27-novembre\/"]}]},{"@type":"ImageObject","inLanguage":"en-US","@id":"https:\/\/beneggiassociati.com\/en\/ricerca-industriale-istanze-dal-27-novembre\/#primaryimage","url":"https:\/\/beneggiassociati.com\/wp-content\/uploads\/2025\/07\/single-post-beneggi.jpg","contentUrl":"https:\/\/beneggiassociati.com\/wp-content\/uploads\/2025\/07\/single-post-beneggi.jpg","width":1280,"height":823},{"@type":"BreadcrumbList","@id":"https:\/\/beneggiassociati.com\/en\/ricerca-industriale-istanze-dal-27-novembre\/#breadcrumb","itemListElement":[{"@type":"ListItem","position":1,"name":"Home","item":"https:\/\/beneggiassociati.com\/en\/?page_id=24163"},{"@type":"ListItem","position":2,"name":"Ricerca industriale, istanze dal 27 novembre"}]},{"@type":"WebSite","@id":"https:\/\/beneggiassociati.com\/en\/#website","url":"https:\/\/beneggiassociati.com\/en\/","name":"Beneggi e associati","description":"","publisher":{"@id":"https:\/\/beneggiassociati.com\/en\/#organization"},"potentialAction":[{"@type":"SearchAction","target":{"@type":"EntryPoint","urlTemplate":"https:\/\/beneggiassociati.com\/en\/?s={search_term_string}"},"query-input":{"@type":"PropertyValueSpecification","valueRequired":true,"valueName":"search_term_string"}}],"inLanguage":"en-US"},{"@type":"Organization","@id":"https:\/\/beneggiassociati.com\/en\/#organization","name":"Beneggi e associati","url":"https:\/\/beneggiassociati.com\/en\/","logo":{"@type":"ImageObject","inLanguage":"en-US","@id":"https:\/\/beneggiassociati.com\/en\/#\/schema\/logo\/image\/","url":"https:\/\/beneggiassociati.com\/wp-content\/uploads\/2025\/07\/beneggi-logo.png","contentUrl":"https:\/\/beneggiassociati.com\/wp-content\/uploads\/2025\/07\/beneggi-logo.png","width":141,"height":87,"caption":"Beneggi e associati"},"image":{"@id":"https:\/\/beneggiassociati.com\/en\/#\/schema\/logo\/image\/"}},{"@type":"Person","@id":"https:\/\/beneggiassociati.com\/en\/#\/schema\/person\/828daacfa37b359e89e981f920072004","name":"Tiziano Beneggi","url":"https:\/\/beneggiassociati.com\/en\/author\/tizianobeneggiassociati-com\/"}]}},"_links":{"self":[{"href":"https:\/\/beneggiassociati.com\/en\/wp-json\/wp\/v2\/posts\/16195","targetHints":{"allow":["GET"]}}],"collection":[{"href":"https:\/\/beneggiassociati.com\/en\/wp-json\/wp\/v2\/posts"}],"about":[{"href":"https:\/\/beneggiassociati.com\/en\/wp-json\/wp\/v2\/types\/post"}],"author":[{"embeddable":true,"href":"https:\/\/beneggiassociati.com\/en\/wp-json\/wp\/v2\/users\/4"}],"replies":[{"embeddable":true,"href":"https:\/\/beneggiassociati.com\/en\/wp-json\/wp\/v2\/comments?post=16195"}],"version-history":[{"count":0,"href":"https:\/\/beneggiassociati.com\/en\/wp-json\/wp\/v2\/posts\/16195\/revisions"}],"wp:featuredmedia":[{"embeddable":true,"href":"https:\/\/beneggiassociati.com\/en\/wp-json\/wp\/v2\/media\/409"}],"wp:attachment":[{"href":"https:\/\/beneggiassociati.com\/en\/wp-json\/wp\/v2\/media?parent=16195"}],"wp:term":[{"taxonomy":"category","embeddable":true,"href":"https:\/\/beneggiassociati.com\/en\/wp-json\/wp\/v2\/categories?post=16195"},{"taxonomy":"post_tag","embeddable":true,"href":"https:\/\/beneggiassociati.com\/en\/wp-json\/wp\/v2\/tags?post=16195"}],"curies":[{"name":"wp","href":"https:\/\/api.w.org\/{rel}","templated":true}]}}