{"id":16196,"date":"2018-10-20T09:45:00","date_gmt":"2018-10-20T07:45:00","guid":{"rendered":"https:\/\/dev.beneggiassociati.com\/2018\/10\/20\/privacy-registro-dei-trattamenti-obbligatorio\/"},"modified":"2018-10-20T09:45:00","modified_gmt":"2018-10-20T07:45:00","slug":"privacy-registro-dei-trattamenti-obbligatorio","status":"publish","type":"post","link":"https:\/\/beneggiassociati.com\/en\/privacy-registro-dei-trattamenti-obbligatorio\/","title":{"rendered":"Privacy, registro dei trattamenti obbligatorio"},"content":{"rendered":"<p>Anche quando non esiste un obbligo stretto, \u00e8 comunque preferibile predisporre il registro delle attivit\u00e0 di trattamento, l\u2019adempimento previsto dall\u2019articolo 30 del regolamento europeo sulla privacy. L\u2019indicazione \u00e8 del Garante della privacy, che ha cercato di sciogliere alcuni dubbi attraverso una serie di Faq pubblicate sul sito istituzionale (www.garanteprivacy.it).<br \/>\nIl registro &#8211; dove devono essere annotati il tipo di dati personali utilizzati, le misure di sicurezza adottate per proteggerli, i soggetti a cui vengono comunicati, le finalit\u00e0 del trattamento &#8211; rappresenta una fotografia aggiornata di come una realt\u00e0 si pone davanti alle nuove regole della privacy.  E, soprattutto, di come d\u00e0 corso a quel principio dell\u2019accountability che rappresenta uno dei cardini del nuovo sistema e che, capovolgendo la filosofia precedente che dava precise prescrizioni per proteggere i dati, ora lascia al singolo titolare di valutare la strada pi\u00f9 adeguata al proprio contesto, salvo poi dimostrarlo al Garante in occasione di un\u2019eventuale azione di controllo. In questo senso, poter esibire all\u2019Autorit\u00e0 il registro dei trattamenti agevola tale dialogo.<br \/>\nSe il consiglio \u00e8 di predisporre comunque il registro, esiste tuttavia un\u2019area di attivit\u00e0 per le quali l\u2019adempimento \u00e8 obbligatorio, un perimetro che il Garante ha cercato di rendere ancora pi\u00f9 preciso con le Faq. Intanto, le imprese e le organizzazioni con almeno 250 dipendenti. Poi, tutti quei soggetti che, sebbene con meno di 250 dipendenti, effettuano un trattamento di dati che pu\u00f2 presentare un rischio anche non elevato per i diritti e le libert\u00e0 di coloro a cui le informazioni personali si riferiscono oppure svolgono trattamenti non occasionali o ancora usano dati particolari (come quelli sulla salute) o giudiziari.<br \/>\nDunque, il novero delle persone chiamate a redigere il registro \u00e8 piuttosto ampio: ci rientrano gli studi professionali, a prescindere dalla loro grandezza (si pensi ai dottori commercialisti che raccolgono i dati per la dichiarazione dei redditi o agli avvocati, che utilizzano le informazioni giudiziarie), ma anche i piccoli artigiani con un dipendente (e, dunque, gestiscono le informazioni di quest\u2019ultimo), gli estetisti, gli ottici, gli odontotecnici, i tatuatori, che solitamente raccolgono i dati sulla salute dei loro clienti.<br \/>\nIl registro &#8211; da predisporre in forma scritta, anche elettronica; fondamentale, tra gli altri elementi, \u00e8 che riporti la data di prima attivazione e quella dell\u2019ultimo aggiornamento &#8211; rappresenta un obbligo pure per le associazioni, le fondazioni e i comitati: per esempio, l\u2019associazione che tutela i disabili o gli ex detenuti, perch\u00e9 gestisce dati particolari. Ma anche il condominio non pu\u00f2 sottrarsi se, per esempio, d\u00e0 corso a una richiesta di risarcimento di danni e spese mediche per infortuni avvenuti nell\u2019area condominiale.<br \/>\n&nbsp;<br \/>\n<span style=\"color: #000000;\"><strong><a style=\"color: #000000;\" href=\"mailto:info@beneggiassociati.com\" target=\"_blank\" rel=\"noopener noreferrer\">Sei interessato all\u2019articolo? Scrivici e verrai contattato da un nostro Consultant<\/a><\/strong><\/span><br \/>\n<span style=\"color: #000000;\"><strong><a style=\"color: #000000;\" href=\"https:\/\/beneggiassociati.com\" target=\"_blank\" rel=\"noopener noreferrer\">@ Beneggi e Associati | Commercialisti al servizio delle imprese | Meda | Milano<\/a><\/strong><\/span><\/p>\n","protected":false},"excerpt":{"rendered":"<p>Anche quando non esiste un obbligo stretto, \u00e8 comunque preferibile predisporre il registro delle attivit\u00e0 di trattamento, l\u2019adempimento previsto dall\u2019articolo 30 del regolamento europeo sulla privacy. L\u2019indicazione \u00e8 del Garante della privacy, che ha cercato di sciogliere alcuni dubbi attraverso una serie di Faq pubblicate sul sito istituzionale (www.garanteprivacy.it). Il registro &#8211; dove devono essere [&hellip;]<\/p>\n","protected":false},"author":4,"featured_media":409,"comment_status":"open","ping_status":"open","sticky":false,"template":"","format":"standard","meta":{"_acf_changed":false,"content-type":"","footnotes":""},"categories":[16],"tags":[],"class_list":["post-16196","post","type-post","status-publish","format-standard","has-post-thumbnail","hentry","category-archivio"],"acf":[],"yoast_head":"<!-- This site is optimized with the Yoast SEO plugin v27.5 - https:\/\/yoast.com\/product\/yoast-seo-wordpress\/ -->\n<title>Privacy, registro dei trattamenti obbligatorio - Beneggi &amp; Associati<\/title>\n<meta name=\"description\" content=\"Anche quando non esiste un obbligo stretto, \u00e8 comunque preferibile predisporre il registro delle attivit\u00e0 di trattamento, l\u2019adempimento previsto\" \/>\n<meta name=\"robots\" content=\"index, follow, max-snippet:-1, max-image-preview:large, max-video-preview:-1\" \/>\n<link rel=\"canonical\" href=\"https:\/\/beneggiassociati.com\/en\/privacy-registro-dei-trattamenti-obbligatorio\/\" \/>\n<meta property=\"og:locale\" content=\"en_US\" \/>\n<meta property=\"og:type\" content=\"article\" \/>\n<meta property=\"og:title\" content=\"Privacy, registro dei trattamenti obbligatorio - Beneggi &amp; Associati\" \/>\n<meta property=\"og:description\" content=\"Anche quando non esiste un obbligo stretto, \u00e8 comunque preferibile predisporre il registro delle attivit\u00e0 di trattamento, l\u2019adempimento previsto\" \/>\n<meta property=\"og:url\" content=\"https:\/\/beneggiassociati.com\/en\/privacy-registro-dei-trattamenti-obbligatorio\/\" \/>\n<meta property=\"og:site_name\" content=\"Beneggi &amp; Associati\" \/>\n<meta property=\"article:published_time\" content=\"2018-10-20T07:45:00+00:00\" \/>\n<meta property=\"og:image\" content=\"https:\/\/beneggiassociati.com\/wp-content\/uploads\/2025\/07\/single-post-beneggi.jpg\" \/>\n\t<meta property=\"og:image:width\" content=\"1280\" \/>\n\t<meta property=\"og:image:height\" content=\"823\" \/>\n\t<meta property=\"og:image:type\" content=\"image\/jpeg\" \/>\n<meta name=\"author\" content=\"Tiziano Beneggi\" \/>\n<meta name=\"twitter:card\" content=\"summary_large_image\" \/>\n<meta name=\"twitter:label1\" content=\"Written by\" \/>\n\t<meta name=\"twitter:data1\" content=\"Tiziano Beneggi\" \/>\n\t<meta name=\"twitter:label2\" content=\"Est. reading time\" \/>\n\t<meta name=\"twitter:data2\" content=\"2 minutes\" \/>\n<script type=\"application\/ld+json\" class=\"yoast-schema-graph\">{\"@context\":\"https:\\\/\\\/schema.org\",\"@graph\":[{\"@type\":\"Article\",\"@id\":\"https:\\\/\\\/beneggiassociati.com\\\/en\\\/privacy-registro-dei-trattamenti-obbligatorio\\\/#article\",\"isPartOf\":{\"@id\":\"https:\\\/\\\/beneggiassociati.com\\\/en\\\/privacy-registro-dei-trattamenti-obbligatorio\\\/\"},\"author\":{\"name\":\"Tiziano Beneggi\",\"@id\":\"https:\\\/\\\/beneggiassociati.com\\\/en\\\/#\\\/schema\\\/person\\\/828daacfa37b359e89e981f920072004\"},\"headline\":\"Privacy, registro dei trattamenti obbligatorio\",\"datePublished\":\"2018-10-20T07:45:00+00:00\",\"mainEntityOfPage\":{\"@id\":\"https:\\\/\\\/beneggiassociati.com\\\/en\\\/privacy-registro-dei-trattamenti-obbligatorio\\\/\"},\"wordCount\":460,\"commentCount\":0,\"publisher\":{\"@id\":\"https:\\\/\\\/beneggiassociati.com\\\/en\\\/#organization\"},\"image\":{\"@id\":\"https:\\\/\\\/beneggiassociati.com\\\/en\\\/privacy-registro-dei-trattamenti-obbligatorio\\\/#primaryimage\"},\"thumbnailUrl\":\"https:\\\/\\\/beneggiassociati.com\\\/wp-content\\\/uploads\\\/2025\\\/07\\\/single-post-beneggi.jpg\",\"articleSection\":[\"ARCHIVIO\"],\"inLanguage\":\"en-US\"},{\"@type\":\"WebPage\",\"@id\":\"https:\\\/\\\/beneggiassociati.com\\\/en\\\/privacy-registro-dei-trattamenti-obbligatorio\\\/\",\"url\":\"https:\\\/\\\/beneggiassociati.com\\\/en\\\/privacy-registro-dei-trattamenti-obbligatorio\\\/\",\"name\":\"Privacy, registro dei trattamenti obbligatorio - Beneggi &amp; Associati\",\"isPartOf\":{\"@id\":\"https:\\\/\\\/beneggiassociati.com\\\/en\\\/#website\"},\"primaryImageOfPage\":{\"@id\":\"https:\\\/\\\/beneggiassociati.com\\\/en\\\/privacy-registro-dei-trattamenti-obbligatorio\\\/#primaryimage\"},\"image\":{\"@id\":\"https:\\\/\\\/beneggiassociati.com\\\/en\\\/privacy-registro-dei-trattamenti-obbligatorio\\\/#primaryimage\"},\"thumbnailUrl\":\"https:\\\/\\\/beneggiassociati.com\\\/wp-content\\\/uploads\\\/2025\\\/07\\\/single-post-beneggi.jpg\",\"datePublished\":\"2018-10-20T07:45:00+00:00\",\"description\":\"Anche quando non esiste un obbligo stretto, \u00e8 comunque preferibile predisporre il registro delle attivit\u00e0 di trattamento, l\u2019adempimento previsto\",\"breadcrumb\":{\"@id\":\"https:\\\/\\\/beneggiassociati.com\\\/en\\\/privacy-registro-dei-trattamenti-obbligatorio\\\/#breadcrumb\"},\"inLanguage\":\"en-US\",\"potentialAction\":[{\"@type\":\"ReadAction\",\"target\":[\"https:\\\/\\\/beneggiassociati.com\\\/en\\\/privacy-registro-dei-trattamenti-obbligatorio\\\/\"]}]},{\"@type\":\"ImageObject\",\"inLanguage\":\"en-US\",\"@id\":\"https:\\\/\\\/beneggiassociati.com\\\/en\\\/privacy-registro-dei-trattamenti-obbligatorio\\\/#primaryimage\",\"url\":\"https:\\\/\\\/beneggiassociati.com\\\/wp-content\\\/uploads\\\/2025\\\/07\\\/single-post-beneggi.jpg\",\"contentUrl\":\"https:\\\/\\\/beneggiassociati.com\\\/wp-content\\\/uploads\\\/2025\\\/07\\\/single-post-beneggi.jpg\",\"width\":1280,\"height\":823},{\"@type\":\"BreadcrumbList\",\"@id\":\"https:\\\/\\\/beneggiassociati.com\\\/en\\\/privacy-registro-dei-trattamenti-obbligatorio\\\/#breadcrumb\",\"itemListElement\":[{\"@type\":\"ListItem\",\"position\":1,\"name\":\"Home\",\"item\":\"https:\\\/\\\/beneggiassociati.com\\\/en\\\/?page_id=24163\"},{\"@type\":\"ListItem\",\"position\":2,\"name\":\"Privacy, registro dei trattamenti obbligatorio\"}]},{\"@type\":\"WebSite\",\"@id\":\"https:\\\/\\\/beneggiassociati.com\\\/en\\\/#website\",\"url\":\"https:\\\/\\\/beneggiassociati.com\\\/en\\\/\",\"name\":\"Beneggi e associati\",\"description\":\"\",\"publisher\":{\"@id\":\"https:\\\/\\\/beneggiassociati.com\\\/en\\\/#organization\"},\"potentialAction\":[{\"@type\":\"SearchAction\",\"target\":{\"@type\":\"EntryPoint\",\"urlTemplate\":\"https:\\\/\\\/beneggiassociati.com\\\/en\\\/?s={search_term_string}\"},\"query-input\":{\"@type\":\"PropertyValueSpecification\",\"valueRequired\":true,\"valueName\":\"search_term_string\"}}],\"inLanguage\":\"en-US\"},{\"@type\":\"Organization\",\"@id\":\"https:\\\/\\\/beneggiassociati.com\\\/en\\\/#organization\",\"name\":\"Beneggi e associati\",\"url\":\"https:\\\/\\\/beneggiassociati.com\\\/en\\\/\",\"logo\":{\"@type\":\"ImageObject\",\"inLanguage\":\"en-US\",\"@id\":\"https:\\\/\\\/beneggiassociati.com\\\/en\\\/#\\\/schema\\\/logo\\\/image\\\/\",\"url\":\"https:\\\/\\\/beneggiassociati.com\\\/wp-content\\\/uploads\\\/2025\\\/07\\\/beneggi-logo.png\",\"contentUrl\":\"https:\\\/\\\/beneggiassociati.com\\\/wp-content\\\/uploads\\\/2025\\\/07\\\/beneggi-logo.png\",\"width\":141,\"height\":87,\"caption\":\"Beneggi e associati\"},\"image\":{\"@id\":\"https:\\\/\\\/beneggiassociati.com\\\/en\\\/#\\\/schema\\\/logo\\\/image\\\/\"}},{\"@type\":\"Person\",\"@id\":\"https:\\\/\\\/beneggiassociati.com\\\/en\\\/#\\\/schema\\\/person\\\/828daacfa37b359e89e981f920072004\",\"name\":\"Tiziano Beneggi\",\"url\":\"https:\\\/\\\/beneggiassociati.com\\\/en\\\/author\\\/tizianobeneggiassociati-com\\\/\"}]}<\/script>\n<!-- \/ Yoast SEO plugin. -->","yoast_head_json":{"title":"Privacy, registro dei trattamenti obbligatorio - Beneggi &amp; Associati","description":"Anche quando non esiste un obbligo stretto, \u00e8 comunque preferibile predisporre il registro delle attivit\u00e0 di trattamento, l\u2019adempimento previsto","robots":{"index":"index","follow":"follow","max-snippet":"max-snippet:-1","max-image-preview":"max-image-preview:large","max-video-preview":"max-video-preview:-1"},"canonical":"https:\/\/beneggiassociati.com\/en\/privacy-registro-dei-trattamenti-obbligatorio\/","og_locale":"en_US","og_type":"article","og_title":"Privacy, registro dei trattamenti obbligatorio - Beneggi &amp; Associati","og_description":"Anche quando non esiste un obbligo stretto, \u00e8 comunque preferibile predisporre il registro delle attivit\u00e0 di trattamento, l\u2019adempimento previsto","og_url":"https:\/\/beneggiassociati.com\/en\/privacy-registro-dei-trattamenti-obbligatorio\/","og_site_name":"Beneggi &amp; Associati","article_published_time":"2018-10-20T07:45:00+00:00","og_image":[{"width":1280,"height":823,"url":"https:\/\/beneggiassociati.com\/wp-content\/uploads\/2025\/07\/single-post-beneggi.jpg","type":"image\/jpeg"}],"author":"Tiziano Beneggi","twitter_card":"summary_large_image","twitter_misc":{"Written by":"Tiziano Beneggi","Est. reading time":"2 minutes"},"schema":{"@context":"https:\/\/schema.org","@graph":[{"@type":"Article","@id":"https:\/\/beneggiassociati.com\/en\/privacy-registro-dei-trattamenti-obbligatorio\/#article","isPartOf":{"@id":"https:\/\/beneggiassociati.com\/en\/privacy-registro-dei-trattamenti-obbligatorio\/"},"author":{"name":"Tiziano Beneggi","@id":"https:\/\/beneggiassociati.com\/en\/#\/schema\/person\/828daacfa37b359e89e981f920072004"},"headline":"Privacy, registro dei trattamenti obbligatorio","datePublished":"2018-10-20T07:45:00+00:00","mainEntityOfPage":{"@id":"https:\/\/beneggiassociati.com\/en\/privacy-registro-dei-trattamenti-obbligatorio\/"},"wordCount":460,"commentCount":0,"publisher":{"@id":"https:\/\/beneggiassociati.com\/en\/#organization"},"image":{"@id":"https:\/\/beneggiassociati.com\/en\/privacy-registro-dei-trattamenti-obbligatorio\/#primaryimage"},"thumbnailUrl":"https:\/\/beneggiassociati.com\/wp-content\/uploads\/2025\/07\/single-post-beneggi.jpg","articleSection":["ARCHIVIO"],"inLanguage":"en-US"},{"@type":"WebPage","@id":"https:\/\/beneggiassociati.com\/en\/privacy-registro-dei-trattamenti-obbligatorio\/","url":"https:\/\/beneggiassociati.com\/en\/privacy-registro-dei-trattamenti-obbligatorio\/","name":"Privacy, registro dei trattamenti obbligatorio - Beneggi &amp; Associati","isPartOf":{"@id":"https:\/\/beneggiassociati.com\/en\/#website"},"primaryImageOfPage":{"@id":"https:\/\/beneggiassociati.com\/en\/privacy-registro-dei-trattamenti-obbligatorio\/#primaryimage"},"image":{"@id":"https:\/\/beneggiassociati.com\/en\/privacy-registro-dei-trattamenti-obbligatorio\/#primaryimage"},"thumbnailUrl":"https:\/\/beneggiassociati.com\/wp-content\/uploads\/2025\/07\/single-post-beneggi.jpg","datePublished":"2018-10-20T07:45:00+00:00","description":"Anche quando non esiste un obbligo stretto, \u00e8 comunque preferibile predisporre il registro delle attivit\u00e0 di trattamento, l\u2019adempimento previsto","breadcrumb":{"@id":"https:\/\/beneggiassociati.com\/en\/privacy-registro-dei-trattamenti-obbligatorio\/#breadcrumb"},"inLanguage":"en-US","potentialAction":[{"@type":"ReadAction","target":["https:\/\/beneggiassociati.com\/en\/privacy-registro-dei-trattamenti-obbligatorio\/"]}]},{"@type":"ImageObject","inLanguage":"en-US","@id":"https:\/\/beneggiassociati.com\/en\/privacy-registro-dei-trattamenti-obbligatorio\/#primaryimage","url":"https:\/\/beneggiassociati.com\/wp-content\/uploads\/2025\/07\/single-post-beneggi.jpg","contentUrl":"https:\/\/beneggiassociati.com\/wp-content\/uploads\/2025\/07\/single-post-beneggi.jpg","width":1280,"height":823},{"@type":"BreadcrumbList","@id":"https:\/\/beneggiassociati.com\/en\/privacy-registro-dei-trattamenti-obbligatorio\/#breadcrumb","itemListElement":[{"@type":"ListItem","position":1,"name":"Home","item":"https:\/\/beneggiassociati.com\/en\/?page_id=24163"},{"@type":"ListItem","position":2,"name":"Privacy, registro dei trattamenti obbligatorio"}]},{"@type":"WebSite","@id":"https:\/\/beneggiassociati.com\/en\/#website","url":"https:\/\/beneggiassociati.com\/en\/","name":"Beneggi e associati","description":"","publisher":{"@id":"https:\/\/beneggiassociati.com\/en\/#organization"},"potentialAction":[{"@type":"SearchAction","target":{"@type":"EntryPoint","urlTemplate":"https:\/\/beneggiassociati.com\/en\/?s={search_term_string}"},"query-input":{"@type":"PropertyValueSpecification","valueRequired":true,"valueName":"search_term_string"}}],"inLanguage":"en-US"},{"@type":"Organization","@id":"https:\/\/beneggiassociati.com\/en\/#organization","name":"Beneggi e associati","url":"https:\/\/beneggiassociati.com\/en\/","logo":{"@type":"ImageObject","inLanguage":"en-US","@id":"https:\/\/beneggiassociati.com\/en\/#\/schema\/logo\/image\/","url":"https:\/\/beneggiassociati.com\/wp-content\/uploads\/2025\/07\/beneggi-logo.png","contentUrl":"https:\/\/beneggiassociati.com\/wp-content\/uploads\/2025\/07\/beneggi-logo.png","width":141,"height":87,"caption":"Beneggi e associati"},"image":{"@id":"https:\/\/beneggiassociati.com\/en\/#\/schema\/logo\/image\/"}},{"@type":"Person","@id":"https:\/\/beneggiassociati.com\/en\/#\/schema\/person\/828daacfa37b359e89e981f920072004","name":"Tiziano Beneggi","url":"https:\/\/beneggiassociati.com\/en\/author\/tizianobeneggiassociati-com\/"}]}},"_links":{"self":[{"href":"https:\/\/beneggiassociati.com\/en\/wp-json\/wp\/v2\/posts\/16196","targetHints":{"allow":["GET"]}}],"collection":[{"href":"https:\/\/beneggiassociati.com\/en\/wp-json\/wp\/v2\/posts"}],"about":[{"href":"https:\/\/beneggiassociati.com\/en\/wp-json\/wp\/v2\/types\/post"}],"author":[{"embeddable":true,"href":"https:\/\/beneggiassociati.com\/en\/wp-json\/wp\/v2\/users\/4"}],"replies":[{"embeddable":true,"href":"https:\/\/beneggiassociati.com\/en\/wp-json\/wp\/v2\/comments?post=16196"}],"version-history":[{"count":0,"href":"https:\/\/beneggiassociati.com\/en\/wp-json\/wp\/v2\/posts\/16196\/revisions"}],"wp:featuredmedia":[{"embeddable":true,"href":"https:\/\/beneggiassociati.com\/en\/wp-json\/wp\/v2\/media\/409"}],"wp:attachment":[{"href":"https:\/\/beneggiassociati.com\/en\/wp-json\/wp\/v2\/media?parent=16196"}],"wp:term":[{"taxonomy":"category","embeddable":true,"href":"https:\/\/beneggiassociati.com\/en\/wp-json\/wp\/v2\/categories?post=16196"},{"taxonomy":"post_tag","embeddable":true,"href":"https:\/\/beneggiassociati.com\/en\/wp-json\/wp\/v2\/tags?post=16196"}],"curies":[{"name":"wp","href":"https:\/\/api.w.org\/{rel}","templated":true}]}}