{"id":16204,"date":"2018-10-20T11:23:00","date_gmt":"2018-10-20T09:23:00","guid":{"rendered":"https:\/\/dev.beneggiassociati.com\/2018\/10\/20\/compensazioni-tutela-anticipata-o-differita-contro-il-blocco\/"},"modified":"2018-10-20T11:23:00","modified_gmt":"2018-10-20T09:23:00","slug":"compensazioni-tutela-anticipata-o-differita-contro-il-blocco","status":"publish","type":"post","link":"https:\/\/beneggiassociati.com\/en\/compensazioni-tutela-anticipata-o-differita-contro-il-blocco\/","title":{"rendered":"Compensazioni, tutela anticipata o differita contro il blocco"},"content":{"rendered":"<p>A decorrere dal 29 ottobre, le compensazioni che transitano dal modello F24 potranno essere sospese per controlli dall\u2019agenzia delle Entrate ed eventualmente rigettate, per motivi di cautela fiscale.<br \/>\nCon il provvedimento direttoriale 195385\/2018 sono stati stabiliti dei criteri di selezione dei modelli da controllare che potrebbero interessare, in pratica, la totalit\u00e0 dei pagamenti. Va al riguardo ricordato che il contribuente \u00e8 raggiunto prima da una comunicazione di avvio dei controlli e poi, entro 30 giorni, in caso di controlli con esito negativo, dal rigetto del pagamento eseguito con la compensazione.<br \/>\nSi segnala che non sempre si potr\u00e0 porre rimedio allo scarto del modello F24 attraverso il ravvedimento. \u00c8 il caso dei pagamenti che determinano il perfezionamento di opzioni, come quelli relativi alla rivalutazione di quote e terreni. In casi come questi, il mancato versamento nei termini dell\u2019importo dovuto impedisce l\u2019accesso al regime agevolato e non \u00e8 regolarizzabile in ritardo. Si pensi, ancora, al pagamento delle rate di un accertamento con adesione. Se non si versa una delle rate entro il termine di quella successiva, l\u2019intero importo \u00e8 iscritto a ruolo con una maggiorazione del 45% del tributo residuo. Anche in questo caso non \u00e8 possibile rimediare con il ravvedimento.<br \/>\nQuesto pone dunque un problema di tutela del contribuente che si ritenga penalizzato dal rigetto. Una possibilit\u00e0 pu\u00f2 essere quella di conservare la documentazione relativa alla trasmissione del modello F24 e, ritenendo comunque valida la compensazione proposta, attendere il successivo provvedimento sanzionatorio dell\u2019Agenzia, contro il quale proporre ricorso (tutela differita). Il provvedimento potrebbe essere un avviso bonario di irregolarit\u00e0 o un avviso di recupero del credito o ancora l\u2019atto con cui l\u2019amministrazione finanziaria disconosce l\u2019accesso al regime agevolato. Non pu\u00f2 tuttavia escludersi la possibilit\u00e0 che la comunicazione di rigetto del modello F24 sia gi\u00e0 impugnabile, in quanto immediatamente lesiva della posizione del contribuente (tutela anticipata).<br \/>\nA riguardo, potrebbero richiamarsi i principi affermati dalle Sezioni unite della Corte di cassazione, in materia di estratto di ruolo. \u00c8 stato in quella sede osservato che il contribuente che si ritiene leso dal comportamento del Fisco non deve per forza attendere la notifica di un atto tipizzato per muovere contestazioni. Deve, infatti, considerarsi ammissibile la tutela facoltativa anticipata nei confronti di un provvedimento di cui l\u2019interessato sia comunque venuto a conoscenza anche in assenza di una notifica. Si ritiene dunque che non possa essere negato il diritto del soggetto passivo di proporre ricorso gi\u00e0 entro 60 giorni dalla ricezione della comunicazione di rigetto della compensazione. Laddove il diniego di pagamento sia seguito da un atto tipizzato (avviso bonario, eccetera), quest\u2019ultimo dovr\u00e0 essere impugnato, con conseguente cessazione della materia del contendere del procedimento avverso il diniego medesimo.<br \/>\n&nbsp;<br \/>\n<span style=\"color: #000000;\"><strong><a style=\"color: #000000;\" href=\"mailto:info@beneggiassociati.com\" target=\"_blank\" rel=\"noopener noreferrer\">Sei interessato all\u2019articolo? Scrivici e verrai contattato da un nostro Consultant<\/a><\/strong><\/span><br \/>\n<span style=\"color: #000000;\"><strong><a style=\"color: #000000;\" href=\"https:\/\/beneggiassociati.com\" target=\"_blank\" rel=\"noopener noreferrer\">@ Beneggi e Associati | Commercialisti al servizio delle imprese | Meda | Milano<\/a><\/strong><\/span><\/p>\n","protected":false},"excerpt":{"rendered":"<p>A decorrere dal 29 ottobre, le compensazioni che transitano dal modello F24 potranno essere sospese per controlli dall\u2019agenzia delle Entrate ed eventualmente rigettate, per motivi di cautela fiscale. Con il provvedimento direttoriale 195385\/2018 sono stati stabiliti dei criteri di selezione dei modelli da controllare che potrebbero interessare, in pratica, la totalit\u00e0 dei pagamenti. Va al [&hellip;]<\/p>\n","protected":false},"author":4,"featured_media":409,"comment_status":"open","ping_status":"open","sticky":false,"template":"","format":"standard","meta":{"_acf_changed":false,"content-type":"","footnotes":""},"categories":[16],"tags":[],"class_list":["post-16204","post","type-post","status-publish","format-standard","has-post-thumbnail","hentry","category-archivio"],"acf":[],"yoast_head":"<!-- This site is optimized with the Yoast SEO plugin v27.5 - https:\/\/yoast.com\/product\/yoast-seo-wordpress\/ -->\n<title>Compensazioni, tutela anticipata o differita contro il blocco - Beneggi &amp; Associati<\/title>\n<meta name=\"description\" content=\"A decorrere dal 29 ottobre, le compensazioni che transitano dal modello F24 potranno essere sospese per controlli dall\u2019agenzia delle Entrate ed\" \/>\n<meta name=\"robots\" content=\"index, follow, max-snippet:-1, max-image-preview:large, max-video-preview:-1\" \/>\n<link rel=\"canonical\" href=\"https:\/\/beneggiassociati.com\/en\/compensazioni-tutela-anticipata-o-differita-contro-il-blocco\/\" \/>\n<meta property=\"og:locale\" content=\"en_US\" \/>\n<meta property=\"og:type\" content=\"article\" \/>\n<meta property=\"og:title\" content=\"Compensazioni, tutela anticipata o differita contro il blocco - Beneggi &amp; Associati\" \/>\n<meta property=\"og:description\" content=\"A decorrere dal 29 ottobre, le compensazioni che transitano dal modello F24 potranno essere sospese per controlli dall\u2019agenzia delle Entrate ed\" \/>\n<meta property=\"og:url\" content=\"https:\/\/beneggiassociati.com\/en\/compensazioni-tutela-anticipata-o-differita-contro-il-blocco\/\" \/>\n<meta property=\"og:site_name\" content=\"Beneggi &amp; Associati\" \/>\n<meta property=\"article:published_time\" content=\"2018-10-20T09:23:00+00:00\" \/>\n<meta property=\"og:image\" content=\"https:\/\/beneggiassociati.com\/wp-content\/uploads\/2025\/07\/single-post-beneggi.jpg\" \/>\n\t<meta property=\"og:image:width\" content=\"1280\" \/>\n\t<meta property=\"og:image:height\" content=\"823\" \/>\n\t<meta property=\"og:image:type\" content=\"image\/jpeg\" \/>\n<meta name=\"author\" content=\"Tiziano Beneggi\" \/>\n<meta name=\"twitter:card\" content=\"summary_large_image\" \/>\n<meta name=\"twitter:label1\" content=\"Written by\" \/>\n\t<meta name=\"twitter:data1\" content=\"Tiziano Beneggi\" \/>\n\t<meta name=\"twitter:label2\" content=\"Est. reading time\" \/>\n\t<meta name=\"twitter:data2\" content=\"2 minutes\" \/>\n<script type=\"application\/ld+json\" class=\"yoast-schema-graph\">{\"@context\":\"https:\\\/\\\/schema.org\",\"@graph\":[{\"@type\":\"Article\",\"@id\":\"https:\\\/\\\/beneggiassociati.com\\\/en\\\/compensazioni-tutela-anticipata-o-differita-contro-il-blocco\\\/#article\",\"isPartOf\":{\"@id\":\"https:\\\/\\\/beneggiassociati.com\\\/en\\\/compensazioni-tutela-anticipata-o-differita-contro-il-blocco\\\/\"},\"author\":{\"name\":\"Tiziano Beneggi\",\"@id\":\"https:\\\/\\\/beneggiassociati.com\\\/en\\\/#\\\/schema\\\/person\\\/828daacfa37b359e89e981f920072004\"},\"headline\":\"Compensazioni, tutela anticipata o differita contro il blocco\",\"datePublished\":\"2018-10-20T09:23:00+00:00\",\"mainEntityOfPage\":{\"@id\":\"https:\\\/\\\/beneggiassociati.com\\\/en\\\/compensazioni-tutela-anticipata-o-differita-contro-il-blocco\\\/\"},\"wordCount\":471,\"commentCount\":0,\"publisher\":{\"@id\":\"https:\\\/\\\/beneggiassociati.com\\\/en\\\/#organization\"},\"image\":{\"@id\":\"https:\\\/\\\/beneggiassociati.com\\\/en\\\/compensazioni-tutela-anticipata-o-differita-contro-il-blocco\\\/#primaryimage\"},\"thumbnailUrl\":\"https:\\\/\\\/beneggiassociati.com\\\/wp-content\\\/uploads\\\/2025\\\/07\\\/single-post-beneggi.jpg\",\"articleSection\":[\"ARCHIVIO\"],\"inLanguage\":\"en-US\"},{\"@type\":\"WebPage\",\"@id\":\"https:\\\/\\\/beneggiassociati.com\\\/en\\\/compensazioni-tutela-anticipata-o-differita-contro-il-blocco\\\/\",\"url\":\"https:\\\/\\\/beneggiassociati.com\\\/en\\\/compensazioni-tutela-anticipata-o-differita-contro-il-blocco\\\/\",\"name\":\"Compensazioni, tutela anticipata o differita contro il blocco - Beneggi &amp; Associati\",\"isPartOf\":{\"@id\":\"https:\\\/\\\/beneggiassociati.com\\\/en\\\/#website\"},\"primaryImageOfPage\":{\"@id\":\"https:\\\/\\\/beneggiassociati.com\\\/en\\\/compensazioni-tutela-anticipata-o-differita-contro-il-blocco\\\/#primaryimage\"},\"image\":{\"@id\":\"https:\\\/\\\/beneggiassociati.com\\\/en\\\/compensazioni-tutela-anticipata-o-differita-contro-il-blocco\\\/#primaryimage\"},\"thumbnailUrl\":\"https:\\\/\\\/beneggiassociati.com\\\/wp-content\\\/uploads\\\/2025\\\/07\\\/single-post-beneggi.jpg\",\"datePublished\":\"2018-10-20T09:23:00+00:00\",\"description\":\"A decorrere dal 29 ottobre, le compensazioni che transitano dal modello F24 potranno essere sospese per controlli dall\u2019agenzia delle Entrate ed\",\"breadcrumb\":{\"@id\":\"https:\\\/\\\/beneggiassociati.com\\\/en\\\/compensazioni-tutela-anticipata-o-differita-contro-il-blocco\\\/#breadcrumb\"},\"inLanguage\":\"en-US\",\"potentialAction\":[{\"@type\":\"ReadAction\",\"target\":[\"https:\\\/\\\/beneggiassociati.com\\\/en\\\/compensazioni-tutela-anticipata-o-differita-contro-il-blocco\\\/\"]}]},{\"@type\":\"ImageObject\",\"inLanguage\":\"en-US\",\"@id\":\"https:\\\/\\\/beneggiassociati.com\\\/en\\\/compensazioni-tutela-anticipata-o-differita-contro-il-blocco\\\/#primaryimage\",\"url\":\"https:\\\/\\\/beneggiassociati.com\\\/wp-content\\\/uploads\\\/2025\\\/07\\\/single-post-beneggi.jpg\",\"contentUrl\":\"https:\\\/\\\/beneggiassociati.com\\\/wp-content\\\/uploads\\\/2025\\\/07\\\/single-post-beneggi.jpg\",\"width\":1280,\"height\":823},{\"@type\":\"BreadcrumbList\",\"@id\":\"https:\\\/\\\/beneggiassociati.com\\\/en\\\/compensazioni-tutela-anticipata-o-differita-contro-il-blocco\\\/#breadcrumb\",\"itemListElement\":[{\"@type\":\"ListItem\",\"position\":1,\"name\":\"Home\",\"item\":\"https:\\\/\\\/beneggiassociati.com\\\/en\\\/?page_id=24163\"},{\"@type\":\"ListItem\",\"position\":2,\"name\":\"Compensazioni, tutela anticipata o differita contro il blocco\"}]},{\"@type\":\"WebSite\",\"@id\":\"https:\\\/\\\/beneggiassociati.com\\\/en\\\/#website\",\"url\":\"https:\\\/\\\/beneggiassociati.com\\\/en\\\/\",\"name\":\"Beneggi e associati\",\"description\":\"\",\"publisher\":{\"@id\":\"https:\\\/\\\/beneggiassociati.com\\\/en\\\/#organization\"},\"potentialAction\":[{\"@type\":\"SearchAction\",\"target\":{\"@type\":\"EntryPoint\",\"urlTemplate\":\"https:\\\/\\\/beneggiassociati.com\\\/en\\\/?s={search_term_string}\"},\"query-input\":{\"@type\":\"PropertyValueSpecification\",\"valueRequired\":true,\"valueName\":\"search_term_string\"}}],\"inLanguage\":\"en-US\"},{\"@type\":\"Organization\",\"@id\":\"https:\\\/\\\/beneggiassociati.com\\\/en\\\/#organization\",\"name\":\"Beneggi e associati\",\"url\":\"https:\\\/\\\/beneggiassociati.com\\\/en\\\/\",\"logo\":{\"@type\":\"ImageObject\",\"inLanguage\":\"en-US\",\"@id\":\"https:\\\/\\\/beneggiassociati.com\\\/en\\\/#\\\/schema\\\/logo\\\/image\\\/\",\"url\":\"https:\\\/\\\/beneggiassociati.com\\\/wp-content\\\/uploads\\\/2025\\\/07\\\/beneggi-logo.png\",\"contentUrl\":\"https:\\\/\\\/beneggiassociati.com\\\/wp-content\\\/uploads\\\/2025\\\/07\\\/beneggi-logo.png\",\"width\":141,\"height\":87,\"caption\":\"Beneggi e associati\"},\"image\":{\"@id\":\"https:\\\/\\\/beneggiassociati.com\\\/en\\\/#\\\/schema\\\/logo\\\/image\\\/\"}},{\"@type\":\"Person\",\"@id\":\"https:\\\/\\\/beneggiassociati.com\\\/en\\\/#\\\/schema\\\/person\\\/828daacfa37b359e89e981f920072004\",\"name\":\"Tiziano Beneggi\",\"url\":\"https:\\\/\\\/beneggiassociati.com\\\/en\\\/author\\\/tizianobeneggiassociati-com\\\/\"}]}<\/script>\n<!-- \/ Yoast SEO plugin. -->","yoast_head_json":{"title":"Compensazioni, tutela anticipata o differita contro il blocco - Beneggi &amp; Associati","description":"A decorrere dal 29 ottobre, le compensazioni che transitano dal modello F24 potranno essere sospese per controlli dall\u2019agenzia delle Entrate ed","robots":{"index":"index","follow":"follow","max-snippet":"max-snippet:-1","max-image-preview":"max-image-preview:large","max-video-preview":"max-video-preview:-1"},"canonical":"https:\/\/beneggiassociati.com\/en\/compensazioni-tutela-anticipata-o-differita-contro-il-blocco\/","og_locale":"en_US","og_type":"article","og_title":"Compensazioni, tutela anticipata o differita contro il blocco - Beneggi &amp; Associati","og_description":"A decorrere dal 29 ottobre, le compensazioni che transitano dal modello F24 potranno essere sospese per controlli dall\u2019agenzia delle Entrate ed","og_url":"https:\/\/beneggiassociati.com\/en\/compensazioni-tutela-anticipata-o-differita-contro-il-blocco\/","og_site_name":"Beneggi &amp; Associati","article_published_time":"2018-10-20T09:23:00+00:00","og_image":[{"width":1280,"height":823,"url":"https:\/\/beneggiassociati.com\/wp-content\/uploads\/2025\/07\/single-post-beneggi.jpg","type":"image\/jpeg"}],"author":"Tiziano Beneggi","twitter_card":"summary_large_image","twitter_misc":{"Written by":"Tiziano Beneggi","Est. reading time":"2 minutes"},"schema":{"@context":"https:\/\/schema.org","@graph":[{"@type":"Article","@id":"https:\/\/beneggiassociati.com\/en\/compensazioni-tutela-anticipata-o-differita-contro-il-blocco\/#article","isPartOf":{"@id":"https:\/\/beneggiassociati.com\/en\/compensazioni-tutela-anticipata-o-differita-contro-il-blocco\/"},"author":{"name":"Tiziano Beneggi","@id":"https:\/\/beneggiassociati.com\/en\/#\/schema\/person\/828daacfa37b359e89e981f920072004"},"headline":"Compensazioni, tutela anticipata o differita contro il blocco","datePublished":"2018-10-20T09:23:00+00:00","mainEntityOfPage":{"@id":"https:\/\/beneggiassociati.com\/en\/compensazioni-tutela-anticipata-o-differita-contro-il-blocco\/"},"wordCount":471,"commentCount":0,"publisher":{"@id":"https:\/\/beneggiassociati.com\/en\/#organization"},"image":{"@id":"https:\/\/beneggiassociati.com\/en\/compensazioni-tutela-anticipata-o-differita-contro-il-blocco\/#primaryimage"},"thumbnailUrl":"https:\/\/beneggiassociati.com\/wp-content\/uploads\/2025\/07\/single-post-beneggi.jpg","articleSection":["ARCHIVIO"],"inLanguage":"en-US"},{"@type":"WebPage","@id":"https:\/\/beneggiassociati.com\/en\/compensazioni-tutela-anticipata-o-differita-contro-il-blocco\/","url":"https:\/\/beneggiassociati.com\/en\/compensazioni-tutela-anticipata-o-differita-contro-il-blocco\/","name":"Compensazioni, tutela anticipata o differita contro il blocco - Beneggi &amp; Associati","isPartOf":{"@id":"https:\/\/beneggiassociati.com\/en\/#website"},"primaryImageOfPage":{"@id":"https:\/\/beneggiassociati.com\/en\/compensazioni-tutela-anticipata-o-differita-contro-il-blocco\/#primaryimage"},"image":{"@id":"https:\/\/beneggiassociati.com\/en\/compensazioni-tutela-anticipata-o-differita-contro-il-blocco\/#primaryimage"},"thumbnailUrl":"https:\/\/beneggiassociati.com\/wp-content\/uploads\/2025\/07\/single-post-beneggi.jpg","datePublished":"2018-10-20T09:23:00+00:00","description":"A decorrere dal 29 ottobre, le compensazioni che transitano dal modello F24 potranno essere sospese per controlli dall\u2019agenzia delle Entrate ed","breadcrumb":{"@id":"https:\/\/beneggiassociati.com\/en\/compensazioni-tutela-anticipata-o-differita-contro-il-blocco\/#breadcrumb"},"inLanguage":"en-US","potentialAction":[{"@type":"ReadAction","target":["https:\/\/beneggiassociati.com\/en\/compensazioni-tutela-anticipata-o-differita-contro-il-blocco\/"]}]},{"@type":"ImageObject","inLanguage":"en-US","@id":"https:\/\/beneggiassociati.com\/en\/compensazioni-tutela-anticipata-o-differita-contro-il-blocco\/#primaryimage","url":"https:\/\/beneggiassociati.com\/wp-content\/uploads\/2025\/07\/single-post-beneggi.jpg","contentUrl":"https:\/\/beneggiassociati.com\/wp-content\/uploads\/2025\/07\/single-post-beneggi.jpg","width":1280,"height":823},{"@type":"BreadcrumbList","@id":"https:\/\/beneggiassociati.com\/en\/compensazioni-tutela-anticipata-o-differita-contro-il-blocco\/#breadcrumb","itemListElement":[{"@type":"ListItem","position":1,"name":"Home","item":"https:\/\/beneggiassociati.com\/en\/?page_id=24163"},{"@type":"ListItem","position":2,"name":"Compensazioni, tutela anticipata o differita contro il blocco"}]},{"@type":"WebSite","@id":"https:\/\/beneggiassociati.com\/en\/#website","url":"https:\/\/beneggiassociati.com\/en\/","name":"Beneggi e associati","description":"","publisher":{"@id":"https:\/\/beneggiassociati.com\/en\/#organization"},"potentialAction":[{"@type":"SearchAction","target":{"@type":"EntryPoint","urlTemplate":"https:\/\/beneggiassociati.com\/en\/?s={search_term_string}"},"query-input":{"@type":"PropertyValueSpecification","valueRequired":true,"valueName":"search_term_string"}}],"inLanguage":"en-US"},{"@type":"Organization","@id":"https:\/\/beneggiassociati.com\/en\/#organization","name":"Beneggi e associati","url":"https:\/\/beneggiassociati.com\/en\/","logo":{"@type":"ImageObject","inLanguage":"en-US","@id":"https:\/\/beneggiassociati.com\/en\/#\/schema\/logo\/image\/","url":"https:\/\/beneggiassociati.com\/wp-content\/uploads\/2025\/07\/beneggi-logo.png","contentUrl":"https:\/\/beneggiassociati.com\/wp-content\/uploads\/2025\/07\/beneggi-logo.png","width":141,"height":87,"caption":"Beneggi e associati"},"image":{"@id":"https:\/\/beneggiassociati.com\/en\/#\/schema\/logo\/image\/"}},{"@type":"Person","@id":"https:\/\/beneggiassociati.com\/en\/#\/schema\/person\/828daacfa37b359e89e981f920072004","name":"Tiziano Beneggi","url":"https:\/\/beneggiassociati.com\/en\/author\/tizianobeneggiassociati-com\/"}]}},"_links":{"self":[{"href":"https:\/\/beneggiassociati.com\/en\/wp-json\/wp\/v2\/posts\/16204","targetHints":{"allow":["GET"]}}],"collection":[{"href":"https:\/\/beneggiassociati.com\/en\/wp-json\/wp\/v2\/posts"}],"about":[{"href":"https:\/\/beneggiassociati.com\/en\/wp-json\/wp\/v2\/types\/post"}],"author":[{"embeddable":true,"href":"https:\/\/beneggiassociati.com\/en\/wp-json\/wp\/v2\/users\/4"}],"replies":[{"embeddable":true,"href":"https:\/\/beneggiassociati.com\/en\/wp-json\/wp\/v2\/comments?post=16204"}],"version-history":[{"count":0,"href":"https:\/\/beneggiassociati.com\/en\/wp-json\/wp\/v2\/posts\/16204\/revisions"}],"wp:featuredmedia":[{"embeddable":true,"href":"https:\/\/beneggiassociati.com\/en\/wp-json\/wp\/v2\/media\/409"}],"wp:attachment":[{"href":"https:\/\/beneggiassociati.com\/en\/wp-json\/wp\/v2\/media?parent=16204"}],"wp:term":[{"taxonomy":"category","embeddable":true,"href":"https:\/\/beneggiassociati.com\/en\/wp-json\/wp\/v2\/categories?post=16204"},{"taxonomy":"post_tag","embeddable":true,"href":"https:\/\/beneggiassociati.com\/en\/wp-json\/wp\/v2\/tags?post=16204"}],"curies":[{"name":"wp","href":"https:\/\/api.w.org\/{rel}","templated":true}]}}