{"id":16207,"date":"2018-10-20T12:21:00","date_gmt":"2018-10-20T10:21:00","guid":{"rendered":"https:\/\/dev.beneggiassociati.com\/2018\/10\/20\/il-consulente-intercetta-i-fondi-ue-per-limpresa-e-amplia-il-business\/"},"modified":"2018-10-20T12:21:00","modified_gmt":"2018-10-20T10:21:00","slug":"il-consulente-intercetta-i-fondi-ue-per-limpresa-e-amplia-il-business","status":"publish","type":"post","link":"https:\/\/beneggiassociati.com\/en\/il-consulente-intercetta-i-fondi-ue-per-limpresa-e-amplia-il-business\/","title":{"rendered":"Il consulente intercetta i fondi Ue per l\u2019impresa e amplia il business"},"content":{"rendered":"<p>\u00abQuali opportunit\u00e0 finanziarie ci sono per la mia azienda?\u00bb. E poi: \u00abCome devo muovermi per accedere ai fondi europei gestiti dalla Ue?\u00bb. Sono le classiche domande che le imprese rivolgono al proprio consulente,<br \/>\nOltre ai fondi strutturali organizzati nei Por e Pon, gestiti rispettivamente dalle Regioni e dall\u2019amministrazione centrale, c\u2019\u00e8 un mondo vastissimo \u2013 e ricchissimo \u2013 di opportunit\u00e0 e finanziamenti che la Commissione organizza in proprio lanciando gli inviti a presentare proposte e gestendo direttamente risultati ed erogazione delle risorse. Si tratta di Horizon 2020, Life, Cosme, per citarne alcuni.<br \/>\nIl primo step prevede un ascolto attento della visione che l\u2019imprenditore ha della propria azienda e del suo sviluppo con un orizzonte temporale di 3-5 anni. L\u2019accesso ai fondi europei da parte delle imprese dipende infatti dalla loro capacit\u00e0 di trasformare un\u2019idea in progetto, il che presuppone ovviamente che l\u2019impresa un\u2019idea ce l\u2019abbia. Ecco allora che la domanda \u00abche opportunit\u00e0 ci sono?\u00bb si deve trasformare rapidamente in un\u2019idea di innovazione, di rinnovamento, di voglia di trasversalit\u00e0.<br \/>\nLe risorse \u2013 anche a fondo perduto &#8211; che l\u2019Europa ha collocato sullo sviluppo di idee sono consistenti. Ma il professionista deve aiutare l\u2019azienda a comprendere che, se da un lato i fondi strutturali a gestione nazionale e regionale si concentrano su problematiche locali, permettendo, tra l\u2019altro, di finanziare anche piccoli interventi aziendali (acquisto di macchinari, voucher per l\u2019internazionalizzazione, digitalizzazione, etc), dall\u2019altro, i programmi tematici di diretta emanazione europea hanno invece una portata molto pi\u00f9 ampia e vanno concepiti coniugando un progetto di sviluppo imprenditoriale con gli obiettivi comunitari su larga scala. Ecco quindi il primo salto che occorre fare sui fondi diretti: \u00abLa mia necessit\u00e0 come impresa deve sposarsi con una necessit\u00e0 condivisa da altri soggetti e trovare risposta in un progetto comune\u00bb. La risposta alla singola necessit\u00e0 o al singolo interesse aziendale diventa quindi non l\u2019obiettivo, ma il mezzo con cui raggiungere qualcosa di pi\u00f9 articolato e condiviso.<br \/>\nIl secondo step che il professionista deve proporre all\u2019azienda \u00e8 invece l\u2019avvio del processo di convergenza tra l\u2019idea di sviluppo dell\u2019impresa ed i programmi europei. Tale incrocio \u00e8 tutt\u2019altro che evidente, e lo scarso studio dei programmi europei e delle relative call porta spesso i consulenti meno esperti (e di conseguenza le aziende) a ricercare una corrispondenza biunivoca tra l\u2019attivit\u00e0 aziendale (codice Ateco) ed il topic (tema) del bando per decidere di parteciparvi, inducendoli quindi in errore e limitando le possibilit\u00e0 per l\u2019impresa di aggiudicarsi un contributo a fondo perduto e sviluppare un progetto interessante.<br \/>\nSe, ad esempio, l\u2019azienda ha come core business la costruzione di strutture in legno, difficilmente a una lettura superficiale potrebbe partecipare ad una call europea di fondi diretti. Come allargare la visione?<br \/>\nIn questa domanda risiede la vera sfida per l\u2019impresa e i suoi consulenti: mettere in collegamento le \u201cparole chiave\u201d contenute nel progetto imprenditoriale con gli obiettivi strategici dei diversi programmi di finanziamento europei, e poi con la specificit\u00e0 dei singoli bandi. L\u2019azienda di costruzioni di strutture in legno verr\u00e0 quindi analizzata nella sua visione, facendo emergere in primo luogo la motivazione della scelta del legno come materia prima, anzich\u00e9 altri materiali. Ecco quindi l\u2019ecocompatibilit\u00e0 e i temi ambientali, che dischiudono nuovi orizzonti: vernici naturali atossiche, antisismicit\u00e0, sicurezza, salute, sostenibilit\u00e0. L\u2019azienda potrebbe scoprire quindi che nella call Rural renaissance (Horizon 2020) \u00e8 aperto il topic \u00abSustainable wood value chains\u00bb, che nel suo obiettivo \u00abCostruire con il legno\u00bb, si propone di testare nuove tecnologie e soluzioni \u00abgreen\u00bb per l\u2019uso di materiali a base di legno nella (ri) costruzione e ammodernamento di edifici. Pur non avendo un ramo di azienda dedicato, l\u2019impresa pu\u00f2 trovare il suo spazio nell\u2019attivit\u00e0 che il topic prevede sulla percezione dei consumatori e il loro coinvolgimento.<br \/>\nIl consulente potr\u00e0 quindi proporre l\u2019azienda per una piccola partecipazione su un partenariato in costruzione. Il consulente poi potr\u00e0 svolgere alcune utili indagini sulle reazioni dei clienti, di rafforzamento positivo dell\u2019immagine dell\u2019azienda impegnata sui temi green, di sviluppo di nuove opportunit\u00e0 di business implementando col gruppo di progetto soluzioni da applicare al suo lavoro.<br \/>\n&nbsp;<br \/>\n<span style=\"color: #000000;\"><strong><a style=\"color: #000000;\" href=\"mailto:info@beneggiassociati.com\" target=\"_blank\" rel=\"noopener noreferrer\">Sei interessato all\u2019articolo? Scrivici e verrai contattato da un nostro Consultant<\/a><\/strong><\/span><br \/>\n<span style=\"color: #000000;\"><strong><a style=\"color: #000000;\" href=\"https:\/\/beneggiassociati.com\" target=\"_blank\" rel=\"noopener noreferrer\">@ Beneggi e Associati | Commercialisti al servizio delle imprese | Meda | Milano<\/a><\/strong><\/span><\/p>\n","protected":false},"excerpt":{"rendered":"<p>\u00abQuali opportunit\u00e0 finanziarie ci sono per la mia azienda?\u00bb. E poi: \u00abCome devo muovermi per accedere ai fondi europei gestiti dalla Ue?\u00bb. Sono le classiche domande che le imprese rivolgono al proprio consulente, Oltre ai fondi strutturali organizzati nei Por e Pon, gestiti rispettivamente dalle Regioni e dall\u2019amministrazione centrale, c\u2019\u00e8 un mondo vastissimo \u2013 e [&hellip;]<\/p>\n","protected":false},"author":4,"featured_media":409,"comment_status":"open","ping_status":"open","sticky":false,"template":"","format":"standard","meta":{"_acf_changed":false,"content-type":"","footnotes":""},"categories":[16],"tags":[],"class_list":["post-16207","post","type-post","status-publish","format-standard","has-post-thumbnail","hentry","category-archivio"],"acf":[],"yoast_head":"<!-- This site is optimized with the Yoast SEO plugin v27.5 - https:\/\/yoast.com\/product\/yoast-seo-wordpress\/ -->\n<title>Il consulente intercetta i fondi Ue per l\u2019impresa e amplia il business - Beneggi &amp; Associati<\/title>\n<meta name=\"description\" content=\"\u00abQuali opportunit\u00e0 finanziarie ci sono per la mia azienda?\u00bb. E poi: \u00abCome devo muovermi per accedere ai fondi europei gestiti dalla Ue?\u00bb. Sono le\" \/>\n<meta name=\"robots\" content=\"index, follow, max-snippet:-1, max-image-preview:large, max-video-preview:-1\" \/>\n<link rel=\"canonical\" href=\"https:\/\/beneggiassociati.com\/en\/il-consulente-intercetta-i-fondi-ue-per-limpresa-e-amplia-il-business\/\" \/>\n<meta property=\"og:locale\" content=\"en_US\" \/>\n<meta property=\"og:type\" content=\"article\" \/>\n<meta property=\"og:title\" content=\"Il consulente intercetta i fondi Ue per l\u2019impresa e amplia il business - Beneggi &amp; Associati\" \/>\n<meta property=\"og:description\" content=\"\u00abQuali opportunit\u00e0 finanziarie ci sono per la mia azienda?\u00bb. E poi: \u00abCome devo muovermi per accedere ai fondi europei gestiti dalla Ue?\u00bb. Sono le\" \/>\n<meta property=\"og:url\" content=\"https:\/\/beneggiassociati.com\/en\/il-consulente-intercetta-i-fondi-ue-per-limpresa-e-amplia-il-business\/\" \/>\n<meta property=\"og:site_name\" content=\"Beneggi &amp; Associati\" \/>\n<meta property=\"article:published_time\" content=\"2018-10-20T10:21:00+00:00\" \/>\n<meta property=\"og:image\" content=\"https:\/\/beneggiassociati.com\/wp-content\/uploads\/2025\/07\/single-post-beneggi.jpg\" \/>\n\t<meta property=\"og:image:width\" content=\"1280\" \/>\n\t<meta property=\"og:image:height\" content=\"823\" \/>\n\t<meta property=\"og:image:type\" content=\"image\/jpeg\" \/>\n<meta name=\"author\" content=\"Tiziano Beneggi\" \/>\n<meta name=\"twitter:card\" content=\"summary_large_image\" \/>\n<meta name=\"twitter:label1\" content=\"Written by\" \/>\n\t<meta name=\"twitter:data1\" content=\"Tiziano Beneggi\" \/>\n\t<meta name=\"twitter:label2\" content=\"Est. reading time\" \/>\n\t<meta name=\"twitter:data2\" content=\"4 minutes\" \/>\n<script type=\"application\/ld+json\" class=\"yoast-schema-graph\">{\"@context\":\"https:\\\/\\\/schema.org\",\"@graph\":[{\"@type\":\"Article\",\"@id\":\"https:\\\/\\\/beneggiassociati.com\\\/en\\\/il-consulente-intercetta-i-fondi-ue-per-limpresa-e-amplia-il-business\\\/#article\",\"isPartOf\":{\"@id\":\"https:\\\/\\\/beneggiassociati.com\\\/en\\\/il-consulente-intercetta-i-fondi-ue-per-limpresa-e-amplia-il-business\\\/\"},\"author\":{\"name\":\"Tiziano Beneggi\",\"@id\":\"https:\\\/\\\/beneggiassociati.com\\\/en\\\/#\\\/schema\\\/person\\\/828daacfa37b359e89e981f920072004\"},\"headline\":\"Il consulente intercetta i fondi Ue per l\u2019impresa e amplia il business\",\"datePublished\":\"2018-10-20T10:21:00+00:00\",\"mainEntityOfPage\":{\"@id\":\"https:\\\/\\\/beneggiassociati.com\\\/en\\\/il-consulente-intercetta-i-fondi-ue-per-limpresa-e-amplia-il-business\\\/\"},\"wordCount\":725,\"commentCount\":0,\"publisher\":{\"@id\":\"https:\\\/\\\/beneggiassociati.com\\\/en\\\/#organization\"},\"image\":{\"@id\":\"https:\\\/\\\/beneggiassociati.com\\\/en\\\/il-consulente-intercetta-i-fondi-ue-per-limpresa-e-amplia-il-business\\\/#primaryimage\"},\"thumbnailUrl\":\"https:\\\/\\\/beneggiassociati.com\\\/wp-content\\\/uploads\\\/2025\\\/07\\\/single-post-beneggi.jpg\",\"articleSection\":[\"ARCHIVIO\"],\"inLanguage\":\"en-US\"},{\"@type\":\"WebPage\",\"@id\":\"https:\\\/\\\/beneggiassociati.com\\\/en\\\/il-consulente-intercetta-i-fondi-ue-per-limpresa-e-amplia-il-business\\\/\",\"url\":\"https:\\\/\\\/beneggiassociati.com\\\/en\\\/il-consulente-intercetta-i-fondi-ue-per-limpresa-e-amplia-il-business\\\/\",\"name\":\"Il consulente intercetta i fondi Ue per l\u2019impresa e amplia il business - Beneggi &amp; Associati\",\"isPartOf\":{\"@id\":\"https:\\\/\\\/beneggiassociati.com\\\/en\\\/#website\"},\"primaryImageOfPage\":{\"@id\":\"https:\\\/\\\/beneggiassociati.com\\\/en\\\/il-consulente-intercetta-i-fondi-ue-per-limpresa-e-amplia-il-business\\\/#primaryimage\"},\"image\":{\"@id\":\"https:\\\/\\\/beneggiassociati.com\\\/en\\\/il-consulente-intercetta-i-fondi-ue-per-limpresa-e-amplia-il-business\\\/#primaryimage\"},\"thumbnailUrl\":\"https:\\\/\\\/beneggiassociati.com\\\/wp-content\\\/uploads\\\/2025\\\/07\\\/single-post-beneggi.jpg\",\"datePublished\":\"2018-10-20T10:21:00+00:00\",\"description\":\"\u00abQuali opportunit\u00e0 finanziarie ci sono per la mia azienda?\u00bb. E poi: \u00abCome devo muovermi per accedere ai fondi europei gestiti dalla Ue?\u00bb. Sono le\",\"breadcrumb\":{\"@id\":\"https:\\\/\\\/beneggiassociati.com\\\/en\\\/il-consulente-intercetta-i-fondi-ue-per-limpresa-e-amplia-il-business\\\/#breadcrumb\"},\"inLanguage\":\"en-US\",\"potentialAction\":[{\"@type\":\"ReadAction\",\"target\":[\"https:\\\/\\\/beneggiassociati.com\\\/en\\\/il-consulente-intercetta-i-fondi-ue-per-limpresa-e-amplia-il-business\\\/\"]}]},{\"@type\":\"ImageObject\",\"inLanguage\":\"en-US\",\"@id\":\"https:\\\/\\\/beneggiassociati.com\\\/en\\\/il-consulente-intercetta-i-fondi-ue-per-limpresa-e-amplia-il-business\\\/#primaryimage\",\"url\":\"https:\\\/\\\/beneggiassociati.com\\\/wp-content\\\/uploads\\\/2025\\\/07\\\/single-post-beneggi.jpg\",\"contentUrl\":\"https:\\\/\\\/beneggiassociati.com\\\/wp-content\\\/uploads\\\/2025\\\/07\\\/single-post-beneggi.jpg\",\"width\":1280,\"height\":823},{\"@type\":\"BreadcrumbList\",\"@id\":\"https:\\\/\\\/beneggiassociati.com\\\/en\\\/il-consulente-intercetta-i-fondi-ue-per-limpresa-e-amplia-il-business\\\/#breadcrumb\",\"itemListElement\":[{\"@type\":\"ListItem\",\"position\":1,\"name\":\"Home\",\"item\":\"https:\\\/\\\/beneggiassociati.com\\\/en\\\/?page_id=24163\"},{\"@type\":\"ListItem\",\"position\":2,\"name\":\"Il consulente intercetta i fondi Ue per l\u2019impresa e amplia il business\"}]},{\"@type\":\"WebSite\",\"@id\":\"https:\\\/\\\/beneggiassociati.com\\\/en\\\/#website\",\"url\":\"https:\\\/\\\/beneggiassociati.com\\\/en\\\/\",\"name\":\"Beneggi e associati\",\"description\":\"\",\"publisher\":{\"@id\":\"https:\\\/\\\/beneggiassociati.com\\\/en\\\/#organization\"},\"potentialAction\":[{\"@type\":\"SearchAction\",\"target\":{\"@type\":\"EntryPoint\",\"urlTemplate\":\"https:\\\/\\\/beneggiassociati.com\\\/en\\\/?s={search_term_string}\"},\"query-input\":{\"@type\":\"PropertyValueSpecification\",\"valueRequired\":true,\"valueName\":\"search_term_string\"}}],\"inLanguage\":\"en-US\"},{\"@type\":\"Organization\",\"@id\":\"https:\\\/\\\/beneggiassociati.com\\\/en\\\/#organization\",\"name\":\"Beneggi e associati\",\"url\":\"https:\\\/\\\/beneggiassociati.com\\\/en\\\/\",\"logo\":{\"@type\":\"ImageObject\",\"inLanguage\":\"en-US\",\"@id\":\"https:\\\/\\\/beneggiassociati.com\\\/en\\\/#\\\/schema\\\/logo\\\/image\\\/\",\"url\":\"https:\\\/\\\/beneggiassociati.com\\\/wp-content\\\/uploads\\\/2025\\\/07\\\/beneggi-logo.png\",\"contentUrl\":\"https:\\\/\\\/beneggiassociati.com\\\/wp-content\\\/uploads\\\/2025\\\/07\\\/beneggi-logo.png\",\"width\":141,\"height\":87,\"caption\":\"Beneggi e associati\"},\"image\":{\"@id\":\"https:\\\/\\\/beneggiassociati.com\\\/en\\\/#\\\/schema\\\/logo\\\/image\\\/\"}},{\"@type\":\"Person\",\"@id\":\"https:\\\/\\\/beneggiassociati.com\\\/en\\\/#\\\/schema\\\/person\\\/828daacfa37b359e89e981f920072004\",\"name\":\"Tiziano Beneggi\",\"url\":\"https:\\\/\\\/beneggiassociati.com\\\/en\\\/author\\\/tizianobeneggiassociati-com\\\/\"}]}<\/script>\n<!-- \/ Yoast SEO plugin. -->","yoast_head_json":{"title":"Il consulente intercetta i fondi Ue per l\u2019impresa e amplia il business - Beneggi &amp; Associati","description":"\u00abQuali opportunit\u00e0 finanziarie ci sono per la mia azienda?\u00bb. E poi: \u00abCome devo muovermi per accedere ai fondi europei gestiti dalla Ue?\u00bb. Sono le","robots":{"index":"index","follow":"follow","max-snippet":"max-snippet:-1","max-image-preview":"max-image-preview:large","max-video-preview":"max-video-preview:-1"},"canonical":"https:\/\/beneggiassociati.com\/en\/il-consulente-intercetta-i-fondi-ue-per-limpresa-e-amplia-il-business\/","og_locale":"en_US","og_type":"article","og_title":"Il consulente intercetta i fondi Ue per l\u2019impresa e amplia il business - Beneggi &amp; Associati","og_description":"\u00abQuali opportunit\u00e0 finanziarie ci sono per la mia azienda?\u00bb. E poi: \u00abCome devo muovermi per accedere ai fondi europei gestiti dalla Ue?\u00bb. Sono le","og_url":"https:\/\/beneggiassociati.com\/en\/il-consulente-intercetta-i-fondi-ue-per-limpresa-e-amplia-il-business\/","og_site_name":"Beneggi &amp; Associati","article_published_time":"2018-10-20T10:21:00+00:00","og_image":[{"width":1280,"height":823,"url":"https:\/\/beneggiassociati.com\/wp-content\/uploads\/2025\/07\/single-post-beneggi.jpg","type":"image\/jpeg"}],"author":"Tiziano Beneggi","twitter_card":"summary_large_image","twitter_misc":{"Written by":"Tiziano Beneggi","Est. reading time":"4 minutes"},"schema":{"@context":"https:\/\/schema.org","@graph":[{"@type":"Article","@id":"https:\/\/beneggiassociati.com\/en\/il-consulente-intercetta-i-fondi-ue-per-limpresa-e-amplia-il-business\/#article","isPartOf":{"@id":"https:\/\/beneggiassociati.com\/en\/il-consulente-intercetta-i-fondi-ue-per-limpresa-e-amplia-il-business\/"},"author":{"name":"Tiziano Beneggi","@id":"https:\/\/beneggiassociati.com\/en\/#\/schema\/person\/828daacfa37b359e89e981f920072004"},"headline":"Il consulente intercetta i fondi Ue per l\u2019impresa e amplia il business","datePublished":"2018-10-20T10:21:00+00:00","mainEntityOfPage":{"@id":"https:\/\/beneggiassociati.com\/en\/il-consulente-intercetta-i-fondi-ue-per-limpresa-e-amplia-il-business\/"},"wordCount":725,"commentCount":0,"publisher":{"@id":"https:\/\/beneggiassociati.com\/en\/#organization"},"image":{"@id":"https:\/\/beneggiassociati.com\/en\/il-consulente-intercetta-i-fondi-ue-per-limpresa-e-amplia-il-business\/#primaryimage"},"thumbnailUrl":"https:\/\/beneggiassociati.com\/wp-content\/uploads\/2025\/07\/single-post-beneggi.jpg","articleSection":["ARCHIVIO"],"inLanguage":"en-US"},{"@type":"WebPage","@id":"https:\/\/beneggiassociati.com\/en\/il-consulente-intercetta-i-fondi-ue-per-limpresa-e-amplia-il-business\/","url":"https:\/\/beneggiassociati.com\/en\/il-consulente-intercetta-i-fondi-ue-per-limpresa-e-amplia-il-business\/","name":"Il consulente intercetta i fondi Ue per l\u2019impresa e amplia il business - Beneggi &amp; Associati","isPartOf":{"@id":"https:\/\/beneggiassociati.com\/en\/#website"},"primaryImageOfPage":{"@id":"https:\/\/beneggiassociati.com\/en\/il-consulente-intercetta-i-fondi-ue-per-limpresa-e-amplia-il-business\/#primaryimage"},"image":{"@id":"https:\/\/beneggiassociati.com\/en\/il-consulente-intercetta-i-fondi-ue-per-limpresa-e-amplia-il-business\/#primaryimage"},"thumbnailUrl":"https:\/\/beneggiassociati.com\/wp-content\/uploads\/2025\/07\/single-post-beneggi.jpg","datePublished":"2018-10-20T10:21:00+00:00","description":"\u00abQuali opportunit\u00e0 finanziarie ci sono per la mia azienda?\u00bb. E poi: \u00abCome devo muovermi per accedere ai fondi europei gestiti dalla Ue?\u00bb. Sono le","breadcrumb":{"@id":"https:\/\/beneggiassociati.com\/en\/il-consulente-intercetta-i-fondi-ue-per-limpresa-e-amplia-il-business\/#breadcrumb"},"inLanguage":"en-US","potentialAction":[{"@type":"ReadAction","target":["https:\/\/beneggiassociati.com\/en\/il-consulente-intercetta-i-fondi-ue-per-limpresa-e-amplia-il-business\/"]}]},{"@type":"ImageObject","inLanguage":"en-US","@id":"https:\/\/beneggiassociati.com\/en\/il-consulente-intercetta-i-fondi-ue-per-limpresa-e-amplia-il-business\/#primaryimage","url":"https:\/\/beneggiassociati.com\/wp-content\/uploads\/2025\/07\/single-post-beneggi.jpg","contentUrl":"https:\/\/beneggiassociati.com\/wp-content\/uploads\/2025\/07\/single-post-beneggi.jpg","width":1280,"height":823},{"@type":"BreadcrumbList","@id":"https:\/\/beneggiassociati.com\/en\/il-consulente-intercetta-i-fondi-ue-per-limpresa-e-amplia-il-business\/#breadcrumb","itemListElement":[{"@type":"ListItem","position":1,"name":"Home","item":"https:\/\/beneggiassociati.com\/en\/?page_id=24163"},{"@type":"ListItem","position":2,"name":"Il consulente intercetta i fondi Ue per l\u2019impresa e amplia il business"}]},{"@type":"WebSite","@id":"https:\/\/beneggiassociati.com\/en\/#website","url":"https:\/\/beneggiassociati.com\/en\/","name":"Beneggi e associati","description":"","publisher":{"@id":"https:\/\/beneggiassociati.com\/en\/#organization"},"potentialAction":[{"@type":"SearchAction","target":{"@type":"EntryPoint","urlTemplate":"https:\/\/beneggiassociati.com\/en\/?s={search_term_string}"},"query-input":{"@type":"PropertyValueSpecification","valueRequired":true,"valueName":"search_term_string"}}],"inLanguage":"en-US"},{"@type":"Organization","@id":"https:\/\/beneggiassociati.com\/en\/#organization","name":"Beneggi e associati","url":"https:\/\/beneggiassociati.com\/en\/","logo":{"@type":"ImageObject","inLanguage":"en-US","@id":"https:\/\/beneggiassociati.com\/en\/#\/schema\/logo\/image\/","url":"https:\/\/beneggiassociati.com\/wp-content\/uploads\/2025\/07\/beneggi-logo.png","contentUrl":"https:\/\/beneggiassociati.com\/wp-content\/uploads\/2025\/07\/beneggi-logo.png","width":141,"height":87,"caption":"Beneggi e associati"},"image":{"@id":"https:\/\/beneggiassociati.com\/en\/#\/schema\/logo\/image\/"}},{"@type":"Person","@id":"https:\/\/beneggiassociati.com\/en\/#\/schema\/person\/828daacfa37b359e89e981f920072004","name":"Tiziano Beneggi","url":"https:\/\/beneggiassociati.com\/en\/author\/tizianobeneggiassociati-com\/"}]}},"_links":{"self":[{"href":"https:\/\/beneggiassociati.com\/en\/wp-json\/wp\/v2\/posts\/16207","targetHints":{"allow":["GET"]}}],"collection":[{"href":"https:\/\/beneggiassociati.com\/en\/wp-json\/wp\/v2\/posts"}],"about":[{"href":"https:\/\/beneggiassociati.com\/en\/wp-json\/wp\/v2\/types\/post"}],"author":[{"embeddable":true,"href":"https:\/\/beneggiassociati.com\/en\/wp-json\/wp\/v2\/users\/4"}],"replies":[{"embeddable":true,"href":"https:\/\/beneggiassociati.com\/en\/wp-json\/wp\/v2\/comments?post=16207"}],"version-history":[{"count":0,"href":"https:\/\/beneggiassociati.com\/en\/wp-json\/wp\/v2\/posts\/16207\/revisions"}],"wp:featuredmedia":[{"embeddable":true,"href":"https:\/\/beneggiassociati.com\/en\/wp-json\/wp\/v2\/media\/409"}],"wp:attachment":[{"href":"https:\/\/beneggiassociati.com\/en\/wp-json\/wp\/v2\/media?parent=16207"}],"wp:term":[{"taxonomy":"category","embeddable":true,"href":"https:\/\/beneggiassociati.com\/en\/wp-json\/wp\/v2\/categories?post=16207"},{"taxonomy":"post_tag","embeddable":true,"href":"https:\/\/beneggiassociati.com\/en\/wp-json\/wp\/v2\/tags?post=16207"}],"curies":[{"name":"wp","href":"https:\/\/api.w.org\/{rel}","templated":true}]}}