{"id":16215,"date":"2018-10-20T15:55:00","date_gmt":"2018-10-20T13:55:00","guid":{"rendered":"https:\/\/dev.beneggiassociati.com\/2018\/10\/20\/assunti-fino-a-35-anni-contributi-scontati-della-meta\/"},"modified":"2018-10-20T15:55:00","modified_gmt":"2018-10-20T13:55:00","slug":"assunti-fino-a-35-anni-contributi-scontati-della-meta","status":"publish","type":"post","link":"https:\/\/beneggiassociati.com\/en\/assunti-fino-a-35-anni-contributi-scontati-della-meta\/","title":{"rendered":"Assunti fino a 35 anni, contributi scontati della met\u00e0"},"content":{"rendered":"<p>Nell\u2019iter di conversione nella legge 96\/2018, il decreto dignit\u00e0 ha accolto l\u2019articolo 1-bis, il quale ospita un incentivo per le assunzioni a tempo indeterminato a favore dei pi\u00f9 giovani (in particolare fino a 35 anni di et\u00e0).<br \/>\nIl legislatore alleggerisce la principale voce di costo dei datori di lavoro del settore privato dimezzando la contribuzione a loro carico sulle assicurazioni sociali obbligatorie gestite da Inps per un periodo massimo di 36 mesi dalla data di assunzione, a patto che vengano rispettati alcuni requisiti fondamentali. I neoassunti dovranno non avere mai avuto &#8211; in Italia o all\u2019estero &#8211; un contratto a tempo indeterminato con lo stesso o con altri datori di lavoro (probabilmente escludendo quello intermittente a tempo indeterminato, sulla base di misure analoghe) ed essere assunti fra il 1\u00b0 gennaio 2019 e il 31 dicembre 2010. Il risparmio previdenziale \u00e8 del 50% dei contributi obbligatori Inps a carico del datore fino a un massimo di 3mila euro per anno e 9mila complessivi nel triennio.<br \/>\nImpossibile non notare le analogie rispetto alla misura incentivante prevista stabilmente dalla legge di bilancio del 2018 (legge 205\/2017), che non viene mutata dal decreto dignit\u00e0. La formula di quest\u2019ultimo sgravio sembra analoga alla precedente: un esonero dai contributi che si ritiene non sar\u00e0 totale ma escluder\u00e0 alcune voci contributive, come quelle afferenti ai fondi di solidariet\u00e0 o al fondo di integrazione salariale, nonch\u00e9 i premi Inail.<br \/>\nLa pi\u00f9 immediata delle differenze risiede nella platea degli ammessi agli incentivi: la legge 205\/2017, introducendo il suo esonero contributivo \u201cstabile\u201d, ha previsto come beneficiari i neoassunti privi di precedenti esperienze a tempo indeterminato che avessero meno di 30 anni, con una parziale apertura solo per il 2018, anno in cui l\u2019incentivo (disciplinato dalla circolare Inps 40\/2018) \u00e8 aperto anche agli under 35 mantenendo immutati gli altri requisiti.<br \/>\nI commi che compongono l\u2019articolo 1-bis del Dl 87\/2018 non contengono alcune altre prescrizioni, attive invece nella forma di esonero stabile, ancora efficace. In particolare, nell\u2019esonero introdotto dall\u2019articolo 1, commi 100 e seguenti della legge di bilancio 2018 c\u2019\u00e8 una aperta esclusione dell\u2019incentivo per i collaboratori domestici e per gli apprendisti (comma 114); \u00e8 richiesto inoltre (comma 104) che il datore beneficiario dello sgravio non abbia proceduto, nella medesima unit\u00e0 produttiva, a licenziamenti nei 6 mesi precedenti alla nuova assunzione.<br \/>\nL\u2019esonero della legge 205\/2017 ha poi \u201cblindato\u201d la legittimit\u00e0 dello stesso all\u2019impegno del datore beneficiario a non licenziare per giustificato motivo oggettivo, nei 6 mesi dopo l\u2019assunzione, il lavoratore incentivato o un dipendente con qualifica analoga e in servizio nella stessa unit\u00e0 produttiva. Tale condizione non viene richiamata nel nuovo esonero, cos\u00ec come non sembra attivo l\u2019ulteriore meccanismo di flessibilit\u00e0 dell\u2019incentivo che permetteva (comma 103) di collegare il periodo residuo di godimento dell\u2019esonero a datori che assumessero in un secondo momento a tempo indeterminato il dipendente, anche se aveva nel frattempo superato l\u2019originario requisito anagrafico.<br \/>\nNel nuovo esonero manca anche il richiamo all\u2019aliquota di computo piena delle prestazioni pensionistiche a favore dei lavoratori incentivati, che garantiva il completo accredito dei contributi ai fini pensionistici nonostante la riduzione del carico contributivo aziendale. Va per\u00f2 specificato che il nuovo esonero ha previsto uno step normativo intermedio, innovativo rispetto alla formula adottata dalla legge di bilancio del 2018 (che ha dovuto attendere, invece, la circolare Inps per ulteriori dettagli operativi). In questo caso, il nuovo esonero ha previsto l\u2019apparizione di un decreto interministeriale fra Lavoro e Mef da formulare entro 60 giorni dalla entrata in vigore della legge 96\/2018 (dunque entro met\u00e0 ottobre).<br \/>\nRimane invece immutato il riferimento ai dipendenti incentivabili a norma del nuovo esonero che, come nel caso di quello stabile della legge di bilancio del 2018, sono identificati in tutti i lavoratori rientranti nella disciplina del Dlgs 23\/2015, vale a dire operai, impiegati e quadri, con esclusione dei dirigenti. Sar\u00e0 quindi il decreto interministeriale, unitamente alla circolare dell\u2019Inps, a fornire le modalit\u00e0 di fruizione dell\u2019esonero al via dal prossimo anno per la durata dei successivi 24 mesi, nonch\u00e9 le forme di coordinamento rispetto a quello stabile al momento attivo.<br \/>\n&nbsp;<br \/>\n<span style=\"color: #000000;\"><strong><a style=\"color: #000000;\" href=\"mailto:info@beneggiassociati.com\" target=\"_blank\" rel=\"noopener noreferrer\">Sei interessato all\u2019articolo? Scrivici e verrai contattato da un nostro Consultant<\/a><\/strong><\/span><br \/>\n<span style=\"color: #000000;\"><strong><a style=\"color: #000000;\" href=\"https:\/\/beneggiassociati.com\" target=\"_blank\" rel=\"noopener noreferrer\">@ Beneggi e Associati | Commercialisti al servizio delle imprese | Meda | Milano<\/a><\/strong><\/span><\/p>\n","protected":false},"excerpt":{"rendered":"<p>Nell\u2019iter di conversione nella legge 96\/2018, il decreto dignit\u00e0 ha accolto l\u2019articolo 1-bis, il quale ospita un incentivo per le assunzioni a tempo indeterminato a favore dei pi\u00f9 giovani (in particolare fino a 35 anni di et\u00e0). Il legislatore alleggerisce la principale voce di costo dei datori di lavoro del settore privato dimezzando la contribuzione [&hellip;]<\/p>\n","protected":false},"author":4,"featured_media":409,"comment_status":"open","ping_status":"open","sticky":false,"template":"","format":"standard","meta":{"_acf_changed":false,"content-type":"","footnotes":""},"categories":[16],"tags":[],"class_list":["post-16215","post","type-post","status-publish","format-standard","has-post-thumbnail","hentry","category-archivio"],"acf":[],"yoast_head":"<!-- This site is optimized with the Yoast SEO plugin v27.5 - https:\/\/yoast.com\/product\/yoast-seo-wordpress\/ -->\n<title>Assunti fino a 35 anni, contributi scontati della met\u00e0 - Beneggi &amp; Associati<\/title>\n<meta name=\"description\" content=\"Nell\u2019iter di conversione nella legge 96\/2018, il decreto dignit\u00e0 ha accolto l\u2019articolo 1-bis, il quale ospita un incentivo per le assunzioni a tempo\" \/>\n<meta name=\"robots\" content=\"index, follow, max-snippet:-1, max-image-preview:large, max-video-preview:-1\" \/>\n<link rel=\"canonical\" href=\"https:\/\/beneggiassociati.com\/en\/assunti-fino-a-35-anni-contributi-scontati-della-meta\/\" \/>\n<meta property=\"og:locale\" content=\"en_US\" \/>\n<meta property=\"og:type\" content=\"article\" \/>\n<meta property=\"og:title\" content=\"Assunti fino a 35 anni, contributi scontati della met\u00e0 - Beneggi &amp; Associati\" \/>\n<meta property=\"og:description\" content=\"Nell\u2019iter di conversione nella legge 96\/2018, il decreto dignit\u00e0 ha accolto l\u2019articolo 1-bis, il quale ospita un incentivo per le assunzioni a tempo\" \/>\n<meta property=\"og:url\" content=\"https:\/\/beneggiassociati.com\/en\/assunti-fino-a-35-anni-contributi-scontati-della-meta\/\" \/>\n<meta property=\"og:site_name\" content=\"Beneggi &amp; Associati\" \/>\n<meta property=\"article:published_time\" content=\"2018-10-20T13:55:00+00:00\" \/>\n<meta property=\"og:image\" content=\"https:\/\/beneggiassociati.com\/wp-content\/uploads\/2025\/07\/single-post-beneggi.jpg\" \/>\n\t<meta property=\"og:image:width\" content=\"1280\" \/>\n\t<meta property=\"og:image:height\" content=\"823\" \/>\n\t<meta property=\"og:image:type\" content=\"image\/jpeg\" \/>\n<meta name=\"author\" content=\"Tiziano Beneggi\" \/>\n<meta name=\"twitter:card\" content=\"summary_large_image\" \/>\n<meta name=\"twitter:label1\" content=\"Written by\" \/>\n\t<meta name=\"twitter:data1\" content=\"Tiziano Beneggi\" \/>\n\t<meta name=\"twitter:label2\" content=\"Est. reading time\" \/>\n\t<meta name=\"twitter:data2\" content=\"3 minutes\" \/>\n<script type=\"application\/ld+json\" class=\"yoast-schema-graph\">{\"@context\":\"https:\\\/\\\/schema.org\",\"@graph\":[{\"@type\":\"Article\",\"@id\":\"https:\\\/\\\/beneggiassociati.com\\\/en\\\/assunti-fino-a-35-anni-contributi-scontati-della-meta\\\/#article\",\"isPartOf\":{\"@id\":\"https:\\\/\\\/beneggiassociati.com\\\/en\\\/assunti-fino-a-35-anni-contributi-scontati-della-meta\\\/\"},\"author\":{\"name\":\"Tiziano Beneggi\",\"@id\":\"https:\\\/\\\/beneggiassociati.com\\\/en\\\/#\\\/schema\\\/person\\\/828daacfa37b359e89e981f920072004\"},\"headline\":\"Assunti fino a 35 anni, contributi scontati della met\u00e0\",\"datePublished\":\"2018-10-20T13:55:00+00:00\",\"mainEntityOfPage\":{\"@id\":\"https:\\\/\\\/beneggiassociati.com\\\/en\\\/assunti-fino-a-35-anni-contributi-scontati-della-meta\\\/\"},\"wordCount\":685,\"commentCount\":0,\"publisher\":{\"@id\":\"https:\\\/\\\/beneggiassociati.com\\\/en\\\/#organization\"},\"image\":{\"@id\":\"https:\\\/\\\/beneggiassociati.com\\\/en\\\/assunti-fino-a-35-anni-contributi-scontati-della-meta\\\/#primaryimage\"},\"thumbnailUrl\":\"https:\\\/\\\/beneggiassociati.com\\\/wp-content\\\/uploads\\\/2025\\\/07\\\/single-post-beneggi.jpg\",\"articleSection\":[\"ARCHIVIO\"],\"inLanguage\":\"en-US\"},{\"@type\":\"WebPage\",\"@id\":\"https:\\\/\\\/beneggiassociati.com\\\/en\\\/assunti-fino-a-35-anni-contributi-scontati-della-meta\\\/\",\"url\":\"https:\\\/\\\/beneggiassociati.com\\\/en\\\/assunti-fino-a-35-anni-contributi-scontati-della-meta\\\/\",\"name\":\"Assunti fino a 35 anni, contributi scontati della met\u00e0 - Beneggi &amp; Associati\",\"isPartOf\":{\"@id\":\"https:\\\/\\\/beneggiassociati.com\\\/en\\\/#website\"},\"primaryImageOfPage\":{\"@id\":\"https:\\\/\\\/beneggiassociati.com\\\/en\\\/assunti-fino-a-35-anni-contributi-scontati-della-meta\\\/#primaryimage\"},\"image\":{\"@id\":\"https:\\\/\\\/beneggiassociati.com\\\/en\\\/assunti-fino-a-35-anni-contributi-scontati-della-meta\\\/#primaryimage\"},\"thumbnailUrl\":\"https:\\\/\\\/beneggiassociati.com\\\/wp-content\\\/uploads\\\/2025\\\/07\\\/single-post-beneggi.jpg\",\"datePublished\":\"2018-10-20T13:55:00+00:00\",\"description\":\"Nell\u2019iter di conversione nella legge 96\\\/2018, il decreto dignit\u00e0 ha accolto l\u2019articolo 1-bis, il quale ospita un incentivo per le assunzioni a tempo\",\"breadcrumb\":{\"@id\":\"https:\\\/\\\/beneggiassociati.com\\\/en\\\/assunti-fino-a-35-anni-contributi-scontati-della-meta\\\/#breadcrumb\"},\"inLanguage\":\"en-US\",\"potentialAction\":[{\"@type\":\"ReadAction\",\"target\":[\"https:\\\/\\\/beneggiassociati.com\\\/en\\\/assunti-fino-a-35-anni-contributi-scontati-della-meta\\\/\"]}]},{\"@type\":\"ImageObject\",\"inLanguage\":\"en-US\",\"@id\":\"https:\\\/\\\/beneggiassociati.com\\\/en\\\/assunti-fino-a-35-anni-contributi-scontati-della-meta\\\/#primaryimage\",\"url\":\"https:\\\/\\\/beneggiassociati.com\\\/wp-content\\\/uploads\\\/2025\\\/07\\\/single-post-beneggi.jpg\",\"contentUrl\":\"https:\\\/\\\/beneggiassociati.com\\\/wp-content\\\/uploads\\\/2025\\\/07\\\/single-post-beneggi.jpg\",\"width\":1280,\"height\":823},{\"@type\":\"BreadcrumbList\",\"@id\":\"https:\\\/\\\/beneggiassociati.com\\\/en\\\/assunti-fino-a-35-anni-contributi-scontati-della-meta\\\/#breadcrumb\",\"itemListElement\":[{\"@type\":\"ListItem\",\"position\":1,\"name\":\"Home\",\"item\":\"https:\\\/\\\/beneggiassociati.com\\\/en\\\/?page_id=24163\"},{\"@type\":\"ListItem\",\"position\":2,\"name\":\"Assunti fino a 35 anni, contributi scontati della met\u00e0\"}]},{\"@type\":\"WebSite\",\"@id\":\"https:\\\/\\\/beneggiassociati.com\\\/en\\\/#website\",\"url\":\"https:\\\/\\\/beneggiassociati.com\\\/en\\\/\",\"name\":\"Beneggi e associati\",\"description\":\"\",\"publisher\":{\"@id\":\"https:\\\/\\\/beneggiassociati.com\\\/en\\\/#organization\"},\"potentialAction\":[{\"@type\":\"SearchAction\",\"target\":{\"@type\":\"EntryPoint\",\"urlTemplate\":\"https:\\\/\\\/beneggiassociati.com\\\/en\\\/?s={search_term_string}\"},\"query-input\":{\"@type\":\"PropertyValueSpecification\",\"valueRequired\":true,\"valueName\":\"search_term_string\"}}],\"inLanguage\":\"en-US\"},{\"@type\":\"Organization\",\"@id\":\"https:\\\/\\\/beneggiassociati.com\\\/en\\\/#organization\",\"name\":\"Beneggi e associati\",\"url\":\"https:\\\/\\\/beneggiassociati.com\\\/en\\\/\",\"logo\":{\"@type\":\"ImageObject\",\"inLanguage\":\"en-US\",\"@id\":\"https:\\\/\\\/beneggiassociati.com\\\/en\\\/#\\\/schema\\\/logo\\\/image\\\/\",\"url\":\"https:\\\/\\\/beneggiassociati.com\\\/wp-content\\\/uploads\\\/2025\\\/07\\\/beneggi-logo.png\",\"contentUrl\":\"https:\\\/\\\/beneggiassociati.com\\\/wp-content\\\/uploads\\\/2025\\\/07\\\/beneggi-logo.png\",\"width\":141,\"height\":87,\"caption\":\"Beneggi e associati\"},\"image\":{\"@id\":\"https:\\\/\\\/beneggiassociati.com\\\/en\\\/#\\\/schema\\\/logo\\\/image\\\/\"}},{\"@type\":\"Person\",\"@id\":\"https:\\\/\\\/beneggiassociati.com\\\/en\\\/#\\\/schema\\\/person\\\/828daacfa37b359e89e981f920072004\",\"name\":\"Tiziano Beneggi\",\"url\":\"https:\\\/\\\/beneggiassociati.com\\\/en\\\/author\\\/tizianobeneggiassociati-com\\\/\"}]}<\/script>\n<!-- \/ Yoast SEO plugin. -->","yoast_head_json":{"title":"Assunti fino a 35 anni, contributi scontati della met\u00e0 - Beneggi &amp; Associati","description":"Nell\u2019iter di conversione nella legge 96\/2018, il decreto dignit\u00e0 ha accolto l\u2019articolo 1-bis, il quale ospita un incentivo per le assunzioni a tempo","robots":{"index":"index","follow":"follow","max-snippet":"max-snippet:-1","max-image-preview":"max-image-preview:large","max-video-preview":"max-video-preview:-1"},"canonical":"https:\/\/beneggiassociati.com\/en\/assunti-fino-a-35-anni-contributi-scontati-della-meta\/","og_locale":"en_US","og_type":"article","og_title":"Assunti fino a 35 anni, contributi scontati della met\u00e0 - Beneggi &amp; Associati","og_description":"Nell\u2019iter di conversione nella legge 96\/2018, il decreto dignit\u00e0 ha accolto l\u2019articolo 1-bis, il quale ospita un incentivo per le assunzioni a tempo","og_url":"https:\/\/beneggiassociati.com\/en\/assunti-fino-a-35-anni-contributi-scontati-della-meta\/","og_site_name":"Beneggi &amp; Associati","article_published_time":"2018-10-20T13:55:00+00:00","og_image":[{"width":1280,"height":823,"url":"https:\/\/beneggiassociati.com\/wp-content\/uploads\/2025\/07\/single-post-beneggi.jpg","type":"image\/jpeg"}],"author":"Tiziano Beneggi","twitter_card":"summary_large_image","twitter_misc":{"Written by":"Tiziano Beneggi","Est. reading time":"3 minutes"},"schema":{"@context":"https:\/\/schema.org","@graph":[{"@type":"Article","@id":"https:\/\/beneggiassociati.com\/en\/assunti-fino-a-35-anni-contributi-scontati-della-meta\/#article","isPartOf":{"@id":"https:\/\/beneggiassociati.com\/en\/assunti-fino-a-35-anni-contributi-scontati-della-meta\/"},"author":{"name":"Tiziano Beneggi","@id":"https:\/\/beneggiassociati.com\/en\/#\/schema\/person\/828daacfa37b359e89e981f920072004"},"headline":"Assunti fino a 35 anni, contributi scontati della met\u00e0","datePublished":"2018-10-20T13:55:00+00:00","mainEntityOfPage":{"@id":"https:\/\/beneggiassociati.com\/en\/assunti-fino-a-35-anni-contributi-scontati-della-meta\/"},"wordCount":685,"commentCount":0,"publisher":{"@id":"https:\/\/beneggiassociati.com\/en\/#organization"},"image":{"@id":"https:\/\/beneggiassociati.com\/en\/assunti-fino-a-35-anni-contributi-scontati-della-meta\/#primaryimage"},"thumbnailUrl":"https:\/\/beneggiassociati.com\/wp-content\/uploads\/2025\/07\/single-post-beneggi.jpg","articleSection":["ARCHIVIO"],"inLanguage":"en-US"},{"@type":"WebPage","@id":"https:\/\/beneggiassociati.com\/en\/assunti-fino-a-35-anni-contributi-scontati-della-meta\/","url":"https:\/\/beneggiassociati.com\/en\/assunti-fino-a-35-anni-contributi-scontati-della-meta\/","name":"Assunti fino a 35 anni, contributi scontati della met\u00e0 - Beneggi &amp; Associati","isPartOf":{"@id":"https:\/\/beneggiassociati.com\/en\/#website"},"primaryImageOfPage":{"@id":"https:\/\/beneggiassociati.com\/en\/assunti-fino-a-35-anni-contributi-scontati-della-meta\/#primaryimage"},"image":{"@id":"https:\/\/beneggiassociati.com\/en\/assunti-fino-a-35-anni-contributi-scontati-della-meta\/#primaryimage"},"thumbnailUrl":"https:\/\/beneggiassociati.com\/wp-content\/uploads\/2025\/07\/single-post-beneggi.jpg","datePublished":"2018-10-20T13:55:00+00:00","description":"Nell\u2019iter di conversione nella legge 96\/2018, il decreto dignit\u00e0 ha accolto l\u2019articolo 1-bis, il quale ospita un incentivo per le assunzioni a tempo","breadcrumb":{"@id":"https:\/\/beneggiassociati.com\/en\/assunti-fino-a-35-anni-contributi-scontati-della-meta\/#breadcrumb"},"inLanguage":"en-US","potentialAction":[{"@type":"ReadAction","target":["https:\/\/beneggiassociati.com\/en\/assunti-fino-a-35-anni-contributi-scontati-della-meta\/"]}]},{"@type":"ImageObject","inLanguage":"en-US","@id":"https:\/\/beneggiassociati.com\/en\/assunti-fino-a-35-anni-contributi-scontati-della-meta\/#primaryimage","url":"https:\/\/beneggiassociati.com\/wp-content\/uploads\/2025\/07\/single-post-beneggi.jpg","contentUrl":"https:\/\/beneggiassociati.com\/wp-content\/uploads\/2025\/07\/single-post-beneggi.jpg","width":1280,"height":823},{"@type":"BreadcrumbList","@id":"https:\/\/beneggiassociati.com\/en\/assunti-fino-a-35-anni-contributi-scontati-della-meta\/#breadcrumb","itemListElement":[{"@type":"ListItem","position":1,"name":"Home","item":"https:\/\/beneggiassociati.com\/en\/?page_id=24163"},{"@type":"ListItem","position":2,"name":"Assunti fino a 35 anni, contributi scontati della met\u00e0"}]},{"@type":"WebSite","@id":"https:\/\/beneggiassociati.com\/en\/#website","url":"https:\/\/beneggiassociati.com\/en\/","name":"Beneggi e associati","description":"","publisher":{"@id":"https:\/\/beneggiassociati.com\/en\/#organization"},"potentialAction":[{"@type":"SearchAction","target":{"@type":"EntryPoint","urlTemplate":"https:\/\/beneggiassociati.com\/en\/?s={search_term_string}"},"query-input":{"@type":"PropertyValueSpecification","valueRequired":true,"valueName":"search_term_string"}}],"inLanguage":"en-US"},{"@type":"Organization","@id":"https:\/\/beneggiassociati.com\/en\/#organization","name":"Beneggi e associati","url":"https:\/\/beneggiassociati.com\/en\/","logo":{"@type":"ImageObject","inLanguage":"en-US","@id":"https:\/\/beneggiassociati.com\/en\/#\/schema\/logo\/image\/","url":"https:\/\/beneggiassociati.com\/wp-content\/uploads\/2025\/07\/beneggi-logo.png","contentUrl":"https:\/\/beneggiassociati.com\/wp-content\/uploads\/2025\/07\/beneggi-logo.png","width":141,"height":87,"caption":"Beneggi e associati"},"image":{"@id":"https:\/\/beneggiassociati.com\/en\/#\/schema\/logo\/image\/"}},{"@type":"Person","@id":"https:\/\/beneggiassociati.com\/en\/#\/schema\/person\/828daacfa37b359e89e981f920072004","name":"Tiziano Beneggi","url":"https:\/\/beneggiassociati.com\/en\/author\/tizianobeneggiassociati-com\/"}]}},"_links":{"self":[{"href":"https:\/\/beneggiassociati.com\/en\/wp-json\/wp\/v2\/posts\/16215","targetHints":{"allow":["GET"]}}],"collection":[{"href":"https:\/\/beneggiassociati.com\/en\/wp-json\/wp\/v2\/posts"}],"about":[{"href":"https:\/\/beneggiassociati.com\/en\/wp-json\/wp\/v2\/types\/post"}],"author":[{"embeddable":true,"href":"https:\/\/beneggiassociati.com\/en\/wp-json\/wp\/v2\/users\/4"}],"replies":[{"embeddable":true,"href":"https:\/\/beneggiassociati.com\/en\/wp-json\/wp\/v2\/comments?post=16215"}],"version-history":[{"count":0,"href":"https:\/\/beneggiassociati.com\/en\/wp-json\/wp\/v2\/posts\/16215\/revisions"}],"wp:featuredmedia":[{"embeddable":true,"href":"https:\/\/beneggiassociati.com\/en\/wp-json\/wp\/v2\/media\/409"}],"wp:attachment":[{"href":"https:\/\/beneggiassociati.com\/en\/wp-json\/wp\/v2\/media?parent=16215"}],"wp:term":[{"taxonomy":"category","embeddable":true,"href":"https:\/\/beneggiassociati.com\/en\/wp-json\/wp\/v2\/categories?post=16215"},{"taxonomy":"post_tag","embeddable":true,"href":"https:\/\/beneggiassociati.com\/en\/wp-json\/wp\/v2\/tags?post=16215"}],"curies":[{"name":"wp","href":"https:\/\/api.w.org\/{rel}","templated":true}]}}