{"id":16233,"date":"2018-11-17T13:41:00","date_gmt":"2018-11-17T12:41:00","guid":{"rendered":"https:\/\/dev.beneggiassociati.com\/2018\/11\/17\/fattura-elettronica-niente-detrazione-iva-senza\/"},"modified":"2018-11-17T13:41:00","modified_gmt":"2018-11-17T12:41:00","slug":"fattura-elettronica-niente-detrazione-iva-senza","status":"publish","type":"post","link":"https:\/\/beneggiassociati.com\/en\/fattura-elettronica-niente-detrazione-iva-senza\/","title":{"rendered":"Fattura elettronica, niente detrazione Iva senza"},"content":{"rendered":"<p>Per effetto della disposizione introdotta dall\u2019articolo 10 del Dl 119\/2018, nel primo semestre 2019 la fattura elettronica pu\u00f2 essere emessa entro il termine della liquidazione Iva, senza applicazione della sanzione (sarebbe fissata nella misura dal 90 al 180% dell\u2019imposta); la norma prevede anche che, se la fattura viene emessa entro il termine della liquidazione periodica successiva, la sanzione \u00e8 ridotta al 20 per cento. Quindi, la norma \u00e8 molto accorta per il cedente, ma riserva scarsa attenzione per l\u2019acquirente. \u00c8 vero che l\u2019articolo 10 del Dl 119\/2018 elimina la sanzione anche per l\u2019acquirente che non provvede a emettere l\u2019autofattura denuncia, ma questa situazione difficilmente si pu\u00f2 creare, tenuto conto che la sanzione scatterebbe dopo quattro mesi dall\u2019acquisto. Il problema vero \u00e8 se l\u2019acquirente abbia il diritto di detrarre l\u2019Iva pur in assenza della fattura elettronica, magari con il documento analogico.<br \/>\nPer le operazioni interne, dal 2019 l\u2019unica fattura valida \u00e8 quella elettronica, per cui altri documenti non sono idonei ai fini della detrazione. Si pu\u00f2 creare una situazione penalizzante per l\u2019acquirente\/committente; si supponga il caso di un professionista trimestrale che, in gennaio, incassa un compenso da un\u2019impresa che liquida l\u2019Iva con periodicit\u00e0 mensile. Il professionista pu\u00f2 emettere la fattura entro il 16 maggio e, quindi, il committente potr\u00e0 detrarre l\u2019Iva nella liquidazione del mese di giugno, pur avendo pagato il corrispettivo maggiorato di Iva sei mesi prima.<br \/>\nForse una soluzione interpretativa non \u00e8 sufficiente, ma l\u2019occasione della conversione in legge del Dl 119 \u00e8 quella giusta. Infatti, leggendo la relazione accompagnatoria all\u2019articolo 10, si legge che l\u2019acquirente non \u00e8 soggetto ad alcuna sanzione ancorch\u00e9 detragga l\u2019Iva, ma nel testo della norma tale possibilit\u00e0 non emerge. Non sarebbe quindi fuori luogo, in via eccezionale, consentire nel primo semestre 2019, la detrazione dell\u2019Iva con fattura cartacea, anche perch\u00e9 l\u2019Erario non ci rimette nulla poich\u00e9 il cedente comunque deve rispettare il termine della liquidazione periodica.<br \/>\nUn\u2019altra questione esaminata dall\u2019Agenzia riguarda la fattura non trasmessa elettronicamente e se essa possa produrre effetti civili. La detrazione dell\u2019imposta non \u00e8 possibile in assenza del documento digitale. L\u2019Agenzia ha, tuttavia, ribadito che l\u2019e-fattura prevista dal Dlgs 127\/2015 ha rilevanza esclusivamente fiscale. Pertanto qualsiasi altro documento pu\u00f2 produrre effetti civili e, ad esempio, la fornitura di beni documentata con fattura cartacea genera un credito legittimo per il cedente.<br \/>\nAltra precisazione riguarda la fattura elettronica relativa alle operazioni interne, emessa in base all\u2019articolo 36 del Dpr 633\/1972. L\u2019Agenzia conferma che anche queste fatture devono essere emesse elettronicamente. Si tratta di fattispecie molto frequenti nelle imprese immobiliari, in agricoltura in presenza di attivit\u00e0 agrituristiche o di produzione di energia elettrica. La fattura viene emessa dal contribuente nei confronti di se stesso e quindi l\u2019emittente dovr\u00e0 indicare la sua Pec per ricevere la fattura. Con la fatturazione elettronica, potr\u00e0 accadere che l\u2019Iva sia dovuta in un mese e sia detraibile il mese successivo a seguito del recapito a cura dello Sdi.<br \/>\n&nbsp;<br \/>\n<span style=\"color: #000000;\"><strong><a style=\"color: #000000;\" href=\"mailto:info@beneggiassociati.com\" target=\"_blank\" rel=\"noopener noreferrer\">Sei interessato all\u2019articolo? Scrivici e verrai contattato da un nostro Consultant<\/a><\/strong><\/span><br \/>\n<span style=\"color: #000000;\"><strong><a style=\"color: #000000;\" href=\"https:\/\/beneggiassociati.com\" target=\"_blank\" rel=\"noopener noreferrer\">@ Beneggi e Associati | Commercialisti al servizio delle imprese | Meda | Milano<\/a><\/strong><\/span><\/p>\n","protected":false},"excerpt":{"rendered":"<p>Per effetto della disposizione introdotta dall\u2019articolo 10 del Dl 119\/2018, nel primo semestre 2019 la fattura elettronica pu\u00f2 essere emessa entro il termine della liquidazione Iva, senza applicazione della sanzione (sarebbe fissata nella misura dal 90 al 180% dell\u2019imposta); la norma prevede anche che, se la fattura viene emessa entro il termine della liquidazione periodica [&hellip;]<\/p>\n","protected":false},"author":4,"featured_media":409,"comment_status":"open","ping_status":"open","sticky":false,"template":"","format":"standard","meta":{"_acf_changed":false,"content-type":"","footnotes":""},"categories":[16],"tags":[],"class_list":["post-16233","post","type-post","status-publish","format-standard","has-post-thumbnail","hentry","category-archivio"],"acf":[],"yoast_head":"<!-- This site is optimized with the Yoast SEO plugin v27.5 - https:\/\/yoast.com\/product\/yoast-seo-wordpress\/ -->\n<title>Fattura elettronica, niente detrazione Iva senza - Beneggi &amp; Associati<\/title>\n<meta name=\"description\" content=\"Per effetto della disposizione introdotta dall\u2019articolo 10 del Dl 119\/2018, nel primo semestre 2019 la fattura elettronica pu\u00f2 essere emessa entro il\" \/>\n<meta name=\"robots\" content=\"index, follow, max-snippet:-1, max-image-preview:large, max-video-preview:-1\" \/>\n<link rel=\"canonical\" href=\"https:\/\/beneggiassociati.com\/en\/fattura-elettronica-niente-detrazione-iva-senza\/\" \/>\n<meta property=\"og:locale\" content=\"en_US\" \/>\n<meta property=\"og:type\" content=\"article\" \/>\n<meta property=\"og:title\" content=\"Fattura elettronica, niente detrazione Iva senza - Beneggi &amp; Associati\" \/>\n<meta property=\"og:description\" content=\"Per effetto della disposizione introdotta dall\u2019articolo 10 del Dl 119\/2018, nel primo semestre 2019 la fattura elettronica pu\u00f2 essere emessa entro il\" \/>\n<meta property=\"og:url\" content=\"https:\/\/beneggiassociati.com\/en\/fattura-elettronica-niente-detrazione-iva-senza\/\" \/>\n<meta property=\"og:site_name\" content=\"Beneggi &amp; Associati\" \/>\n<meta property=\"article:published_time\" content=\"2018-11-17T12:41:00+00:00\" \/>\n<meta property=\"og:image\" content=\"https:\/\/beneggiassociati.com\/wp-content\/uploads\/2025\/07\/single-post-beneggi.jpg\" \/>\n\t<meta property=\"og:image:width\" content=\"1280\" \/>\n\t<meta property=\"og:image:height\" content=\"823\" \/>\n\t<meta property=\"og:image:type\" content=\"image\/jpeg\" \/>\n<meta name=\"author\" content=\"Tiziano Beneggi\" \/>\n<meta name=\"twitter:card\" content=\"summary_large_image\" \/>\n<meta name=\"twitter:label1\" content=\"Written by\" \/>\n\t<meta name=\"twitter:data1\" content=\"Tiziano Beneggi\" \/>\n\t<meta name=\"twitter:label2\" content=\"Est. reading time\" \/>\n\t<meta name=\"twitter:data2\" content=\"3 minutes\" \/>\n<script type=\"application\/ld+json\" class=\"yoast-schema-graph\">{\"@context\":\"https:\\\/\\\/schema.org\",\"@graph\":[{\"@type\":\"Article\",\"@id\":\"https:\\\/\\\/beneggiassociati.com\\\/en\\\/fattura-elettronica-niente-detrazione-iva-senza\\\/#article\",\"isPartOf\":{\"@id\":\"https:\\\/\\\/beneggiassociati.com\\\/en\\\/fattura-elettronica-niente-detrazione-iva-senza\\\/\"},\"author\":{\"name\":\"Tiziano Beneggi\",\"@id\":\"https:\\\/\\\/beneggiassociati.com\\\/en\\\/#\\\/schema\\\/person\\\/828daacfa37b359e89e981f920072004\"},\"headline\":\"Fattura elettronica, niente detrazione Iva senza\",\"datePublished\":\"2018-11-17T12:41:00+00:00\",\"mainEntityOfPage\":{\"@id\":\"https:\\\/\\\/beneggiassociati.com\\\/en\\\/fattura-elettronica-niente-detrazione-iva-senza\\\/\"},\"wordCount\":514,\"commentCount\":0,\"publisher\":{\"@id\":\"https:\\\/\\\/beneggiassociati.com\\\/en\\\/#organization\"},\"image\":{\"@id\":\"https:\\\/\\\/beneggiassociati.com\\\/en\\\/fattura-elettronica-niente-detrazione-iva-senza\\\/#primaryimage\"},\"thumbnailUrl\":\"https:\\\/\\\/beneggiassociati.com\\\/wp-content\\\/uploads\\\/2025\\\/07\\\/single-post-beneggi.jpg\",\"articleSection\":[\"ARCHIVIO\"],\"inLanguage\":\"en-US\"},{\"@type\":\"WebPage\",\"@id\":\"https:\\\/\\\/beneggiassociati.com\\\/en\\\/fattura-elettronica-niente-detrazione-iva-senza\\\/\",\"url\":\"https:\\\/\\\/beneggiassociati.com\\\/en\\\/fattura-elettronica-niente-detrazione-iva-senza\\\/\",\"name\":\"Fattura elettronica, niente detrazione Iva senza - Beneggi &amp; Associati\",\"isPartOf\":{\"@id\":\"https:\\\/\\\/beneggiassociati.com\\\/en\\\/#website\"},\"primaryImageOfPage\":{\"@id\":\"https:\\\/\\\/beneggiassociati.com\\\/en\\\/fattura-elettronica-niente-detrazione-iva-senza\\\/#primaryimage\"},\"image\":{\"@id\":\"https:\\\/\\\/beneggiassociati.com\\\/en\\\/fattura-elettronica-niente-detrazione-iva-senza\\\/#primaryimage\"},\"thumbnailUrl\":\"https:\\\/\\\/beneggiassociati.com\\\/wp-content\\\/uploads\\\/2025\\\/07\\\/single-post-beneggi.jpg\",\"datePublished\":\"2018-11-17T12:41:00+00:00\",\"description\":\"Per effetto della disposizione introdotta dall\u2019articolo 10 del Dl 119\\\/2018, nel primo semestre 2019 la fattura elettronica pu\u00f2 essere emessa entro il\",\"breadcrumb\":{\"@id\":\"https:\\\/\\\/beneggiassociati.com\\\/en\\\/fattura-elettronica-niente-detrazione-iva-senza\\\/#breadcrumb\"},\"inLanguage\":\"en-US\",\"potentialAction\":[{\"@type\":\"ReadAction\",\"target\":[\"https:\\\/\\\/beneggiassociati.com\\\/en\\\/fattura-elettronica-niente-detrazione-iva-senza\\\/\"]}]},{\"@type\":\"ImageObject\",\"inLanguage\":\"en-US\",\"@id\":\"https:\\\/\\\/beneggiassociati.com\\\/en\\\/fattura-elettronica-niente-detrazione-iva-senza\\\/#primaryimage\",\"url\":\"https:\\\/\\\/beneggiassociati.com\\\/wp-content\\\/uploads\\\/2025\\\/07\\\/single-post-beneggi.jpg\",\"contentUrl\":\"https:\\\/\\\/beneggiassociati.com\\\/wp-content\\\/uploads\\\/2025\\\/07\\\/single-post-beneggi.jpg\",\"width\":1280,\"height\":823},{\"@type\":\"BreadcrumbList\",\"@id\":\"https:\\\/\\\/beneggiassociati.com\\\/en\\\/fattura-elettronica-niente-detrazione-iva-senza\\\/#breadcrumb\",\"itemListElement\":[{\"@type\":\"ListItem\",\"position\":1,\"name\":\"Home\",\"item\":\"https:\\\/\\\/beneggiassociati.com\\\/en\\\/?page_id=24163\"},{\"@type\":\"ListItem\",\"position\":2,\"name\":\"Fattura elettronica, niente detrazione Iva senza\"}]},{\"@type\":\"WebSite\",\"@id\":\"https:\\\/\\\/beneggiassociati.com\\\/en\\\/#website\",\"url\":\"https:\\\/\\\/beneggiassociati.com\\\/en\\\/\",\"name\":\"Beneggi e associati\",\"description\":\"\",\"publisher\":{\"@id\":\"https:\\\/\\\/beneggiassociati.com\\\/en\\\/#organization\"},\"potentialAction\":[{\"@type\":\"SearchAction\",\"target\":{\"@type\":\"EntryPoint\",\"urlTemplate\":\"https:\\\/\\\/beneggiassociati.com\\\/en\\\/?s={search_term_string}\"},\"query-input\":{\"@type\":\"PropertyValueSpecification\",\"valueRequired\":true,\"valueName\":\"search_term_string\"}}],\"inLanguage\":\"en-US\"},{\"@type\":\"Organization\",\"@id\":\"https:\\\/\\\/beneggiassociati.com\\\/en\\\/#organization\",\"name\":\"Beneggi e associati\",\"url\":\"https:\\\/\\\/beneggiassociati.com\\\/en\\\/\",\"logo\":{\"@type\":\"ImageObject\",\"inLanguage\":\"en-US\",\"@id\":\"https:\\\/\\\/beneggiassociati.com\\\/en\\\/#\\\/schema\\\/logo\\\/image\\\/\",\"url\":\"https:\\\/\\\/beneggiassociati.com\\\/wp-content\\\/uploads\\\/2025\\\/07\\\/beneggi-logo.png\",\"contentUrl\":\"https:\\\/\\\/beneggiassociati.com\\\/wp-content\\\/uploads\\\/2025\\\/07\\\/beneggi-logo.png\",\"width\":141,\"height\":87,\"caption\":\"Beneggi e associati\"},\"image\":{\"@id\":\"https:\\\/\\\/beneggiassociati.com\\\/en\\\/#\\\/schema\\\/logo\\\/image\\\/\"}},{\"@type\":\"Person\",\"@id\":\"https:\\\/\\\/beneggiassociati.com\\\/en\\\/#\\\/schema\\\/person\\\/828daacfa37b359e89e981f920072004\",\"name\":\"Tiziano Beneggi\",\"url\":\"https:\\\/\\\/beneggiassociati.com\\\/en\\\/author\\\/tizianobeneggiassociati-com\\\/\"}]}<\/script>\n<!-- \/ Yoast SEO plugin. -->","yoast_head_json":{"title":"Fattura elettronica, niente detrazione Iva senza - Beneggi &amp; Associati","description":"Per effetto della disposizione introdotta dall\u2019articolo 10 del Dl 119\/2018, nel primo semestre 2019 la fattura elettronica pu\u00f2 essere emessa entro il","robots":{"index":"index","follow":"follow","max-snippet":"max-snippet:-1","max-image-preview":"max-image-preview:large","max-video-preview":"max-video-preview:-1"},"canonical":"https:\/\/beneggiassociati.com\/en\/fattura-elettronica-niente-detrazione-iva-senza\/","og_locale":"en_US","og_type":"article","og_title":"Fattura elettronica, niente detrazione Iva senza - Beneggi &amp; Associati","og_description":"Per effetto della disposizione introdotta dall\u2019articolo 10 del Dl 119\/2018, nel primo semestre 2019 la fattura elettronica pu\u00f2 essere emessa entro il","og_url":"https:\/\/beneggiassociati.com\/en\/fattura-elettronica-niente-detrazione-iva-senza\/","og_site_name":"Beneggi &amp; Associati","article_published_time":"2018-11-17T12:41:00+00:00","og_image":[{"width":1280,"height":823,"url":"https:\/\/beneggiassociati.com\/wp-content\/uploads\/2025\/07\/single-post-beneggi.jpg","type":"image\/jpeg"}],"author":"Tiziano Beneggi","twitter_card":"summary_large_image","twitter_misc":{"Written by":"Tiziano Beneggi","Est. reading time":"3 minutes"},"schema":{"@context":"https:\/\/schema.org","@graph":[{"@type":"Article","@id":"https:\/\/beneggiassociati.com\/en\/fattura-elettronica-niente-detrazione-iva-senza\/#article","isPartOf":{"@id":"https:\/\/beneggiassociati.com\/en\/fattura-elettronica-niente-detrazione-iva-senza\/"},"author":{"name":"Tiziano Beneggi","@id":"https:\/\/beneggiassociati.com\/en\/#\/schema\/person\/828daacfa37b359e89e981f920072004"},"headline":"Fattura elettronica, niente detrazione Iva senza","datePublished":"2018-11-17T12:41:00+00:00","mainEntityOfPage":{"@id":"https:\/\/beneggiassociati.com\/en\/fattura-elettronica-niente-detrazione-iva-senza\/"},"wordCount":514,"commentCount":0,"publisher":{"@id":"https:\/\/beneggiassociati.com\/en\/#organization"},"image":{"@id":"https:\/\/beneggiassociati.com\/en\/fattura-elettronica-niente-detrazione-iva-senza\/#primaryimage"},"thumbnailUrl":"https:\/\/beneggiassociati.com\/wp-content\/uploads\/2025\/07\/single-post-beneggi.jpg","articleSection":["ARCHIVIO"],"inLanguage":"en-US"},{"@type":"WebPage","@id":"https:\/\/beneggiassociati.com\/en\/fattura-elettronica-niente-detrazione-iva-senza\/","url":"https:\/\/beneggiassociati.com\/en\/fattura-elettronica-niente-detrazione-iva-senza\/","name":"Fattura elettronica, niente detrazione Iva senza - Beneggi &amp; Associati","isPartOf":{"@id":"https:\/\/beneggiassociati.com\/en\/#website"},"primaryImageOfPage":{"@id":"https:\/\/beneggiassociati.com\/en\/fattura-elettronica-niente-detrazione-iva-senza\/#primaryimage"},"image":{"@id":"https:\/\/beneggiassociati.com\/en\/fattura-elettronica-niente-detrazione-iva-senza\/#primaryimage"},"thumbnailUrl":"https:\/\/beneggiassociati.com\/wp-content\/uploads\/2025\/07\/single-post-beneggi.jpg","datePublished":"2018-11-17T12:41:00+00:00","description":"Per effetto della disposizione introdotta dall\u2019articolo 10 del Dl 119\/2018, nel primo semestre 2019 la fattura elettronica pu\u00f2 essere emessa entro il","breadcrumb":{"@id":"https:\/\/beneggiassociati.com\/en\/fattura-elettronica-niente-detrazione-iva-senza\/#breadcrumb"},"inLanguage":"en-US","potentialAction":[{"@type":"ReadAction","target":["https:\/\/beneggiassociati.com\/en\/fattura-elettronica-niente-detrazione-iva-senza\/"]}]},{"@type":"ImageObject","inLanguage":"en-US","@id":"https:\/\/beneggiassociati.com\/en\/fattura-elettronica-niente-detrazione-iva-senza\/#primaryimage","url":"https:\/\/beneggiassociati.com\/wp-content\/uploads\/2025\/07\/single-post-beneggi.jpg","contentUrl":"https:\/\/beneggiassociati.com\/wp-content\/uploads\/2025\/07\/single-post-beneggi.jpg","width":1280,"height":823},{"@type":"BreadcrumbList","@id":"https:\/\/beneggiassociati.com\/en\/fattura-elettronica-niente-detrazione-iva-senza\/#breadcrumb","itemListElement":[{"@type":"ListItem","position":1,"name":"Home","item":"https:\/\/beneggiassociati.com\/en\/?page_id=24163"},{"@type":"ListItem","position":2,"name":"Fattura elettronica, niente detrazione Iva senza"}]},{"@type":"WebSite","@id":"https:\/\/beneggiassociati.com\/en\/#website","url":"https:\/\/beneggiassociati.com\/en\/","name":"Beneggi e associati","description":"","publisher":{"@id":"https:\/\/beneggiassociati.com\/en\/#organization"},"potentialAction":[{"@type":"SearchAction","target":{"@type":"EntryPoint","urlTemplate":"https:\/\/beneggiassociati.com\/en\/?s={search_term_string}"},"query-input":{"@type":"PropertyValueSpecification","valueRequired":true,"valueName":"search_term_string"}}],"inLanguage":"en-US"},{"@type":"Organization","@id":"https:\/\/beneggiassociati.com\/en\/#organization","name":"Beneggi e associati","url":"https:\/\/beneggiassociati.com\/en\/","logo":{"@type":"ImageObject","inLanguage":"en-US","@id":"https:\/\/beneggiassociati.com\/en\/#\/schema\/logo\/image\/","url":"https:\/\/beneggiassociati.com\/wp-content\/uploads\/2025\/07\/beneggi-logo.png","contentUrl":"https:\/\/beneggiassociati.com\/wp-content\/uploads\/2025\/07\/beneggi-logo.png","width":141,"height":87,"caption":"Beneggi e associati"},"image":{"@id":"https:\/\/beneggiassociati.com\/en\/#\/schema\/logo\/image\/"}},{"@type":"Person","@id":"https:\/\/beneggiassociati.com\/en\/#\/schema\/person\/828daacfa37b359e89e981f920072004","name":"Tiziano Beneggi","url":"https:\/\/beneggiassociati.com\/en\/author\/tizianobeneggiassociati-com\/"}]}},"_links":{"self":[{"href":"https:\/\/beneggiassociati.com\/en\/wp-json\/wp\/v2\/posts\/16233","targetHints":{"allow":["GET"]}}],"collection":[{"href":"https:\/\/beneggiassociati.com\/en\/wp-json\/wp\/v2\/posts"}],"about":[{"href":"https:\/\/beneggiassociati.com\/en\/wp-json\/wp\/v2\/types\/post"}],"author":[{"embeddable":true,"href":"https:\/\/beneggiassociati.com\/en\/wp-json\/wp\/v2\/users\/4"}],"replies":[{"embeddable":true,"href":"https:\/\/beneggiassociati.com\/en\/wp-json\/wp\/v2\/comments?post=16233"}],"version-history":[{"count":0,"href":"https:\/\/beneggiassociati.com\/en\/wp-json\/wp\/v2\/posts\/16233\/revisions"}],"wp:featuredmedia":[{"embeddable":true,"href":"https:\/\/beneggiassociati.com\/en\/wp-json\/wp\/v2\/media\/409"}],"wp:attachment":[{"href":"https:\/\/beneggiassociati.com\/en\/wp-json\/wp\/v2\/media?parent=16233"}],"wp:term":[{"taxonomy":"category","embeddable":true,"href":"https:\/\/beneggiassociati.com\/en\/wp-json\/wp\/v2\/categories?post=16233"},{"taxonomy":"post_tag","embeddable":true,"href":"https:\/\/beneggiassociati.com\/en\/wp-json\/wp\/v2\/tags?post=16233"}],"curies":[{"name":"wp","href":"https:\/\/api.w.org\/{rel}","templated":true}]}}