{"id":16236,"date":"2018-11-17T14:11:00","date_gmt":"2018-11-17T13:11:00","guid":{"rendered":"https:\/\/dev.beneggiassociati.com\/2018\/11\/17\/alt-ai-furbetti-residenti-con-auto-targata-allestero\/"},"modified":"2018-11-17T14:11:00","modified_gmt":"2018-11-17T13:11:00","slug":"alt-ai-furbetti-residenti-con-auto-targata-allestero","status":"publish","type":"post","link":"https:\/\/beneggiassociati.com\/en\/alt-ai-furbetti-residenti-con-auto-targata-allestero\/","title":{"rendered":"Alt ai furbetti-residenti con auto targata all\u2019estero"},"content":{"rendered":"<p>Vietato circolare con targa estera, se si risiede in Italia.<br \/>\nSe il mezzo \u00e8 in leasing o a noleggio, basta avere a bordo una dichiarazione della societ\u00e0 intestataria del mezzo per essere in regola.<br \/>\nVengono modificati gli articoli 93 e 132 del Codice della strada.<br \/>\nNell\u2019articolo 93 sono inseriti nuovi commi. Il primo vieta di circolare in Italia con un veicolo immatricolato all\u2019estero, a chi abbia la residenza nel Paese da oltre 60 giorni. Il secondo stabilisce le eccezioni, valide solo se a bordo c\u2019\u00e8 un documento di data certa firmato dall\u2019intestatario del mezzo, da cui \u00abrisulti il titolo e la durata della disponibilit\u00e0 del veicolo\u00bb:<br \/>\n&#8211;\tutilizzo di veicolo in leasing o in locazione senza conducente (noleggio), se lo si prende da un operatore costituito in un altro Stato Ue o See (Spazio economico europeo) e senza sede secondaria o effettiva in Italia;<br \/>\n&#8211;\tveicolo dato in comodato da un\u2019impresa Ue o See (che non ha in Italia sedi secondarie o effettive) a suo lavoratore o collaboratore.<br \/>\nChi viola il divieto, oltre a pagare una sanzione amministrativa di almeno 712 euro, dovr\u00e0 tenere il mezzo in deposito e immatricolarlo in Italia entro 180 giorni, scaduti i quali scatter\u00e0 la confisca. In alternativa, pagata la sanzione, vanno consegnate targhe e documenti alla Motorizzazione chiedendo il foglio di via e la targa provvisoria per portare il veicolo fuori Italia.<br \/>\nChi ha un mezzo in comodato ma non ha a bordo il documento che ne attesta la disponibilit\u00e0 dovr\u00e0 pagare 250 euro ed esibirlo entro 30 giorni; nel frattempo scatter\u00e0 un fermo amministrativo.<br \/>\nNell\u2019articolo 132 sono aggiunti l\u2019obbligo di rimpatriare consegnando targhe e documenti esteri dopo un anno dall\u2019importazione se non c\u2019\u00e8 stata la reimmatricolazione in Italia.<br \/>\n&nbsp;<br \/>\n<span style=\"color: #000000;\"><strong><a style=\"color: #000000;\" href=\"mailto:info@beneggiassociati.com\" target=\"_blank\" rel=\"noopener noreferrer\">Sei interessato all\u2019articolo? Scrivici e verrai contattato da un nostro Consultant<\/a><\/strong><\/span><br \/>\n<span style=\"color: #000000;\"><strong><a style=\"color: #000000;\" href=\"https:\/\/beneggiassociati.com\" target=\"_blank\" rel=\"noopener noreferrer\">@ Beneggi e Associati | Commercialisti al servizio delle imprese | Meda | Milano<\/a><\/strong><\/span><\/p>\n","protected":false},"excerpt":{"rendered":"<p>Vietato circolare con targa estera, se si risiede in Italia. Se il mezzo \u00e8 in leasing o a noleggio, basta avere a bordo una dichiarazione della societ\u00e0 intestataria del mezzo per essere in regola. Vengono modificati gli articoli 93 e 132 del Codice della strada. Nell\u2019articolo 93 sono inseriti nuovi commi. Il primo vieta di [&hellip;]<\/p>\n","protected":false},"author":4,"featured_media":409,"comment_status":"open","ping_status":"open","sticky":false,"template":"","format":"standard","meta":{"_acf_changed":false,"content-type":"","footnotes":""},"categories":[16],"tags":[],"class_list":["post-16236","post","type-post","status-publish","format-standard","has-post-thumbnail","hentry","category-archivio"],"acf":[],"yoast_head":"<!-- This site is optimized with the Yoast SEO plugin v27.5 - https:\/\/yoast.com\/product\/yoast-seo-wordpress\/ -->\n<title>Alt ai furbetti-residenti con auto targata all\u2019estero - Beneggi &amp; Associati<\/title>\n<meta name=\"description\" content=\"Vietato circolare con targa estera, se si risiede in Italia. Se il mezzo \u00e8 in leasing o a noleggio, basta avere a bordo una dichiarazione della societ\u00e0\" \/>\n<meta name=\"robots\" content=\"index, follow, max-snippet:-1, max-image-preview:large, max-video-preview:-1\" \/>\n<link rel=\"canonical\" href=\"https:\/\/beneggiassociati.com\/en\/alt-ai-furbetti-residenti-con-auto-targata-allestero\/\" \/>\n<meta property=\"og:locale\" content=\"en_US\" \/>\n<meta property=\"og:type\" content=\"article\" \/>\n<meta property=\"og:title\" content=\"Alt ai furbetti-residenti con auto targata all\u2019estero - Beneggi &amp; Associati\" \/>\n<meta property=\"og:description\" content=\"Vietato circolare con targa estera, se si risiede in Italia. Se il mezzo \u00e8 in leasing o a noleggio, basta avere a bordo una dichiarazione della societ\u00e0\" \/>\n<meta property=\"og:url\" content=\"https:\/\/beneggiassociati.com\/en\/alt-ai-furbetti-residenti-con-auto-targata-allestero\/\" \/>\n<meta property=\"og:site_name\" content=\"Beneggi &amp; Associati\" \/>\n<meta property=\"article:published_time\" content=\"2018-11-17T13:11:00+00:00\" \/>\n<meta property=\"og:image\" content=\"https:\/\/beneggiassociati.com\/wp-content\/uploads\/2025\/07\/single-post-beneggi.jpg\" \/>\n\t<meta property=\"og:image:width\" content=\"1280\" \/>\n\t<meta property=\"og:image:height\" content=\"823\" \/>\n\t<meta property=\"og:image:type\" content=\"image\/jpeg\" \/>\n<meta name=\"author\" content=\"Tiziano Beneggi\" \/>\n<meta name=\"twitter:card\" content=\"summary_large_image\" \/>\n<meta name=\"twitter:label1\" content=\"Written by\" \/>\n\t<meta name=\"twitter:data1\" content=\"Tiziano Beneggi\" \/>\n\t<meta name=\"twitter:label2\" content=\"Est. reading time\" \/>\n\t<meta name=\"twitter:data2\" content=\"2 minutes\" \/>\n<script type=\"application\/ld+json\" class=\"yoast-schema-graph\">{\"@context\":\"https:\\\/\\\/schema.org\",\"@graph\":[{\"@type\":\"Article\",\"@id\":\"https:\\\/\\\/beneggiassociati.com\\\/en\\\/alt-ai-furbetti-residenti-con-auto-targata-allestero\\\/#article\",\"isPartOf\":{\"@id\":\"https:\\\/\\\/beneggiassociati.com\\\/en\\\/alt-ai-furbetti-residenti-con-auto-targata-allestero\\\/\"},\"author\":{\"name\":\"Tiziano Beneggi\",\"@id\":\"https:\\\/\\\/beneggiassociati.com\\\/en\\\/#\\\/schema\\\/person\\\/828daacfa37b359e89e981f920072004\"},\"headline\":\"Alt ai furbetti-residenti con auto targata all\u2019estero\",\"datePublished\":\"2018-11-17T13:11:00+00:00\",\"mainEntityOfPage\":{\"@id\":\"https:\\\/\\\/beneggiassociati.com\\\/en\\\/alt-ai-furbetti-residenti-con-auto-targata-allestero\\\/\"},\"wordCount\":313,\"commentCount\":0,\"publisher\":{\"@id\":\"https:\\\/\\\/beneggiassociati.com\\\/en\\\/#organization\"},\"image\":{\"@id\":\"https:\\\/\\\/beneggiassociati.com\\\/en\\\/alt-ai-furbetti-residenti-con-auto-targata-allestero\\\/#primaryimage\"},\"thumbnailUrl\":\"https:\\\/\\\/beneggiassociati.com\\\/wp-content\\\/uploads\\\/2025\\\/07\\\/single-post-beneggi.jpg\",\"articleSection\":[\"ARCHIVIO\"],\"inLanguage\":\"en-US\"},{\"@type\":\"WebPage\",\"@id\":\"https:\\\/\\\/beneggiassociati.com\\\/en\\\/alt-ai-furbetti-residenti-con-auto-targata-allestero\\\/\",\"url\":\"https:\\\/\\\/beneggiassociati.com\\\/en\\\/alt-ai-furbetti-residenti-con-auto-targata-allestero\\\/\",\"name\":\"Alt ai furbetti-residenti con auto targata all\u2019estero - Beneggi &amp; Associati\",\"isPartOf\":{\"@id\":\"https:\\\/\\\/beneggiassociati.com\\\/en\\\/#website\"},\"primaryImageOfPage\":{\"@id\":\"https:\\\/\\\/beneggiassociati.com\\\/en\\\/alt-ai-furbetti-residenti-con-auto-targata-allestero\\\/#primaryimage\"},\"image\":{\"@id\":\"https:\\\/\\\/beneggiassociati.com\\\/en\\\/alt-ai-furbetti-residenti-con-auto-targata-allestero\\\/#primaryimage\"},\"thumbnailUrl\":\"https:\\\/\\\/beneggiassociati.com\\\/wp-content\\\/uploads\\\/2025\\\/07\\\/single-post-beneggi.jpg\",\"datePublished\":\"2018-11-17T13:11:00+00:00\",\"description\":\"Vietato circolare con targa estera, se si risiede in Italia. Se il mezzo \u00e8 in leasing o a noleggio, basta avere a bordo una dichiarazione della societ\u00e0\",\"breadcrumb\":{\"@id\":\"https:\\\/\\\/beneggiassociati.com\\\/en\\\/alt-ai-furbetti-residenti-con-auto-targata-allestero\\\/#breadcrumb\"},\"inLanguage\":\"en-US\",\"potentialAction\":[{\"@type\":\"ReadAction\",\"target\":[\"https:\\\/\\\/beneggiassociati.com\\\/en\\\/alt-ai-furbetti-residenti-con-auto-targata-allestero\\\/\"]}]},{\"@type\":\"ImageObject\",\"inLanguage\":\"en-US\",\"@id\":\"https:\\\/\\\/beneggiassociati.com\\\/en\\\/alt-ai-furbetti-residenti-con-auto-targata-allestero\\\/#primaryimage\",\"url\":\"https:\\\/\\\/beneggiassociati.com\\\/wp-content\\\/uploads\\\/2025\\\/07\\\/single-post-beneggi.jpg\",\"contentUrl\":\"https:\\\/\\\/beneggiassociati.com\\\/wp-content\\\/uploads\\\/2025\\\/07\\\/single-post-beneggi.jpg\",\"width\":1280,\"height\":823},{\"@type\":\"BreadcrumbList\",\"@id\":\"https:\\\/\\\/beneggiassociati.com\\\/en\\\/alt-ai-furbetti-residenti-con-auto-targata-allestero\\\/#breadcrumb\",\"itemListElement\":[{\"@type\":\"ListItem\",\"position\":1,\"name\":\"Home\",\"item\":\"https:\\\/\\\/beneggiassociati.com\\\/en\\\/?page_id=24163\"},{\"@type\":\"ListItem\",\"position\":2,\"name\":\"Alt ai furbetti-residenti con auto targata all\u2019estero\"}]},{\"@type\":\"WebSite\",\"@id\":\"https:\\\/\\\/beneggiassociati.com\\\/en\\\/#website\",\"url\":\"https:\\\/\\\/beneggiassociati.com\\\/en\\\/\",\"name\":\"Beneggi e associati\",\"description\":\"\",\"publisher\":{\"@id\":\"https:\\\/\\\/beneggiassociati.com\\\/en\\\/#organization\"},\"potentialAction\":[{\"@type\":\"SearchAction\",\"target\":{\"@type\":\"EntryPoint\",\"urlTemplate\":\"https:\\\/\\\/beneggiassociati.com\\\/en\\\/?s={search_term_string}\"},\"query-input\":{\"@type\":\"PropertyValueSpecification\",\"valueRequired\":true,\"valueName\":\"search_term_string\"}}],\"inLanguage\":\"en-US\"},{\"@type\":\"Organization\",\"@id\":\"https:\\\/\\\/beneggiassociati.com\\\/en\\\/#organization\",\"name\":\"Beneggi e associati\",\"url\":\"https:\\\/\\\/beneggiassociati.com\\\/en\\\/\",\"logo\":{\"@type\":\"ImageObject\",\"inLanguage\":\"en-US\",\"@id\":\"https:\\\/\\\/beneggiassociati.com\\\/en\\\/#\\\/schema\\\/logo\\\/image\\\/\",\"url\":\"https:\\\/\\\/beneggiassociati.com\\\/wp-content\\\/uploads\\\/2025\\\/07\\\/beneggi-logo.png\",\"contentUrl\":\"https:\\\/\\\/beneggiassociati.com\\\/wp-content\\\/uploads\\\/2025\\\/07\\\/beneggi-logo.png\",\"width\":141,\"height\":87,\"caption\":\"Beneggi e associati\"},\"image\":{\"@id\":\"https:\\\/\\\/beneggiassociati.com\\\/en\\\/#\\\/schema\\\/logo\\\/image\\\/\"}},{\"@type\":\"Person\",\"@id\":\"https:\\\/\\\/beneggiassociati.com\\\/en\\\/#\\\/schema\\\/person\\\/828daacfa37b359e89e981f920072004\",\"name\":\"Tiziano Beneggi\",\"url\":\"https:\\\/\\\/beneggiassociati.com\\\/en\\\/author\\\/tizianobeneggiassociati-com\\\/\"}]}<\/script>\n<!-- \/ Yoast SEO plugin. -->","yoast_head_json":{"title":"Alt ai furbetti-residenti con auto targata all\u2019estero - Beneggi &amp; Associati","description":"Vietato circolare con targa estera, se si risiede in Italia. Se il mezzo \u00e8 in leasing o a noleggio, basta avere a bordo una dichiarazione della societ\u00e0","robots":{"index":"index","follow":"follow","max-snippet":"max-snippet:-1","max-image-preview":"max-image-preview:large","max-video-preview":"max-video-preview:-1"},"canonical":"https:\/\/beneggiassociati.com\/en\/alt-ai-furbetti-residenti-con-auto-targata-allestero\/","og_locale":"en_US","og_type":"article","og_title":"Alt ai furbetti-residenti con auto targata all\u2019estero - Beneggi &amp; Associati","og_description":"Vietato circolare con targa estera, se si risiede in Italia. Se il mezzo \u00e8 in leasing o a noleggio, basta avere a bordo una dichiarazione della societ\u00e0","og_url":"https:\/\/beneggiassociati.com\/en\/alt-ai-furbetti-residenti-con-auto-targata-allestero\/","og_site_name":"Beneggi &amp; Associati","article_published_time":"2018-11-17T13:11:00+00:00","og_image":[{"width":1280,"height":823,"url":"https:\/\/beneggiassociati.com\/wp-content\/uploads\/2025\/07\/single-post-beneggi.jpg","type":"image\/jpeg"}],"author":"Tiziano Beneggi","twitter_card":"summary_large_image","twitter_misc":{"Written by":"Tiziano Beneggi","Est. reading time":"2 minutes"},"schema":{"@context":"https:\/\/schema.org","@graph":[{"@type":"Article","@id":"https:\/\/beneggiassociati.com\/en\/alt-ai-furbetti-residenti-con-auto-targata-allestero\/#article","isPartOf":{"@id":"https:\/\/beneggiassociati.com\/en\/alt-ai-furbetti-residenti-con-auto-targata-allestero\/"},"author":{"name":"Tiziano Beneggi","@id":"https:\/\/beneggiassociati.com\/en\/#\/schema\/person\/828daacfa37b359e89e981f920072004"},"headline":"Alt ai furbetti-residenti con auto targata all\u2019estero","datePublished":"2018-11-17T13:11:00+00:00","mainEntityOfPage":{"@id":"https:\/\/beneggiassociati.com\/en\/alt-ai-furbetti-residenti-con-auto-targata-allestero\/"},"wordCount":313,"commentCount":0,"publisher":{"@id":"https:\/\/beneggiassociati.com\/en\/#organization"},"image":{"@id":"https:\/\/beneggiassociati.com\/en\/alt-ai-furbetti-residenti-con-auto-targata-allestero\/#primaryimage"},"thumbnailUrl":"https:\/\/beneggiassociati.com\/wp-content\/uploads\/2025\/07\/single-post-beneggi.jpg","articleSection":["ARCHIVIO"],"inLanguage":"en-US"},{"@type":"WebPage","@id":"https:\/\/beneggiassociati.com\/en\/alt-ai-furbetti-residenti-con-auto-targata-allestero\/","url":"https:\/\/beneggiassociati.com\/en\/alt-ai-furbetti-residenti-con-auto-targata-allestero\/","name":"Alt ai furbetti-residenti con auto targata all\u2019estero - Beneggi &amp; Associati","isPartOf":{"@id":"https:\/\/beneggiassociati.com\/en\/#website"},"primaryImageOfPage":{"@id":"https:\/\/beneggiassociati.com\/en\/alt-ai-furbetti-residenti-con-auto-targata-allestero\/#primaryimage"},"image":{"@id":"https:\/\/beneggiassociati.com\/en\/alt-ai-furbetti-residenti-con-auto-targata-allestero\/#primaryimage"},"thumbnailUrl":"https:\/\/beneggiassociati.com\/wp-content\/uploads\/2025\/07\/single-post-beneggi.jpg","datePublished":"2018-11-17T13:11:00+00:00","description":"Vietato circolare con targa estera, se si risiede in Italia. Se il mezzo \u00e8 in leasing o a noleggio, basta avere a bordo una dichiarazione della societ\u00e0","breadcrumb":{"@id":"https:\/\/beneggiassociati.com\/en\/alt-ai-furbetti-residenti-con-auto-targata-allestero\/#breadcrumb"},"inLanguage":"en-US","potentialAction":[{"@type":"ReadAction","target":["https:\/\/beneggiassociati.com\/en\/alt-ai-furbetti-residenti-con-auto-targata-allestero\/"]}]},{"@type":"ImageObject","inLanguage":"en-US","@id":"https:\/\/beneggiassociati.com\/en\/alt-ai-furbetti-residenti-con-auto-targata-allestero\/#primaryimage","url":"https:\/\/beneggiassociati.com\/wp-content\/uploads\/2025\/07\/single-post-beneggi.jpg","contentUrl":"https:\/\/beneggiassociati.com\/wp-content\/uploads\/2025\/07\/single-post-beneggi.jpg","width":1280,"height":823},{"@type":"BreadcrumbList","@id":"https:\/\/beneggiassociati.com\/en\/alt-ai-furbetti-residenti-con-auto-targata-allestero\/#breadcrumb","itemListElement":[{"@type":"ListItem","position":1,"name":"Home","item":"https:\/\/beneggiassociati.com\/en\/?page_id=24163"},{"@type":"ListItem","position":2,"name":"Alt ai furbetti-residenti con auto targata all\u2019estero"}]},{"@type":"WebSite","@id":"https:\/\/beneggiassociati.com\/en\/#website","url":"https:\/\/beneggiassociati.com\/en\/","name":"Beneggi e associati","description":"","publisher":{"@id":"https:\/\/beneggiassociati.com\/en\/#organization"},"potentialAction":[{"@type":"SearchAction","target":{"@type":"EntryPoint","urlTemplate":"https:\/\/beneggiassociati.com\/en\/?s={search_term_string}"},"query-input":{"@type":"PropertyValueSpecification","valueRequired":true,"valueName":"search_term_string"}}],"inLanguage":"en-US"},{"@type":"Organization","@id":"https:\/\/beneggiassociati.com\/en\/#organization","name":"Beneggi e associati","url":"https:\/\/beneggiassociati.com\/en\/","logo":{"@type":"ImageObject","inLanguage":"en-US","@id":"https:\/\/beneggiassociati.com\/en\/#\/schema\/logo\/image\/","url":"https:\/\/beneggiassociati.com\/wp-content\/uploads\/2025\/07\/beneggi-logo.png","contentUrl":"https:\/\/beneggiassociati.com\/wp-content\/uploads\/2025\/07\/beneggi-logo.png","width":141,"height":87,"caption":"Beneggi e associati"},"image":{"@id":"https:\/\/beneggiassociati.com\/en\/#\/schema\/logo\/image\/"}},{"@type":"Person","@id":"https:\/\/beneggiassociati.com\/en\/#\/schema\/person\/828daacfa37b359e89e981f920072004","name":"Tiziano Beneggi","url":"https:\/\/beneggiassociati.com\/en\/author\/tizianobeneggiassociati-com\/"}]}},"_links":{"self":[{"href":"https:\/\/beneggiassociati.com\/en\/wp-json\/wp\/v2\/posts\/16236","targetHints":{"allow":["GET"]}}],"collection":[{"href":"https:\/\/beneggiassociati.com\/en\/wp-json\/wp\/v2\/posts"}],"about":[{"href":"https:\/\/beneggiassociati.com\/en\/wp-json\/wp\/v2\/types\/post"}],"author":[{"embeddable":true,"href":"https:\/\/beneggiassociati.com\/en\/wp-json\/wp\/v2\/users\/4"}],"replies":[{"embeddable":true,"href":"https:\/\/beneggiassociati.com\/en\/wp-json\/wp\/v2\/comments?post=16236"}],"version-history":[{"count":0,"href":"https:\/\/beneggiassociati.com\/en\/wp-json\/wp\/v2\/posts\/16236\/revisions"}],"wp:featuredmedia":[{"embeddable":true,"href":"https:\/\/beneggiassociati.com\/en\/wp-json\/wp\/v2\/media\/409"}],"wp:attachment":[{"href":"https:\/\/beneggiassociati.com\/en\/wp-json\/wp\/v2\/media?parent=16236"}],"wp:term":[{"taxonomy":"category","embeddable":true,"href":"https:\/\/beneggiassociati.com\/en\/wp-json\/wp\/v2\/categories?post=16236"},{"taxonomy":"post_tag","embeddable":true,"href":"https:\/\/beneggiassociati.com\/en\/wp-json\/wp\/v2\/tags?post=16236"}],"curies":[{"name":"wp","href":"https:\/\/api.w.org\/{rel}","templated":true}]}}