{"id":16250,"date":"2018-12-02T18:15:00","date_gmt":"2018-12-02T17:15:00","guid":{"rendered":"https:\/\/dev.beneggiassociati.com\/2018\/12\/02\/e-fattura-acquisti-privati-da-separare-per-le-ditte\/"},"modified":"2018-12-02T18:15:00","modified_gmt":"2018-12-02T17:15:00","slug":"e-fattura-acquisti-privati-da-separare-per-le-ditte","status":"publish","type":"post","link":"https:\/\/beneggiassociati.com\/en\/e-fattura-acquisti-privati-da-separare-per-le-ditte\/","title":{"rendered":"E-fattura, acquisti privati da separare per le ditte"},"content":{"rendered":"<p>La fattura elettronica verso i consumatori finali ha complessit\u00e0 almeno pari se non maggiori delle cessioni ai soggetti passivi Iva. La condizione del cliente consumatore finale, infatti, pu\u00f2 presentarsi in situazioni variegate.<br \/>\nSono consumatori finali coloro che pongono in essere acquisti fuori da un regime di soggettivit\u00e0 passiva Iva: i privati (persone fisiche), gli enti non commerciali e i condom\u00ecni. Le persone fisiche possono essere per\u00f2, al contempo, anche esercenti attivit\u00e0 d\u2019impresa e professionali e gli enti non commerciali che svolgono anche attivit\u00e0 commerciali, seppure in misura limitata, o semplicemente oltre il limite previsto per gli acquisti intracomunitari, pertanto dotati di partita Iva.<br \/>\nPerci\u00f2 uno stesso soggetto in sede di acquisto pu\u00f2 \u2013 al tempo stesso \u2013 operare nel proprio diretto interesse fuori dalla soggettivit\u00e0 passiva Iva e nell\u2019interesse della propria attivit\u00e0 imprenditoriale e\/o professionale.<br \/>\nDal 1\u00b0 gennaio 2019 la fattura elettronica verr\u00e0 trasmessa per via telematica al Sistema di interscambio (Sdi), e da questo recapitata al soggetto ricevente, con procedimento che deve poter contare su una serie di informazioni e codifiche peculiari nella predisposizione del flusso per i rapporti con i consumatori finali.<br \/>\nLe specifiche tecniche, per questi soggetti che non agiscono nell\u2019esercizio di impresa, arte o professione richiedono che venga riportato unicamente il codice fiscale e non anche il numero di partita Iva (perch\u00e9 di norma non posseduto da parte del consumatore finale). Al posto della partita Iva \u00e8 prevista l\u2019indicazione del codice convenzionale \u00ab0000000\u00bb e, nella sezione delle informazioni anagrafiche del file della fattura elettronica, che non siano stati compilati i campi \u00abIdFiscaleIVA\u00bb e sia stato compilato solo il campo \u00abCodiceFiscale\u00bb del cessionario\/committente che consentir\u00e0 al Sdi di recapitare la fattura elettronica e\/o renderla disponibile al cessionario\/committente.<br \/>\nSe la cessione o il servizio non rientra fra quelli certificabili tramite scontrino o ricevuta fiscale, quando l\u2019acquisto viene effettuato da una persona fisica per finalit\u00e0 strettamente personali, la fattura pescando in forma automatica dall\u2019anagrafica esporr\u00e0 il soggetto dotato di \u00abIdPartitaIVA\u00bb. Si pensi a un imprenditore che acquista un servizio dal proprio legale di fiducia per la sua famiglia da uno studio che \u00e8 fornitore abituale nell\u2019impresa.<br \/>\nNon \u00e8 ipotizzabile, caso per caso, sganciare dall\u2019anagrafica l\u2019informazione sulla base della destinazione della finalit\u00e0 personale o meno. Quindi la fattura verr\u00e0 emessa sistematicamente con l\u2019identificativo del soggetto passivo Iva e al limite potr\u00e0 essere classificata nella sua specificit\u00e0 attraverso l\u2019inserimento di una informazione nel file Xml utile a una migliore riconoscibilit\u00e0.<br \/>\nComunque, anche se un intervento manuale consentisse di emettere una fattura che riporti il codice fiscale dell\u2019imprenditore anzich\u00e9 la sua partita Iva, non \u00e8 detto che il problema verrebbe risolto per i risvolti in capo al destinatario. Infatti, quando il Sdi produrr\u00e0 la consegna del file Xml costituente la fattura elettronica, il recapito \u2013 tramite il codice destinatario o la Pec o l\u2019intermediario \u2013 produrr\u00e0 il recupero automatico nella contabilit\u00e0 della ditta, in virt\u00f9 dell\u2019automaticit\u00e0 del flusso. Sar\u00e0 quindi onere di chi tiene la contabilit\u00e0 fare e specifici controlli per evitare che costi non inerenti producano effetti:<br \/>\n&#8211;\tsul reddito dell\u2019impresa;<br \/>\n&#8211;\tsulla detrazione dell\u2019Iva:<br \/>\n&#8211;\tsull\u2019errata applicazione della ritenuta alla fonte (nel caso di fornitori professionisti).<br \/>\nPer gli enti non commerciali privati dotati di partita Iva che svolgono attivit\u00e0 commerciale e non profit, si potrebbe teoricamente ipotizzare un utilizzo disgiunto della partita Iva e\/o del codice fiscale con due diversi indirizzi di recapito. Questo, per\u00f2, pone due problemi pratici:<br \/>\n&#8211;\til fornitore abituale dovrebbe distinguere di volta in volta a che titolo viene fatto l\u2019acquisto;<br \/>\n&#8211;\tavendo due indirizzi, l\u2019ente non potrebbe preregistrarsi sui servizi delle Entrate (Fatture e corrispettivi).<br \/>\n\u00c8 facile prevedere che &#8211; come gi\u00e0 capita oggi con le Pa &#8211; tutte le cessioni anagraficamente saranno vincolate alla presenza della partita Iva, non potendo immaginare di modificare di volta in volta l\u2019impostazione in ragione della condizione del singolo acquisto operato dall\u2019ente. Quindi, finendo in contabilit\u00e0, tali cessioni produrranno detraibilit\u00e0 dell\u2019Iva e afferenza o meno alla sfera d\u2019impresa dell\u2019acquisto, in ragione dell\u2019intervento del contabile.<br \/>\n&nbsp;<br \/>\n<span style=\"color: #000000;\"><strong><a style=\"color: #000000;\" href=\"mailto:info@beneggiassociati.com\" target=\"_blank\" rel=\"noopener noreferrer\">Sei interessato all\u2019articolo? Scrivici e verrai contattato da un nostro Consultant<\/a><\/strong><\/span><br \/>\n<span style=\"color: #000000;\"><strong><a style=\"color: #000000;\" href=\"https:\/\/beneggiassociati.com\" target=\"_blank\" rel=\"noopener noreferrer\">@ Beneggi e Associati | Commercialisti al servizio delle imprese | Meda | Milano<\/a><\/strong><\/span><\/p>\n","protected":false},"excerpt":{"rendered":"<p>La fattura elettronica verso i consumatori finali ha complessit\u00e0 almeno pari se non maggiori delle cessioni ai soggetti passivi Iva. La condizione del cliente consumatore finale, infatti, pu\u00f2 presentarsi in situazioni variegate. Sono consumatori finali coloro che pongono in essere acquisti fuori da un regime di soggettivit\u00e0 passiva Iva: i privati (persone fisiche), gli enti [&hellip;]<\/p>\n","protected":false},"author":4,"featured_media":409,"comment_status":"open","ping_status":"open","sticky":false,"template":"","format":"standard","meta":{"_acf_changed":false,"content-type":"","footnotes":""},"categories":[16],"tags":[],"class_list":["post-16250","post","type-post","status-publish","format-standard","has-post-thumbnail","hentry","category-archivio"],"acf":[],"yoast_head":"<!-- This site is optimized with the Yoast SEO plugin v27.5 - https:\/\/yoast.com\/product\/yoast-seo-wordpress\/ -->\n<title>E-fattura, acquisti privati da separare per le ditte - Beneggi &amp; Associati<\/title>\n<meta name=\"description\" content=\"La fattura elettronica verso i consumatori finali ha complessit\u00e0 almeno pari se non maggiori delle cessioni ai soggetti passivi Iva. La condizione del\" \/>\n<meta name=\"robots\" content=\"index, follow, max-snippet:-1, max-image-preview:large, max-video-preview:-1\" \/>\n<link rel=\"canonical\" href=\"https:\/\/beneggiassociati.com\/en\/e-fattura-acquisti-privati-da-separare-per-le-ditte\/\" \/>\n<meta property=\"og:locale\" content=\"en_US\" \/>\n<meta property=\"og:type\" content=\"article\" \/>\n<meta property=\"og:title\" content=\"E-fattura, acquisti privati da separare per le ditte - Beneggi &amp; Associati\" \/>\n<meta property=\"og:description\" content=\"La fattura elettronica verso i consumatori finali ha complessit\u00e0 almeno pari se non maggiori delle cessioni ai soggetti passivi Iva. La condizione del\" \/>\n<meta property=\"og:url\" content=\"https:\/\/beneggiassociati.com\/en\/e-fattura-acquisti-privati-da-separare-per-le-ditte\/\" \/>\n<meta property=\"og:site_name\" content=\"Beneggi &amp; Associati\" \/>\n<meta property=\"article:published_time\" content=\"2018-12-02T17:15:00+00:00\" \/>\n<meta property=\"og:image\" content=\"https:\/\/beneggiassociati.com\/wp-content\/uploads\/2025\/07\/single-post-beneggi.jpg\" \/>\n\t<meta property=\"og:image:width\" content=\"1280\" \/>\n\t<meta property=\"og:image:height\" content=\"823\" \/>\n\t<meta property=\"og:image:type\" content=\"image\/jpeg\" \/>\n<meta name=\"author\" content=\"Tiziano Beneggi\" \/>\n<meta name=\"twitter:card\" content=\"summary_large_image\" \/>\n<meta name=\"twitter:label1\" content=\"Written by\" \/>\n\t<meta name=\"twitter:data1\" content=\"Tiziano Beneggi\" \/>\n\t<meta name=\"twitter:label2\" content=\"Est. reading time\" \/>\n\t<meta name=\"twitter:data2\" content=\"3 minutes\" \/>\n<script type=\"application\/ld+json\" class=\"yoast-schema-graph\">{\"@context\":\"https:\\\/\\\/schema.org\",\"@graph\":[{\"@type\":\"Article\",\"@id\":\"https:\\\/\\\/beneggiassociati.com\\\/en\\\/e-fattura-acquisti-privati-da-separare-per-le-ditte\\\/#article\",\"isPartOf\":{\"@id\":\"https:\\\/\\\/beneggiassociati.com\\\/en\\\/e-fattura-acquisti-privati-da-separare-per-le-ditte\\\/\"},\"author\":{\"name\":\"Tiziano Beneggi\",\"@id\":\"https:\\\/\\\/beneggiassociati.com\\\/en\\\/#\\\/schema\\\/person\\\/828daacfa37b359e89e981f920072004\"},\"headline\":\"E-fattura, acquisti privati da separare per le ditte\",\"datePublished\":\"2018-12-02T17:15:00+00:00\",\"mainEntityOfPage\":{\"@id\":\"https:\\\/\\\/beneggiassociati.com\\\/en\\\/e-fattura-acquisti-privati-da-separare-per-le-ditte\\\/\"},\"wordCount\":705,\"commentCount\":0,\"publisher\":{\"@id\":\"https:\\\/\\\/beneggiassociati.com\\\/en\\\/#organization\"},\"image\":{\"@id\":\"https:\\\/\\\/beneggiassociati.com\\\/en\\\/e-fattura-acquisti-privati-da-separare-per-le-ditte\\\/#primaryimage\"},\"thumbnailUrl\":\"https:\\\/\\\/beneggiassociati.com\\\/wp-content\\\/uploads\\\/2025\\\/07\\\/single-post-beneggi.jpg\",\"articleSection\":[\"ARCHIVIO\"],\"inLanguage\":\"en-US\"},{\"@type\":\"WebPage\",\"@id\":\"https:\\\/\\\/beneggiassociati.com\\\/en\\\/e-fattura-acquisti-privati-da-separare-per-le-ditte\\\/\",\"url\":\"https:\\\/\\\/beneggiassociati.com\\\/en\\\/e-fattura-acquisti-privati-da-separare-per-le-ditte\\\/\",\"name\":\"E-fattura, acquisti privati da separare per le ditte - Beneggi &amp; Associati\",\"isPartOf\":{\"@id\":\"https:\\\/\\\/beneggiassociati.com\\\/en\\\/#website\"},\"primaryImageOfPage\":{\"@id\":\"https:\\\/\\\/beneggiassociati.com\\\/en\\\/e-fattura-acquisti-privati-da-separare-per-le-ditte\\\/#primaryimage\"},\"image\":{\"@id\":\"https:\\\/\\\/beneggiassociati.com\\\/en\\\/e-fattura-acquisti-privati-da-separare-per-le-ditte\\\/#primaryimage\"},\"thumbnailUrl\":\"https:\\\/\\\/beneggiassociati.com\\\/wp-content\\\/uploads\\\/2025\\\/07\\\/single-post-beneggi.jpg\",\"datePublished\":\"2018-12-02T17:15:00+00:00\",\"description\":\"La fattura elettronica verso i consumatori finali ha complessit\u00e0 almeno pari se non maggiori delle cessioni ai soggetti passivi Iva. La condizione del\",\"breadcrumb\":{\"@id\":\"https:\\\/\\\/beneggiassociati.com\\\/en\\\/e-fattura-acquisti-privati-da-separare-per-le-ditte\\\/#breadcrumb\"},\"inLanguage\":\"en-US\",\"potentialAction\":[{\"@type\":\"ReadAction\",\"target\":[\"https:\\\/\\\/beneggiassociati.com\\\/en\\\/e-fattura-acquisti-privati-da-separare-per-le-ditte\\\/\"]}]},{\"@type\":\"ImageObject\",\"inLanguage\":\"en-US\",\"@id\":\"https:\\\/\\\/beneggiassociati.com\\\/en\\\/e-fattura-acquisti-privati-da-separare-per-le-ditte\\\/#primaryimage\",\"url\":\"https:\\\/\\\/beneggiassociati.com\\\/wp-content\\\/uploads\\\/2025\\\/07\\\/single-post-beneggi.jpg\",\"contentUrl\":\"https:\\\/\\\/beneggiassociati.com\\\/wp-content\\\/uploads\\\/2025\\\/07\\\/single-post-beneggi.jpg\",\"width\":1280,\"height\":823},{\"@type\":\"BreadcrumbList\",\"@id\":\"https:\\\/\\\/beneggiassociati.com\\\/en\\\/e-fattura-acquisti-privati-da-separare-per-le-ditte\\\/#breadcrumb\",\"itemListElement\":[{\"@type\":\"ListItem\",\"position\":1,\"name\":\"Home\",\"item\":\"https:\\\/\\\/beneggiassociati.com\\\/en\\\/?page_id=24163\"},{\"@type\":\"ListItem\",\"position\":2,\"name\":\"E-fattura, acquisti privati da separare per le ditte\"}]},{\"@type\":\"WebSite\",\"@id\":\"https:\\\/\\\/beneggiassociati.com\\\/en\\\/#website\",\"url\":\"https:\\\/\\\/beneggiassociati.com\\\/en\\\/\",\"name\":\"Beneggi e associati\",\"description\":\"\",\"publisher\":{\"@id\":\"https:\\\/\\\/beneggiassociati.com\\\/en\\\/#organization\"},\"potentialAction\":[{\"@type\":\"SearchAction\",\"target\":{\"@type\":\"EntryPoint\",\"urlTemplate\":\"https:\\\/\\\/beneggiassociati.com\\\/en\\\/?s={search_term_string}\"},\"query-input\":{\"@type\":\"PropertyValueSpecification\",\"valueRequired\":true,\"valueName\":\"search_term_string\"}}],\"inLanguage\":\"en-US\"},{\"@type\":\"Organization\",\"@id\":\"https:\\\/\\\/beneggiassociati.com\\\/en\\\/#organization\",\"name\":\"Beneggi e associati\",\"url\":\"https:\\\/\\\/beneggiassociati.com\\\/en\\\/\",\"logo\":{\"@type\":\"ImageObject\",\"inLanguage\":\"en-US\",\"@id\":\"https:\\\/\\\/beneggiassociati.com\\\/en\\\/#\\\/schema\\\/logo\\\/image\\\/\",\"url\":\"https:\\\/\\\/beneggiassociati.com\\\/wp-content\\\/uploads\\\/2025\\\/07\\\/beneggi-logo.png\",\"contentUrl\":\"https:\\\/\\\/beneggiassociati.com\\\/wp-content\\\/uploads\\\/2025\\\/07\\\/beneggi-logo.png\",\"width\":141,\"height\":87,\"caption\":\"Beneggi e associati\"},\"image\":{\"@id\":\"https:\\\/\\\/beneggiassociati.com\\\/en\\\/#\\\/schema\\\/logo\\\/image\\\/\"}},{\"@type\":\"Person\",\"@id\":\"https:\\\/\\\/beneggiassociati.com\\\/en\\\/#\\\/schema\\\/person\\\/828daacfa37b359e89e981f920072004\",\"name\":\"Tiziano Beneggi\",\"url\":\"https:\\\/\\\/beneggiassociati.com\\\/en\\\/author\\\/tizianobeneggiassociati-com\\\/\"}]}<\/script>\n<!-- \/ Yoast SEO plugin. -->","yoast_head_json":{"title":"E-fattura, acquisti privati da separare per le ditte - Beneggi &amp; Associati","description":"La fattura elettronica verso i consumatori finali ha complessit\u00e0 almeno pari se non maggiori delle cessioni ai soggetti passivi Iva. La condizione del","robots":{"index":"index","follow":"follow","max-snippet":"max-snippet:-1","max-image-preview":"max-image-preview:large","max-video-preview":"max-video-preview:-1"},"canonical":"https:\/\/beneggiassociati.com\/en\/e-fattura-acquisti-privati-da-separare-per-le-ditte\/","og_locale":"en_US","og_type":"article","og_title":"E-fattura, acquisti privati da separare per le ditte - Beneggi &amp; Associati","og_description":"La fattura elettronica verso i consumatori finali ha complessit\u00e0 almeno pari se non maggiori delle cessioni ai soggetti passivi Iva. La condizione del","og_url":"https:\/\/beneggiassociati.com\/en\/e-fattura-acquisti-privati-da-separare-per-le-ditte\/","og_site_name":"Beneggi &amp; Associati","article_published_time":"2018-12-02T17:15:00+00:00","og_image":[{"width":1280,"height":823,"url":"https:\/\/beneggiassociati.com\/wp-content\/uploads\/2025\/07\/single-post-beneggi.jpg","type":"image\/jpeg"}],"author":"Tiziano Beneggi","twitter_card":"summary_large_image","twitter_misc":{"Written by":"Tiziano Beneggi","Est. reading time":"3 minutes"},"schema":{"@context":"https:\/\/schema.org","@graph":[{"@type":"Article","@id":"https:\/\/beneggiassociati.com\/en\/e-fattura-acquisti-privati-da-separare-per-le-ditte\/#article","isPartOf":{"@id":"https:\/\/beneggiassociati.com\/en\/e-fattura-acquisti-privati-da-separare-per-le-ditte\/"},"author":{"name":"Tiziano Beneggi","@id":"https:\/\/beneggiassociati.com\/en\/#\/schema\/person\/828daacfa37b359e89e981f920072004"},"headline":"E-fattura, acquisti privati da separare per le ditte","datePublished":"2018-12-02T17:15:00+00:00","mainEntityOfPage":{"@id":"https:\/\/beneggiassociati.com\/en\/e-fattura-acquisti-privati-da-separare-per-le-ditte\/"},"wordCount":705,"commentCount":0,"publisher":{"@id":"https:\/\/beneggiassociati.com\/en\/#organization"},"image":{"@id":"https:\/\/beneggiassociati.com\/en\/e-fattura-acquisti-privati-da-separare-per-le-ditte\/#primaryimage"},"thumbnailUrl":"https:\/\/beneggiassociati.com\/wp-content\/uploads\/2025\/07\/single-post-beneggi.jpg","articleSection":["ARCHIVIO"],"inLanguage":"en-US"},{"@type":"WebPage","@id":"https:\/\/beneggiassociati.com\/en\/e-fattura-acquisti-privati-da-separare-per-le-ditte\/","url":"https:\/\/beneggiassociati.com\/en\/e-fattura-acquisti-privati-da-separare-per-le-ditte\/","name":"E-fattura, acquisti privati da separare per le ditte - Beneggi &amp; Associati","isPartOf":{"@id":"https:\/\/beneggiassociati.com\/en\/#website"},"primaryImageOfPage":{"@id":"https:\/\/beneggiassociati.com\/en\/e-fattura-acquisti-privati-da-separare-per-le-ditte\/#primaryimage"},"image":{"@id":"https:\/\/beneggiassociati.com\/en\/e-fattura-acquisti-privati-da-separare-per-le-ditte\/#primaryimage"},"thumbnailUrl":"https:\/\/beneggiassociati.com\/wp-content\/uploads\/2025\/07\/single-post-beneggi.jpg","datePublished":"2018-12-02T17:15:00+00:00","description":"La fattura elettronica verso i consumatori finali ha complessit\u00e0 almeno pari se non maggiori delle cessioni ai soggetti passivi Iva. La condizione del","breadcrumb":{"@id":"https:\/\/beneggiassociati.com\/en\/e-fattura-acquisti-privati-da-separare-per-le-ditte\/#breadcrumb"},"inLanguage":"en-US","potentialAction":[{"@type":"ReadAction","target":["https:\/\/beneggiassociati.com\/en\/e-fattura-acquisti-privati-da-separare-per-le-ditte\/"]}]},{"@type":"ImageObject","inLanguage":"en-US","@id":"https:\/\/beneggiassociati.com\/en\/e-fattura-acquisti-privati-da-separare-per-le-ditte\/#primaryimage","url":"https:\/\/beneggiassociati.com\/wp-content\/uploads\/2025\/07\/single-post-beneggi.jpg","contentUrl":"https:\/\/beneggiassociati.com\/wp-content\/uploads\/2025\/07\/single-post-beneggi.jpg","width":1280,"height":823},{"@type":"BreadcrumbList","@id":"https:\/\/beneggiassociati.com\/en\/e-fattura-acquisti-privati-da-separare-per-le-ditte\/#breadcrumb","itemListElement":[{"@type":"ListItem","position":1,"name":"Home","item":"https:\/\/beneggiassociati.com\/en\/?page_id=24163"},{"@type":"ListItem","position":2,"name":"E-fattura, acquisti privati da separare per le ditte"}]},{"@type":"WebSite","@id":"https:\/\/beneggiassociati.com\/en\/#website","url":"https:\/\/beneggiassociati.com\/en\/","name":"Beneggi e associati","description":"","publisher":{"@id":"https:\/\/beneggiassociati.com\/en\/#organization"},"potentialAction":[{"@type":"SearchAction","target":{"@type":"EntryPoint","urlTemplate":"https:\/\/beneggiassociati.com\/en\/?s={search_term_string}"},"query-input":{"@type":"PropertyValueSpecification","valueRequired":true,"valueName":"search_term_string"}}],"inLanguage":"en-US"},{"@type":"Organization","@id":"https:\/\/beneggiassociati.com\/en\/#organization","name":"Beneggi e associati","url":"https:\/\/beneggiassociati.com\/en\/","logo":{"@type":"ImageObject","inLanguage":"en-US","@id":"https:\/\/beneggiassociati.com\/en\/#\/schema\/logo\/image\/","url":"https:\/\/beneggiassociati.com\/wp-content\/uploads\/2025\/07\/beneggi-logo.png","contentUrl":"https:\/\/beneggiassociati.com\/wp-content\/uploads\/2025\/07\/beneggi-logo.png","width":141,"height":87,"caption":"Beneggi e associati"},"image":{"@id":"https:\/\/beneggiassociati.com\/en\/#\/schema\/logo\/image\/"}},{"@type":"Person","@id":"https:\/\/beneggiassociati.com\/en\/#\/schema\/person\/828daacfa37b359e89e981f920072004","name":"Tiziano Beneggi","url":"https:\/\/beneggiassociati.com\/en\/author\/tizianobeneggiassociati-com\/"}]}},"_links":{"self":[{"href":"https:\/\/beneggiassociati.com\/en\/wp-json\/wp\/v2\/posts\/16250","targetHints":{"allow":["GET"]}}],"collection":[{"href":"https:\/\/beneggiassociati.com\/en\/wp-json\/wp\/v2\/posts"}],"about":[{"href":"https:\/\/beneggiassociati.com\/en\/wp-json\/wp\/v2\/types\/post"}],"author":[{"embeddable":true,"href":"https:\/\/beneggiassociati.com\/en\/wp-json\/wp\/v2\/users\/4"}],"replies":[{"embeddable":true,"href":"https:\/\/beneggiassociati.com\/en\/wp-json\/wp\/v2\/comments?post=16250"}],"version-history":[{"count":0,"href":"https:\/\/beneggiassociati.com\/en\/wp-json\/wp\/v2\/posts\/16250\/revisions"}],"wp:featuredmedia":[{"embeddable":true,"href":"https:\/\/beneggiassociati.com\/en\/wp-json\/wp\/v2\/media\/409"}],"wp:attachment":[{"href":"https:\/\/beneggiassociati.com\/en\/wp-json\/wp\/v2\/media?parent=16250"}],"wp:term":[{"taxonomy":"category","embeddable":true,"href":"https:\/\/beneggiassociati.com\/en\/wp-json\/wp\/v2\/categories?post=16250"},{"taxonomy":"post_tag","embeddable":true,"href":"https:\/\/beneggiassociati.com\/en\/wp-json\/wp\/v2\/tags?post=16250"}],"curies":[{"name":"wp","href":"https:\/\/api.w.org\/{rel}","templated":true}]}}