{"id":16265,"date":"2018-12-09T20:01:00","date_gmt":"2018-12-09T19:01:00","guid":{"rendered":"https:\/\/dev.beneggiassociati.com\/2018\/12\/09\/interessi-passivi-le-srl-immobiliari-fanno-i-conti-con-la-stretta\/"},"modified":"2018-12-09T20:01:00","modified_gmt":"2018-12-09T19:01:00","slug":"interessi-passivi-le-srl-immobiliari-fanno-i-conti-con-la-stretta","status":"publish","type":"post","link":"https:\/\/beneggiassociati.com\/en\/interessi-passivi-le-srl-immobiliari-fanno-i-conti-con-la-stretta\/","title":{"rendered":"Interessi passivi, le Srl immobiliari fanno i conti con la stretta"},"content":{"rendered":"\n<p>Per le societ\u00e0 che detengono immobili \u201cpatrimonio\u201d (si tratta, in particolare, dei fabbricati abitativi concessi in locazione), \u00e8 stabilito (comma 35 della legge 244) che gli interessi di finanziamento per l\u2019acquisto di tali fabbricati sfuggano alla indeducibilit\u00e0 integrale prevista dall\u2019articolo 90 del Tuir e rientrino dunque ordinariamente nelle regole del Rol (articolo 96).&nbsp;<\/p>\n\n\n<p><br \/>Il comma 36 della legge 244 (come modificato dal Dlgs 147\/2015) ha poi previsto che, per le societ\u00e0 che svolgono prevalente attivit\u00e0 di gestione immobiliare (oltre il 50% del valore dell\u2019attivo costituito da immobili destinati a locazione e ricavi per oltre i due terzi da canoni di locazione), la disciplina dell\u2019articolo 96 non si applica agli interessi passivi sostenuti su finanziamenti garantiti da ipoteca sugli immobili destinati a locazione. Interessi che dunque escono dal regime del Rol e sono interamente deducibili.<\/p>\n\n\n<p><br \/>Dal 2019, per effetto dell\u2019articolo 14 del decreto legislativo Atad, il comma 36 della legge 244 \u00e8 abrogato, con un conseguente nuovo regime per le immobiliari Srl e Spa: gli interessi su finanziamenti ipotecari rientrano nel regime dell\u2019articolo 96, come ogni altro onere finanziario e saranno dunque indeducibili se eccedono il 30% del Rol. Al tempo stesso, restano nel Rol gli interessi su finanziamenti per l\u2019acquisto di immobili \u201cpatrimonio\u201d, dato che non \u00e8 stato invece abrogato il comma 35 della legge 244.&nbsp;<\/p>\n\n\n<p><br \/>Le regole dell\u2019articolo 96 riguardano i soggetti Ires. Per le imprese Irpef, la deducibilit\u00e0 degli oneri finanziari \u00e8 affidata all\u2019articolo 61 del Tuir, che richiede solo la verifica del requisito di inerenza. Le immobiliari Srl o Spa, che deducono interamente fino al 2018 gli interessi sui mutui ipotecari, potrebbero dunque vagliare l\u2019opportunit\u00e0 di trasformarsi in Sas o Snc se il loro Rol non \u00e8 capiente per coprire anche tali interessi. Non essendo pi\u00f9 prevista, per l\u2019abrogazione da parte della legge di bilancio, l\u2019opzione per l\u2019Iri (che avrebbe reso il carico fiscale delle Snc immobiliari analogo a quello delle Srl) si dovranno per\u00f2 valutare (oltre che i profili civilistici legati alla responsabilit\u00e0 illimitata) anche altri aspetti di differenziazione delle societ\u00e0 personali, tra cui in particolare l\u2019imponibilit\u00e0 per trasparenza sui soci con aliquote progressive. In ogni caso, la trasformazione regressiva non dovrebbe prestare il fianco a censure anti-elusive, trattandosi di una tipica scelta tra regimi differenti, conforme all\u2019articolo 10-bis, comma 4, della legge 212\/2000.<\/p>\n\n\n<p><br \/>Tutte le societ\u00e0 di capitali, con l\u2019avvento del nuovo Rol \u201cfiscale\u201d introdotto dal decreto di recepimento della direttiva antielusione, dovranno inoltre affrontare una notevole complicazione nel calcolo della soglia di deducibilit\u00e0 degli interessi passivi. In luogo della determinazione basata sui dati contabili, che oggi consente di avere una indicazione sul regime degli interessi semplicemente leggendo il bilancio, si introduce&nbsp;&nbsp;un meccanismo di valorizzazione delle voci di bilancio (che restano immutate, salva l\u2019inclusione anche delle plus e minusvalenze da trasferimenti di aziende), secondo il loro importo fiscale.&nbsp;<\/p>\n\n\n<p><strong><a href=\"mailto:info@beneggiassociati.com\" target=\"_blank\" rel=\"noreferrer noopener\">Sei interessato all\u2019articolo? Scrivici e verrai contattato da un nostro Consultant<\/a><\/strong><\/p>\n\n\n<p><strong><a href=\"https:\/\/beneggiassociati.com\/\" target=\"_blank\" rel=\"noreferrer noopener\">@ Beneggi e Associati | Commercialisti al servizio delle imprese | Meda | Milano<\/a><\/strong><br \/><\/p>\n","protected":false},"excerpt":{"rendered":"<p>Per le societ\u00e0 che detengono immobili \u201cpatrimonio\u201d (si tratta, in particolare, dei fabbricati abitativi concessi in locazione), \u00e8 stabilito (comma 35 della legge 244) che gli interessi di finanziamento per l\u2019acquisto di tali fabbricati sfuggano alla indeducibilit\u00e0 integrale prevista dall\u2019articolo 90 del Tuir e rientrino dunque ordinariamente nelle regole del Rol (articolo 96).&nbsp; Il comma [&hellip;]<\/p>\n","protected":false},"author":4,"featured_media":409,"comment_status":"open","ping_status":"open","sticky":false,"template":"","format":"standard","meta":{"_acf_changed":false,"content-type":"","footnotes":""},"categories":[16],"tags":[],"class_list":["post-16265","post","type-post","status-publish","format-standard","has-post-thumbnail","hentry","category-archivio"],"acf":[],"yoast_head":"<!-- This site is optimized with the Yoast SEO plugin v27.5 - https:\/\/yoast.com\/product\/yoast-seo-wordpress\/ -->\n<title>Interessi passivi, le Srl immobiliari fanno i conti con la stretta - Beneggi &amp; Associati<\/title>\n<meta name=\"description\" content=\"Per le societ\u00e0 che detengono immobili \u201cpatrimonio\u201d (si tratta, in particolare, dei fabbricati abitativi concessi in locazione), \u00e8 stabilito (comma 35\" \/>\n<meta name=\"robots\" content=\"index, follow, max-snippet:-1, max-image-preview:large, max-video-preview:-1\" \/>\n<link rel=\"canonical\" href=\"https:\/\/beneggiassociati.com\/en\/interessi-passivi-le-srl-immobiliari-fanno-i-conti-con-la-stretta\/\" \/>\n<meta property=\"og:locale\" content=\"en_US\" \/>\n<meta property=\"og:type\" content=\"article\" \/>\n<meta property=\"og:title\" content=\"Interessi passivi, le Srl immobiliari fanno i conti con la stretta - Beneggi &amp; Associati\" \/>\n<meta property=\"og:description\" content=\"Per le societ\u00e0 che detengono immobili \u201cpatrimonio\u201d (si tratta, in particolare, dei fabbricati abitativi concessi in locazione), \u00e8 stabilito (comma 35\" \/>\n<meta property=\"og:url\" content=\"https:\/\/beneggiassociati.com\/en\/interessi-passivi-le-srl-immobiliari-fanno-i-conti-con-la-stretta\/\" \/>\n<meta property=\"og:site_name\" content=\"Beneggi &amp; Associati\" \/>\n<meta property=\"article:published_time\" content=\"2018-12-09T19:01:00+00:00\" \/>\n<meta property=\"og:image\" content=\"https:\/\/beneggiassociati.com\/wp-content\/uploads\/2025\/07\/single-post-beneggi.jpg\" \/>\n\t<meta property=\"og:image:width\" content=\"1280\" \/>\n\t<meta property=\"og:image:height\" content=\"823\" \/>\n\t<meta property=\"og:image:type\" content=\"image\/jpeg\" \/>\n<meta name=\"author\" content=\"Tiziano Beneggi\" \/>\n<meta name=\"twitter:card\" content=\"summary_large_image\" \/>\n<meta name=\"twitter:label1\" content=\"Written by\" \/>\n\t<meta name=\"twitter:data1\" content=\"Tiziano Beneggi\" \/>\n\t<meta name=\"twitter:label2\" content=\"Est. reading time\" \/>\n\t<meta name=\"twitter:data2\" content=\"2 minutes\" \/>\n<script type=\"application\/ld+json\" class=\"yoast-schema-graph\">{\"@context\":\"https:\\\/\\\/schema.org\",\"@graph\":[{\"@type\":\"Article\",\"@id\":\"https:\\\/\\\/beneggiassociati.com\\\/en\\\/interessi-passivi-le-srl-immobiliari-fanno-i-conti-con-la-stretta\\\/#article\",\"isPartOf\":{\"@id\":\"https:\\\/\\\/beneggiassociati.com\\\/en\\\/interessi-passivi-le-srl-immobiliari-fanno-i-conti-con-la-stretta\\\/\"},\"author\":{\"name\":\"Tiziano Beneggi\",\"@id\":\"https:\\\/\\\/beneggiassociati.com\\\/en\\\/#\\\/schema\\\/person\\\/828daacfa37b359e89e981f920072004\"},\"headline\":\"Interessi passivi, le Srl immobiliari fanno i conti con la stretta\",\"datePublished\":\"2018-12-09T19:01:00+00:00\",\"mainEntityOfPage\":{\"@id\":\"https:\\\/\\\/beneggiassociati.com\\\/en\\\/interessi-passivi-le-srl-immobiliari-fanno-i-conti-con-la-stretta\\\/\"},\"wordCount\":492,\"commentCount\":0,\"publisher\":{\"@id\":\"https:\\\/\\\/beneggiassociati.com\\\/en\\\/#organization\"},\"image\":{\"@id\":\"https:\\\/\\\/beneggiassociati.com\\\/en\\\/interessi-passivi-le-srl-immobiliari-fanno-i-conti-con-la-stretta\\\/#primaryimage\"},\"thumbnailUrl\":\"https:\\\/\\\/beneggiassociati.com\\\/wp-content\\\/uploads\\\/2025\\\/07\\\/single-post-beneggi.jpg\",\"articleSection\":[\"ARCHIVIO\"],\"inLanguage\":\"en-US\"},{\"@type\":\"WebPage\",\"@id\":\"https:\\\/\\\/beneggiassociati.com\\\/en\\\/interessi-passivi-le-srl-immobiliari-fanno-i-conti-con-la-stretta\\\/\",\"url\":\"https:\\\/\\\/beneggiassociati.com\\\/en\\\/interessi-passivi-le-srl-immobiliari-fanno-i-conti-con-la-stretta\\\/\",\"name\":\"Interessi passivi, le Srl immobiliari fanno i conti con la stretta - Beneggi &amp; Associati\",\"isPartOf\":{\"@id\":\"https:\\\/\\\/beneggiassociati.com\\\/en\\\/#website\"},\"primaryImageOfPage\":{\"@id\":\"https:\\\/\\\/beneggiassociati.com\\\/en\\\/interessi-passivi-le-srl-immobiliari-fanno-i-conti-con-la-stretta\\\/#primaryimage\"},\"image\":{\"@id\":\"https:\\\/\\\/beneggiassociati.com\\\/en\\\/interessi-passivi-le-srl-immobiliari-fanno-i-conti-con-la-stretta\\\/#primaryimage\"},\"thumbnailUrl\":\"https:\\\/\\\/beneggiassociati.com\\\/wp-content\\\/uploads\\\/2025\\\/07\\\/single-post-beneggi.jpg\",\"datePublished\":\"2018-12-09T19:01:00+00:00\",\"description\":\"Per le societ\u00e0 che detengono immobili \u201cpatrimonio\u201d (si tratta, in particolare, dei fabbricati abitativi concessi in locazione), \u00e8 stabilito (comma 35\",\"breadcrumb\":{\"@id\":\"https:\\\/\\\/beneggiassociati.com\\\/en\\\/interessi-passivi-le-srl-immobiliari-fanno-i-conti-con-la-stretta\\\/#breadcrumb\"},\"inLanguage\":\"en-US\",\"potentialAction\":[{\"@type\":\"ReadAction\",\"target\":[\"https:\\\/\\\/beneggiassociati.com\\\/en\\\/interessi-passivi-le-srl-immobiliari-fanno-i-conti-con-la-stretta\\\/\"]}]},{\"@type\":\"ImageObject\",\"inLanguage\":\"en-US\",\"@id\":\"https:\\\/\\\/beneggiassociati.com\\\/en\\\/interessi-passivi-le-srl-immobiliari-fanno-i-conti-con-la-stretta\\\/#primaryimage\",\"url\":\"https:\\\/\\\/beneggiassociati.com\\\/wp-content\\\/uploads\\\/2025\\\/07\\\/single-post-beneggi.jpg\",\"contentUrl\":\"https:\\\/\\\/beneggiassociati.com\\\/wp-content\\\/uploads\\\/2025\\\/07\\\/single-post-beneggi.jpg\",\"width\":1280,\"height\":823},{\"@type\":\"BreadcrumbList\",\"@id\":\"https:\\\/\\\/beneggiassociati.com\\\/en\\\/interessi-passivi-le-srl-immobiliari-fanno-i-conti-con-la-stretta\\\/#breadcrumb\",\"itemListElement\":[{\"@type\":\"ListItem\",\"position\":1,\"name\":\"Home\",\"item\":\"https:\\\/\\\/beneggiassociati.com\\\/en\\\/?page_id=24163\"},{\"@type\":\"ListItem\",\"position\":2,\"name\":\"Interessi passivi, le Srl immobiliari fanno i conti con la stretta\"}]},{\"@type\":\"WebSite\",\"@id\":\"https:\\\/\\\/beneggiassociati.com\\\/en\\\/#website\",\"url\":\"https:\\\/\\\/beneggiassociati.com\\\/en\\\/\",\"name\":\"Beneggi e associati\",\"description\":\"\",\"publisher\":{\"@id\":\"https:\\\/\\\/beneggiassociati.com\\\/en\\\/#organization\"},\"potentialAction\":[{\"@type\":\"SearchAction\",\"target\":{\"@type\":\"EntryPoint\",\"urlTemplate\":\"https:\\\/\\\/beneggiassociati.com\\\/en\\\/?s={search_term_string}\"},\"query-input\":{\"@type\":\"PropertyValueSpecification\",\"valueRequired\":true,\"valueName\":\"search_term_string\"}}],\"inLanguage\":\"en-US\"},{\"@type\":\"Organization\",\"@id\":\"https:\\\/\\\/beneggiassociati.com\\\/en\\\/#organization\",\"name\":\"Beneggi e associati\",\"url\":\"https:\\\/\\\/beneggiassociati.com\\\/en\\\/\",\"logo\":{\"@type\":\"ImageObject\",\"inLanguage\":\"en-US\",\"@id\":\"https:\\\/\\\/beneggiassociati.com\\\/en\\\/#\\\/schema\\\/logo\\\/image\\\/\",\"url\":\"https:\\\/\\\/beneggiassociati.com\\\/wp-content\\\/uploads\\\/2025\\\/07\\\/beneggi-logo.png\",\"contentUrl\":\"https:\\\/\\\/beneggiassociati.com\\\/wp-content\\\/uploads\\\/2025\\\/07\\\/beneggi-logo.png\",\"width\":141,\"height\":87,\"caption\":\"Beneggi e associati\"},\"image\":{\"@id\":\"https:\\\/\\\/beneggiassociati.com\\\/en\\\/#\\\/schema\\\/logo\\\/image\\\/\"}},{\"@type\":\"Person\",\"@id\":\"https:\\\/\\\/beneggiassociati.com\\\/en\\\/#\\\/schema\\\/person\\\/828daacfa37b359e89e981f920072004\",\"name\":\"Tiziano Beneggi\",\"url\":\"https:\\\/\\\/beneggiassociati.com\\\/en\\\/author\\\/tizianobeneggiassociati-com\\\/\"}]}<\/script>\n<!-- \/ Yoast SEO plugin. -->","yoast_head_json":{"title":"Interessi passivi, le Srl immobiliari fanno i conti con la stretta - Beneggi &amp; Associati","description":"Per le societ\u00e0 che detengono immobili \u201cpatrimonio\u201d (si tratta, in particolare, dei fabbricati abitativi concessi in locazione), \u00e8 stabilito (comma 35","robots":{"index":"index","follow":"follow","max-snippet":"max-snippet:-1","max-image-preview":"max-image-preview:large","max-video-preview":"max-video-preview:-1"},"canonical":"https:\/\/beneggiassociati.com\/en\/interessi-passivi-le-srl-immobiliari-fanno-i-conti-con-la-stretta\/","og_locale":"en_US","og_type":"article","og_title":"Interessi passivi, le Srl immobiliari fanno i conti con la stretta - Beneggi &amp; Associati","og_description":"Per le societ\u00e0 che detengono immobili \u201cpatrimonio\u201d (si tratta, in particolare, dei fabbricati abitativi concessi in locazione), \u00e8 stabilito (comma 35","og_url":"https:\/\/beneggiassociati.com\/en\/interessi-passivi-le-srl-immobiliari-fanno-i-conti-con-la-stretta\/","og_site_name":"Beneggi &amp; Associati","article_published_time":"2018-12-09T19:01:00+00:00","og_image":[{"width":1280,"height":823,"url":"https:\/\/beneggiassociati.com\/wp-content\/uploads\/2025\/07\/single-post-beneggi.jpg","type":"image\/jpeg"}],"author":"Tiziano Beneggi","twitter_card":"summary_large_image","twitter_misc":{"Written by":"Tiziano Beneggi","Est. reading time":"2 minutes"},"schema":{"@context":"https:\/\/schema.org","@graph":[{"@type":"Article","@id":"https:\/\/beneggiassociati.com\/en\/interessi-passivi-le-srl-immobiliari-fanno-i-conti-con-la-stretta\/#article","isPartOf":{"@id":"https:\/\/beneggiassociati.com\/en\/interessi-passivi-le-srl-immobiliari-fanno-i-conti-con-la-stretta\/"},"author":{"name":"Tiziano Beneggi","@id":"https:\/\/beneggiassociati.com\/en\/#\/schema\/person\/828daacfa37b359e89e981f920072004"},"headline":"Interessi passivi, le Srl immobiliari fanno i conti con la stretta","datePublished":"2018-12-09T19:01:00+00:00","mainEntityOfPage":{"@id":"https:\/\/beneggiassociati.com\/en\/interessi-passivi-le-srl-immobiliari-fanno-i-conti-con-la-stretta\/"},"wordCount":492,"commentCount":0,"publisher":{"@id":"https:\/\/beneggiassociati.com\/en\/#organization"},"image":{"@id":"https:\/\/beneggiassociati.com\/en\/interessi-passivi-le-srl-immobiliari-fanno-i-conti-con-la-stretta\/#primaryimage"},"thumbnailUrl":"https:\/\/beneggiassociati.com\/wp-content\/uploads\/2025\/07\/single-post-beneggi.jpg","articleSection":["ARCHIVIO"],"inLanguage":"en-US"},{"@type":"WebPage","@id":"https:\/\/beneggiassociati.com\/en\/interessi-passivi-le-srl-immobiliari-fanno-i-conti-con-la-stretta\/","url":"https:\/\/beneggiassociati.com\/en\/interessi-passivi-le-srl-immobiliari-fanno-i-conti-con-la-stretta\/","name":"Interessi passivi, le Srl immobiliari fanno i conti con la stretta - Beneggi &amp; Associati","isPartOf":{"@id":"https:\/\/beneggiassociati.com\/en\/#website"},"primaryImageOfPage":{"@id":"https:\/\/beneggiassociati.com\/en\/interessi-passivi-le-srl-immobiliari-fanno-i-conti-con-la-stretta\/#primaryimage"},"image":{"@id":"https:\/\/beneggiassociati.com\/en\/interessi-passivi-le-srl-immobiliari-fanno-i-conti-con-la-stretta\/#primaryimage"},"thumbnailUrl":"https:\/\/beneggiassociati.com\/wp-content\/uploads\/2025\/07\/single-post-beneggi.jpg","datePublished":"2018-12-09T19:01:00+00:00","description":"Per le societ\u00e0 che detengono immobili \u201cpatrimonio\u201d (si tratta, in particolare, dei fabbricati abitativi concessi in locazione), \u00e8 stabilito (comma 35","breadcrumb":{"@id":"https:\/\/beneggiassociati.com\/en\/interessi-passivi-le-srl-immobiliari-fanno-i-conti-con-la-stretta\/#breadcrumb"},"inLanguage":"en-US","potentialAction":[{"@type":"ReadAction","target":["https:\/\/beneggiassociati.com\/en\/interessi-passivi-le-srl-immobiliari-fanno-i-conti-con-la-stretta\/"]}]},{"@type":"ImageObject","inLanguage":"en-US","@id":"https:\/\/beneggiassociati.com\/en\/interessi-passivi-le-srl-immobiliari-fanno-i-conti-con-la-stretta\/#primaryimage","url":"https:\/\/beneggiassociati.com\/wp-content\/uploads\/2025\/07\/single-post-beneggi.jpg","contentUrl":"https:\/\/beneggiassociati.com\/wp-content\/uploads\/2025\/07\/single-post-beneggi.jpg","width":1280,"height":823},{"@type":"BreadcrumbList","@id":"https:\/\/beneggiassociati.com\/en\/interessi-passivi-le-srl-immobiliari-fanno-i-conti-con-la-stretta\/#breadcrumb","itemListElement":[{"@type":"ListItem","position":1,"name":"Home","item":"https:\/\/beneggiassociati.com\/en\/?page_id=24163"},{"@type":"ListItem","position":2,"name":"Interessi passivi, le Srl immobiliari fanno i conti con la stretta"}]},{"@type":"WebSite","@id":"https:\/\/beneggiassociati.com\/en\/#website","url":"https:\/\/beneggiassociati.com\/en\/","name":"Beneggi e associati","description":"","publisher":{"@id":"https:\/\/beneggiassociati.com\/en\/#organization"},"potentialAction":[{"@type":"SearchAction","target":{"@type":"EntryPoint","urlTemplate":"https:\/\/beneggiassociati.com\/en\/?s={search_term_string}"},"query-input":{"@type":"PropertyValueSpecification","valueRequired":true,"valueName":"search_term_string"}}],"inLanguage":"en-US"},{"@type":"Organization","@id":"https:\/\/beneggiassociati.com\/en\/#organization","name":"Beneggi e associati","url":"https:\/\/beneggiassociati.com\/en\/","logo":{"@type":"ImageObject","inLanguage":"en-US","@id":"https:\/\/beneggiassociati.com\/en\/#\/schema\/logo\/image\/","url":"https:\/\/beneggiassociati.com\/wp-content\/uploads\/2025\/07\/beneggi-logo.png","contentUrl":"https:\/\/beneggiassociati.com\/wp-content\/uploads\/2025\/07\/beneggi-logo.png","width":141,"height":87,"caption":"Beneggi e associati"},"image":{"@id":"https:\/\/beneggiassociati.com\/en\/#\/schema\/logo\/image\/"}},{"@type":"Person","@id":"https:\/\/beneggiassociati.com\/en\/#\/schema\/person\/828daacfa37b359e89e981f920072004","name":"Tiziano Beneggi","url":"https:\/\/beneggiassociati.com\/en\/author\/tizianobeneggiassociati-com\/"}]}},"_links":{"self":[{"href":"https:\/\/beneggiassociati.com\/en\/wp-json\/wp\/v2\/posts\/16265","targetHints":{"allow":["GET"]}}],"collection":[{"href":"https:\/\/beneggiassociati.com\/en\/wp-json\/wp\/v2\/posts"}],"about":[{"href":"https:\/\/beneggiassociati.com\/en\/wp-json\/wp\/v2\/types\/post"}],"author":[{"embeddable":true,"href":"https:\/\/beneggiassociati.com\/en\/wp-json\/wp\/v2\/users\/4"}],"replies":[{"embeddable":true,"href":"https:\/\/beneggiassociati.com\/en\/wp-json\/wp\/v2\/comments?post=16265"}],"version-history":[{"count":0,"href":"https:\/\/beneggiassociati.com\/en\/wp-json\/wp\/v2\/posts\/16265\/revisions"}],"wp:featuredmedia":[{"embeddable":true,"href":"https:\/\/beneggiassociati.com\/en\/wp-json\/wp\/v2\/media\/409"}],"wp:attachment":[{"href":"https:\/\/beneggiassociati.com\/en\/wp-json\/wp\/v2\/media?parent=16265"}],"wp:term":[{"taxonomy":"category","embeddable":true,"href":"https:\/\/beneggiassociati.com\/en\/wp-json\/wp\/v2\/categories?post=16265"},{"taxonomy":"post_tag","embeddable":true,"href":"https:\/\/beneggiassociati.com\/en\/wp-json\/wp\/v2\/tags?post=16265"}],"curies":[{"name":"wp","href":"https:\/\/api.w.org\/{rel}","templated":true}]}}