{"id":16271,"date":"2018-12-16T16:51:00","date_gmt":"2018-12-16T15:51:00","guid":{"rendered":"https:\/\/dev.beneggiassociati.com\/2018\/12\/16\/i-vincoli-su-causale-durata-e-contributi-rilanciano-luso-del-lavoro-stagionale\/"},"modified":"2018-12-16T16:51:00","modified_gmt":"2018-12-16T15:51:00","slug":"i-vincoli-su-causale-durata-e-contributi-rilanciano-luso-del-lavoro-stagionale","status":"publish","type":"post","link":"https:\/\/beneggiassociati.com\/en\/i-vincoli-su-causale-durata-e-contributi-rilanciano-luso-del-lavoro-stagionale\/","title":{"rendered":"I vincoli su causale, durata e contributi rilanciano l\u2019uso del lavoro stagionale"},"content":{"rendered":"\n<p>Il lavoro stagionale sta diventando un istituto molto importante nel mercato del lavoro, perch\u00e9 la grande flessibilit\u00e0 che ne accompagna l\u2019utilizzo \u00e8 diventata una merce molto rara dopo l\u2019entrata in vigore del decreto 87\/2018.&nbsp;<\/p>\n\n\n<p><br \/>I contratti a termine stipulati per attivit\u00e0 lavorative riconducibili a questa nozione sono immuni, infatti, dai limiti che caratterizzano il lavoro a tempo, a partire dalle regole introdotte dal Dl 87\/2018, con la conseguenza che i contratti possono essere stipulati, rinnovati o prorogati anche in assenza delle causali previste dal nuovo articolo 19, comma 1, del Dlgs 81\/2015.<\/p>\n\n\n<p><br \/>Il pacchetto delle esenzioni che la legge riserva al lavoro stagionale non si limita alla disciplina delle causali, delle proroghe e dei rinnovi. Alle attivit\u00e0 che rientrano in questa nozione non si applicano neanche:<\/p>\n\n\n<ul class=\"wp-block-list\"><li>i limiti di durata massima introdotti dalla riforma (24 mesi);<\/li><li>il cosiddetto&nbsp;stop and go&nbsp;(l\u2019obbligo di attendere 10 o 20 giorni in caso di rinnovo del contratto);<\/li><li>il limite quantitativo di utilizzo massimo del lavoro a termine (20% dell\u2019organico a tempo indeterminato presente al 1\u00b0 gennaio dell\u2019anno).&nbsp;<\/li><\/ul>\n\n\n<p>Si applica in maniera limitata a anche la maggiorazione contributiva dello 0,5% in caso di rinnovo del contratto tra le stesse parti.<\/p>\n\n\n<p>Queste ampie agevolazioni normative hanno fatto crescere in maniera rilevante l\u2019attenzione verso un istituto che, prima dell\u2019approvazione del decreto 87\/2018, aveva un ruolo tutto sommato marginale nel mercato del lavoro, perch\u00e9 le differenze tra la sua disciplina e quella ordinaria erano abbastanza limitate.&nbsp;<\/p>\n\n\n<p><br \/>Oggi che le regole sono cambiate, e che diventa difficile anche assumere per una campagna promozionale un commesso che ha gi\u00e0 lavorato per un periodo breve presso la stessa azienda, torna a essere centrale la nozione di stagionalit\u00e0.<\/p>\n\n\n<p><br \/>La \u201cqualifica\u201d della stagionalit\u00e0 si pu\u00f2 ottenere sulla base di due percorsi alternativi.<\/p>\n\n\n<p><br \/>1. Questa definizione si applica, innanzitutto, se l\u2019attivit\u00e0 rientra fra quelle individuate dal Dpr 1525\/1963, il provvedimento che \u2013 in attesa di un decreto del ministero del Lavoro che lo aggiorni \u2013 individua da decenni quali sono le attivit\u00e0 stagionali.&nbsp;Un decreto cos\u00ec risalente nel tempo non pu\u00f2 rappresentare per intero l\u2019ampio spettro del lavoro stagionale, perch\u00e9 elenca molte attivit\u00e0 ormai desuete e non intercetta in maniera completa tutte le nuove figure professionali richieste dal mercato. Questo decreto, peraltro, ha efficacia solo temporanea, perch\u00e9 l\u2019articolo 21, comma 2, del Dlgs 81\/2015 prevede che il ministero del Lavoro emani un decreto ministeriale, nel quale siano elencate le attivit\u00e0 che rientrano nella nozione di lavoro stagionale. Sarebbe urgente che questa disposizione trovasse attuazione: basta leggere, infatti, il Dpr del 1963 per comprendere come l\u2019elencazione delle attivit\u00e0 stagionali sia ormai del tutto obsoleta e rappresenti in maniera molto incompleta la situazione del mercato del lavoro.<\/p>\n\n\n<p>2. La platea dei lavoratori stagionali pu\u00f2 essere definita anche dalla contrattazione collettiva che, secondo quanto prevede l\u2019articolo 21, comma 2, del Dlgs 81\/2015, pu\u00f2 individuare ulteriori ipotesi di lavoro stagionale.&nbsp;I contratti collettivi, come su altri aspetti molto rilevanti del lavoro flessibile, sono chiamati a svolgere un ruolo importante di adattamento delle regole ai diversi contesti produttivi di riferimento: tramite i rinnovi degli accordi esistenti, l\u2019elencazione del lavoro stagionale dovr\u00e0 essere ampliata e arricchita, per non penalizzare eccessivamente una lunga lista di attivit\u00e0 che, pur essendo stagionali nella sostanza, non hanno questa qualifica formale, tanto nel Dpr del 1963 quanto nelle intese oggi vigenti. Gli accordi legittimati a includere una certa prestazione sotto l\u2019ombrello della stagionalit\u00e0 sono quelli elencati dal Dlgs 81\/2015: intese di livello nazionale, territoriale oppure aziendale, sottoscritte da associazioni sindacali e datoriali comparativamente pi\u00f9 rappresentative sul piano nazionale.<\/p>\n\n\n<p><a href=\"mailto:info@beneggiassociati.com\" target=\"_blank\" rel=\"noreferrer noopener\">Sei interessato all\u2019articolo? Scrivici e verrai contattato da un nostro Consultant<\/a><\/p>\n\n\n<p><a href=\"https:\/\/beneggiassociati.com\/\" target=\"_blank\" rel=\"noreferrer noopener\">@ Beneggi e Associati | Commercialisti al servizio delle imprese | Meda | Milano<\/a><br \/><\/p>\n","protected":false},"excerpt":{"rendered":"<p>Il lavoro stagionale sta diventando un istituto molto importante nel mercato del lavoro, perch\u00e9 la grande flessibilit\u00e0 che ne accompagna l\u2019utilizzo \u00e8 diventata una merce molto rara dopo l\u2019entrata in vigore del decreto 87\/2018.&nbsp; I contratti a termine stipulati per attivit\u00e0 lavorative riconducibili a questa nozione sono immuni, infatti, dai limiti che caratterizzano il lavoro [&hellip;]<\/p>\n","protected":false},"author":4,"featured_media":409,"comment_status":"open","ping_status":"open","sticky":false,"template":"","format":"standard","meta":{"_acf_changed":false,"content-type":"","footnotes":""},"categories":[16],"tags":[],"class_list":["post-16271","post","type-post","status-publish","format-standard","has-post-thumbnail","hentry","category-archivio"],"acf":[],"yoast_head":"<!-- This site is optimized with the Yoast SEO plugin v27.5 - https:\/\/yoast.com\/product\/yoast-seo-wordpress\/ -->\n<title>I vincoli su causale, durata e contributi rilanciano l\u2019uso del lavoro stagionale - Beneggi &amp; Associati<\/title>\n<meta name=\"description\" content=\"Il lavoro stagionale sta diventando un istituto molto importante nel mercato del lavoro, perch\u00e9 la grande flessibilit\u00e0 che ne accompagna l\u2019utilizzo \u00e8\" \/>\n<meta name=\"robots\" content=\"index, follow, max-snippet:-1, max-image-preview:large, max-video-preview:-1\" \/>\n<link rel=\"canonical\" href=\"https:\/\/beneggiassociati.com\/en\/i-vincoli-su-causale-durata-e-contributi-rilanciano-luso-del-lavoro-stagionale\/\" \/>\n<meta property=\"og:locale\" content=\"en_US\" \/>\n<meta property=\"og:type\" content=\"article\" \/>\n<meta property=\"og:title\" content=\"I vincoli su causale, durata e contributi rilanciano l\u2019uso del lavoro stagionale - Beneggi &amp; Associati\" \/>\n<meta property=\"og:description\" content=\"Il lavoro stagionale sta diventando un istituto molto importante nel mercato del lavoro, perch\u00e9 la grande flessibilit\u00e0 che ne accompagna l\u2019utilizzo \u00e8\" \/>\n<meta property=\"og:url\" content=\"https:\/\/beneggiassociati.com\/en\/i-vincoli-su-causale-durata-e-contributi-rilanciano-luso-del-lavoro-stagionale\/\" \/>\n<meta property=\"og:site_name\" content=\"Beneggi &amp; Associati\" \/>\n<meta property=\"article:published_time\" content=\"2018-12-16T15:51:00+00:00\" \/>\n<meta property=\"og:image\" content=\"https:\/\/beneggiassociati.com\/wp-content\/uploads\/2025\/07\/single-post-beneggi.jpg\" \/>\n\t<meta property=\"og:image:width\" content=\"1280\" \/>\n\t<meta property=\"og:image:height\" content=\"823\" \/>\n\t<meta property=\"og:image:type\" content=\"image\/jpeg\" \/>\n<meta name=\"author\" content=\"Tiziano Beneggi\" \/>\n<meta name=\"twitter:card\" content=\"summary_large_image\" \/>\n<meta name=\"twitter:label1\" content=\"Written by\" \/>\n\t<meta name=\"twitter:data1\" content=\"Tiziano Beneggi\" \/>\n\t<meta name=\"twitter:label2\" content=\"Est. reading time\" \/>\n\t<meta name=\"twitter:data2\" content=\"3 minutes\" \/>\n<script type=\"application\/ld+json\" class=\"yoast-schema-graph\">{\"@context\":\"https:\\\/\\\/schema.org\",\"@graph\":[{\"@type\":\"Article\",\"@id\":\"https:\\\/\\\/beneggiassociati.com\\\/en\\\/i-vincoli-su-causale-durata-e-contributi-rilanciano-luso-del-lavoro-stagionale\\\/#article\",\"isPartOf\":{\"@id\":\"https:\\\/\\\/beneggiassociati.com\\\/en\\\/i-vincoli-su-causale-durata-e-contributi-rilanciano-luso-del-lavoro-stagionale\\\/\"},\"author\":{\"name\":\"Tiziano Beneggi\",\"@id\":\"https:\\\/\\\/beneggiassociati.com\\\/en\\\/#\\\/schema\\\/person\\\/828daacfa37b359e89e981f920072004\"},\"headline\":\"I vincoli su causale, durata e contributi rilanciano l\u2019uso del lavoro stagionale\",\"datePublished\":\"2018-12-16T15:51:00+00:00\",\"mainEntityOfPage\":{\"@id\":\"https:\\\/\\\/beneggiassociati.com\\\/en\\\/i-vincoli-su-causale-durata-e-contributi-rilanciano-luso-del-lavoro-stagionale\\\/\"},\"wordCount\":613,\"commentCount\":0,\"publisher\":{\"@id\":\"https:\\\/\\\/beneggiassociati.com\\\/en\\\/#organization\"},\"image\":{\"@id\":\"https:\\\/\\\/beneggiassociati.com\\\/en\\\/i-vincoli-su-causale-durata-e-contributi-rilanciano-luso-del-lavoro-stagionale\\\/#primaryimage\"},\"thumbnailUrl\":\"https:\\\/\\\/beneggiassociati.com\\\/wp-content\\\/uploads\\\/2025\\\/07\\\/single-post-beneggi.jpg\",\"articleSection\":[\"ARCHIVIO\"],\"inLanguage\":\"en-US\"},{\"@type\":\"WebPage\",\"@id\":\"https:\\\/\\\/beneggiassociati.com\\\/en\\\/i-vincoli-su-causale-durata-e-contributi-rilanciano-luso-del-lavoro-stagionale\\\/\",\"url\":\"https:\\\/\\\/beneggiassociati.com\\\/en\\\/i-vincoli-su-causale-durata-e-contributi-rilanciano-luso-del-lavoro-stagionale\\\/\",\"name\":\"I vincoli su causale, durata e contributi rilanciano l\u2019uso del lavoro stagionale - Beneggi &amp; Associati\",\"isPartOf\":{\"@id\":\"https:\\\/\\\/beneggiassociati.com\\\/en\\\/#website\"},\"primaryImageOfPage\":{\"@id\":\"https:\\\/\\\/beneggiassociati.com\\\/en\\\/i-vincoli-su-causale-durata-e-contributi-rilanciano-luso-del-lavoro-stagionale\\\/#primaryimage\"},\"image\":{\"@id\":\"https:\\\/\\\/beneggiassociati.com\\\/en\\\/i-vincoli-su-causale-durata-e-contributi-rilanciano-luso-del-lavoro-stagionale\\\/#primaryimage\"},\"thumbnailUrl\":\"https:\\\/\\\/beneggiassociati.com\\\/wp-content\\\/uploads\\\/2025\\\/07\\\/single-post-beneggi.jpg\",\"datePublished\":\"2018-12-16T15:51:00+00:00\",\"description\":\"Il lavoro stagionale sta diventando un istituto molto importante nel mercato del lavoro, perch\u00e9 la grande flessibilit\u00e0 che ne accompagna l\u2019utilizzo \u00e8\",\"breadcrumb\":{\"@id\":\"https:\\\/\\\/beneggiassociati.com\\\/en\\\/i-vincoli-su-causale-durata-e-contributi-rilanciano-luso-del-lavoro-stagionale\\\/#breadcrumb\"},\"inLanguage\":\"en-US\",\"potentialAction\":[{\"@type\":\"ReadAction\",\"target\":[\"https:\\\/\\\/beneggiassociati.com\\\/en\\\/i-vincoli-su-causale-durata-e-contributi-rilanciano-luso-del-lavoro-stagionale\\\/\"]}]},{\"@type\":\"ImageObject\",\"inLanguage\":\"en-US\",\"@id\":\"https:\\\/\\\/beneggiassociati.com\\\/en\\\/i-vincoli-su-causale-durata-e-contributi-rilanciano-luso-del-lavoro-stagionale\\\/#primaryimage\",\"url\":\"https:\\\/\\\/beneggiassociati.com\\\/wp-content\\\/uploads\\\/2025\\\/07\\\/single-post-beneggi.jpg\",\"contentUrl\":\"https:\\\/\\\/beneggiassociati.com\\\/wp-content\\\/uploads\\\/2025\\\/07\\\/single-post-beneggi.jpg\",\"width\":1280,\"height\":823},{\"@type\":\"BreadcrumbList\",\"@id\":\"https:\\\/\\\/beneggiassociati.com\\\/en\\\/i-vincoli-su-causale-durata-e-contributi-rilanciano-luso-del-lavoro-stagionale\\\/#breadcrumb\",\"itemListElement\":[{\"@type\":\"ListItem\",\"position\":1,\"name\":\"Home\",\"item\":\"https:\\\/\\\/beneggiassociati.com\\\/en\\\/?page_id=24163\"},{\"@type\":\"ListItem\",\"position\":2,\"name\":\"I vincoli su causale, durata e contributi rilanciano l\u2019uso del lavoro stagionale\"}]},{\"@type\":\"WebSite\",\"@id\":\"https:\\\/\\\/beneggiassociati.com\\\/en\\\/#website\",\"url\":\"https:\\\/\\\/beneggiassociati.com\\\/en\\\/\",\"name\":\"Beneggi e associati\",\"description\":\"\",\"publisher\":{\"@id\":\"https:\\\/\\\/beneggiassociati.com\\\/en\\\/#organization\"},\"potentialAction\":[{\"@type\":\"SearchAction\",\"target\":{\"@type\":\"EntryPoint\",\"urlTemplate\":\"https:\\\/\\\/beneggiassociati.com\\\/en\\\/?s={search_term_string}\"},\"query-input\":{\"@type\":\"PropertyValueSpecification\",\"valueRequired\":true,\"valueName\":\"search_term_string\"}}],\"inLanguage\":\"en-US\"},{\"@type\":\"Organization\",\"@id\":\"https:\\\/\\\/beneggiassociati.com\\\/en\\\/#organization\",\"name\":\"Beneggi e associati\",\"url\":\"https:\\\/\\\/beneggiassociati.com\\\/en\\\/\",\"logo\":{\"@type\":\"ImageObject\",\"inLanguage\":\"en-US\",\"@id\":\"https:\\\/\\\/beneggiassociati.com\\\/en\\\/#\\\/schema\\\/logo\\\/image\\\/\",\"url\":\"https:\\\/\\\/beneggiassociati.com\\\/wp-content\\\/uploads\\\/2025\\\/07\\\/beneggi-logo.png\",\"contentUrl\":\"https:\\\/\\\/beneggiassociati.com\\\/wp-content\\\/uploads\\\/2025\\\/07\\\/beneggi-logo.png\",\"width\":141,\"height\":87,\"caption\":\"Beneggi e associati\"},\"image\":{\"@id\":\"https:\\\/\\\/beneggiassociati.com\\\/en\\\/#\\\/schema\\\/logo\\\/image\\\/\"}},{\"@type\":\"Person\",\"@id\":\"https:\\\/\\\/beneggiassociati.com\\\/en\\\/#\\\/schema\\\/person\\\/828daacfa37b359e89e981f920072004\",\"name\":\"Tiziano Beneggi\",\"url\":\"https:\\\/\\\/beneggiassociati.com\\\/en\\\/author\\\/tizianobeneggiassociati-com\\\/\"}]}<\/script>\n<!-- \/ Yoast SEO plugin. -->","yoast_head_json":{"title":"I vincoli su causale, durata e contributi rilanciano l\u2019uso del lavoro stagionale - Beneggi &amp; Associati","description":"Il lavoro stagionale sta diventando un istituto molto importante nel mercato del lavoro, perch\u00e9 la grande flessibilit\u00e0 che ne accompagna l\u2019utilizzo \u00e8","robots":{"index":"index","follow":"follow","max-snippet":"max-snippet:-1","max-image-preview":"max-image-preview:large","max-video-preview":"max-video-preview:-1"},"canonical":"https:\/\/beneggiassociati.com\/en\/i-vincoli-su-causale-durata-e-contributi-rilanciano-luso-del-lavoro-stagionale\/","og_locale":"en_US","og_type":"article","og_title":"I vincoli su causale, durata e contributi rilanciano l\u2019uso del lavoro stagionale - Beneggi &amp; Associati","og_description":"Il lavoro stagionale sta diventando un istituto molto importante nel mercato del lavoro, perch\u00e9 la grande flessibilit\u00e0 che ne accompagna l\u2019utilizzo \u00e8","og_url":"https:\/\/beneggiassociati.com\/en\/i-vincoli-su-causale-durata-e-contributi-rilanciano-luso-del-lavoro-stagionale\/","og_site_name":"Beneggi &amp; Associati","article_published_time":"2018-12-16T15:51:00+00:00","og_image":[{"width":1280,"height":823,"url":"https:\/\/beneggiassociati.com\/wp-content\/uploads\/2025\/07\/single-post-beneggi.jpg","type":"image\/jpeg"}],"author":"Tiziano Beneggi","twitter_card":"summary_large_image","twitter_misc":{"Written by":"Tiziano Beneggi","Est. reading time":"3 minutes"},"schema":{"@context":"https:\/\/schema.org","@graph":[{"@type":"Article","@id":"https:\/\/beneggiassociati.com\/en\/i-vincoli-su-causale-durata-e-contributi-rilanciano-luso-del-lavoro-stagionale\/#article","isPartOf":{"@id":"https:\/\/beneggiassociati.com\/en\/i-vincoli-su-causale-durata-e-contributi-rilanciano-luso-del-lavoro-stagionale\/"},"author":{"name":"Tiziano Beneggi","@id":"https:\/\/beneggiassociati.com\/en\/#\/schema\/person\/828daacfa37b359e89e981f920072004"},"headline":"I vincoli su causale, durata e contributi rilanciano l\u2019uso del lavoro stagionale","datePublished":"2018-12-16T15:51:00+00:00","mainEntityOfPage":{"@id":"https:\/\/beneggiassociati.com\/en\/i-vincoli-su-causale-durata-e-contributi-rilanciano-luso-del-lavoro-stagionale\/"},"wordCount":613,"commentCount":0,"publisher":{"@id":"https:\/\/beneggiassociati.com\/en\/#organization"},"image":{"@id":"https:\/\/beneggiassociati.com\/en\/i-vincoli-su-causale-durata-e-contributi-rilanciano-luso-del-lavoro-stagionale\/#primaryimage"},"thumbnailUrl":"https:\/\/beneggiassociati.com\/wp-content\/uploads\/2025\/07\/single-post-beneggi.jpg","articleSection":["ARCHIVIO"],"inLanguage":"en-US"},{"@type":"WebPage","@id":"https:\/\/beneggiassociati.com\/en\/i-vincoli-su-causale-durata-e-contributi-rilanciano-luso-del-lavoro-stagionale\/","url":"https:\/\/beneggiassociati.com\/en\/i-vincoli-su-causale-durata-e-contributi-rilanciano-luso-del-lavoro-stagionale\/","name":"I vincoli su causale, durata e contributi rilanciano l\u2019uso del lavoro stagionale - Beneggi &amp; Associati","isPartOf":{"@id":"https:\/\/beneggiassociati.com\/en\/#website"},"primaryImageOfPage":{"@id":"https:\/\/beneggiassociati.com\/en\/i-vincoli-su-causale-durata-e-contributi-rilanciano-luso-del-lavoro-stagionale\/#primaryimage"},"image":{"@id":"https:\/\/beneggiassociati.com\/en\/i-vincoli-su-causale-durata-e-contributi-rilanciano-luso-del-lavoro-stagionale\/#primaryimage"},"thumbnailUrl":"https:\/\/beneggiassociati.com\/wp-content\/uploads\/2025\/07\/single-post-beneggi.jpg","datePublished":"2018-12-16T15:51:00+00:00","description":"Il lavoro stagionale sta diventando un istituto molto importante nel mercato del lavoro, perch\u00e9 la grande flessibilit\u00e0 che ne accompagna l\u2019utilizzo \u00e8","breadcrumb":{"@id":"https:\/\/beneggiassociati.com\/en\/i-vincoli-su-causale-durata-e-contributi-rilanciano-luso-del-lavoro-stagionale\/#breadcrumb"},"inLanguage":"en-US","potentialAction":[{"@type":"ReadAction","target":["https:\/\/beneggiassociati.com\/en\/i-vincoli-su-causale-durata-e-contributi-rilanciano-luso-del-lavoro-stagionale\/"]}]},{"@type":"ImageObject","inLanguage":"en-US","@id":"https:\/\/beneggiassociati.com\/en\/i-vincoli-su-causale-durata-e-contributi-rilanciano-luso-del-lavoro-stagionale\/#primaryimage","url":"https:\/\/beneggiassociati.com\/wp-content\/uploads\/2025\/07\/single-post-beneggi.jpg","contentUrl":"https:\/\/beneggiassociati.com\/wp-content\/uploads\/2025\/07\/single-post-beneggi.jpg","width":1280,"height":823},{"@type":"BreadcrumbList","@id":"https:\/\/beneggiassociati.com\/en\/i-vincoli-su-causale-durata-e-contributi-rilanciano-luso-del-lavoro-stagionale\/#breadcrumb","itemListElement":[{"@type":"ListItem","position":1,"name":"Home","item":"https:\/\/beneggiassociati.com\/en\/?page_id=24163"},{"@type":"ListItem","position":2,"name":"I vincoli su causale, durata e contributi rilanciano l\u2019uso del lavoro stagionale"}]},{"@type":"WebSite","@id":"https:\/\/beneggiassociati.com\/en\/#website","url":"https:\/\/beneggiassociati.com\/en\/","name":"Beneggi e associati","description":"","publisher":{"@id":"https:\/\/beneggiassociati.com\/en\/#organization"},"potentialAction":[{"@type":"SearchAction","target":{"@type":"EntryPoint","urlTemplate":"https:\/\/beneggiassociati.com\/en\/?s={search_term_string}"},"query-input":{"@type":"PropertyValueSpecification","valueRequired":true,"valueName":"search_term_string"}}],"inLanguage":"en-US"},{"@type":"Organization","@id":"https:\/\/beneggiassociati.com\/en\/#organization","name":"Beneggi e associati","url":"https:\/\/beneggiassociati.com\/en\/","logo":{"@type":"ImageObject","inLanguage":"en-US","@id":"https:\/\/beneggiassociati.com\/en\/#\/schema\/logo\/image\/","url":"https:\/\/beneggiassociati.com\/wp-content\/uploads\/2025\/07\/beneggi-logo.png","contentUrl":"https:\/\/beneggiassociati.com\/wp-content\/uploads\/2025\/07\/beneggi-logo.png","width":141,"height":87,"caption":"Beneggi e associati"},"image":{"@id":"https:\/\/beneggiassociati.com\/en\/#\/schema\/logo\/image\/"}},{"@type":"Person","@id":"https:\/\/beneggiassociati.com\/en\/#\/schema\/person\/828daacfa37b359e89e981f920072004","name":"Tiziano Beneggi","url":"https:\/\/beneggiassociati.com\/en\/author\/tizianobeneggiassociati-com\/"}]}},"_links":{"self":[{"href":"https:\/\/beneggiassociati.com\/en\/wp-json\/wp\/v2\/posts\/16271","targetHints":{"allow":["GET"]}}],"collection":[{"href":"https:\/\/beneggiassociati.com\/en\/wp-json\/wp\/v2\/posts"}],"about":[{"href":"https:\/\/beneggiassociati.com\/en\/wp-json\/wp\/v2\/types\/post"}],"author":[{"embeddable":true,"href":"https:\/\/beneggiassociati.com\/en\/wp-json\/wp\/v2\/users\/4"}],"replies":[{"embeddable":true,"href":"https:\/\/beneggiassociati.com\/en\/wp-json\/wp\/v2\/comments?post=16271"}],"version-history":[{"count":0,"href":"https:\/\/beneggiassociati.com\/en\/wp-json\/wp\/v2\/posts\/16271\/revisions"}],"wp:featuredmedia":[{"embeddable":true,"href":"https:\/\/beneggiassociati.com\/en\/wp-json\/wp\/v2\/media\/409"}],"wp:attachment":[{"href":"https:\/\/beneggiassociati.com\/en\/wp-json\/wp\/v2\/media?parent=16271"}],"wp:term":[{"taxonomy":"category","embeddable":true,"href":"https:\/\/beneggiassociati.com\/en\/wp-json\/wp\/v2\/categories?post=16271"},{"taxonomy":"post_tag","embeddable":true,"href":"https:\/\/beneggiassociati.com\/en\/wp-json\/wp\/v2\/tags?post=16271"}],"curies":[{"name":"wp","href":"https:\/\/api.w.org\/{rel}","templated":true}]}}