{"id":16275,"date":"2018-12-16T17:32:00","date_gmt":"2018-12-16T16:32:00","guid":{"rendered":"https:\/\/dev.beneggiassociati.com\/2018\/12\/16\/gestione-separata-contributi-anche-dagli-avvocati\/"},"modified":"2018-12-16T17:32:00","modified_gmt":"2018-12-16T16:32:00","slug":"gestione-separata-contributi-anche-dagli-avvocati","status":"publish","type":"post","link":"https:\/\/beneggiassociati.com\/en\/gestione-separata-contributi-anche-dagli-avvocati\/","title":{"rendered":"Gestione separata, contributi anche dagli avvocati"},"content":{"rendered":"\n<p>I professionisti tenuti all\u2019iscrizione a un albo che svolgono attivit\u00e0 lavorativa senza versare il contributo soggettivo a una Cassa di previdenza, sono tenuti a iscriversi alla gestione separata Inps.&nbsp;<\/p>\n\n\n<p>Le ultime due decisioni riguardano due commercialisti, ma in passato le pretese dell\u2019istituto di nazionale di previdenza sono state rivolte in modo particolare a ingegneri, architetti e avvocati che versano alle rispettive casse solo il contributo integrativo, senza obbligo di iscrizione.<\/p>\n\n\n<p>Nel motivare la decisione, la sezione lavoro richiama la sentenza 3240\/2010 a sezioni unite in cui si chiarisce che la gestione separata \u00e8 nata per estendere la copertura assicurativa non solo a lavoratori che non ne erano prima beneficiari, ma anche a specifiche attivit\u00e0 escluse in precedenza.&nbsp;<\/p>\n\n\n<p>Inoltre, la gestione separata ha la particolarit\u00e0 per cui \u00abl\u2019obbligazione contributiva \u00e8 basata sostanzialmente sulla mera percezione di un reddito\u00bb e la compatibilit\u00e0 dell\u2019iscrizione di un lavoratore a due gestioni previdenziali \u00e8 prevista e regolata dall\u2019articolo 49, comma 16, della legge 449\/1997 che prevede un\u2019aliquota specifica della gestione separata per chi \u00e8 gi\u00e0 iscritto a un\u2019altra forma di previdenza obbligatoria.&nbsp;<\/p>\n\n\n<p>\u00abLa regola generale \u00e8, quindi, che all\u2019espletamento di duplice attivit\u00e0 lavorativa&#8230;deve corrispondere la duplicit\u00e0 di iscrizione\u00bb. L\u2019obbligo viene meno solo \u00abse il reddito prodotto dall\u2019attivit\u00e0 professionale predetta \u00e8 gi\u00e0 integralmente oggetto di obbligo assicurativo gestito dalla cassa di riferimento\u00bb.<\/p>\n\n\n<p><br \/>Quanto alla norma di interpretazione della legge 335\/1995 (istitutiva della gestione separata) contenuta nell\u2019articolo 18, comma 12, del Dl 98\/2011, secondo la Cassazione va letta tenendo conto della volont\u00e0 di estendere la tutela assicurativa con la creazione della gestione separata stessa. Di conseguenza l\u2019unica contribuzione che esenta dall\u2019iscrizione alla gestione separata \u00e8 quella correlata all\u2019obbligo di iscrizione a una gestione previdenziale di categoria. Ma il contributo integrativo non \u00e8 di questo genere e inoltre non determina la creazione di una copertura assicurativa.<\/p>\n\n\n<p><br \/>Per i giudici non \u00e8 motivata nemmeno la critica per cui i contributi versati alla gestione separata sarebbero \u201cinutili\u201d, dato che le leggi 228\/2012 e 232\/2016 hanno esteso l\u2019ambito di operativit\u00e0 del cumulo dei contributi a fini pensionistici consentendo di valorizzare i periodi non coincidenti.<\/p>\n\n\n<p><a href=\"mailto:info@beneggiassociati.com\" target=\"_blank\" rel=\"noreferrer noopener\">Sei interessato all\u2019articolo? Scrivici e verrai contattato da un nostro Consultant<\/a><\/p>\n\n\n<p><a href=\"https:\/\/beneggiassociati.com\/\" target=\"_blank\" rel=\"noreferrer noopener\">@ Beneggi e Associati | Commercialisti al servizio delle imprese | Meda | Milano<\/a><\/p>\n","protected":false},"excerpt":{"rendered":"<p>I professionisti tenuti all\u2019iscrizione a un albo che svolgono attivit\u00e0 lavorativa senza versare il contributo soggettivo a una Cassa di previdenza, sono tenuti a iscriversi alla gestione separata Inps.&nbsp; Le ultime due decisioni riguardano due commercialisti, ma in passato le pretese dell\u2019istituto di nazionale di previdenza sono state rivolte in modo particolare a ingegneri, architetti [&hellip;]<\/p>\n","protected":false},"author":4,"featured_media":409,"comment_status":"open","ping_status":"open","sticky":false,"template":"","format":"standard","meta":{"_acf_changed":false,"content-type":"","footnotes":""},"categories":[16],"tags":[],"class_list":["post-16275","post","type-post","status-publish","format-standard","has-post-thumbnail","hentry","category-archivio"],"acf":[],"yoast_head":"<!-- This site is optimized with the Yoast SEO plugin v27.5 - https:\/\/yoast.com\/product\/yoast-seo-wordpress\/ -->\n<title>Gestione separata, contributi anche dagli avvocati - Beneggi &amp; Associati<\/title>\n<meta name=\"description\" content=\"I professionisti tenuti all\u2019iscrizione a un albo che svolgono attivit\u00e0 lavorativa senza versare il contributo soggettivo a una Cassa di previdenza, sono\" \/>\n<meta name=\"robots\" content=\"index, follow, max-snippet:-1, max-image-preview:large, max-video-preview:-1\" \/>\n<link rel=\"canonical\" href=\"https:\/\/beneggiassociati.com\/en\/gestione-separata-contributi-anche-dagli-avvocati\/\" \/>\n<meta property=\"og:locale\" content=\"en_US\" \/>\n<meta property=\"og:type\" content=\"article\" \/>\n<meta property=\"og:title\" content=\"Gestione separata, contributi anche dagli avvocati - Beneggi &amp; Associati\" \/>\n<meta property=\"og:description\" content=\"I professionisti tenuti all\u2019iscrizione a un albo che svolgono attivit\u00e0 lavorativa senza versare il contributo soggettivo a una Cassa di previdenza, sono\" \/>\n<meta property=\"og:url\" content=\"https:\/\/beneggiassociati.com\/en\/gestione-separata-contributi-anche-dagli-avvocati\/\" \/>\n<meta property=\"og:site_name\" content=\"Beneggi &amp; Associati\" \/>\n<meta property=\"article:published_time\" content=\"2018-12-16T16:32:00+00:00\" \/>\n<meta property=\"og:image\" content=\"https:\/\/beneggiassociati.com\/wp-content\/uploads\/2025\/07\/single-post-beneggi.jpg\" \/>\n\t<meta property=\"og:image:width\" content=\"1280\" \/>\n\t<meta property=\"og:image:height\" content=\"823\" \/>\n\t<meta property=\"og:image:type\" content=\"image\/jpeg\" \/>\n<meta name=\"author\" content=\"Tiziano Beneggi\" \/>\n<meta name=\"twitter:card\" content=\"summary_large_image\" \/>\n<meta name=\"twitter:label1\" content=\"Written by\" \/>\n\t<meta name=\"twitter:data1\" content=\"Tiziano Beneggi\" \/>\n\t<meta name=\"twitter:label2\" content=\"Est. reading time\" \/>\n\t<meta name=\"twitter:data2\" content=\"2 minutes\" \/>\n<script type=\"application\/ld+json\" class=\"yoast-schema-graph\">{\"@context\":\"https:\\\/\\\/schema.org\",\"@graph\":[{\"@type\":\"Article\",\"@id\":\"https:\\\/\\\/beneggiassociati.com\\\/en\\\/gestione-separata-contributi-anche-dagli-avvocati\\\/#article\",\"isPartOf\":{\"@id\":\"https:\\\/\\\/beneggiassociati.com\\\/en\\\/gestione-separata-contributi-anche-dagli-avvocati\\\/\"},\"author\":{\"name\":\"Tiziano Beneggi\",\"@id\":\"https:\\\/\\\/beneggiassociati.com\\\/en\\\/#\\\/schema\\\/person\\\/828daacfa37b359e89e981f920072004\"},\"headline\":\"Gestione separata, contributi anche dagli avvocati\",\"datePublished\":\"2018-12-16T16:32:00+00:00\",\"mainEntityOfPage\":{\"@id\":\"https:\\\/\\\/beneggiassociati.com\\\/en\\\/gestione-separata-contributi-anche-dagli-avvocati\\\/\"},\"wordCount\":371,\"commentCount\":0,\"publisher\":{\"@id\":\"https:\\\/\\\/beneggiassociati.com\\\/en\\\/#organization\"},\"image\":{\"@id\":\"https:\\\/\\\/beneggiassociati.com\\\/en\\\/gestione-separata-contributi-anche-dagli-avvocati\\\/#primaryimage\"},\"thumbnailUrl\":\"https:\\\/\\\/beneggiassociati.com\\\/wp-content\\\/uploads\\\/2025\\\/07\\\/single-post-beneggi.jpg\",\"articleSection\":[\"ARCHIVIO\"],\"inLanguage\":\"en-US\"},{\"@type\":\"WebPage\",\"@id\":\"https:\\\/\\\/beneggiassociati.com\\\/en\\\/gestione-separata-contributi-anche-dagli-avvocati\\\/\",\"url\":\"https:\\\/\\\/beneggiassociati.com\\\/en\\\/gestione-separata-contributi-anche-dagli-avvocati\\\/\",\"name\":\"Gestione separata, contributi anche dagli avvocati - Beneggi &amp; Associati\",\"isPartOf\":{\"@id\":\"https:\\\/\\\/beneggiassociati.com\\\/en\\\/#website\"},\"primaryImageOfPage\":{\"@id\":\"https:\\\/\\\/beneggiassociati.com\\\/en\\\/gestione-separata-contributi-anche-dagli-avvocati\\\/#primaryimage\"},\"image\":{\"@id\":\"https:\\\/\\\/beneggiassociati.com\\\/en\\\/gestione-separata-contributi-anche-dagli-avvocati\\\/#primaryimage\"},\"thumbnailUrl\":\"https:\\\/\\\/beneggiassociati.com\\\/wp-content\\\/uploads\\\/2025\\\/07\\\/single-post-beneggi.jpg\",\"datePublished\":\"2018-12-16T16:32:00+00:00\",\"description\":\"I professionisti tenuti all\u2019iscrizione a un albo che svolgono attivit\u00e0 lavorativa senza versare il contributo soggettivo a una Cassa di previdenza, sono\",\"breadcrumb\":{\"@id\":\"https:\\\/\\\/beneggiassociati.com\\\/en\\\/gestione-separata-contributi-anche-dagli-avvocati\\\/#breadcrumb\"},\"inLanguage\":\"en-US\",\"potentialAction\":[{\"@type\":\"ReadAction\",\"target\":[\"https:\\\/\\\/beneggiassociati.com\\\/en\\\/gestione-separata-contributi-anche-dagli-avvocati\\\/\"]}]},{\"@type\":\"ImageObject\",\"inLanguage\":\"en-US\",\"@id\":\"https:\\\/\\\/beneggiassociati.com\\\/en\\\/gestione-separata-contributi-anche-dagli-avvocati\\\/#primaryimage\",\"url\":\"https:\\\/\\\/beneggiassociati.com\\\/wp-content\\\/uploads\\\/2025\\\/07\\\/single-post-beneggi.jpg\",\"contentUrl\":\"https:\\\/\\\/beneggiassociati.com\\\/wp-content\\\/uploads\\\/2025\\\/07\\\/single-post-beneggi.jpg\",\"width\":1280,\"height\":823},{\"@type\":\"BreadcrumbList\",\"@id\":\"https:\\\/\\\/beneggiassociati.com\\\/en\\\/gestione-separata-contributi-anche-dagli-avvocati\\\/#breadcrumb\",\"itemListElement\":[{\"@type\":\"ListItem\",\"position\":1,\"name\":\"Home\",\"item\":\"https:\\\/\\\/beneggiassociati.com\\\/en\\\/?page_id=24163\"},{\"@type\":\"ListItem\",\"position\":2,\"name\":\"Gestione separata, contributi anche dagli avvocati\"}]},{\"@type\":\"WebSite\",\"@id\":\"https:\\\/\\\/beneggiassociati.com\\\/en\\\/#website\",\"url\":\"https:\\\/\\\/beneggiassociati.com\\\/en\\\/\",\"name\":\"Beneggi e associati\",\"description\":\"\",\"publisher\":{\"@id\":\"https:\\\/\\\/beneggiassociati.com\\\/en\\\/#organization\"},\"potentialAction\":[{\"@type\":\"SearchAction\",\"target\":{\"@type\":\"EntryPoint\",\"urlTemplate\":\"https:\\\/\\\/beneggiassociati.com\\\/en\\\/?s={search_term_string}\"},\"query-input\":{\"@type\":\"PropertyValueSpecification\",\"valueRequired\":true,\"valueName\":\"search_term_string\"}}],\"inLanguage\":\"en-US\"},{\"@type\":\"Organization\",\"@id\":\"https:\\\/\\\/beneggiassociati.com\\\/en\\\/#organization\",\"name\":\"Beneggi e associati\",\"url\":\"https:\\\/\\\/beneggiassociati.com\\\/en\\\/\",\"logo\":{\"@type\":\"ImageObject\",\"inLanguage\":\"en-US\",\"@id\":\"https:\\\/\\\/beneggiassociati.com\\\/en\\\/#\\\/schema\\\/logo\\\/image\\\/\",\"url\":\"https:\\\/\\\/beneggiassociati.com\\\/wp-content\\\/uploads\\\/2025\\\/07\\\/beneggi-logo.png\",\"contentUrl\":\"https:\\\/\\\/beneggiassociati.com\\\/wp-content\\\/uploads\\\/2025\\\/07\\\/beneggi-logo.png\",\"width\":141,\"height\":87,\"caption\":\"Beneggi e associati\"},\"image\":{\"@id\":\"https:\\\/\\\/beneggiassociati.com\\\/en\\\/#\\\/schema\\\/logo\\\/image\\\/\"}},{\"@type\":\"Person\",\"@id\":\"https:\\\/\\\/beneggiassociati.com\\\/en\\\/#\\\/schema\\\/person\\\/828daacfa37b359e89e981f920072004\",\"name\":\"Tiziano Beneggi\",\"url\":\"https:\\\/\\\/beneggiassociati.com\\\/en\\\/author\\\/tizianobeneggiassociati-com\\\/\"}]}<\/script>\n<!-- \/ Yoast SEO plugin. -->","yoast_head_json":{"title":"Gestione separata, contributi anche dagli avvocati - Beneggi &amp; Associati","description":"I professionisti tenuti all\u2019iscrizione a un albo che svolgono attivit\u00e0 lavorativa senza versare il contributo soggettivo a una Cassa di previdenza, sono","robots":{"index":"index","follow":"follow","max-snippet":"max-snippet:-1","max-image-preview":"max-image-preview:large","max-video-preview":"max-video-preview:-1"},"canonical":"https:\/\/beneggiassociati.com\/en\/gestione-separata-contributi-anche-dagli-avvocati\/","og_locale":"en_US","og_type":"article","og_title":"Gestione separata, contributi anche dagli avvocati - Beneggi &amp; Associati","og_description":"I professionisti tenuti all\u2019iscrizione a un albo che svolgono attivit\u00e0 lavorativa senza versare il contributo soggettivo a una Cassa di previdenza, sono","og_url":"https:\/\/beneggiassociati.com\/en\/gestione-separata-contributi-anche-dagli-avvocati\/","og_site_name":"Beneggi &amp; Associati","article_published_time":"2018-12-16T16:32:00+00:00","og_image":[{"width":1280,"height":823,"url":"https:\/\/beneggiassociati.com\/wp-content\/uploads\/2025\/07\/single-post-beneggi.jpg","type":"image\/jpeg"}],"author":"Tiziano Beneggi","twitter_card":"summary_large_image","twitter_misc":{"Written by":"Tiziano Beneggi","Est. reading time":"2 minutes"},"schema":{"@context":"https:\/\/schema.org","@graph":[{"@type":"Article","@id":"https:\/\/beneggiassociati.com\/en\/gestione-separata-contributi-anche-dagli-avvocati\/#article","isPartOf":{"@id":"https:\/\/beneggiassociati.com\/en\/gestione-separata-contributi-anche-dagli-avvocati\/"},"author":{"name":"Tiziano Beneggi","@id":"https:\/\/beneggiassociati.com\/en\/#\/schema\/person\/828daacfa37b359e89e981f920072004"},"headline":"Gestione separata, contributi anche dagli avvocati","datePublished":"2018-12-16T16:32:00+00:00","mainEntityOfPage":{"@id":"https:\/\/beneggiassociati.com\/en\/gestione-separata-contributi-anche-dagli-avvocati\/"},"wordCount":371,"commentCount":0,"publisher":{"@id":"https:\/\/beneggiassociati.com\/en\/#organization"},"image":{"@id":"https:\/\/beneggiassociati.com\/en\/gestione-separata-contributi-anche-dagli-avvocati\/#primaryimage"},"thumbnailUrl":"https:\/\/beneggiassociati.com\/wp-content\/uploads\/2025\/07\/single-post-beneggi.jpg","articleSection":["ARCHIVIO"],"inLanguage":"en-US"},{"@type":"WebPage","@id":"https:\/\/beneggiassociati.com\/en\/gestione-separata-contributi-anche-dagli-avvocati\/","url":"https:\/\/beneggiassociati.com\/en\/gestione-separata-contributi-anche-dagli-avvocati\/","name":"Gestione separata, contributi anche dagli avvocati - Beneggi &amp; Associati","isPartOf":{"@id":"https:\/\/beneggiassociati.com\/en\/#website"},"primaryImageOfPage":{"@id":"https:\/\/beneggiassociati.com\/en\/gestione-separata-contributi-anche-dagli-avvocati\/#primaryimage"},"image":{"@id":"https:\/\/beneggiassociati.com\/en\/gestione-separata-contributi-anche-dagli-avvocati\/#primaryimage"},"thumbnailUrl":"https:\/\/beneggiassociati.com\/wp-content\/uploads\/2025\/07\/single-post-beneggi.jpg","datePublished":"2018-12-16T16:32:00+00:00","description":"I professionisti tenuti all\u2019iscrizione a un albo che svolgono attivit\u00e0 lavorativa senza versare il contributo soggettivo a una Cassa di previdenza, sono","breadcrumb":{"@id":"https:\/\/beneggiassociati.com\/en\/gestione-separata-contributi-anche-dagli-avvocati\/#breadcrumb"},"inLanguage":"en-US","potentialAction":[{"@type":"ReadAction","target":["https:\/\/beneggiassociati.com\/en\/gestione-separata-contributi-anche-dagli-avvocati\/"]}]},{"@type":"ImageObject","inLanguage":"en-US","@id":"https:\/\/beneggiassociati.com\/en\/gestione-separata-contributi-anche-dagli-avvocati\/#primaryimage","url":"https:\/\/beneggiassociati.com\/wp-content\/uploads\/2025\/07\/single-post-beneggi.jpg","contentUrl":"https:\/\/beneggiassociati.com\/wp-content\/uploads\/2025\/07\/single-post-beneggi.jpg","width":1280,"height":823},{"@type":"BreadcrumbList","@id":"https:\/\/beneggiassociati.com\/en\/gestione-separata-contributi-anche-dagli-avvocati\/#breadcrumb","itemListElement":[{"@type":"ListItem","position":1,"name":"Home","item":"https:\/\/beneggiassociati.com\/en\/?page_id=24163"},{"@type":"ListItem","position":2,"name":"Gestione separata, contributi anche dagli avvocati"}]},{"@type":"WebSite","@id":"https:\/\/beneggiassociati.com\/en\/#website","url":"https:\/\/beneggiassociati.com\/en\/","name":"Beneggi e associati","description":"","publisher":{"@id":"https:\/\/beneggiassociati.com\/en\/#organization"},"potentialAction":[{"@type":"SearchAction","target":{"@type":"EntryPoint","urlTemplate":"https:\/\/beneggiassociati.com\/en\/?s={search_term_string}"},"query-input":{"@type":"PropertyValueSpecification","valueRequired":true,"valueName":"search_term_string"}}],"inLanguage":"en-US"},{"@type":"Organization","@id":"https:\/\/beneggiassociati.com\/en\/#organization","name":"Beneggi e associati","url":"https:\/\/beneggiassociati.com\/en\/","logo":{"@type":"ImageObject","inLanguage":"en-US","@id":"https:\/\/beneggiassociati.com\/en\/#\/schema\/logo\/image\/","url":"https:\/\/beneggiassociati.com\/wp-content\/uploads\/2025\/07\/beneggi-logo.png","contentUrl":"https:\/\/beneggiassociati.com\/wp-content\/uploads\/2025\/07\/beneggi-logo.png","width":141,"height":87,"caption":"Beneggi e associati"},"image":{"@id":"https:\/\/beneggiassociati.com\/en\/#\/schema\/logo\/image\/"}},{"@type":"Person","@id":"https:\/\/beneggiassociati.com\/en\/#\/schema\/person\/828daacfa37b359e89e981f920072004","name":"Tiziano Beneggi","url":"https:\/\/beneggiassociati.com\/en\/author\/tizianobeneggiassociati-com\/"}]}},"_links":{"self":[{"href":"https:\/\/beneggiassociati.com\/en\/wp-json\/wp\/v2\/posts\/16275","targetHints":{"allow":["GET"]}}],"collection":[{"href":"https:\/\/beneggiassociati.com\/en\/wp-json\/wp\/v2\/posts"}],"about":[{"href":"https:\/\/beneggiassociati.com\/en\/wp-json\/wp\/v2\/types\/post"}],"author":[{"embeddable":true,"href":"https:\/\/beneggiassociati.com\/en\/wp-json\/wp\/v2\/users\/4"}],"replies":[{"embeddable":true,"href":"https:\/\/beneggiassociati.com\/en\/wp-json\/wp\/v2\/comments?post=16275"}],"version-history":[{"count":0,"href":"https:\/\/beneggiassociati.com\/en\/wp-json\/wp\/v2\/posts\/16275\/revisions"}],"wp:featuredmedia":[{"embeddable":true,"href":"https:\/\/beneggiassociati.com\/en\/wp-json\/wp\/v2\/media\/409"}],"wp:attachment":[{"href":"https:\/\/beneggiassociati.com\/en\/wp-json\/wp\/v2\/media?parent=16275"}],"wp:term":[{"taxonomy":"category","embeddable":true,"href":"https:\/\/beneggiassociati.com\/en\/wp-json\/wp\/v2\/categories?post=16275"},{"taxonomy":"post_tag","embeddable":true,"href":"https:\/\/beneggiassociati.com\/en\/wp-json\/wp\/v2\/tags?post=16275"}],"curies":[{"name":"wp","href":"https:\/\/api.w.org\/{rel}","templated":true}]}}