{"id":16277,"date":"2018-12-16T17:54:00","date_gmt":"2018-12-16T16:54:00","guid":{"rendered":"https:\/\/dev.beneggiassociati.com\/2018\/12\/16\/iva-la-detrazione-anticipata-non-vale-per-fatture-2018-ricevute-nel-2019\/"},"modified":"2018-12-16T17:54:00","modified_gmt":"2018-12-16T16:54:00","slug":"iva-la-detrazione-anticipata-non-vale-per-fatture-2018-ricevute-nel-2019","status":"publish","type":"post","link":"https:\/\/beneggiassociati.com\/en\/iva-la-detrazione-anticipata-non-vale-per-fatture-2018-ricevute-nel-2019\/","title":{"rendered":"Iva, la detrazione anticipata non vale per fatture 2018 ricevute nel 2019"},"content":{"rendered":"\n<p><br \/><\/p>\n\n\n<p>Anticipata la detrazione Iva per le operazioni infrannuali anche per le fatture ricevute nei primi 15 giorni del mese successivo all\u2019effettuazione dell\u2019operazione. Regola, per\u00f2, inapplicabile agli acquisti a cavallo d\u2019anno. Il legislatore, dopo oltre un anno dalla modifica del regime della detrazione Iva (Dl 50\/2017) e dopo le discussioni scaturite dall\u2019intervento interpretativo sulla circolare 1\/E\/2018 con il Dl 119\/2018, torna sull\u2019argomento correggendo \u2013 in parte \u2013 il contrasto tra la circolare e il Dpr 100\/1998.&nbsp;<\/p>\n\n\n<p><br \/>In effetti, in base alla circolare 1\/E\/2018 per le fatture ricevute nei primi giorni del mese successivo a quello di effettuazione non pi\u00f9 era pi\u00f9 possibile detrarre l\u2019Iva nel mese di competenza pur avendo ricevuto e registrato il documento entro il termine per la liquidazione periodica, posticipando l\u2019esercizio del diritto al periodo successivo e creando un disallineamento tra esigibilit\u00e0 e detraibilit\u00e0 dell\u2019imposta.&nbsp;<\/p>\n\n\n<p><br \/>Il Dl 119\/2018 modifica l\u2019articolo 1, comma 1 del Dpr 100\/1998 stabilendo ora che entro il giorno 16 di ogni mese pu\u00f2 essere esercitato il diritto alla detrazione relativo anche ai documenti di acquisto ricevuti e annotati entro il 15 del mese successivo a quello in cui \u00e8 stata effettuata l\u2019operazione. Pertanto, a differenza di quanto accaduto fino a ottobre, con la modifica l\u2019Iva su una fattura relativa, per esempio, a un\u2019operazione effettuata a ottobre 2018 (datata 31 ottobre 2018) e ricevuta il 5 novembre poteva essere inclusa nella liquidazione periodica del mese di ottobre e non pi\u00f9 in novembre.&nbsp;<\/p>\n\n\n<p><br \/>Il legislatore si \u00e8 tuttavia affrettato a specificare, in contrasto con il funzionamento dell\u2019imposta, che tale disciplina non si applica alle operazioni effettuate nell\u2019anno precedente, vale a dire al caso di una fattura relativa a un\u2019operazione effettuata a dicembre 2018 (data fattura 31\/12\/2018) ricevuta il 5 gennaio 2019, per la quale non \u00e8 possibile detrarre l\u2019imposta nella liquidazione del 16 gennaio.&nbsp;<\/p>\n\n\n<p><br \/>Come districarsi quindi dal complesso intreccio normativo all\u2019approssimarsi di fine anno? Sono quattro i casi in cui le imprese (negli esempi considereremo solo i contribuenti con liquidazione mensile, ma le stesse considerazioni possono essere trasposte ai contribuenti trimestrali) potranno trovarsi: 1) fatture per operazioni effettuate nel 2018 ricevute e registrate entro la fine dell\u2019anno; 2) fatture per operazioni effettuate a dicembre 2018 ricevute nel 2019; 3) fatture per operazioni effettuate a dicembre 2018 ricevute nello stesso mese, ma registrate nel 2019; (4) fatture per operazioni effettuate nel 2019.<\/p>\n\n\n<p><br \/>Nel primo caso, il diritto alla detrazione potr\u00e0 essere esercitato nella liquidazione di dicembre 2018 (16 gennaio 2019).&nbsp;<\/p>\n\n\n<p><br \/>Nel secondo caso, si potr\u00e0 esercitare il diritto alla detrazione dell\u2019imposta solo nel 2019 anche se le fatture sono state ricevute e registrate entro il 15 gennaio, attesa l\u2019esclusione prevista dalla nuova formulazione dell\u2019articolo 1, comma 1, del Dpr 100\/1998. Tale nuova impostazione, peraltro, rischia di avere effetti anche sulle liquidazioni Iva dei mesi successivi, in quanto una fattura 2018 ricevuta e registrata ad esempio il 5 marzo 2019 non potr\u00e0 concorrere a formare la liquidazione Iva di febbraio 2019, bens\u00ec il diritto alla detrazione potr\u00e0 essere esercitato solo con la liquidazione di marzo.&nbsp;<\/p>\n\n\n<p><br \/>Nel terzo caso il diritto alla detrazione potr\u00e0 essere esercitato al pi\u00f9 tardi nella dichiarazione annuale Iva relativa al 2018 e si render\u00e0 necessaria la predisposizione di un registro Iva sezionale che permetta di escludere queste operazioni dalla liquidazione Iva del mese di registrazione che inevitabilmente sar\u00e0 il 2019.&nbsp;<\/p>\n\n\n<p><br \/>Infine, per le fatture relative a operazioni effettuate nel 2019, in un determinato mese si potr\u00e0 esercitare il diritto alla detrazione relativo anche ai documenti di acquisto ricevuti e annotati entro il 15 del mese successivo a quello in cui \u00e8 stata effettuata l\u2019operazione. La complessit\u00e0 di gestione operativa \u00e8 facilmente intuibile perch\u00e9 impone ai contribuenti di effettuare mensilmente un cherry picking delle fatture da inserire o da escludere dalla liquidazione Iva.<\/p>\n\n\n<p><a href=\"mailto:info@beneggiassociati.com\" target=\"_blank\" rel=\"noreferrer noopener\">Sei interessato all\u2019articolo? Scrivici e verrai contattato da un nostro Consultant<\/a><\/p>\n\n\n<p><a href=\"https:\/\/beneggiassociati.com\/\" target=\"_blank\" rel=\"noreferrer noopener\">@ Beneggi e Associati | Commercialisti al servizio delle imprese | Meda | Milano<\/a><br \/><\/p>\n","protected":false},"excerpt":{"rendered":"<p>Anticipata la detrazione Iva per le operazioni infrannuali anche per le fatture ricevute nei primi 15 giorni del mese successivo all\u2019effettuazione dell\u2019operazione. Regola, per\u00f2, inapplicabile agli acquisti a cavallo d\u2019anno. Il legislatore, dopo oltre un anno dalla modifica del regime della detrazione Iva (Dl 50\/2017) e dopo le discussioni scaturite dall\u2019intervento interpretativo sulla circolare 1\/E\/2018 [&hellip;]<\/p>\n","protected":false},"author":4,"featured_media":409,"comment_status":"open","ping_status":"open","sticky":false,"template":"","format":"standard","meta":{"_acf_changed":false,"content-type":"","footnotes":""},"categories":[16],"tags":[],"class_list":["post-16277","post","type-post","status-publish","format-standard","has-post-thumbnail","hentry","category-archivio"],"acf":[],"yoast_head":"<!-- This site is optimized with the Yoast SEO plugin v27.5 - https:\/\/yoast.com\/product\/yoast-seo-wordpress\/ -->\n<title>Iva, la detrazione anticipata non vale per fatture 2018 ricevute nel 2019 - Beneggi &amp; Associati<\/title>\n<meta name=\"description\" content=\"Anticipata la detrazione Iva per le operazioni infrannuali anche per le fatture ricevute nei primi 15 giorni del mese successivo all\u2019effettuazione\" \/>\n<meta name=\"robots\" content=\"index, follow, max-snippet:-1, max-image-preview:large, max-video-preview:-1\" \/>\n<link rel=\"canonical\" href=\"https:\/\/beneggiassociati.com\/en\/iva-la-detrazione-anticipata-non-vale-per-fatture-2018-ricevute-nel-2019\/\" \/>\n<meta property=\"og:locale\" content=\"en_US\" \/>\n<meta property=\"og:type\" content=\"article\" \/>\n<meta property=\"og:title\" content=\"Iva, la detrazione anticipata non vale per fatture 2018 ricevute nel 2019 - Beneggi &amp; Associati\" \/>\n<meta property=\"og:description\" content=\"Anticipata la detrazione Iva per le operazioni infrannuali anche per le fatture ricevute nei primi 15 giorni del mese successivo all\u2019effettuazione\" \/>\n<meta property=\"og:url\" content=\"https:\/\/beneggiassociati.com\/en\/iva-la-detrazione-anticipata-non-vale-per-fatture-2018-ricevute-nel-2019\/\" \/>\n<meta property=\"og:site_name\" content=\"Beneggi &amp; Associati\" \/>\n<meta property=\"article:published_time\" content=\"2018-12-16T16:54:00+00:00\" \/>\n<meta property=\"og:image\" content=\"https:\/\/beneggiassociati.com\/wp-content\/uploads\/2025\/07\/single-post-beneggi.jpg\" \/>\n\t<meta property=\"og:image:width\" content=\"1280\" \/>\n\t<meta property=\"og:image:height\" content=\"823\" \/>\n\t<meta property=\"og:image:type\" content=\"image\/jpeg\" \/>\n<meta name=\"author\" content=\"Tiziano Beneggi\" \/>\n<meta name=\"twitter:card\" content=\"summary_large_image\" \/>\n<meta name=\"twitter:label1\" content=\"Written by\" \/>\n\t<meta name=\"twitter:data1\" content=\"Tiziano Beneggi\" \/>\n\t<meta name=\"twitter:label2\" content=\"Est. reading time\" \/>\n\t<meta name=\"twitter:data2\" content=\"3 minutes\" \/>\n<script type=\"application\/ld+json\" class=\"yoast-schema-graph\">{\"@context\":\"https:\\\/\\\/schema.org\",\"@graph\":[{\"@type\":\"Article\",\"@id\":\"https:\\\/\\\/beneggiassociati.com\\\/en\\\/iva-la-detrazione-anticipata-non-vale-per-fatture-2018-ricevute-nel-2019\\\/#article\",\"isPartOf\":{\"@id\":\"https:\\\/\\\/beneggiassociati.com\\\/en\\\/iva-la-detrazione-anticipata-non-vale-per-fatture-2018-ricevute-nel-2019\\\/\"},\"author\":{\"name\":\"Tiziano Beneggi\",\"@id\":\"https:\\\/\\\/beneggiassociati.com\\\/en\\\/#\\\/schema\\\/person\\\/828daacfa37b359e89e981f920072004\"},\"headline\":\"Iva, la detrazione anticipata non vale per fatture 2018 ricevute nel 2019\",\"datePublished\":\"2018-12-16T16:54:00+00:00\",\"mainEntityOfPage\":{\"@id\":\"https:\\\/\\\/beneggiassociati.com\\\/en\\\/iva-la-detrazione-anticipata-non-vale-per-fatture-2018-ricevute-nel-2019\\\/\"},\"wordCount\":628,\"commentCount\":0,\"publisher\":{\"@id\":\"https:\\\/\\\/beneggiassociati.com\\\/en\\\/#organization\"},\"image\":{\"@id\":\"https:\\\/\\\/beneggiassociati.com\\\/en\\\/iva-la-detrazione-anticipata-non-vale-per-fatture-2018-ricevute-nel-2019\\\/#primaryimage\"},\"thumbnailUrl\":\"https:\\\/\\\/beneggiassociati.com\\\/wp-content\\\/uploads\\\/2025\\\/07\\\/single-post-beneggi.jpg\",\"articleSection\":[\"ARCHIVIO\"],\"inLanguage\":\"en-US\"},{\"@type\":\"WebPage\",\"@id\":\"https:\\\/\\\/beneggiassociati.com\\\/en\\\/iva-la-detrazione-anticipata-non-vale-per-fatture-2018-ricevute-nel-2019\\\/\",\"url\":\"https:\\\/\\\/beneggiassociati.com\\\/en\\\/iva-la-detrazione-anticipata-non-vale-per-fatture-2018-ricevute-nel-2019\\\/\",\"name\":\"Iva, la detrazione anticipata non vale per fatture 2018 ricevute nel 2019 - Beneggi &amp; Associati\",\"isPartOf\":{\"@id\":\"https:\\\/\\\/beneggiassociati.com\\\/en\\\/#website\"},\"primaryImageOfPage\":{\"@id\":\"https:\\\/\\\/beneggiassociati.com\\\/en\\\/iva-la-detrazione-anticipata-non-vale-per-fatture-2018-ricevute-nel-2019\\\/#primaryimage\"},\"image\":{\"@id\":\"https:\\\/\\\/beneggiassociati.com\\\/en\\\/iva-la-detrazione-anticipata-non-vale-per-fatture-2018-ricevute-nel-2019\\\/#primaryimage\"},\"thumbnailUrl\":\"https:\\\/\\\/beneggiassociati.com\\\/wp-content\\\/uploads\\\/2025\\\/07\\\/single-post-beneggi.jpg\",\"datePublished\":\"2018-12-16T16:54:00+00:00\",\"description\":\"Anticipata la detrazione Iva per le operazioni infrannuali anche per le fatture ricevute nei primi 15 giorni del mese successivo all\u2019effettuazione\",\"breadcrumb\":{\"@id\":\"https:\\\/\\\/beneggiassociati.com\\\/en\\\/iva-la-detrazione-anticipata-non-vale-per-fatture-2018-ricevute-nel-2019\\\/#breadcrumb\"},\"inLanguage\":\"en-US\",\"potentialAction\":[{\"@type\":\"ReadAction\",\"target\":[\"https:\\\/\\\/beneggiassociati.com\\\/en\\\/iva-la-detrazione-anticipata-non-vale-per-fatture-2018-ricevute-nel-2019\\\/\"]}]},{\"@type\":\"ImageObject\",\"inLanguage\":\"en-US\",\"@id\":\"https:\\\/\\\/beneggiassociati.com\\\/en\\\/iva-la-detrazione-anticipata-non-vale-per-fatture-2018-ricevute-nel-2019\\\/#primaryimage\",\"url\":\"https:\\\/\\\/beneggiassociati.com\\\/wp-content\\\/uploads\\\/2025\\\/07\\\/single-post-beneggi.jpg\",\"contentUrl\":\"https:\\\/\\\/beneggiassociati.com\\\/wp-content\\\/uploads\\\/2025\\\/07\\\/single-post-beneggi.jpg\",\"width\":1280,\"height\":823},{\"@type\":\"BreadcrumbList\",\"@id\":\"https:\\\/\\\/beneggiassociati.com\\\/en\\\/iva-la-detrazione-anticipata-non-vale-per-fatture-2018-ricevute-nel-2019\\\/#breadcrumb\",\"itemListElement\":[{\"@type\":\"ListItem\",\"position\":1,\"name\":\"Home\",\"item\":\"https:\\\/\\\/beneggiassociati.com\\\/en\\\/?page_id=24163\"},{\"@type\":\"ListItem\",\"position\":2,\"name\":\"Iva, la detrazione anticipata non vale per fatture 2018 ricevute nel 2019\"}]},{\"@type\":\"WebSite\",\"@id\":\"https:\\\/\\\/beneggiassociati.com\\\/en\\\/#website\",\"url\":\"https:\\\/\\\/beneggiassociati.com\\\/en\\\/\",\"name\":\"Beneggi e associati\",\"description\":\"\",\"publisher\":{\"@id\":\"https:\\\/\\\/beneggiassociati.com\\\/en\\\/#organization\"},\"potentialAction\":[{\"@type\":\"SearchAction\",\"target\":{\"@type\":\"EntryPoint\",\"urlTemplate\":\"https:\\\/\\\/beneggiassociati.com\\\/en\\\/?s={search_term_string}\"},\"query-input\":{\"@type\":\"PropertyValueSpecification\",\"valueRequired\":true,\"valueName\":\"search_term_string\"}}],\"inLanguage\":\"en-US\"},{\"@type\":\"Organization\",\"@id\":\"https:\\\/\\\/beneggiassociati.com\\\/en\\\/#organization\",\"name\":\"Beneggi e associati\",\"url\":\"https:\\\/\\\/beneggiassociati.com\\\/en\\\/\",\"logo\":{\"@type\":\"ImageObject\",\"inLanguage\":\"en-US\",\"@id\":\"https:\\\/\\\/beneggiassociati.com\\\/en\\\/#\\\/schema\\\/logo\\\/image\\\/\",\"url\":\"https:\\\/\\\/beneggiassociati.com\\\/wp-content\\\/uploads\\\/2025\\\/07\\\/beneggi-logo.png\",\"contentUrl\":\"https:\\\/\\\/beneggiassociati.com\\\/wp-content\\\/uploads\\\/2025\\\/07\\\/beneggi-logo.png\",\"width\":141,\"height\":87,\"caption\":\"Beneggi e associati\"},\"image\":{\"@id\":\"https:\\\/\\\/beneggiassociati.com\\\/en\\\/#\\\/schema\\\/logo\\\/image\\\/\"}},{\"@type\":\"Person\",\"@id\":\"https:\\\/\\\/beneggiassociati.com\\\/en\\\/#\\\/schema\\\/person\\\/828daacfa37b359e89e981f920072004\",\"name\":\"Tiziano Beneggi\",\"url\":\"https:\\\/\\\/beneggiassociati.com\\\/en\\\/author\\\/tizianobeneggiassociati-com\\\/\"}]}<\/script>\n<!-- \/ Yoast SEO plugin. -->","yoast_head_json":{"title":"Iva, la detrazione anticipata non vale per fatture 2018 ricevute nel 2019 - Beneggi &amp; Associati","description":"Anticipata la detrazione Iva per le operazioni infrannuali anche per le fatture ricevute nei primi 15 giorni del mese successivo all\u2019effettuazione","robots":{"index":"index","follow":"follow","max-snippet":"max-snippet:-1","max-image-preview":"max-image-preview:large","max-video-preview":"max-video-preview:-1"},"canonical":"https:\/\/beneggiassociati.com\/en\/iva-la-detrazione-anticipata-non-vale-per-fatture-2018-ricevute-nel-2019\/","og_locale":"en_US","og_type":"article","og_title":"Iva, la detrazione anticipata non vale per fatture 2018 ricevute nel 2019 - Beneggi &amp; Associati","og_description":"Anticipata la detrazione Iva per le operazioni infrannuali anche per le fatture ricevute nei primi 15 giorni del mese successivo all\u2019effettuazione","og_url":"https:\/\/beneggiassociati.com\/en\/iva-la-detrazione-anticipata-non-vale-per-fatture-2018-ricevute-nel-2019\/","og_site_name":"Beneggi &amp; Associati","article_published_time":"2018-12-16T16:54:00+00:00","og_image":[{"width":1280,"height":823,"url":"https:\/\/beneggiassociati.com\/wp-content\/uploads\/2025\/07\/single-post-beneggi.jpg","type":"image\/jpeg"}],"author":"Tiziano Beneggi","twitter_card":"summary_large_image","twitter_misc":{"Written by":"Tiziano Beneggi","Est. reading time":"3 minutes"},"schema":{"@context":"https:\/\/schema.org","@graph":[{"@type":"Article","@id":"https:\/\/beneggiassociati.com\/en\/iva-la-detrazione-anticipata-non-vale-per-fatture-2018-ricevute-nel-2019\/#article","isPartOf":{"@id":"https:\/\/beneggiassociati.com\/en\/iva-la-detrazione-anticipata-non-vale-per-fatture-2018-ricevute-nel-2019\/"},"author":{"name":"Tiziano Beneggi","@id":"https:\/\/beneggiassociati.com\/en\/#\/schema\/person\/828daacfa37b359e89e981f920072004"},"headline":"Iva, la detrazione anticipata non vale per fatture 2018 ricevute nel 2019","datePublished":"2018-12-16T16:54:00+00:00","mainEntityOfPage":{"@id":"https:\/\/beneggiassociati.com\/en\/iva-la-detrazione-anticipata-non-vale-per-fatture-2018-ricevute-nel-2019\/"},"wordCount":628,"commentCount":0,"publisher":{"@id":"https:\/\/beneggiassociati.com\/en\/#organization"},"image":{"@id":"https:\/\/beneggiassociati.com\/en\/iva-la-detrazione-anticipata-non-vale-per-fatture-2018-ricevute-nel-2019\/#primaryimage"},"thumbnailUrl":"https:\/\/beneggiassociati.com\/wp-content\/uploads\/2025\/07\/single-post-beneggi.jpg","articleSection":["ARCHIVIO"],"inLanguage":"en-US"},{"@type":"WebPage","@id":"https:\/\/beneggiassociati.com\/en\/iva-la-detrazione-anticipata-non-vale-per-fatture-2018-ricevute-nel-2019\/","url":"https:\/\/beneggiassociati.com\/en\/iva-la-detrazione-anticipata-non-vale-per-fatture-2018-ricevute-nel-2019\/","name":"Iva, la detrazione anticipata non vale per fatture 2018 ricevute nel 2019 - Beneggi &amp; Associati","isPartOf":{"@id":"https:\/\/beneggiassociati.com\/en\/#website"},"primaryImageOfPage":{"@id":"https:\/\/beneggiassociati.com\/en\/iva-la-detrazione-anticipata-non-vale-per-fatture-2018-ricevute-nel-2019\/#primaryimage"},"image":{"@id":"https:\/\/beneggiassociati.com\/en\/iva-la-detrazione-anticipata-non-vale-per-fatture-2018-ricevute-nel-2019\/#primaryimage"},"thumbnailUrl":"https:\/\/beneggiassociati.com\/wp-content\/uploads\/2025\/07\/single-post-beneggi.jpg","datePublished":"2018-12-16T16:54:00+00:00","description":"Anticipata la detrazione Iva per le operazioni infrannuali anche per le fatture ricevute nei primi 15 giorni del mese successivo all\u2019effettuazione","breadcrumb":{"@id":"https:\/\/beneggiassociati.com\/en\/iva-la-detrazione-anticipata-non-vale-per-fatture-2018-ricevute-nel-2019\/#breadcrumb"},"inLanguage":"en-US","potentialAction":[{"@type":"ReadAction","target":["https:\/\/beneggiassociati.com\/en\/iva-la-detrazione-anticipata-non-vale-per-fatture-2018-ricevute-nel-2019\/"]}]},{"@type":"ImageObject","inLanguage":"en-US","@id":"https:\/\/beneggiassociati.com\/en\/iva-la-detrazione-anticipata-non-vale-per-fatture-2018-ricevute-nel-2019\/#primaryimage","url":"https:\/\/beneggiassociati.com\/wp-content\/uploads\/2025\/07\/single-post-beneggi.jpg","contentUrl":"https:\/\/beneggiassociati.com\/wp-content\/uploads\/2025\/07\/single-post-beneggi.jpg","width":1280,"height":823},{"@type":"BreadcrumbList","@id":"https:\/\/beneggiassociati.com\/en\/iva-la-detrazione-anticipata-non-vale-per-fatture-2018-ricevute-nel-2019\/#breadcrumb","itemListElement":[{"@type":"ListItem","position":1,"name":"Home","item":"https:\/\/beneggiassociati.com\/en\/?page_id=24163"},{"@type":"ListItem","position":2,"name":"Iva, la detrazione anticipata non vale per fatture 2018 ricevute nel 2019"}]},{"@type":"WebSite","@id":"https:\/\/beneggiassociati.com\/en\/#website","url":"https:\/\/beneggiassociati.com\/en\/","name":"Beneggi e associati","description":"","publisher":{"@id":"https:\/\/beneggiassociati.com\/en\/#organization"},"potentialAction":[{"@type":"SearchAction","target":{"@type":"EntryPoint","urlTemplate":"https:\/\/beneggiassociati.com\/en\/?s={search_term_string}"},"query-input":{"@type":"PropertyValueSpecification","valueRequired":true,"valueName":"search_term_string"}}],"inLanguage":"en-US"},{"@type":"Organization","@id":"https:\/\/beneggiassociati.com\/en\/#organization","name":"Beneggi e associati","url":"https:\/\/beneggiassociati.com\/en\/","logo":{"@type":"ImageObject","inLanguage":"en-US","@id":"https:\/\/beneggiassociati.com\/en\/#\/schema\/logo\/image\/","url":"https:\/\/beneggiassociati.com\/wp-content\/uploads\/2025\/07\/beneggi-logo.png","contentUrl":"https:\/\/beneggiassociati.com\/wp-content\/uploads\/2025\/07\/beneggi-logo.png","width":141,"height":87,"caption":"Beneggi e associati"},"image":{"@id":"https:\/\/beneggiassociati.com\/en\/#\/schema\/logo\/image\/"}},{"@type":"Person","@id":"https:\/\/beneggiassociati.com\/en\/#\/schema\/person\/828daacfa37b359e89e981f920072004","name":"Tiziano Beneggi","url":"https:\/\/beneggiassociati.com\/en\/author\/tizianobeneggiassociati-com\/"}]}},"_links":{"self":[{"href":"https:\/\/beneggiassociati.com\/en\/wp-json\/wp\/v2\/posts\/16277","targetHints":{"allow":["GET"]}}],"collection":[{"href":"https:\/\/beneggiassociati.com\/en\/wp-json\/wp\/v2\/posts"}],"about":[{"href":"https:\/\/beneggiassociati.com\/en\/wp-json\/wp\/v2\/types\/post"}],"author":[{"embeddable":true,"href":"https:\/\/beneggiassociati.com\/en\/wp-json\/wp\/v2\/users\/4"}],"replies":[{"embeddable":true,"href":"https:\/\/beneggiassociati.com\/en\/wp-json\/wp\/v2\/comments?post=16277"}],"version-history":[{"count":0,"href":"https:\/\/beneggiassociati.com\/en\/wp-json\/wp\/v2\/posts\/16277\/revisions"}],"wp:featuredmedia":[{"embeddable":true,"href":"https:\/\/beneggiassociati.com\/en\/wp-json\/wp\/v2\/media\/409"}],"wp:attachment":[{"href":"https:\/\/beneggiassociati.com\/en\/wp-json\/wp\/v2\/media?parent=16277"}],"wp:term":[{"taxonomy":"category","embeddable":true,"href":"https:\/\/beneggiassociati.com\/en\/wp-json\/wp\/v2\/categories?post=16277"},{"taxonomy":"post_tag","embeddable":true,"href":"https:\/\/beneggiassociati.com\/en\/wp-json\/wp\/v2\/tags?post=16277"}],"curies":[{"name":"wp","href":"https:\/\/api.w.org\/{rel}","templated":true}]}}