{"id":16300,"date":"2018-12-29T18:16:00","date_gmt":"2018-12-29T17:16:00","guid":{"rendered":"https:\/\/dev.beneggiassociati.com\/2018\/12\/29\/campione-ditalia-cambio-abbattuto-del-30-per-cento\/"},"modified":"2018-12-29T18:16:00","modified_gmt":"2018-12-29T17:16:00","slug":"campione-ditalia-cambio-abbattuto-del-30-per-cento","status":"publish","type":"post","link":"https:\/\/beneggiassociati.com\/en\/campione-ditalia-cambio-abbattuto-del-30-per-cento\/","title":{"rendered":"Campione d\u2019Italia, cambio abbattuto del 30 per cento"},"content":{"rendered":"\n<p>Dopo la flat tax per residenti esteri e da ultimo il regime agevolato per i pensionati esteri, ci prova attraverso la particolarit\u00e0 se non unicit\u00e0 geografica di Campione d\u2019Italia (comune italiano situato in Svizzera che gi\u00e0 gode dell\u2019esenzione Iva e dal quadro RW per i suoi residenti).&nbsp;<\/p>\n\n\n<p>Dal 19 dicembre 2018 \u00e8 previsto un regime agevolato locale attraverso una tassazione favorevole dei redditi, attraverso un cambio convenzionale abbattuto del 30 per cento.&nbsp;<\/p>\n\n\n<p>Dal 19 dicembre ai fini dell&#8217;imposta sul reddito delle persone fisiche, i redditi, diversi da quelli d\u2019impresa, delle persone fisiche iscritte nei registri anagrafici del Comune di Campione d\u2019Italia, nonch\u00e8 i redditi di lavoro autonomo di professionisti e con studi nel Comune di Campione d\u2019Italia, prodotti in franchi svizzeri nel territorio dello stesso comune, e\/o in Svizzera, saranno tassati in euro con un cambio ridotto del 30 per cento.&nbsp;<\/p>\n\n\n<p>Anche i redditi d\u2019impresa realizzati dalle imprese individuali, dalle societ\u00e0 di persone e da societ\u00e0 ed enti commerciali, iscritti alla Camera di commercio di Como e aventi la sede sociale operativa, o un&#8217;unit\u00e0 locale, nel Comune di Campione d\u2019Italia, prodotti in franchi svizzeri nel Comune di Campione d\u2019Italia, avranno lo stesso trattamento di favore.&nbsp;<\/p>\n\n\n<p>Qualora per\u00f2 l\u2019attivit\u00e0 imprenditoriale o professionale sia svolta anche al di fuori del territorio del Comune di Campione d\u2019Italia i contribuenti interessati dovranno tenere una contabilit\u00e0 separata.&nbsp;<\/p>\n\n\n<p>Relativamente ai requisiti soggettivi la norma prevede che si considerano iscritte nei registri anagrafici del Comune di Campione d\u2019Italia anche le persone fisiche aventi domicilio fiscale nel medesimo comune le quali, gi\u00e0 residenti nel Comune di Campione d\u2019Italia, sono iscritte nell\u2019anagrafe degli italiani residenti all\u2019estero (Aire) dello stesso comune e residenti nel Canton Ticino della Confederazione elvetica.&nbsp;<\/p>\n\n\n<p>A chiusura della norma viene chiarito che verr\u00e0 comunque applicato un abbattimento minimo di 26 mila euro ai contribuenti interessati.&nbsp;<\/p>\n\n\n<p><a href=\"mailto:info@beneggiassociati.com\" target=\"_blank\" rel=\"noreferrer noopener\">Sei interessato all\u2019articolo? Scrivici e verrai contattato da un nostro Consultant<\/a><\/p>\n\n\n<p><a href=\"https:\/\/beneggiassociati.com\/\" target=\"_blank\" rel=\"noreferrer noopener\">@ Beneggi e Associati | Commercialisti al servizio delle imprese | Meda | Milano<\/a><br \/><\/p>\n","protected":false},"excerpt":{"rendered":"<p>Dopo la flat tax per residenti esteri e da ultimo il regime agevolato per i pensionati esteri, ci prova attraverso la particolarit\u00e0 se non unicit\u00e0 geografica di Campione d\u2019Italia (comune italiano situato in Svizzera che gi\u00e0 gode dell\u2019esenzione Iva e dal quadro RW per i suoi residenti).&nbsp; Dal 19 dicembre 2018 \u00e8 previsto un regime [&hellip;]<\/p>\n","protected":false},"author":4,"featured_media":409,"comment_status":"open","ping_status":"open","sticky":false,"template":"","format":"standard","meta":{"_acf_changed":false,"content-type":"","footnotes":""},"categories":[16],"tags":[],"class_list":["post-16300","post","type-post","status-publish","format-standard","has-post-thumbnail","hentry","category-archivio"],"acf":[],"yoast_head":"<!-- This site is optimized with the Yoast SEO plugin v27.5 - https:\/\/yoast.com\/product\/yoast-seo-wordpress\/ -->\n<title>Campione d\u2019Italia, cambio abbattuto del 30 per cento - Beneggi &amp; Associati<\/title>\n<meta name=\"description\" content=\"Dopo la flat tax per residenti esteri e da ultimo il regime agevolato per i pensionati esteri, ci prova attraverso la particolarit\u00e0 se non unicit\u00e0\" \/>\n<meta name=\"robots\" content=\"index, follow, max-snippet:-1, max-image-preview:large, max-video-preview:-1\" \/>\n<link rel=\"canonical\" href=\"https:\/\/beneggiassociati.com\/en\/campione-ditalia-cambio-abbattuto-del-30-per-cento\/\" \/>\n<meta property=\"og:locale\" content=\"en_US\" \/>\n<meta property=\"og:type\" content=\"article\" \/>\n<meta property=\"og:title\" content=\"Campione d\u2019Italia, cambio abbattuto del 30 per cento - Beneggi &amp; Associati\" \/>\n<meta property=\"og:description\" content=\"Dopo la flat tax per residenti esteri e da ultimo il regime agevolato per i pensionati esteri, ci prova attraverso la particolarit\u00e0 se non unicit\u00e0\" \/>\n<meta property=\"og:url\" content=\"https:\/\/beneggiassociati.com\/en\/campione-ditalia-cambio-abbattuto-del-30-per-cento\/\" \/>\n<meta property=\"og:site_name\" content=\"Beneggi &amp; Associati\" \/>\n<meta property=\"article:published_time\" content=\"2018-12-29T17:16:00+00:00\" \/>\n<meta property=\"og:image\" content=\"https:\/\/beneggiassociati.com\/wp-content\/uploads\/2025\/07\/single-post-beneggi.jpg\" \/>\n\t<meta property=\"og:image:width\" content=\"1280\" \/>\n\t<meta property=\"og:image:height\" content=\"823\" \/>\n\t<meta property=\"og:image:type\" content=\"image\/jpeg\" \/>\n<meta name=\"author\" content=\"Tiziano Beneggi\" \/>\n<meta name=\"twitter:card\" content=\"summary_large_image\" \/>\n<meta name=\"twitter:label1\" content=\"Written by\" \/>\n\t<meta name=\"twitter:data1\" content=\"Tiziano Beneggi\" \/>\n\t<meta name=\"twitter:label2\" content=\"Est. reading time\" \/>\n\t<meta name=\"twitter:data2\" content=\"2 minutes\" \/>\n<script type=\"application\/ld+json\" class=\"yoast-schema-graph\">{\"@context\":\"https:\\\/\\\/schema.org\",\"@graph\":[{\"@type\":\"Article\",\"@id\":\"https:\\\/\\\/beneggiassociati.com\\\/en\\\/campione-ditalia-cambio-abbattuto-del-30-per-cento\\\/#article\",\"isPartOf\":{\"@id\":\"https:\\\/\\\/beneggiassociati.com\\\/en\\\/campione-ditalia-cambio-abbattuto-del-30-per-cento\\\/\"},\"author\":{\"name\":\"Tiziano Beneggi\",\"@id\":\"https:\\\/\\\/beneggiassociati.com\\\/en\\\/#\\\/schema\\\/person\\\/828daacfa37b359e89e981f920072004\"},\"headline\":\"Campione d\u2019Italia, cambio abbattuto del 30 per cento\",\"datePublished\":\"2018-12-29T17:16:00+00:00\",\"mainEntityOfPage\":{\"@id\":\"https:\\\/\\\/beneggiassociati.com\\\/en\\\/campione-ditalia-cambio-abbattuto-del-30-per-cento\\\/\"},\"wordCount\":346,\"commentCount\":0,\"publisher\":{\"@id\":\"https:\\\/\\\/beneggiassociati.com\\\/en\\\/#organization\"},\"image\":{\"@id\":\"https:\\\/\\\/beneggiassociati.com\\\/en\\\/campione-ditalia-cambio-abbattuto-del-30-per-cento\\\/#primaryimage\"},\"thumbnailUrl\":\"https:\\\/\\\/beneggiassociati.com\\\/wp-content\\\/uploads\\\/2025\\\/07\\\/single-post-beneggi.jpg\",\"articleSection\":[\"ARCHIVIO\"],\"inLanguage\":\"en-US\"},{\"@type\":\"WebPage\",\"@id\":\"https:\\\/\\\/beneggiassociati.com\\\/en\\\/campione-ditalia-cambio-abbattuto-del-30-per-cento\\\/\",\"url\":\"https:\\\/\\\/beneggiassociati.com\\\/en\\\/campione-ditalia-cambio-abbattuto-del-30-per-cento\\\/\",\"name\":\"Campione d\u2019Italia, cambio abbattuto del 30 per cento - Beneggi &amp; Associati\",\"isPartOf\":{\"@id\":\"https:\\\/\\\/beneggiassociati.com\\\/en\\\/#website\"},\"primaryImageOfPage\":{\"@id\":\"https:\\\/\\\/beneggiassociati.com\\\/en\\\/campione-ditalia-cambio-abbattuto-del-30-per-cento\\\/#primaryimage\"},\"image\":{\"@id\":\"https:\\\/\\\/beneggiassociati.com\\\/en\\\/campione-ditalia-cambio-abbattuto-del-30-per-cento\\\/#primaryimage\"},\"thumbnailUrl\":\"https:\\\/\\\/beneggiassociati.com\\\/wp-content\\\/uploads\\\/2025\\\/07\\\/single-post-beneggi.jpg\",\"datePublished\":\"2018-12-29T17:16:00+00:00\",\"description\":\"Dopo la flat tax per residenti esteri e da ultimo il regime agevolato per i pensionati esteri, ci prova attraverso la particolarit\u00e0 se non unicit\u00e0\",\"breadcrumb\":{\"@id\":\"https:\\\/\\\/beneggiassociati.com\\\/en\\\/campione-ditalia-cambio-abbattuto-del-30-per-cento\\\/#breadcrumb\"},\"inLanguage\":\"en-US\",\"potentialAction\":[{\"@type\":\"ReadAction\",\"target\":[\"https:\\\/\\\/beneggiassociati.com\\\/en\\\/campione-ditalia-cambio-abbattuto-del-30-per-cento\\\/\"]}]},{\"@type\":\"ImageObject\",\"inLanguage\":\"en-US\",\"@id\":\"https:\\\/\\\/beneggiassociati.com\\\/en\\\/campione-ditalia-cambio-abbattuto-del-30-per-cento\\\/#primaryimage\",\"url\":\"https:\\\/\\\/beneggiassociati.com\\\/wp-content\\\/uploads\\\/2025\\\/07\\\/single-post-beneggi.jpg\",\"contentUrl\":\"https:\\\/\\\/beneggiassociati.com\\\/wp-content\\\/uploads\\\/2025\\\/07\\\/single-post-beneggi.jpg\",\"width\":1280,\"height\":823},{\"@type\":\"BreadcrumbList\",\"@id\":\"https:\\\/\\\/beneggiassociati.com\\\/en\\\/campione-ditalia-cambio-abbattuto-del-30-per-cento\\\/#breadcrumb\",\"itemListElement\":[{\"@type\":\"ListItem\",\"position\":1,\"name\":\"Home\",\"item\":\"https:\\\/\\\/beneggiassociati.com\\\/en\\\/?page_id=24163\"},{\"@type\":\"ListItem\",\"position\":2,\"name\":\"Campione d\u2019Italia, cambio abbattuto del 30 per cento\"}]},{\"@type\":\"WebSite\",\"@id\":\"https:\\\/\\\/beneggiassociati.com\\\/en\\\/#website\",\"url\":\"https:\\\/\\\/beneggiassociati.com\\\/en\\\/\",\"name\":\"Beneggi e associati\",\"description\":\"\",\"publisher\":{\"@id\":\"https:\\\/\\\/beneggiassociati.com\\\/en\\\/#organization\"},\"potentialAction\":[{\"@type\":\"SearchAction\",\"target\":{\"@type\":\"EntryPoint\",\"urlTemplate\":\"https:\\\/\\\/beneggiassociati.com\\\/en\\\/?s={search_term_string}\"},\"query-input\":{\"@type\":\"PropertyValueSpecification\",\"valueRequired\":true,\"valueName\":\"search_term_string\"}}],\"inLanguage\":\"en-US\"},{\"@type\":\"Organization\",\"@id\":\"https:\\\/\\\/beneggiassociati.com\\\/en\\\/#organization\",\"name\":\"Beneggi e associati\",\"url\":\"https:\\\/\\\/beneggiassociati.com\\\/en\\\/\",\"logo\":{\"@type\":\"ImageObject\",\"inLanguage\":\"en-US\",\"@id\":\"https:\\\/\\\/beneggiassociati.com\\\/en\\\/#\\\/schema\\\/logo\\\/image\\\/\",\"url\":\"https:\\\/\\\/beneggiassociati.com\\\/wp-content\\\/uploads\\\/2025\\\/07\\\/beneggi-logo.png\",\"contentUrl\":\"https:\\\/\\\/beneggiassociati.com\\\/wp-content\\\/uploads\\\/2025\\\/07\\\/beneggi-logo.png\",\"width\":141,\"height\":87,\"caption\":\"Beneggi e associati\"},\"image\":{\"@id\":\"https:\\\/\\\/beneggiassociati.com\\\/en\\\/#\\\/schema\\\/logo\\\/image\\\/\"}},{\"@type\":\"Person\",\"@id\":\"https:\\\/\\\/beneggiassociati.com\\\/en\\\/#\\\/schema\\\/person\\\/828daacfa37b359e89e981f920072004\",\"name\":\"Tiziano Beneggi\",\"url\":\"https:\\\/\\\/beneggiassociati.com\\\/en\\\/author\\\/tizianobeneggiassociati-com\\\/\"}]}<\/script>\n<!-- \/ Yoast SEO plugin. -->","yoast_head_json":{"title":"Campione d\u2019Italia, cambio abbattuto del 30 per cento - Beneggi &amp; Associati","description":"Dopo la flat tax per residenti esteri e da ultimo il regime agevolato per i pensionati esteri, ci prova attraverso la particolarit\u00e0 se non unicit\u00e0","robots":{"index":"index","follow":"follow","max-snippet":"max-snippet:-1","max-image-preview":"max-image-preview:large","max-video-preview":"max-video-preview:-1"},"canonical":"https:\/\/beneggiassociati.com\/en\/campione-ditalia-cambio-abbattuto-del-30-per-cento\/","og_locale":"en_US","og_type":"article","og_title":"Campione d\u2019Italia, cambio abbattuto del 30 per cento - Beneggi &amp; Associati","og_description":"Dopo la flat tax per residenti esteri e da ultimo il regime agevolato per i pensionati esteri, ci prova attraverso la particolarit\u00e0 se non unicit\u00e0","og_url":"https:\/\/beneggiassociati.com\/en\/campione-ditalia-cambio-abbattuto-del-30-per-cento\/","og_site_name":"Beneggi &amp; Associati","article_published_time":"2018-12-29T17:16:00+00:00","og_image":[{"width":1280,"height":823,"url":"https:\/\/beneggiassociati.com\/wp-content\/uploads\/2025\/07\/single-post-beneggi.jpg","type":"image\/jpeg"}],"author":"Tiziano Beneggi","twitter_card":"summary_large_image","twitter_misc":{"Written by":"Tiziano Beneggi","Est. reading time":"2 minutes"},"schema":{"@context":"https:\/\/schema.org","@graph":[{"@type":"Article","@id":"https:\/\/beneggiassociati.com\/en\/campione-ditalia-cambio-abbattuto-del-30-per-cento\/#article","isPartOf":{"@id":"https:\/\/beneggiassociati.com\/en\/campione-ditalia-cambio-abbattuto-del-30-per-cento\/"},"author":{"name":"Tiziano Beneggi","@id":"https:\/\/beneggiassociati.com\/en\/#\/schema\/person\/828daacfa37b359e89e981f920072004"},"headline":"Campione d\u2019Italia, cambio abbattuto del 30 per cento","datePublished":"2018-12-29T17:16:00+00:00","mainEntityOfPage":{"@id":"https:\/\/beneggiassociati.com\/en\/campione-ditalia-cambio-abbattuto-del-30-per-cento\/"},"wordCount":346,"commentCount":0,"publisher":{"@id":"https:\/\/beneggiassociati.com\/en\/#organization"},"image":{"@id":"https:\/\/beneggiassociati.com\/en\/campione-ditalia-cambio-abbattuto-del-30-per-cento\/#primaryimage"},"thumbnailUrl":"https:\/\/beneggiassociati.com\/wp-content\/uploads\/2025\/07\/single-post-beneggi.jpg","articleSection":["ARCHIVIO"],"inLanguage":"en-US"},{"@type":"WebPage","@id":"https:\/\/beneggiassociati.com\/en\/campione-ditalia-cambio-abbattuto-del-30-per-cento\/","url":"https:\/\/beneggiassociati.com\/en\/campione-ditalia-cambio-abbattuto-del-30-per-cento\/","name":"Campione d\u2019Italia, cambio abbattuto del 30 per cento - Beneggi &amp; Associati","isPartOf":{"@id":"https:\/\/beneggiassociati.com\/en\/#website"},"primaryImageOfPage":{"@id":"https:\/\/beneggiassociati.com\/en\/campione-ditalia-cambio-abbattuto-del-30-per-cento\/#primaryimage"},"image":{"@id":"https:\/\/beneggiassociati.com\/en\/campione-ditalia-cambio-abbattuto-del-30-per-cento\/#primaryimage"},"thumbnailUrl":"https:\/\/beneggiassociati.com\/wp-content\/uploads\/2025\/07\/single-post-beneggi.jpg","datePublished":"2018-12-29T17:16:00+00:00","description":"Dopo la flat tax per residenti esteri e da ultimo il regime agevolato per i pensionati esteri, ci prova attraverso la particolarit\u00e0 se non unicit\u00e0","breadcrumb":{"@id":"https:\/\/beneggiassociati.com\/en\/campione-ditalia-cambio-abbattuto-del-30-per-cento\/#breadcrumb"},"inLanguage":"en-US","potentialAction":[{"@type":"ReadAction","target":["https:\/\/beneggiassociati.com\/en\/campione-ditalia-cambio-abbattuto-del-30-per-cento\/"]}]},{"@type":"ImageObject","inLanguage":"en-US","@id":"https:\/\/beneggiassociati.com\/en\/campione-ditalia-cambio-abbattuto-del-30-per-cento\/#primaryimage","url":"https:\/\/beneggiassociati.com\/wp-content\/uploads\/2025\/07\/single-post-beneggi.jpg","contentUrl":"https:\/\/beneggiassociati.com\/wp-content\/uploads\/2025\/07\/single-post-beneggi.jpg","width":1280,"height":823},{"@type":"BreadcrumbList","@id":"https:\/\/beneggiassociati.com\/en\/campione-ditalia-cambio-abbattuto-del-30-per-cento\/#breadcrumb","itemListElement":[{"@type":"ListItem","position":1,"name":"Home","item":"https:\/\/beneggiassociati.com\/en\/?page_id=24163"},{"@type":"ListItem","position":2,"name":"Campione d\u2019Italia, cambio abbattuto del 30 per cento"}]},{"@type":"WebSite","@id":"https:\/\/beneggiassociati.com\/en\/#website","url":"https:\/\/beneggiassociati.com\/en\/","name":"Beneggi e associati","description":"","publisher":{"@id":"https:\/\/beneggiassociati.com\/en\/#organization"},"potentialAction":[{"@type":"SearchAction","target":{"@type":"EntryPoint","urlTemplate":"https:\/\/beneggiassociati.com\/en\/?s={search_term_string}"},"query-input":{"@type":"PropertyValueSpecification","valueRequired":true,"valueName":"search_term_string"}}],"inLanguage":"en-US"},{"@type":"Organization","@id":"https:\/\/beneggiassociati.com\/en\/#organization","name":"Beneggi e associati","url":"https:\/\/beneggiassociati.com\/en\/","logo":{"@type":"ImageObject","inLanguage":"en-US","@id":"https:\/\/beneggiassociati.com\/en\/#\/schema\/logo\/image\/","url":"https:\/\/beneggiassociati.com\/wp-content\/uploads\/2025\/07\/beneggi-logo.png","contentUrl":"https:\/\/beneggiassociati.com\/wp-content\/uploads\/2025\/07\/beneggi-logo.png","width":141,"height":87,"caption":"Beneggi e associati"},"image":{"@id":"https:\/\/beneggiassociati.com\/en\/#\/schema\/logo\/image\/"}},{"@type":"Person","@id":"https:\/\/beneggiassociati.com\/en\/#\/schema\/person\/828daacfa37b359e89e981f920072004","name":"Tiziano Beneggi","url":"https:\/\/beneggiassociati.com\/en\/author\/tizianobeneggiassociati-com\/"}]}},"_links":{"self":[{"href":"https:\/\/beneggiassociati.com\/en\/wp-json\/wp\/v2\/posts\/16300","targetHints":{"allow":["GET"]}}],"collection":[{"href":"https:\/\/beneggiassociati.com\/en\/wp-json\/wp\/v2\/posts"}],"about":[{"href":"https:\/\/beneggiassociati.com\/en\/wp-json\/wp\/v2\/types\/post"}],"author":[{"embeddable":true,"href":"https:\/\/beneggiassociati.com\/en\/wp-json\/wp\/v2\/users\/4"}],"replies":[{"embeddable":true,"href":"https:\/\/beneggiassociati.com\/en\/wp-json\/wp\/v2\/comments?post=16300"}],"version-history":[{"count":0,"href":"https:\/\/beneggiassociati.com\/en\/wp-json\/wp\/v2\/posts\/16300\/revisions"}],"wp:featuredmedia":[{"embeddable":true,"href":"https:\/\/beneggiassociati.com\/en\/wp-json\/wp\/v2\/media\/409"}],"wp:attachment":[{"href":"https:\/\/beneggiassociati.com\/en\/wp-json\/wp\/v2\/media?parent=16300"}],"wp:term":[{"taxonomy":"category","embeddable":true,"href":"https:\/\/beneggiassociati.com\/en\/wp-json\/wp\/v2\/categories?post=16300"},{"taxonomy":"post_tag","embeddable":true,"href":"https:\/\/beneggiassociati.com\/en\/wp-json\/wp\/v2\/tags?post=16300"}],"curies":[{"name":"wp","href":"https:\/\/api.w.org\/{rel}","templated":true}]}}