{"id":16302,"date":"2018-12-31T15:40:00","date_gmt":"2018-12-31T14:40:00","guid":{"rendered":"https:\/\/dev.beneggiassociati.com\/2018\/12\/31\/manovra-2019-e-legge-pensioni-reddito-e-flat-tax\/"},"modified":"2018-12-31T15:40:00","modified_gmt":"2018-12-31T14:40:00","slug":"manovra-2019-e-legge-pensioni-reddito-e-flat-tax","status":"publish","type":"post","link":"https:\/\/beneggiassociati.com\/en\/manovra-2019-e-legge-pensioni-reddito-e-flat-tax\/","title":{"rendered":"Manovra 2019, \u00e8 legge. Pensioni, reddito e flat tax"},"content":{"rendered":"\n<p>Ecco cosa prevede, in sintesi, il testo e le misure fissate:<\/p>\n\n\n<p>Famiglia<\/p>\n\n\n<ul class=\"wp-block-list\"><li><strong>Pi\u00f9 lungo il congedo dei pap\u00e0<\/strong>: Sale a cinque giorni il congedo obbligatorio per il padre lavoratore dipendente, da fruire entro i cinque mesi dalla nascita del figlio. Possono essere goduti anche in via non continuativa e salire a sei, eventualmente, in alternativa ad un giorno di maternit\u00e0 della madre.<\/li><\/ul>\n\n\n<p>Attuazione 1\u00b0 gennaio 2019&nbsp;<\/p>\n\n\n<ul class=\"wp-block-list\"><li><strong>Future mamme, lavoro fino al parto<\/strong>: \u00c8 possibile lavorare fino al parto e godere dei cinque mesi di maternit\u00e0 dopo la nascita del bambino, purch\u00e9 ci sia l\u2019ok del medico. Corsia preferenziale, inoltre, per le richieste di lavoro agile nei tre anni successivi al rientro dalla maternit\u00e0.<\/li><\/ul>\n\n\n<p>Attuazione 1\u00b0 gennaio 2019&nbsp;<\/p>\n\n\n<ul class=\"wp-block-list\"><li><strong>Bonus nido pi\u00f9 ricco<\/strong>: Sale da mille a 1.500 euro per il 2019 il bonus erogato dall\u2019Inps per l\u2019iscrizione agli asili nido pubblici o privati ed \u00e8 esteso fino al 2021.<\/li><\/ul>\n\n\n<p>Attuazione 1\u00b0 gennaio 2019&nbsp;<\/p>\n\n\n<ul class=\"wp-block-list\"><li><strong>Sconti fiscali per i cani guida<\/strong>: Raddoppia a mille euro la spesa forfettaria su cui applicare la detrazione del 19% a beneficio dei non vedenti per il mantenimento dei cani guida.&nbsp;<\/li><\/ul>\n\n\n<p>Attuazione&nbsp;1\u00b0 gennaio 2019&nbsp;<\/p>\n\n\n<ul class=\"wp-block-list\"><li><strong>Carta famiglia solo agli italiani<\/strong>: La carta della famiglia, che consente l\u2019accesso a sconti e riduzioni tariffarie, \u00e8 destinata alle sole famiglie costituite da cittadini italiani o europei regolarmente residenti, con almeno tre figli conviventi di et\u00e0 non superiore a 26 anni.&nbsp;<\/li><\/ul>\n\n\n<p>Attuazione 1\u00b0 gennaio 2019&nbsp;(ma<em>serve un Dpcm entro tre mesi)<\/em><\/p>\n\n\n<ul class=\"wp-block-list\"><li><strong>Terreni gratis per il terzo figlio<\/strong>: Chi mette al mondo il terzo figlio (o pi\u00f9) potr\u00e0 ricevere in concessione gratuita un terreno demaniale, per un periodo non inferiore a venti anni. Previste anche agevolazioni fiscali e mutui agevolati su misura.<\/li><\/ul>\n\n\n<p>Attuazione 1\u00b0 gennaio 2019 (manca decreto attuativo)&nbsp;<\/p>\n\n\n<ul class=\"wp-block-list\"><li><strong>Carta d\u2019identit\u00e0 2.0 alle Poste<\/strong>: Il ministero dell\u2019Interno potr\u00e0 affidare, previa convenzione, a Poste italiane e ad altri provider la gestione del servizio pubblico di rilascio della carta di identit\u00e0 elettronica.<\/li><\/ul>\n\n\n<p>Attuazione&nbsp;1\u00b0 gennaio 2019&nbsp;<\/p>\n\n\n<ul class=\"wp-block-list\"><li><strong>Salasso sulle slot machine<\/strong>: Incrementano dell\u20191,35 e dell\u20191,25% le aliquote del Preu sulle\u00a0<em>new slot<\/em>\u00a0e\u00a0<em>videolottery<\/em>. Dal 1\u00b0 luglio 2019, inoltre, i Comuni potranno controllare gli orari di funzionamento degli apparecchi, con criteri omogenei sul territorio.\u00a0<\/li><li><\/li><\/ul>\n\n\n<p>Attuazione 1\u00b0 gennaio 2019\u00a0<\/p>\n\n\n<ul class=\"wp-block-list\"><li><strong>Prescrizione bollette gas<\/strong>: Come gi\u00e0 accaduto per le bollette della luce (dal 1 marzo 2018), anche per le bollette del gas, i termini di prescrizione vengono ridotti da 5 a 2 anni. Eventuali consumi risalenti a pi\u00f9 di 2 anni andranno fatturati separatamente. La norma non si applica per ritardi dovuti ai clienti.<em><\/em><\/li><\/ul>\n\n\n<p>Attuazione\u00a01\u00b0 gennaio 2019\u00a0<\/p>\n\n\n<ul class=\"wp-block-list\"><li><strong>Proroga del bonus beb\u00e9<\/strong>: Bonus beb\u00e9 riconosciuto anche per ogni figlio nato (o adottato) e fino al compimento del primo anno di et\u00e0 (o del primo anno di ingresso nel nucleo familiare). In caso di secondo figlio l\u2019importo dell\u2019assegno \u00e8 aumentato del 20%.<\/li><\/ul>\n\n\n<p>Attuazione dal 1\u00b0 gennaio al 31 dicembre 2019&nbsp;<\/p>\n\n\n<ul class=\"wp-block-list\"><li><strong>Reddito di cittadinanza<\/strong>: La legge di bilancio istituisce il Fondo per il reddito di cittadinanza, con una dotazione di 7,1 miliardi di euro per il 2019, 8 per il 2020 e 8,3 per il 2021.<em><\/em><\/li><\/ul>\n\n\n<p>La misura, pensata per dare un sostegno economico ai soggetti a rischio emarginazione dalla societ\u00e0 e dal mondo del lavoro, sar\u00e0 messa a punto con ulteriori provvedimenti attuativi.<em><\/em><\/p>\n\n\n<p>Fisco<\/p>\n\n\n<ul class=\"wp-block-list\"><li><strong>Al via la fatturazione elettronica<\/strong>: Parte la fattura elettronica obbligatoria attraverso il Sistema di Interscambio (SdI) nell\u2019ambito dei rapporti tra privati per le cessioni di beni e le prestazioni di servizi effettuate tra soggetti residenti o stabiliti in Italia. Esclusi i soggetti che aderiscono al regime forfettario.<\/li><\/ul>\n\n\n<p>Attuazione&nbsp;1\u00b0 gennaio 2019<\/p>\n\n\n<ul class=\"wp-block-list\"><li><strong>Nasce l\u2019esterometro<\/strong>: I soggetti titolari di partita Iva, residenti o stabiliti in Italia, devono comunicare telematicamente all\u2019agenzia delle Entrate i dati relativi alle operazioni di cessione di beni e di prestazione di servizi effettuate verso e ricevute da soggetti non stabiliti in Italia.<\/li><\/ul>\n\n\n<p>Attuazione 1\u00b0 gennaio 2019&nbsp;<\/p>\n\n\n<ul class=\"wp-block-list\"><li><strong>Abrogazione dello spesometro<\/strong>: Eliminato l\u2019obbligo di trasmissione alle Entrate dei dati delle fatture emesse e di quelle ricevute e registrate, nonch\u00e9 i dati delle relative variazioni.<em><\/em><\/li><\/ul>\n\n\n<p>Attuazione&nbsp;1\u00b0 gennaio 2019<\/p>\n\n\n<ul class=\"wp-block-list\"><li><strong>Interpelli nuovi investimenti<\/strong>: Scende a 20 milioni di euro (da 30) la soglia di investimenti necessari per la presentazione dell\u2019interpello all\u2019agenzia delle Entrate da parte delle imprese che intendono effettuare investimenti in Italia.&nbsp;<\/li><\/ul>\n\n\n<p>Attuazione&nbsp;per le istanze presentate dal 1\u00b0 gennaio 2019<\/p>\n\n\n<ul class=\"wp-block-list\"><li><strong>Definizione agevolata dei Pvc<\/strong>: \u00c8 possibile definirne il contenuto integrale del Pvc se consegnato entro il 24 ottobre 2018, a condizione che non sia stato ancora ricevuto un invito al contraddittorio o notificato un avviso di accertamento.<\/li><\/ul>\n\n\n<p>Attuazione&nbsp;24 ottobre 2018<\/p>\n\n\n<ul class=\"wp-block-list\"><li><strong>Acquiescenza all\u2019accertamento<\/strong>: Introdotta una forma di definizione agevolata assimilabile all\u2019acquiescenza agevolata all\u2019accertamento. Non \u00e8 prevista solo una riduzione delle sanzioni ma anche l\u2019esclusione integrale delle stesse e degli interessi.<\/li><li><\/li><\/ul>\n\n\n<p>Attuazione\u00a024 ottobre 2018<\/p>\n\n\n<ul class=\"wp-block-list\"><li><strong>Rottamazione-ter<\/strong>: Prevista la nuova definizione agevolata delle cartelle (\u201crottamazione-ter\u201d) per le somme affidate all\u2019Agente della riscossione dal 1\u00b0 gennaio 2000 al 31 dicembre 2017. Possibile rateizzare fino a cinque anni senza sanzioni e interessi di mora.<\/li><\/ul>\n\n\n<p>Attuazione&nbsp;24 ottobre 2018<\/p>\n\n\n<ul class=\"wp-block-list\"><li><strong>Definizione agevolata delle liti<\/strong>: Le controversie con le Entrate, su atti impositivi pendenti in ogni stato e grado del giudizio, possono essere definite con il pagamento di un importo pari o anche fortemente ridotto rispetto al valore della controversia.<\/li><\/ul>\n\n\n<p>Attuazione&nbsp;24 ottobre 2018<\/p>\n\n\n<ul class=\"wp-block-list\"><li><strong>Sanatoria irregolarit\u00e0 formali<\/strong>: Le irregolarit\u00e0 formale che non rilevano sulla determinazione della base imponibile ai fini delle imposte sui redditi, Iva, Irap e sul pagamento dei tributi commesse fino al 24 ottobre 2018, possono essere regolarizzate versando 200 euro per ciascun periodo d\u2019imposta.<\/li><\/ul>\n\n\n<p>Attuazione&nbsp;24 ottobre 2018<\/p>\n\n\n<ul class=\"wp-block-list\"><li><strong>Trasmissione corrispettivi<\/strong>: I soggetti con un volume d\u2019affari superiore a 400mila euro memorizzano elettronicamente e trasmettono telematicamente all\u2019Agenzia i dati relativi ai corrispettivi giornalieri.&nbsp;<\/li><\/ul>\n\n\n<p>Attuazione&nbsp;1\u00b0 luglio 2019<\/p>\n\n\n<ul class=\"wp-block-list\"><li><strong>Cooperative Compliance<\/strong>: L\u2019adesione al gruppo Iva estende il regime di adempimento collaborativo della Cooperative Compliance a tutti i partecipanti (anche se l\u2019opzione viene esercitata da un soggetto che ha gi\u00e0 aderito al regime).<\/li><\/ul>\n\n\n<p>Attuazione&nbsp;24 ottobre 2018<\/p>\n\n\n<ul class=\"wp-block-list\"><li><strong>Imposta money transfer<\/strong>: \u00c8 istituita un\u2019imposta sui trasferimenti di denaro effettuati verso Paesi non appartenenti all\u2019Ue&nbsp;dai cosiddetti Money transfer pari all\u20191,5% del valore di ogni singola operazione (minimo&nbsp;di euro 10).<\/li><\/ul>\n\n\n<p>Attuazione&nbsp;<em>1\u00b0 gennaio 2019<\/em>&nbsp;<\/p>\n\n\n<ul class=\"wp-block-list\"><li><strong>Flat Tax per le partite Iva<\/strong>: Estensione dell\u2019ambito di applicazione&nbsp;del regime forfetario, con imposta sostitutiva unica del 15%, ai contribuenti che rispettano&nbsp;il limite di ricavi o compensi conseguiti, pari a 65mila euro, indipendentemente dall\u2019attivit\u00e0 esercitata.<\/li><\/ul>\n\n\n<p>Attuazione&nbsp;1\u00b0 gennaio 2019<\/p>\n\n\n<ul class=\"wp-block-list\"><li><strong>Invio telematico delle successioni<\/strong>: Scatta l\u2019obbligo di invio solo per via telematica alle Entrate della dichiarazione di successione con il nuovo modulo e il software messo a disposizione dall\u2019Agenzia delle Entrate.<\/li><\/ul>\n\n\n<p>Attuazione&nbsp;1\u00b0 gennaio 2019<\/p>\n\n\n<p>Giustizia<\/p>\n\n\n<ul class=\"wp-block-list\"><li><strong>Daspo a vita ai corruttori<\/strong>: In caso di condanna per reati contro la Pa (corruzione, concussione e traffico di influenze) superiore a 2 anni di reclusione l\u2019incapacit\u00e0 a contrarre con la Pa diventa perpetua.<\/li><\/ul>\n\n\n<p>Attuazione&nbsp;Con la pubblicazione in Gazzetta Ufficiale<\/p>\n\n\n<ul class=\"wp-block-list\"><li><strong>Daspo a vita anche ai corrotti<\/strong>: In caso di condanna per reati contro&nbsp;la Pa (corruzione, concussione e traffico di influenze) superiore a 2 anni di reclusione l\u2019interdizione dai pubblici uffici diventa&nbsp;perpetua e permane anche in caso di riabilitazione, per altri 7 anni.&nbsp;<\/li><\/ul>\n\n\n<p>Attuazione&nbsp;Con la pubblicazione in Gazzetta Ufficiale<\/p>\n\n\n<ul class=\"wp-block-list\"><li><strong>Carcere senza sconti<\/strong>: I condannati per reati contro la pubblica amministrazione non potranno godere di permessi premio, delle misure alternative alla detenzione e dell\u2019assegnazione al lavoro esterno.<\/li><\/ul>\n\n\n<p>Attuazione&nbsp;Con la pubblicazione in Gazzetta Ufficiale<\/p>\n\n\n<ul class=\"wp-block-list\"><li><strong>Donazioni a partiti e movimenti<\/strong>: Le donazioni superiori a 500 euro annui andranno annotate entro un mese in un apposito registro indicando identit\u00e0 del donatore, entit\u00e0 e data di erogazione.&nbsp;Gli stessi dati vanno poi riportati nel rendiconto&nbsp;di esercizio e pubblicati sul sito Internet per almeno 5 anni<\/li><\/ul>\n\n\n<p>Attuazione&nbsp;Con la pubblicazione in Gazzetta Ufficiale<\/p>\n\n\n<ul class=\"wp-block-list\"><li><strong>Le responsabilit\u00e0 delle imprese<\/strong>: La durata delle sanzioni interdittive (sospensione o revoca di autorizzazioni, stop dell\u2019attivit\u00e0,&nbsp;divieto di contrattare con la Pa, ecc) a carico&nbsp;delle persone giuridiche (Dlgs 231\/2001) pu\u00f2 arrivare a 7 anni.<\/li><\/ul>\n\n\n<p>Attuazione&nbsp;Con la pubblicazione in Gazzetta Ufficiale<\/p>\n\n\n<ul class=\"wp-block-list\"><li><strong>Non punibilit\u00e0 per l\u2019autodenuncia<\/strong>: Chi si autodenuncia e collabora con l\u2019autorit\u00e0 giudiziaria gode di una causa speciale di non punibilit\u00e0 se la denuncia \u00e8 volontaria e viene effettuata prima di sapere che c\u2019\u00e8 un\u2019indagine in corso e entro 4 mesi dal reato.<\/li><\/ul>\n\n\n<p>Attuazione&nbsp;Con la pubblicazione in Gazzetta Ufficiale<\/p>\n\n\n<ul class=\"wp-block-list\"><li><strong>Intercettazioni ambientali (Trojan)<\/strong>: Possibile intercettare le comunicazioni&nbsp;all\u2019interno di abitazioni o di altri luoghi privati tramite un captatore informatico su dispositivo elettronico portatile (trojan) che potranno&nbsp;essere usati anche nei procedimenti per delitti contro la Pa.<\/li><\/ul>\n\n\n<p>Attuazione&nbsp;Con la pubblicazione in Gazzetta Ufficiale<\/p>\n\n\n<ul class=\"wp-block-list\"><li><strong>Riparazione pecuniaria per i privati<\/strong>: Esteso anche al privato corruttore l\u2019obbligo di pagamento della riparazione pecuniaria&nbsp;previsto per il pubblico ufficiale o dall\u2019incaricato&nbsp;di un pubblico servizio condannato per reati contro la Pa&nbsp;<\/li><\/ul>\n\n\n<p>Attuazione&nbsp;Con la pubblicazione in Gazzetta Ufficiale<\/p>\n\n\n<ul class=\"wp-block-list\"><li><strong>Agente sotto copertura<\/strong>: Le operazioni di polizia sotto copertura possibili anche per contrastare alcuni reati contro la Pa al momento della pubblicazione in Gazzetta Ufficiale<\/li><\/ul>\n\n\n<p>Immobili<\/p>\n\n\n<ul class=\"wp-block-list\"><li><strong>Deducibilit\u00e0 Imu sugli strumentali<\/strong>: Sale dal 20 al 40% la deducibilit\u00e0 dell\u2019Imu relativa&nbsp;agli immobili strumentali ai fini del calcolo del reddito d\u2019impresa e lavoro autonomo.<\/li><\/ul>\n\n\n<p>Attuazione&nbsp;1\u00b0 gennaio 2019<\/p>\n\n\n<ul class=\"wp-block-list\"><li><strong>Un anno in pi\u00f9 per i bonus casa<\/strong>: Vengono prorogati di 12 mesi, fino al 31 dicembre 2019, tutti e quattro i bonus sui lavori in casa in scadenza a fine 2018: la detrazione \u201cstandard\u201d&nbsp;sul recupero edilizio (50% fino a una spesa di 96mila euro), l\u2019ecobonus (con percentuali di detrazioni&nbsp;e spese variabili in base ai lavori), il bonus sull\u2019acquisto di mobili e grandi elettrodomestici (50% fino a una spesa di 10mila euro) e il bonus giardini (36% fino a una spesa di 5mila euro).&nbsp;<\/li><\/ul>\n\n\n<p>Attuazione fino al&nbsp;31 dicembre 2019&nbsp;<\/p>\n\n\n<ul class=\"wp-block-list\"><li><strong>Cedolare sui negozi locati nel 2019<\/strong>: I proprietari persone fisiche potranno applicare la cedolare secca al 21% sui canoni derivanti dalla locazione di negozi (categoria catastale C\/1) di superficie fino a 600 metri quadrati, ma solo per i contratti stupulati nel 2019 (e sempre che tra le parti non fosse in corso un contratto non scaduto alla data del 15 ottobre 2018, poi interrotto anticipatamente). Sono comprese le pertinenze, la cui superficie non entra nel computo dei 600 mq.&nbsp;<\/li><\/ul>\n\n\n<p>Attuazione&nbsp;1\u00b0 gennaio 2019<\/p>\n\n\n<ul class=\"wp-block-list\"><li><strong>Bonus energetico, pratica all\u2019Enea<\/strong>: Va inviata all\u2019Enea la comunicazione dei lavori di risparmio energetico agevolati con la detrazione sul recupero edilizio (50%, da non confondere con l\u2019ecobonus, per cui nulla cambia). Per gli interventi ultimati dal 1\u00b0 gennaio al 21 novembre scorso, l\u2019invio va fatto entro il 19 febbraio. Per quelli finiti dal 22 novembre, entro 90 giorni.&nbsp;<\/li><\/ul>\n\n\n<p>Attuazione&nbsp;19 febbraio 2019<\/p>\n\n\n<ul class=\"wp-block-list\"><li><strong>Sblocco dei rincari di Imu e Tasi<\/strong>: Appuntamento alla cassa con Imu e Tasi per i possessori di immobili, dopo lo sblocco delle aliquote dei tributi locali (derivante dalla mancata conferma dello stop ai rincari con la legge di Bilancio 2019). Possono essere eliminate o ridotte le agevolazioni esistenti o aumentate le aliquote; la maggiorazione Tasi (fino allo 0,8 per mille) pu\u00f2 essere confermata se gi\u00e0 deliberata nel 2016-18.&nbsp;<\/li><\/ul>\n\n\n<p>Attuazione&nbsp;17 giugno e 16 dicembre 2019<\/p>\n\n\n<ul class=\"wp-block-list\"><li><strong>Progettazione Bim<\/strong>: Obbligo di adottare soluzioni di Building information modeling (Bim) per progettare tutte le opere pubbliche di importo superiore a cento milioni.<\/li><\/ul>\n\n\n<p>Attuazione 1\u00b0 gennaio 2019&nbsp;<\/p>\n\n\n<p>Imprese<\/p>\n\n\n<ul class=\"wp-block-list\"><li><strong>Debutta la web-tax<\/strong>: Introdotta un\u2019imposta sui servizi digitali del 3%&nbsp;sui ricavi per soggetti con un totale dei ricavi pari o superiore a 750 milioni di euro, di cui almeno 5,5 milioni realizzati nel territorio italiano per prestazione di servizi digitali.&nbsp;<\/li><\/ul>\n\n\n<p>Attuazione Dopo 60 gg dal decreto attuativo del Mef&nbsp;<\/p>\n\n\n<ul class=\"wp-block-list\"><li><strong>Cresce l\u2019iperammortamento<\/strong>: La maggiorazione del costo si applica nella misura del 170% per investimenti fino a 2,5 milioni di euro, del 100% se compresi tra 2,5 e 10 milioni di euro e del 50% se compresi tra 10 e 20 milioni di euro (nessuna maggiorazione oltre i 20 milioni di euro).<\/li><\/ul>\n\n\n<p>Attuazione 1\u00b0 gennaio 2019 (e a certe condizioni nel 2020)&nbsp;<\/p>\n\n\n<ul class=\"wp-block-list\"><li><strong>Estromissione agevolata<\/strong>: Si applica l\u2019estromissione agevolata alle esclusioni dal patrimonio dell\u2019impresa dei beni strumentali posseduti al 31 ottobre 2018, poste in essere dal 1\u00b0 gennaio 2019 al 31 maggio 2019, con un\u2019imposta sostitutiva sulle plusvalenze&nbsp;pari all\u20198%.<\/li><\/ul>\n\n\n<p>Attuazione 1\u00b0 gennaio 2019&nbsp;<\/p>\n\n\n<ul class=\"wp-block-list\"><li><strong>Credito ricerca e sviluppo<\/strong>: Agevolazione del 25% e del 50% a seconda\u00a0della tipologia di spesa con una nuova modalit\u00e0 di calcolo. Da 20 a 10 milioni di euro l\u2019importo massimo\u00a0delle spese agevolabili ampliate a materiali direttamente impi<\/li><li>egati nelle attivit\u00e0 di ricerca\u00a0e sviluppo.<\/li><\/ul>\n\n\n<p>Attuazione Periodo d\u2019imposta 2019&nbsp;<\/p>\n\n\n<ul class=\"wp-block-list\"><li><strong>Credito prodotti riciclati<\/strong>: Credito d\u2019imposta del 36% delle spese sostenute dalle imprese per prodotti realizzati con materiali provenienti dalla raccolta differenziata degli imballaggi in plastica e per imballaggi biodegradabili e compostabili.<\/li><\/ul>\n\n\n<p>Attuazione Anni 2019 e 2020 (utilizzabile dal 1\u00b0 gennaio del periodo d\u2019imposta successivo agli acquisti)\u00a0<\/p>\n\n\n<ul class=\"wp-block-list\"><li><strong>Restyling della formazione 4.0<\/strong>: Prorogata di un anno l\u2019applicazione del credito d\u2019imposta formazione 4.0. La misura \u00e8 modulata secondo la dimensione dell\u2019azienda: 50% per le piccole imprese, 40% per le medie imprese e 30% per le grandi imprese.&nbsp;<\/li><\/ul>\n\n\n<p>Attuazione Periodo d\u2019imposta 2019&nbsp;<\/p>\n\n\n<ul class=\"wp-block-list\"><li><strong>Innovazione e iperammortamento<\/strong>: Rientrano nell\u2019agevolazione della maggiorazione del 40% i costi sostenuti a titolo di canone per l\u2019accesso, mediante soluzioni di cloudcomputing, ai beni immateriali cui tale agevolazione gi\u00e0 si applica, con specifiche limitazioni.<\/li><\/ul>\n\n\n<p>Attuazione 1\u00b0 gennaio 2019 (e a certe condizioni&nbsp;nel 2020)&nbsp;<\/p>\n\n\n<ul class=\"wp-block-list\"><li><strong>Rivalutazione terreni e quote<\/strong>: Prorogata la facolt\u00e0 di rideterminare \u2013 in base a una perizia giurata di stima &#8211; i valori delle partecipazioni (sia qualificate che non), in societ\u00e0 non quotate e dei terreni (sia agricoli sia edificabili) posseduti, mediante l\u2019assolvimento un\u2019imposta sostitutiva.<\/li><\/ul>\n\n\n<p>Attuazione 1\u00b0 gennaio 2019&nbsp;<\/p>\n\n\n<ul class=\"wp-block-list\"><li><strong>Soppressione dell\u2019Ace<\/strong>: Abroga il regime fiscale in materia di aiuto alla crescita economica (Ace). Continuano ad applicarsi le disposizioni che consentono di utilizzare le eccedenze Ace pregresse per il periodo d\u2019imposta 2018.<\/li><\/ul>\n\n\n<p>Attuazione Periodo d\u2019imposta 2019&nbsp;<\/p>\n\n\n<ul class=\"wp-block-list\"><li><strong>Sostitutiva sui beni strumentali<\/strong>: Possibilit\u00e0 di assoggettare a imposta sostitutiva i beni immobili strumentali dell\u2019impresa esclusi dal patrimonio dell\u2019imprenditore posseduti al 31 ottobre 2018.&nbsp;L\u2019imposta dovr\u00e0 essere pagata in due rate (30 novembre 2019 e 16 giugno 2020).&nbsp;<\/li><\/ul>\n\n\n<p>Attuazione 1\u00b0 gennaio 2019&nbsp;<\/p>\n\n\n<ul class=\"wp-block-list\"><li><strong>Invio corrispettivi alla Gdo<\/strong>: Le imprese della grande distribuzione adempiono agli obblighi di certificazione dei corrispettivi secondo mediante l\u2019emissione dello scontrino o della ricevuta fiscale o, in alternativa, aderendo al \u201cnuovo\u201d regime opzionale di memorizzazione e trasmissione telematica dei corrispettivi&nbsp;di cui all\u2019articolo 2 del Dlgs 127\/2015.<\/li><\/ul>\n\n\n<p>Attuazione 1\u00b0 gennaio 2019&nbsp;<\/p>\n\n\n<ul class=\"wp-block-list\"><li><strong>Capital gain per le \u00abqualificate\u00bb<\/strong>: Revisionato il regime dei capital gain realizzati (articolo 67 del Tuir), estendendo alle plusvalenze di natura \u201cqualificata\u201d il regime di imposizione sostitutiva del 26% in precedenza riservato alle plusvalenze non qualificate.<\/li><\/ul>\n\n\n<p>Attuazione 1\u00b0 gennaio 2019&nbsp;<\/p>\n\n\n<ul class=\"wp-block-list\"><li><strong>Disciplina interessi passivi<\/strong>: In attuazione della Direttiva Atad 1 \u00e8 stata profondamente innovata la disciplina della deducibilit\u00e0 degli interessi passivi da parte dei soggetti Ires, mediante la completa riscrittura dell\u2019articolo 96 del Tuir.&nbsp;<\/li><\/ul>\n\n\n<p>Attuazione 1\u00b0 gennaio 2019&nbsp;<\/p>\n\n\n<ul class=\"wp-block-list\"><li><strong>Crisi d\u2019impresa<\/strong>: Il decreto riforma la legge fallimentare riscriver\u00e0 le regole sulla crisi d\u2019impresa e sull\u2019insolvenza.&nbsp;Una delle pi\u00f9 importanti e immediate conseguenze \u00e8 l\u2019abbassamento&nbsp;dei parametri dimensionali che fanno scattare l\u2019obbligo di dotarsi di organi interni di controllo (sindaco o revisore).<\/li><\/ul>\n\n\n<p>Attuazione Con la pubblicazione in Gazzetta ufficiale&nbsp;<\/p>\n\n\n<ul class=\"wp-block-list\"><li><strong>Accordo per il credito 2019<\/strong>: Nuova moratoria che prevede la sospensione per 12 mesi e l\u2019allungamento dei finanziamenti alle Pmi da parte delle banche.&nbsp;La sospensione \u00e8 applicabile ai mutui e alle operazioni di leasing immobiliare o mobiliare. Possono chiedere l\u2019applicazione della misura Pmi di tutti i settori per finanziamenti in essere&nbsp;al 15 novembre 2018.&nbsp;<\/li><\/ul>\n\n\n<p>Attuazione 1\u00b0 gennaio 2019 fino al 31 dicembre 2020&nbsp;<\/p>\n\n\n<ul class=\"wp-block-list\"><li><strong>Voucher digitalizzazione Pmi<\/strong>: Voucher che copre le spese delle micro, piccole e medie imprese per il miglioramento\u00a0dell\u2019efficienza aziendale, la modernizzazione e l\u2019organizzazione del lavoro, lo sviluppo di soluzioni e-commerce,\u00a0la connettivit\u00e0 della banda larga e ultralarga,\u00a0la formazione qualificata nel campo Ict del personale.\u00a0<\/li><li><\/li><\/ul>\n\n\n<p>Attuazione Fino al 14 marzo 2019\u00a0<\/p>\n\n\n<ul class=\"wp-block-list\"><li><strong>Nuova Sabatini<\/strong>: Rifinanziata con 48 milioni di euro per il 2019 la misura che sostiene gli investimenti per acquistare o acquisire in leasing macchinari, attrezzature, impianti,&nbsp;beni strumentali ad uso produttivo e hardware, software e tecnologie digitali.&nbsp;<\/li><\/ul>\n\n\n<p>Attuazione 1\u00b0 gennaio 2019&nbsp;<\/p>\n\n\n<ul class=\"wp-block-list\"><li><strong>Resto al Sud<\/strong>: Innalzata a 45 anni compiuti la soglia per poter accedere all\u2019incentivo a sportello che sostiene la nascita di nuove attivit\u00e0 imprenditoriali nel Mezzogiorno, che diventa accessibile anche ai liberi professionisti.<\/li><\/ul>\n\n\n<p>Attuazione 1\u00b0 gennaio 2019&nbsp;<\/p>\n\n\n<ul class=\"wp-block-list\"><li><strong>E-commerce, semplificazioni Iva<\/strong>: Per i servizi di importo inferiore ai 10mila euro annui gli operatori che prestano servizi e-commerce nei confronti dei consumatori privati applicheranno l\u2019Iva nello Stato membro di residenza in cui sono stabiliti. Gli operatori italiani applicheranno dunque l\u2019Iva nazionale.<\/li><\/ul>\n\n\n<p>Attuazione 1\u00b0 gennaio 2019&nbsp;<\/p>\n\n\n<ul class=\"wp-block-list\"><li><strong>Abolizione del Sistri<\/strong>: Dopo 11 anni di rinvii, decreti inapplicati, costi e infine attivit\u00e0 limitatissima, chiude il Sistri. Il sistema di tracciabilit\u00e0 dei rifiuti speciali istituito nel 2010, obbligatorio per le imprese con pi\u00f9 di 10 dipendenti. In attesa dell\u2019elaborazione del nuovo sistema, resta la tracciabilit\u00e0 in modalit\u00e0 cartacea.<\/li><\/ul>\n\n\n<p>Attuazione 1\u00b0 gennaio 2019&nbsp;<\/p>\n\n\n<p>Lavoro<\/p>\n\n\n<ul class=\"wp-block-list\"><li><strong>Mini Ires al 15%<\/strong>: Applicazione di un\u2019aliquota Ires agevolata al 15% agli utili reinvestiti in azienda destinati a incremento degli investimenti e ad incremento occupazionale. L\u2019agevolazione \u00e8 estesa anche alle imprese soggette a Irpef.<\/li><\/ul>\n\n\n<p>Attuazione&nbsp;Periodo di imposta 2019<\/p>\n\n\n<ul class=\"wp-block-list\"><li><strong>Cigs per cessazione attivit\u00e0<\/strong>: Cancellata con il Jobs act nel 2016, torna la Cigs per le imprese che cessano l\u2019attivit\u00e0 produttiva. La durata massima \u00e8 di 12 mesi, e varr\u00e0 per un biennio, vale a dire per gli anni 2019 e 2020.&nbsp;<\/li><\/ul>\n\n\n<p>Attuazione 1\u00b0 gennaio 2019&nbsp;<\/p>\n\n\n<ul class=\"wp-block-list\"><li><strong>Cigs per riorganizzazione o crisi<\/strong>: Proroga della Cigs, per gli anni 2018 e 2019, alle imprese di rilevanza economica e strategica anche a livello regionale con esuberi significativi, a prescindere dal numero di occupati (anche in caso di contratto di solidariet\u00e0 difensivo). Ammi ssibili proroghe riferite ai programmi in scadenza nel trimestre precedente il 29 ottobre 2018.&nbsp;<\/li><\/ul>\n\n\n<p>Attuazione&nbsp;1\u00b0 gennaio 2019<\/p>\n\n\n<ul class=\"wp-block-list\"><li><strong>Aree di crisi industriale complessa<\/strong>: Fino a 12 mesi \u201caggiuntivi\u201d per i lavoratori che hanno cessato o cessano la mobilit\u00e0 ordinaria o in deroga dal 22 novembre 2017 al 31 dicembre 2018, a condizione che siano applicate misure di politica attiva. Proroga anche per i lavoratori delle aree di Termini Imerese e di Gela<\/li><\/ul>\n\n\n<p>Attuazione&nbsp;1\u00b0 gennaio 2019<\/p>\n\n\n<ul class=\"wp-block-list\"><li><strong>Bonus occupazione Mezzogiorno<\/strong>: Confermata la decontribuzione per le assunzioni a tempo indeterminato per il 2019 e il 2020 di under 35, o di disoccupati da almeno sei mesi, nelle regioni del Mezzogiorno. Agevolazione massima: 8.060 euro su base annua per ogni lavoratore assunto<\/li><\/ul>\n\n\n<p>Attuazione 1\u00b0 gennaio 2019&nbsp;<\/p>\n\n\n<ul class=\"wp-block-list\"><li><strong>Bonus Giovani eccellenze<\/strong>: Esonero contributivo fino a 12 mesi entro 8mila euro per le assunzioni a tempo indeterminato di giovani laureati con il massimo dei voti (laurea magistrale ottenuta dal 1\u00b0 gennaio 2018 al 30 giugno 2019, con voto di 110 e lode e prima dei 30 anni; dottorato conseguito nello stesso periodo prima dei 34 anni).<\/li><li><\/li><\/ul>\n\n\n<p>Attuazione\u00a01\u00b0 gennaio 2019<\/p>\n\n\n<p>Pensioni<\/p>\n\n\n<ul class=\"wp-block-list\"><li><strong>Quota 100<\/strong>: Debutta la nuova pensione di anzianit\u00e0 per chi ha 62 anni di et\u00e0 e 38 di contributi. I primi neopensionati potrebbero incassare l\u2019assegno verso primavera: il meccanismo delle finestre prevede un posticipo di 3 mesi dalla maturazione dei requisiti per i privati e di sei mesi per i dipendenti pubblici. Divieto di cumulo con il reddito di lavoro oltre i 5mila euro netti l\u2019anno fino a un massimo di 5 anni<\/li><\/ul>\n\n\n<p>Attuazione: 1\u00b0 gennaio 2019&nbsp;<\/p>\n\n\n<ul class=\"wp-block-list\"><li><strong>Opzione donna<\/strong>: Le lavoratrici con 57 anni di et\u00e0 se dipendenti o 58 anni di et\u00e0 se autonome e 35 anni di contributi maturati al 31 dicembre 2016 (e non pi\u00f9 al 31 dicembre 2015) potranno andare in pensione anticipata con il ricalcolo dell\u2019assegno con il metodo contributivo<\/li><\/ul>\n\n\n<p>Attuazione 1\u00b0 gennaio 2019&nbsp;<\/p>\n\n\n<ul class=\"wp-block-list\"><li><strong>Taglio pensioni d\u2019oro<\/strong>: La quota di pensione che supera i 100mila euro lordi l\u2019anno, se non coperta da contributi, verr\u00e0 tagliata del 15% fino a 130mila euro e via via progressivamente, per arrivare a un taglio del 40% per la quota che spera i 500mila euro lordi l\u2019anno<\/li><\/ul>\n\n\n<p>Attuazione 1\u00b0 gennaio 2019&nbsp;<\/p>\n\n\n<ul class=\"wp-block-list\"><li><strong>Flat tax per pensionati dall\u2019estero<\/strong>: Tassazione fissa al 7% per 5 anni per i pensionati che vengono o ritornano dall\u2019estero e trasferiscono la residenza in una delle regioni del Sud<\/li><\/ul>\n\n\n<p>Attuazione 1\u00b0 gennaio 2019&nbsp;<\/p>\n\n\n<ul class=\"wp-block-list\"><li><strong>Stretta sull\u2019indicizzazione<\/strong>: La rivalutazione delle pensioni all\u2019inflazione rester\u00e0 parziale per gli assegni pi\u00f9 elevati, anche nei prossimi tre anni. Previsto uno schema di indicizzazione su sette fasce con rivalutazione piena solo per le pensioni fino a tre volte il minimo (1.522 euro lordi al mese nel 2018), seguita da una stretta che cresce al crescere dell\u2019assegno.&nbsp;<\/li><\/ul>\n\n\n<p>Attuazione 1\u00b0 gennaio 2019&nbsp;<\/p>\n\n\n<p>Appalti e PA<\/p>\n\n\n<ul class=\"wp-block-list\"><li><strong>Concorsi pubblici<\/strong>: In arrivo oltre 16mila nuove assunzioni nella Pa: Forze dell\u2019ordine (Polizia, Carabinieri, Gdf e Polizia penitenziaria), Vigili del fuoco, Ministero di Giustizia, Ispettorato del lavoro, scuola e universit\u00e0. Rifinanziato per 870 milioni il fondo Pa. Assunzioni dal 2019 al 2021.<\/li><\/ul>\n\n\n<p>Attuazione Anno 2019&nbsp;<\/p>\n\n\n<ul class=\"wp-block-list\"><li><strong>Gare con albo Anac<\/strong>: Obbligo di nominare esperti estratti dal nuovo albo gestito dall\u2019Anac per nominare le commissioni giudicatrici delle gare per lavori oltre il milione di euro e per servizi di importo superiore alle soglie Ue.<\/li><\/ul>\n\n\n<p>A","protected":false},"excerpt":{"rendered":"<p>Ecco cosa prevede, in sintesi, il testo e le misure fissate: Famiglia Pi\u00f9 lungo il congedo dei pap\u00e0: Sale a cinque giorni il congedo obbligatorio per il padre lavoratore dipendente, da fruire entro i cinque mesi dalla nascita del figlio. Possono essere goduti anche in via non continuativa e salire a sei, eventualmente, in alternativa [&hellip;]<\/p>\n","protected":false},"author":4,"featured_media":409,"comment_status":"open","ping_status":"open","sticky":false,"template":"","format":"standard","meta":{"_acf_changed":false,"content-type":"","footnotes":""},"categories":[16],"tags":[],"class_list":["post-16302","post","type-post","status-publish","format-standard","has-post-thumbnail","hentry","category-archivio"],"acf":[],"yoast_head":"<!-- This site is optimized with the Yoast SEO plugin v27.5 - https:\/\/yoast.com\/product\/yoast-seo-wordpress\/ -->\n<title>Manovra 2019, \u00e8 legge. Pensioni, reddito e flat tax - Beneggi &amp; Associati<\/title>\n<meta name=\"description\" content=\"Ecco cosa prevede, in sintesi, il testo e le misure fissate: Famiglia Pi\u00f9 lungo il congedo dei pap\u00e0: Sale a cinque giorni il congedo obbligatorio per il\" \/>\n<meta name=\"robots\" content=\"index, follow, max-snippet:-1, max-image-preview:large, max-video-preview:-1\" \/>\n<link rel=\"canonical\" href=\"https:\/\/beneggiassociati.com\/en\/manovra-2019-e-legge-pensioni-reddito-e-flat-tax\/\" \/>\n<meta property=\"og:locale\" content=\"en_US\" \/>\n<meta property=\"og:type\" content=\"article\" \/>\n<meta property=\"og:title\" content=\"Manovra 2019, \u00e8 legge. Pensioni, reddito e flat tax - Beneggi &amp; Associati\" \/>\n<meta property=\"og:description\" content=\"Ecco cosa prevede, in sintesi, il testo e le misure fissate: Famiglia Pi\u00f9 lungo il congedo dei pap\u00e0: Sale a cinque giorni il congedo obbligatorio per il\" \/>\n<meta property=\"og:url\" content=\"https:\/\/beneggiassociati.com\/en\/manovra-2019-e-legge-pensioni-reddito-e-flat-tax\/\" \/>\n<meta property=\"og:site_name\" content=\"Beneggi &amp; Associati\" \/>\n<meta property=\"article:published_time\" content=\"2018-12-31T14:40:00+00:00\" \/>\n<meta property=\"og:image\" content=\"https:\/\/beneggiassociati.com\/wp-content\/uploads\/2025\/07\/single-post-beneggi.jpg\" \/>\n\t<meta property=\"og:image:width\" content=\"1280\" \/>\n\t<meta property=\"og:image:height\" content=\"823\" \/>\n\t<meta property=\"og:image:type\" content=\"image\/jpeg\" \/>\n<meta name=\"author\" content=\"Tiziano Beneggi\" \/>\n<meta name=\"twitter:card\" content=\"summary_large_image\" \/>\n<meta name=\"twitter:label1\" content=\"Written by\" \/>\n\t<meta name=\"twitter:data1\" content=\"Tiziano Beneggi\" \/>\n\t<meta name=\"twitter:label2\" content=\"Est. reading time\" \/>\n\t<meta name=\"twitter:data2\" content=\"17 minutes\" \/>\n<script type=\"application\/ld+json\" class=\"yoast-schema-graph\">{\"@context\":\"https:\\\/\\\/schema.org\",\"@graph\":[{\"@type\":\"Article\",\"@id\":\"https:\\\/\\\/beneggiassociati.com\\\/en\\\/manovra-2019-e-legge-pensioni-reddito-e-flat-tax\\\/#article\",\"isPartOf\":{\"@id\":\"https:\\\/\\\/beneggiassociati.com\\\/en\\\/manovra-2019-e-legge-pensioni-reddito-e-flat-tax\\\/\"},\"author\":{\"name\":\"Tiziano Beneggi\",\"@id\":\"https:\\\/\\\/beneggiassociati.com\\\/en\\\/#\\\/schema\\\/person\\\/828daacfa37b359e89e981f920072004\"},\"headline\":\"Manovra 2019, \u00e8 legge. Pensioni, reddito e flat tax\",\"datePublished\":\"2018-12-31T14:40:00+00:00\",\"mainEntityOfPage\":{\"@id\":\"https:\\\/\\\/beneggiassociati.com\\\/en\\\/manovra-2019-e-legge-pensioni-reddito-e-flat-tax\\\/\"},\"wordCount\":3364,\"commentCount\":0,\"publisher\":{\"@id\":\"https:\\\/\\\/beneggiassociati.com\\\/en\\\/#organization\"},\"image\":{\"@id\":\"https:\\\/\\\/beneggiassociati.com\\\/en\\\/manovra-2019-e-legge-pensioni-reddito-e-flat-tax\\\/#primaryimage\"},\"thumbnailUrl\":\"https:\\\/\\\/beneggiassociati.com\\\/wp-content\\\/uploads\\\/2025\\\/07\\\/single-post-beneggi.jpg\",\"articleSection\":[\"ARCHIVIO\"],\"inLanguage\":\"en-US\"},{\"@type\":\"WebPage\",\"@id\":\"https:\\\/\\\/beneggiassociati.com\\\/en\\\/manovra-2019-e-legge-pensioni-reddito-e-flat-tax\\\/\",\"url\":\"https:\\\/\\\/beneggiassociati.com\\\/en\\\/manovra-2019-e-legge-pensioni-reddito-e-flat-tax\\\/\",\"name\":\"Manovra 2019, \u00e8 legge. Pensioni, reddito e flat tax - Beneggi &amp; Associati\",\"isPartOf\":{\"@id\":\"https:\\\/\\\/beneggiassociati.com\\\/en\\\/#website\"},\"primaryImageOfPage\":{\"@id\":\"https:\\\/\\\/beneggiassociati.com\\\/en\\\/manovra-2019-e-legge-pensioni-reddito-e-flat-tax\\\/#primaryimage\"},\"image\":{\"@id\":\"https:\\\/\\\/beneggiassociati.com\\\/en\\\/manovra-2019-e-legge-pensioni-reddito-e-flat-tax\\\/#primaryimage\"},\"thumbnailUrl\":\"https:\\\/\\\/beneggiassociati.com\\\/wp-content\\\/uploads\\\/2025\\\/07\\\/single-post-beneggi.jpg\",\"datePublished\":\"2018-12-31T14:40:00+00:00\",\"description\":\"Ecco cosa prevede, in sintesi, il testo e le misure fissate: Famiglia Pi\u00f9 lungo il congedo dei pap\u00e0: Sale a cinque giorni il congedo obbligatorio per il\",\"breadcrumb\":{\"@id\":\"https:\\\/\\\/beneggiassociati.com\\\/en\\\/manovra-2019-e-legge-pensioni-reddito-e-flat-tax\\\/#breadcrumb\"},\"inLanguage\":\"en-US\",\"potentialAction\":[{\"@type\":\"ReadAction\",\"target\":[\"https:\\\/\\\/beneggiassociati.com\\\/en\\\/manovra-2019-e-legge-pensioni-reddito-e-flat-tax\\\/\"]}]},{\"@type\":\"ImageObject\",\"inLanguage\":\"en-US\",\"@id\":\"https:\\\/\\\/beneggiassociati.com\\\/en\\\/manovra-2019-e-legge-pensioni-reddito-e-flat-tax\\\/#primaryimage\",\"url\":\"https:\\\/\\\/beneggiassociati.com\\\/wp-content\\\/uploads\\\/2025\\\/07\\\/single-post-beneggi.jpg\",\"contentUrl\":\"https:\\\/\\\/beneggiassociati.com\\\/wp-content\\\/uploads\\\/2025\\\/07\\\/single-post-beneggi.jpg\",\"width\":1280,\"height\":823},{\"@type\":\"BreadcrumbList\",\"@id\":\"https:\\\/\\\/beneggiassociati.com\\\/en\\\/manovra-2019-e-legge-pensioni-reddito-e-flat-tax\\\/#breadcrumb\",\"itemListElement\":[{\"@type\":\"ListItem\",\"position\":1,\"name\":\"Home\",\"item\":\"https:\\\/\\\/beneggiassociati.com\\\/en\\\/?page_id=24163\"},{\"@type\":\"ListItem\",\"position\":2,\"name\":\"Manovra 2019, \u00e8 legge. Pensioni, reddito e flat tax\"}]},{\"@type\":\"WebSite\",\"@id\":\"https:\\\/\\\/beneggiassociati.com\\\/en\\\/#website\",\"url\":\"https:\\\/\\\/beneggiassociati.com\\\/en\\\/\",\"name\":\"Beneggi e associati\",\"description\":\"\",\"publisher\":{\"@id\":\"https:\\\/\\\/beneggiassociati.com\\\/en\\\/#organization\"},\"potentialAction\":[{\"@type\":\"SearchAction\",\"target\":{\"@type\":\"EntryPoint\",\"urlTemplate\":\"https:\\\/\\\/beneggiassociati.com\\\/en\\\/?s={search_term_string}\"},\"query-input\":{\"@type\":\"PropertyValueSpecification\",\"valueRequired\":true,\"valueName\":\"search_term_string\"}}],\"inLanguage\":\"en-US\"},{\"@type\":\"Organization\",\"@id\":\"https:\\\/\\\/beneggiassociati.com\\\/en\\\/#organization\",\"name\":\"Beneggi e associati\",\"url\":\"https:\\\/\\\/beneggiassociati.com\\\/en\\\/\",\"logo\":{\"@type\":\"ImageObject\",\"inLanguage\":\"en-US\",\"@id\":\"https:\\\/\\\/beneggiassociati.com\\\/en\\\/#\\\/schema\\\/logo\\\/image\\\/\",\"url\":\"https:\\\/\\\/beneggiassociati.com\\\/wp-content\\\/uploads\\\/2025\\\/07\\\/beneggi-logo.png\",\"contentUrl\":\"https:\\\/\\\/beneggiassociati.com\\\/wp-content\\\/uploads\\\/2025\\\/07\\\/beneggi-logo.png\",\"width\":141,\"height\":87,\"caption\":\"Beneggi e associati\"},\"image\":{\"@id\":\"https:\\\/\\\/beneggiassociati.com\\\/en\\\/#\\\/schema\\\/logo\\\/image\\\/\"}},{\"@type\":\"Person\",\"@id\":\"https:\\\/\\\/beneggiassociati.com\\\/en\\\/#\\\/schema\\\/person\\\/828daacfa37b359e89e981f920072004\",\"name\":\"Tiziano Beneggi\",\"url\":\"https:\\\/\\\/beneggiassociati.com\\\/en\\\/author\\\/tizianobeneggiassociati-com\\\/\"}]}<\/script>\n<!-- \/ Yoast SEO plugin. -->","yoast_head_json":{"title":"Manovra 2019, \u00e8 legge. Pensioni, reddito e flat tax - Beneggi &amp; Associati","description":"Ecco cosa prevede, in sintesi, il testo e le misure fissate: Famiglia Pi\u00f9 lungo il congedo dei pap\u00e0: Sale a cinque giorni il congedo obbligatorio per il","robots":{"index":"index","follow":"follow","max-snippet":"max-snippet:-1","max-image-preview":"max-image-preview:large","max-video-preview":"max-video-preview:-1"},"canonical":"https:\/\/beneggiassociati.com\/en\/manovra-2019-e-legge-pensioni-reddito-e-flat-tax\/","og_locale":"en_US","og_type":"article","og_title":"Manovra 2019, \u00e8 legge. Pensioni, reddito e flat tax - Beneggi &amp; Associati","og_description":"Ecco cosa prevede, in sintesi, il testo e le misure fissate: Famiglia Pi\u00f9 lungo il congedo dei pap\u00e0: Sale a cinque giorni il congedo obbligatorio per il","og_url":"https:\/\/beneggiassociati.com\/en\/manovra-2019-e-legge-pensioni-reddito-e-flat-tax\/","og_site_name":"Beneggi &amp; Associati","article_published_time":"2018-12-31T14:40:00+00:00","og_image":[{"width":1280,"height":823,"url":"https:\/\/beneggiassociati.com\/wp-content\/uploads\/2025\/07\/single-post-beneggi.jpg","type":"image\/jpeg"}],"author":"Tiziano Beneggi","twitter_card":"summary_large_image","twitter_misc":{"Written by":"Tiziano Beneggi","Est. reading time":"17 minutes"},"schema":{"@context":"https:\/\/schema.org","@graph":[{"@type":"Article","@id":"https:\/\/beneggiassociati.com\/en\/manovra-2019-e-legge-pensioni-reddito-e-flat-tax\/#article","isPartOf":{"@id":"https:\/\/beneggiassociati.com\/en\/manovra-2019-e-legge-pensioni-reddito-e-flat-tax\/"},"author":{"name":"Tiziano Beneggi","@id":"https:\/\/beneggiassociati.com\/en\/#\/schema\/person\/828daacfa37b359e89e981f920072004"},"headline":"Manovra 2019, \u00e8 legge. Pensioni, reddito e flat tax","datePublished":"2018-12-31T14:40:00+00:00","mainEntityOfPage":{"@id":"https:\/\/beneggiassociati.com\/en\/manovra-2019-e-legge-pensioni-reddito-e-flat-tax\/"},"wordCount":3364,"commentCount":0,"publisher":{"@id":"https:\/\/beneggiassociati.com\/en\/#organization"},"image":{"@id":"https:\/\/beneggiassociati.com\/en\/manovra-2019-e-legge-pensioni-reddito-e-flat-tax\/#primaryimage"},"thumbnailUrl":"https:\/\/beneggiassociati.com\/wp-content\/uploads\/2025\/07\/single-post-beneggi.jpg","articleSection":["ARCHIVIO"],"inLanguage":"en-US"},{"@type":"WebPage","@id":"https:\/\/beneggiassociati.com\/en\/manovra-2019-e-legge-pensioni-reddito-e-flat-tax\/","url":"https:\/\/beneggiassociati.com\/en\/manovra-2019-e-legge-pensioni-reddito-e-flat-tax\/","name":"Manovra 2019, \u00e8 legge. Pensioni, reddito e flat tax - Beneggi &amp; Associati","isPartOf":{"@id":"https:\/\/beneggiassociati.com\/en\/#website"},"primaryImageOfPage":{"@id":"https:\/\/beneggiassociati.com\/en\/manovra-2019-e-legge-pensioni-reddito-e-flat-tax\/#primaryimage"},"image":{"@id":"https:\/\/beneggiassociati.com\/en\/manovra-2019-e-legge-pensioni-reddito-e-flat-tax\/#primaryimage"},"thumbnailUrl":"https:\/\/beneggiassociati.com\/wp-content\/uploads\/2025\/07\/single-post-beneggi.jpg","datePublished":"2018-12-31T14:40:00+00:00","description":"Ecco cosa prevede, in sintesi, il testo e le misure fissate: Famiglia Pi\u00f9 lungo il congedo dei pap\u00e0: Sale a cinque giorni il congedo obbligatorio per il","breadcrumb":{"@id":"https:\/\/beneggiassociati.com\/en\/manovra-2019-e-legge-pensioni-reddito-e-flat-tax\/#breadcrumb"},"inLanguage":"en-US","potentialAction":[{"@type":"ReadAction","target":["https:\/\/beneggiassociati.com\/en\/manovra-2019-e-legge-pensioni-reddito-e-flat-tax\/"]}]},{"@type":"ImageObject","inLanguage":"en-US","@id":"https:\/\/beneggiassociati.com\/en\/manovra-2019-e-legge-pensioni-reddito-e-flat-tax\/#primaryimage","url":"https:\/\/beneggiassociati.com\/wp-content\/uploads\/2025\/07\/single-post-beneggi.jpg","contentUrl":"https:\/\/beneggiassociati.com\/wp-content\/uploads\/2025\/07\/single-post-beneggi.jpg","width":1280,"height":823},{"@type":"BreadcrumbList","@id":"https:\/\/beneggiassociati.com\/en\/manovra-2019-e-legge-pensioni-reddito-e-flat-tax\/#breadcrumb","itemListElement":[{"@type":"ListItem","position":1,"name":"Home","item":"https:\/\/beneggiassociati.com\/en\/?page_id=24163"},{"@type":"ListItem","position":2,"name":"Manovra 2019, \u00e8 legge. Pensioni, reddito e flat tax"}]},{"@type":"WebSite","@id":"https:\/\/beneggiassociati.com\/en\/#website","url":"https:\/\/beneggiassociati.com\/en\/","name":"Beneggi e associati","description":"","publisher":{"@id":"https:\/\/beneggiassociati.com\/en\/#organization"},"potentialAction":[{"@type":"SearchAction","target":{"@type":"EntryPoint","urlTemplate":"https:\/\/beneggiassociati.com\/en\/?s={search_term_string}"},"query-input":{"@type":"PropertyValueSpecification","valueRequired":true,"valueName":"search_term_string"}}],"inLanguage":"en-US"},{"@type":"Organization","@id":"https:\/\/beneggiassociati.com\/en\/#organization","name":"Beneggi e associati","url":"https:\/\/beneggiassociati.com\/en\/","logo":{"@type":"ImageObject","inLanguage":"en-US","@id":"https:\/\/beneggiassociati.com\/en\/#\/schema\/logo\/image\/","url":"https:\/\/beneggiassociati.com\/wp-content\/uploads\/2025\/07\/beneggi-logo.png","contentUrl":"https:\/\/beneggiassociati.com\/wp-content\/uploads\/2025\/07\/beneggi-logo.png","width":141,"height":87,"caption":"Beneggi e associati"},"image":{"@id":"https:\/\/beneggiassociati.com\/en\/#\/schema\/logo\/image\/"}},{"@type":"Person","@id":"https:\/\/beneggiassociati.com\/en\/#\/schema\/person\/828daacfa37b359e89e981f920072004","name":"Tiziano Beneggi","url":"https:\/\/beneggiassociati.com\/en\/author\/tizianobeneggiassociati-com\/"}]}},"_links":{"self":[{"href":"https:\/\/beneggiassociati.com\/en\/wp-json\/wp\/v2\/posts\/16302","targetHints":{"allow":["GET"]}}],"collection":[{"href":"https:\/\/beneggiassociati.com\/en\/wp-json\/wp\/v2\/posts"}],"about":[{"href":"https:\/\/beneggiassociati.com\/en\/wp-json\/wp\/v2\/types\/post"}],"author":[{"embeddable":true,"href":"https:\/\/beneggiassociati.com\/en\/wp-json\/wp\/v2\/users\/4"}],"replies":[{"embeddable":true,"href":"https:\/\/beneggiassociati.com\/en\/wp-json\/wp\/v2\/comments?post=16302"}],"version-history":[{"count":0,"href":"https:\/\/beneggiassociati.com\/en\/wp-json\/wp\/v2\/posts\/16302\/revisions"}],"wp:featuredmedia":[{"embeddable":true,"href":"https:\/\/beneggiassociati.com\/en\/wp-json\/wp\/v2\/media\/409"}],"wp:attachment":[{"href":"https:\/\/beneggiassociati.com\/en\/wp-json\/wp\/v2\/media?parent=16302"}],"wp:term":[{"taxonomy":"category","embeddable":true,"href":"https:\/\/beneggiassociati.com\/en\/wp-json\/wp\/v2\/categories?post=16302"},{"taxonomy":"post_tag","embeddable":true,"href":"https:\/\/beneggiassociati.com\/en\/wp-json\/wp\/v2\/tags?post=16302"}],"curies":[{"name":"wp","href":"https:\/\/api.w.org\/{rel}","templated":true}]}}