{"id":16311,"date":"2019-01-12T20:28:00","date_gmt":"2019-01-12T19:28:00","guid":{"rendered":"https:\/\/dev.beneggiassociati.com\/2019\/01\/12\/forfettari-con-il-15-o-5-esclusa-liva\/"},"modified":"2019-01-12T20:28:00","modified_gmt":"2019-01-12T19:28:00","slug":"forfettari-con-il-15-o-5-esclusa-liva","status":"publish","type":"post","link":"https:\/\/beneggiassociati.com\/en\/forfettari-con-il-15-o-5-esclusa-liva\/","title":{"rendered":"Forfettari, con il 15% (o 5%) esclusa l\u2019Iva"},"content":{"rendered":"\n<p>I nuovi forfettari, con la sostitutiva del 15% (al posto di Irpef, addizionali e Irap se dovuta), devono emettere la fattura senza applicazione dell\u2019Iva.&nbsp;<\/p>\n\n\n<p>Questa \u00e8 la prima mossa per aderire al regime forfettario dal 1\u00b0 gennaio 2019, per le persone fisiche esercenti attivit\u00e0 di impresa o arti e professioni che nel corso del 2018 hanno conseguito ricavi o compensi non oltre 65mila euro. Diventa infatti decisiva l\u2019annotazione in fattura del tipo \u00abnon soggetta a Iva legge 190\/2014 \u2013 regime forfettario\u00bb in quanto l\u2019applicazione dell\u2019Iva potrebbe essere letta come rinuncia al regime forfettario. I forfettari sono esclusi dalla e-fattura.<\/p>\n\n\n<p><br \/>Il regime forfettario si applica agli autonomi con ricavi o proventi non superiori a 65mila euro nell\u2019anno precedente.&nbsp;<\/p>\n\n\n<p>Non rileva se nel 2018 la persona fisica abbia avuto personale dipendente sostenendo una spesa superiore a 5mila euro, o abbia utilizzato beni strumentali oltre 20mila euro, o abbia percepito redditi di lavoro dipendente oltre 30mila euro.&nbsp;<\/p>\n\n\n<p><br \/>Le persone fisiche imprenditori e professionisti che nel 2018 abbiano applicato qualunque regime contabile, se si tratta di quello naturale, e abbiano realizzato ricavi o compensi non oltre 65mila euro, applicano naturalmente il regime forfettario, se lo vogliono, dal 2019. Quindi si pu\u00f2 trattare sia di contribuenti che abbiano applicato il regime forfettario, quello semplificato per cassa o quello di contabilit\u00e0 ordinaria sulla base dei ricavi conseguiti nel 2017. Se invece si trovano in un regime, semplificato per cassa o ordinario, per opzione (vincolante per un triennio), si pone il dubbio se possano aderire al regime forfettario. La revoca dell\u2019opzione dovrebbe essere possibile in forza dell\u2019articolo 1 del Dpr 442\/1997 che esclude il vincolo triennale in presenza di nuove norme. Invece l\u2019opzione triennale per il metodo della registrazione Iva di cui all\u2019articolo 18, comma 5 del Dpr 600, non \u00e8 vincolante in quanto si trova all\u2019interno del regime semplificato (agenzia delle Entrate, risoluzione 64\/E\/2018).&nbsp;<\/p>\n\n\n<p><br \/>La legge di bilancio 145\/2018 ha introdotto due cause ostative. La prima riguarda la partecipazione oltre che nelle societ\u00e0 di persone o associazioni, anche nell\u2019impresa familiare; inoltre \u00e8 ostativo il controllo diretto o indiretto di una Srl o di una associazione in partecipazione. Tuttavia, affinch\u00e9 la partecipazione sia incompatibile con il regime forfettario occorre anche una seconda condizione e cio\u00e8 che la Srl o l\u2019associazione svolgano una attivit\u00e0 riconducibile a quella svolta dalla persona fisica in regime forfettario. Quindi, un ingegnere informatico non pu\u00f2 essere socio per oltre il 50% di una societ\u00e0 che produce software, mentre un professionista pu\u00f2 essere socio della societ\u00e0 immobiliare proprietaria del suo studio.&nbsp;Altra questione \u00e8 quella di stabilire se le partecipazioni che compromettono il regime forfettario, debbano essere insussistenti dal 1\u00b0 gennaio 2019 oppure se possono essere rimosse anche nel corso di tale anno come sarebbe ragionevole in relazione al fatto che la legge di bilancio \u00e8 stata approvata qualche ora prima dell\u2019entrata in vigore. Si ricorda, al riguardo, che il comma 77 dell\u2019articolo 1 della legge 190\/2014 dispone che il regime forfettario cessa dall\u2019anno successivo a quello in cui si verificano le cause ostative di cui al comma 57. Ma in questo caso c\u2019\u00e8 il problema dei requisiti di accesso e a tal fine la circolare delle Entrate 10 del 4 aprile 2016, 2\u00b0 capitolo, afferma che per i requisiti di accesso (ricavi) si fa riferimento all\u2019anno precedente mentre per le cause di esclusione si fa riferimento al medesimo anno di applicazione del regime.<\/p>\n\n\n<p><br \/>La seconda nuova incompatibilit\u00e0 riguarda lo svolgimento di attivit\u00e0 in regime forfettario nei confronti del proprio datore di lavoro e di colui che lo \u00e8 stato nei due periodi di imposta precedenti (ovvero nei confronti di soggetti indirettamente o direttamente riconducibili); tuttavia la causa ostativa scatta soltanto nel caso in cui le operazioni svolte con i datori di lavoro siano prevalenti. Quindi, a un commercialista non \u00e8 inibito collaborare con un altro commercialista di cui \u00e8 stato dipendente a condizione che il fatturato con altri clienti sia superiore a quello con l\u2019ex datore di lavoro.<\/p>\n\n\n<p><a href=\"mailto:info@beneggiassociati.com\" target=\"_blank\" rel=\"noreferrer noopener\">Sei interessato all\u2019articolo? Scrivici e verrai contattato da un nostro Consultant<\/a><\/p>\n\n\n<p><a href=\"https:\/\/beneggiassociati.com\/\" target=\"_blank\" rel=\"noreferrer noopener\">@ Beneggi e Associati | Commercialisti al servizio delle imprese | Meda | Milano<\/a><br \/><\/p>\n","protected":false},"excerpt":{"rendered":"<p>I nuovi forfettari, con la sostitutiva del 15% (al posto di Irpef, addizionali e Irap se dovuta), devono emettere la fattura senza applicazione dell\u2019Iva.&nbsp; Questa \u00e8 la prima mossa per aderire al regime forfettario dal 1\u00b0 gennaio 2019, per le persone fisiche esercenti attivit\u00e0 di impresa o arti e professioni che nel corso del 2018 [&hellip;]<\/p>\n","protected":false},"author":4,"featured_media":409,"comment_status":"open","ping_status":"open","sticky":false,"template":"","format":"standard","meta":{"_acf_changed":false,"content-type":"","footnotes":""},"categories":[16],"tags":[],"class_list":["post-16311","post","type-post","status-publish","format-standard","has-post-thumbnail","hentry","category-archivio"],"acf":[],"yoast_head":"<!-- This site is optimized with the Yoast SEO plugin v27.5 - https:\/\/yoast.com\/product\/yoast-seo-wordpress\/ -->\n<title>Forfettari, con il 15% (o 5%) esclusa l\u2019Iva - Beneggi &amp; Associati<\/title>\n<meta name=\"description\" content=\"I nuovi forfettari, con la sostitutiva del 15% (al posto di Irpef, addizionali e Irap se dovuta), devono emettere la fattura senza applicazione\" \/>\n<meta name=\"robots\" content=\"index, follow, max-snippet:-1, max-image-preview:large, max-video-preview:-1\" \/>\n<link rel=\"canonical\" href=\"https:\/\/beneggiassociati.com\/en\/forfettari-con-il-15-o-5-esclusa-liva\/\" \/>\n<meta property=\"og:locale\" content=\"en_US\" \/>\n<meta property=\"og:type\" content=\"article\" \/>\n<meta property=\"og:title\" content=\"Forfettari, con il 15% (o 5%) esclusa l\u2019Iva - Beneggi &amp; Associati\" \/>\n<meta property=\"og:description\" content=\"I nuovi forfettari, con la sostitutiva del 15% (al posto di Irpef, addizionali e Irap se dovuta), devono emettere la fattura senza applicazione\" \/>\n<meta property=\"og:url\" content=\"https:\/\/beneggiassociati.com\/en\/forfettari-con-il-15-o-5-esclusa-liva\/\" \/>\n<meta property=\"og:site_name\" content=\"Beneggi &amp; Associati\" \/>\n<meta property=\"article:published_time\" content=\"2019-01-12T19:28:00+00:00\" \/>\n<meta property=\"og:image\" content=\"https:\/\/beneggiassociati.com\/wp-content\/uploads\/2025\/07\/single-post-beneggi.jpg\" \/>\n\t<meta property=\"og:image:width\" content=\"1280\" \/>\n\t<meta property=\"og:image:height\" content=\"823\" \/>\n\t<meta property=\"og:image:type\" content=\"image\/jpeg\" \/>\n<meta name=\"author\" content=\"Tiziano Beneggi\" \/>\n<meta name=\"twitter:card\" content=\"summary_large_image\" \/>\n<meta name=\"twitter:label1\" content=\"Written by\" \/>\n\t<meta name=\"twitter:data1\" content=\"Tiziano Beneggi\" \/>\n\t<meta name=\"twitter:label2\" content=\"Est. reading time\" \/>\n\t<meta name=\"twitter:data2\" content=\"3 minutes\" \/>\n<script type=\"application\/ld+json\" class=\"yoast-schema-graph\">{\"@context\":\"https:\\\/\\\/schema.org\",\"@graph\":[{\"@type\":\"Article\",\"@id\":\"https:\\\/\\\/beneggiassociati.com\\\/en\\\/forfettari-con-il-15-o-5-esclusa-liva\\\/#article\",\"isPartOf\":{\"@id\":\"https:\\\/\\\/beneggiassociati.com\\\/en\\\/forfettari-con-il-15-o-5-esclusa-liva\\\/\"},\"author\":{\"name\":\"Tiziano Beneggi\",\"@id\":\"https:\\\/\\\/beneggiassociati.com\\\/en\\\/#\\\/schema\\\/person\\\/828daacfa37b359e89e981f920072004\"},\"headline\":\"Forfettari, con il 15% (o 5%) esclusa l\u2019Iva\",\"datePublished\":\"2019-01-12T19:28:00+00:00\",\"mainEntityOfPage\":{\"@id\":\"https:\\\/\\\/beneggiassociati.com\\\/en\\\/forfettari-con-il-15-o-5-esclusa-liva\\\/\"},\"wordCount\":671,\"commentCount\":0,\"publisher\":{\"@id\":\"https:\\\/\\\/beneggiassociati.com\\\/en\\\/#organization\"},\"image\":{\"@id\":\"https:\\\/\\\/beneggiassociati.com\\\/en\\\/forfettari-con-il-15-o-5-esclusa-liva\\\/#primaryimage\"},\"thumbnailUrl\":\"https:\\\/\\\/beneggiassociati.com\\\/wp-content\\\/uploads\\\/2025\\\/07\\\/single-post-beneggi.jpg\",\"articleSection\":[\"ARCHIVIO\"],\"inLanguage\":\"en-US\"},{\"@type\":\"WebPage\",\"@id\":\"https:\\\/\\\/beneggiassociati.com\\\/en\\\/forfettari-con-il-15-o-5-esclusa-liva\\\/\",\"url\":\"https:\\\/\\\/beneggiassociati.com\\\/en\\\/forfettari-con-il-15-o-5-esclusa-liva\\\/\",\"name\":\"Forfettari, con il 15% (o 5%) esclusa l\u2019Iva - Beneggi &amp; Associati\",\"isPartOf\":{\"@id\":\"https:\\\/\\\/beneggiassociati.com\\\/en\\\/#website\"},\"primaryImageOfPage\":{\"@id\":\"https:\\\/\\\/beneggiassociati.com\\\/en\\\/forfettari-con-il-15-o-5-esclusa-liva\\\/#primaryimage\"},\"image\":{\"@id\":\"https:\\\/\\\/beneggiassociati.com\\\/en\\\/forfettari-con-il-15-o-5-esclusa-liva\\\/#primaryimage\"},\"thumbnailUrl\":\"https:\\\/\\\/beneggiassociati.com\\\/wp-content\\\/uploads\\\/2025\\\/07\\\/single-post-beneggi.jpg\",\"datePublished\":\"2019-01-12T19:28:00+00:00\",\"description\":\"I nuovi forfettari, con la sostitutiva del 15% (al posto di Irpef, addizionali e Irap se dovuta), devono emettere la fattura senza applicazione\",\"breadcrumb\":{\"@id\":\"https:\\\/\\\/beneggiassociati.com\\\/en\\\/forfettari-con-il-15-o-5-esclusa-liva\\\/#breadcrumb\"},\"inLanguage\":\"en-US\",\"potentialAction\":[{\"@type\":\"ReadAction\",\"target\":[\"https:\\\/\\\/beneggiassociati.com\\\/en\\\/forfettari-con-il-15-o-5-esclusa-liva\\\/\"]}]},{\"@type\":\"ImageObject\",\"inLanguage\":\"en-US\",\"@id\":\"https:\\\/\\\/beneggiassociati.com\\\/en\\\/forfettari-con-il-15-o-5-esclusa-liva\\\/#primaryimage\",\"url\":\"https:\\\/\\\/beneggiassociati.com\\\/wp-content\\\/uploads\\\/2025\\\/07\\\/single-post-beneggi.jpg\",\"contentUrl\":\"https:\\\/\\\/beneggiassociati.com\\\/wp-content\\\/uploads\\\/2025\\\/07\\\/single-post-beneggi.jpg\",\"width\":1280,\"height\":823},{\"@type\":\"BreadcrumbList\",\"@id\":\"https:\\\/\\\/beneggiassociati.com\\\/en\\\/forfettari-con-il-15-o-5-esclusa-liva\\\/#breadcrumb\",\"itemListElement\":[{\"@type\":\"ListItem\",\"position\":1,\"name\":\"Home\",\"item\":\"https:\\\/\\\/beneggiassociati.com\\\/en\\\/?page_id=24163\"},{\"@type\":\"ListItem\",\"position\":2,\"name\":\"Forfettari, con il 15% (o 5%) esclusa l\u2019Iva\"}]},{\"@type\":\"WebSite\",\"@id\":\"https:\\\/\\\/beneggiassociati.com\\\/en\\\/#website\",\"url\":\"https:\\\/\\\/beneggiassociati.com\\\/en\\\/\",\"name\":\"Beneggi e associati\",\"description\":\"\",\"publisher\":{\"@id\":\"https:\\\/\\\/beneggiassociati.com\\\/en\\\/#organization\"},\"potentialAction\":[{\"@type\":\"SearchAction\",\"target\":{\"@type\":\"EntryPoint\",\"urlTemplate\":\"https:\\\/\\\/beneggiassociati.com\\\/en\\\/?s={search_term_string}\"},\"query-input\":{\"@type\":\"PropertyValueSpecification\",\"valueRequired\":true,\"valueName\":\"search_term_string\"}}],\"inLanguage\":\"en-US\"},{\"@type\":\"Organization\",\"@id\":\"https:\\\/\\\/beneggiassociati.com\\\/en\\\/#organization\",\"name\":\"Beneggi e associati\",\"url\":\"https:\\\/\\\/beneggiassociati.com\\\/en\\\/\",\"logo\":{\"@type\":\"ImageObject\",\"inLanguage\":\"en-US\",\"@id\":\"https:\\\/\\\/beneggiassociati.com\\\/en\\\/#\\\/schema\\\/logo\\\/image\\\/\",\"url\":\"https:\\\/\\\/beneggiassociati.com\\\/wp-content\\\/uploads\\\/2025\\\/07\\\/beneggi-logo.png\",\"contentUrl\":\"https:\\\/\\\/beneggiassociati.com\\\/wp-content\\\/uploads\\\/2025\\\/07\\\/beneggi-logo.png\",\"width\":141,\"height\":87,\"caption\":\"Beneggi e associati\"},\"image\":{\"@id\":\"https:\\\/\\\/beneggiassociati.com\\\/en\\\/#\\\/schema\\\/logo\\\/image\\\/\"}},{\"@type\":\"Person\",\"@id\":\"https:\\\/\\\/beneggiassociati.com\\\/en\\\/#\\\/schema\\\/person\\\/828daacfa37b359e89e981f920072004\",\"name\":\"Tiziano Beneggi\",\"url\":\"https:\\\/\\\/beneggiassociati.com\\\/en\\\/author\\\/tizianobeneggiassociati-com\\\/\"}]}<\/script>\n<!-- \/ Yoast SEO plugin. -->","yoast_head_json":{"title":"Forfettari, con il 15% (o 5%) esclusa l\u2019Iva - Beneggi &amp; Associati","description":"I nuovi forfettari, con la sostitutiva del 15% (al posto di Irpef, addizionali e Irap se dovuta), devono emettere la fattura senza applicazione","robots":{"index":"index","follow":"follow","max-snippet":"max-snippet:-1","max-image-preview":"max-image-preview:large","max-video-preview":"max-video-preview:-1"},"canonical":"https:\/\/beneggiassociati.com\/en\/forfettari-con-il-15-o-5-esclusa-liva\/","og_locale":"en_US","og_type":"article","og_title":"Forfettari, con il 15% (o 5%) esclusa l\u2019Iva - Beneggi &amp; Associati","og_description":"I nuovi forfettari, con la sostitutiva del 15% (al posto di Irpef, addizionali e Irap se dovuta), devono emettere la fattura senza applicazione","og_url":"https:\/\/beneggiassociati.com\/en\/forfettari-con-il-15-o-5-esclusa-liva\/","og_site_name":"Beneggi &amp; Associati","article_published_time":"2019-01-12T19:28:00+00:00","og_image":[{"width":1280,"height":823,"url":"https:\/\/beneggiassociati.com\/wp-content\/uploads\/2025\/07\/single-post-beneggi.jpg","type":"image\/jpeg"}],"author":"Tiziano Beneggi","twitter_card":"summary_large_image","twitter_misc":{"Written by":"Tiziano Beneggi","Est. reading time":"3 minutes"},"schema":{"@context":"https:\/\/schema.org","@graph":[{"@type":"Article","@id":"https:\/\/beneggiassociati.com\/en\/forfettari-con-il-15-o-5-esclusa-liva\/#article","isPartOf":{"@id":"https:\/\/beneggiassociati.com\/en\/forfettari-con-il-15-o-5-esclusa-liva\/"},"author":{"name":"Tiziano Beneggi","@id":"https:\/\/beneggiassociati.com\/en\/#\/schema\/person\/828daacfa37b359e89e981f920072004"},"headline":"Forfettari, con il 15% (o 5%) esclusa l\u2019Iva","datePublished":"2019-01-12T19:28:00+00:00","mainEntityOfPage":{"@id":"https:\/\/beneggiassociati.com\/en\/forfettari-con-il-15-o-5-esclusa-liva\/"},"wordCount":671,"commentCount":0,"publisher":{"@id":"https:\/\/beneggiassociati.com\/en\/#organization"},"image":{"@id":"https:\/\/beneggiassociati.com\/en\/forfettari-con-il-15-o-5-esclusa-liva\/#primaryimage"},"thumbnailUrl":"https:\/\/beneggiassociati.com\/wp-content\/uploads\/2025\/07\/single-post-beneggi.jpg","articleSection":["ARCHIVIO"],"inLanguage":"en-US"},{"@type":"WebPage","@id":"https:\/\/beneggiassociati.com\/en\/forfettari-con-il-15-o-5-esclusa-liva\/","url":"https:\/\/beneggiassociati.com\/en\/forfettari-con-il-15-o-5-esclusa-liva\/","name":"Forfettari, con il 15% (o 5%) esclusa l\u2019Iva - Beneggi &amp; Associati","isPartOf":{"@id":"https:\/\/beneggiassociati.com\/en\/#website"},"primaryImageOfPage":{"@id":"https:\/\/beneggiassociati.com\/en\/forfettari-con-il-15-o-5-esclusa-liva\/#primaryimage"},"image":{"@id":"https:\/\/beneggiassociati.com\/en\/forfettari-con-il-15-o-5-esclusa-liva\/#primaryimage"},"thumbnailUrl":"https:\/\/beneggiassociati.com\/wp-content\/uploads\/2025\/07\/single-post-beneggi.jpg","datePublished":"2019-01-12T19:28:00+00:00","description":"I nuovi forfettari, con la sostitutiva del 15% (al posto di Irpef, addizionali e Irap se dovuta), devono emettere la fattura senza applicazione","breadcrumb":{"@id":"https:\/\/beneggiassociati.com\/en\/forfettari-con-il-15-o-5-esclusa-liva\/#breadcrumb"},"inLanguage":"en-US","potentialAction":[{"@type":"ReadAction","target":["https:\/\/beneggiassociati.com\/en\/forfettari-con-il-15-o-5-esclusa-liva\/"]}]},{"@type":"ImageObject","inLanguage":"en-US","@id":"https:\/\/beneggiassociati.com\/en\/forfettari-con-il-15-o-5-esclusa-liva\/#primaryimage","url":"https:\/\/beneggiassociati.com\/wp-content\/uploads\/2025\/07\/single-post-beneggi.jpg","contentUrl":"https:\/\/beneggiassociati.com\/wp-content\/uploads\/2025\/07\/single-post-beneggi.jpg","width":1280,"height":823},{"@type":"BreadcrumbList","@id":"https:\/\/beneggiassociati.com\/en\/forfettari-con-il-15-o-5-esclusa-liva\/#breadcrumb","itemListElement":[{"@type":"ListItem","position":1,"name":"Home","item":"https:\/\/beneggiassociati.com\/en\/?page_id=24163"},{"@type":"ListItem","position":2,"name":"Forfettari, con il 15% (o 5%) esclusa l\u2019Iva"}]},{"@type":"WebSite","@id":"https:\/\/beneggiassociati.com\/en\/#website","url":"https:\/\/beneggiassociati.com\/en\/","name":"Beneggi e associati","description":"","publisher":{"@id":"https:\/\/beneggiassociati.com\/en\/#organization"},"potentialAction":[{"@type":"SearchAction","target":{"@type":"EntryPoint","urlTemplate":"https:\/\/beneggiassociati.com\/en\/?s={search_term_string}"},"query-input":{"@type":"PropertyValueSpecification","valueRequired":true,"valueName":"search_term_string"}}],"inLanguage":"en-US"},{"@type":"Organization","@id":"https:\/\/beneggiassociati.com\/en\/#organization","name":"Beneggi e associati","url":"https:\/\/beneggiassociati.com\/en\/","logo":{"@type":"ImageObject","inLanguage":"en-US","@id":"https:\/\/beneggiassociati.com\/en\/#\/schema\/logo\/image\/","url":"https:\/\/beneggiassociati.com\/wp-content\/uploads\/2025\/07\/beneggi-logo.png","contentUrl":"https:\/\/beneggiassociati.com\/wp-content\/uploads\/2025\/07\/beneggi-logo.png","width":141,"height":87,"caption":"Beneggi e associati"},"image":{"@id":"https:\/\/beneggiassociati.com\/en\/#\/schema\/logo\/image\/"}},{"@type":"Person","@id":"https:\/\/beneggiassociati.com\/en\/#\/schema\/person\/828daacfa37b359e89e981f920072004","name":"Tiziano Beneggi","url":"https:\/\/beneggiassociati.com\/en\/author\/tizianobeneggiassociati-com\/"}]}},"_links":{"self":[{"href":"https:\/\/beneggiassociati.com\/en\/wp-json\/wp\/v2\/posts\/16311","targetHints":{"allow":["GET"]}}],"collection":[{"href":"https:\/\/beneggiassociati.com\/en\/wp-json\/wp\/v2\/posts"}],"about":[{"href":"https:\/\/beneggiassociati.com\/en\/wp-json\/wp\/v2\/types\/post"}],"author":[{"embeddable":true,"href":"https:\/\/beneggiassociati.com\/en\/wp-json\/wp\/v2\/users\/4"}],"replies":[{"embeddable":true,"href":"https:\/\/beneggiassociati.com\/en\/wp-json\/wp\/v2\/comments?post=16311"}],"version-history":[{"count":0,"href":"https:\/\/beneggiassociati.com\/en\/wp-json\/wp\/v2\/posts\/16311\/revisions"}],"wp:featuredmedia":[{"embeddable":true,"href":"https:\/\/beneggiassociati.com\/en\/wp-json\/wp\/v2\/media\/409"}],"wp:attachment":[{"href":"https:\/\/beneggiassociati.com\/en\/wp-json\/wp\/v2\/media?parent=16311"}],"wp:term":[{"taxonomy":"category","embeddable":true,"href":"https:\/\/beneggiassociati.com\/en\/wp-json\/wp\/v2\/categories?post=16311"},{"taxonomy":"post_tag","embeddable":true,"href":"https:\/\/beneggiassociati.com\/en\/wp-json\/wp\/v2\/tags?post=16311"}],"curies":[{"name":"wp","href":"https:\/\/api.w.org\/{rel}","templated":true}]}}