{"id":16316,"date":"2019-01-12T21:24:00","date_gmt":"2019-01-12T20:24:00","guid":{"rendered":"https:\/\/dev.beneggiassociati.com\/2019\/01\/12\/giovani-laureati-con-la-lode-assunzione-con-sgravio-contributi\/"},"modified":"2019-01-12T21:24:00","modified_gmt":"2019-01-12T20:24:00","slug":"giovani-laureati-con-la-lode-assunzione-con-sgravio-contributi","status":"publish","type":"post","link":"https:\/\/beneggiassociati.com\/en\/giovani-laureati-con-la-lode-assunzione-con-sgravio-contributi\/","title":{"rendered":"Giovani laureati con la lode, assunzione con sgravio contributi"},"content":{"rendered":"\n<p>Con la legge 145\/2018 viene introdotta una forma di assunzione agevolata per i cittadini che hanno conseguito, o lo faranno, una laurea magistrale nel periodo dal 1\u00b0 gennaio 2018 al 30 giugno 2019 con la votazione di 110 e lode e con una media ponderata di almeno 108\/110, entro la durata legale del corso di studi e prima del compimento del trentesimo anno di et\u00e0, in universit\u00e0 statali o non statali legalmente riconosciute (comprese quelle telematiche); nonch\u00e9 a coloro che hanno ottenuto un dottorato di ricerca sempre nello stesso periodo e prima del compimento del trentaquattresimo anno di et\u00e0, in universit\u00e0 statali o non statali legalmente riconosciute.<\/p>\n\n\n<p><br \/>I datori di lavoro, che assumono con contratto a tempo indeterminato soggetti con i requisiti descritti, possono beneficiare di una riduzione dei contributi a loro carico dovuti all\u2019Inps (premio Inail escluso).&nbsp;<\/p>\n\n\n<p>L\u2019agevolazione, che ai fini delle regole europee rientra nel \u201cde minimis\u201d, \u00e8 applicabile per un anno dall\u2019inizio del rapporto e non pu\u00f2 eccedere gli 8mila euro.&nbsp;<\/p>\n\n\n<p>Le assunzioni devono essere effettuate nel corso del 2019.&nbsp;<\/p>\n\n\n<p>Sono agevolate anche le trasformazioni di contratti a termine e il part time anche se, in quest\u2019ultimo caso, la facilitazione \u00e8 soggetta a una riduzione proporzionale in base all\u2019orario svolto.<\/p>\n\n\n<p>L\u2019esonero \u00e8 cumulabile con gli altri incentivi all\u2019assunzione, di natura economica o contributiva, definiti su base nazionale e regionale. Per espressa previsione normativa sono esclusi i lavoratori domestici.<\/p>\n\n\n<p><br \/>Non potranno accedere all\u2019incentivo i datori di lavoro che, nei 12 mesi precedenti la nuova assunzione, hanno effettuato licenziamenti individuali per giustificato motivo oggettivo o collettivi nell\u2019unit\u00e0 in cui si intende assumere il giovane.&nbsp;<\/p>\n\n\n<p>Qualora il lavoratore assunto con l\u2019agevolazione venga licenziato per giustificato motivo oggettivo, l\u2019esonero viene revocato e i contributi non versati devono essere pagati; lo stesso vale nell\u2019ipotesi in cui venga licenziato un dipendente nella stessa unit\u00e0 produttiva e inquadrato con la medesima qualifica di quello assunto con le facilitazioni.&nbsp;<\/p>\n\n\n<p><br \/>Se il lavoratore \u201cagevolato\u201d viene riassunto da un altro datore di lavoro (nel 2019), l\u2019azienda subentrante pu\u00f2 ottenere l\u2019esonero per i mesi mancanti.&nbsp;<\/p>\n\n\n<p><br \/>Si dovrebbe perdere il diritto all\u2019esonero: se il numero complessivo dei dipendenti \u00e8 inferiore o pari a quello indicato nel bilancio presentato nel periodo di imposta precedente l\u2019incentivo; se i posti di lavoro creati non sono conservati per tre anni, ovvero due anni nel caso delle piccole e medie imprese; se l\u2019azienda delocalizza in un Paese extra Ue; se vengono definitivamente accertate determinate violazioni di legge in materia lavoristica. Alcuni commi dell\u2019articolo 24 appaiono di difficile applicazione. Per esempio, il comma 2 afferma che il credito di imposta (rectius esonero contributivo) deve essere indicato nella dichiarazione dei redditi, dettando delle regole esclusivamente attinenti a un credito d\u2019imposta e non a una riduzione di contributi. Anche il richiamo ai commi da 7 a 10 \u00e8 bizzarro visto che ai fini del controllo per la lecita fruizione dell\u2019aiuto, si chiamano in causa i revisori contabili; soggetti che in passato non sono mai stati coinvolti in caso di assunzioni agevolate che prevedono una riduzione contributiva. Probabilmente occorrer\u00e0 intervenire in sede amministrativa, facendo chiarezza.<\/p>\n\n\n<p><a href=\"mailto:info@beneggiassociati.com\" target=\"_blank\" rel=\"noreferrer noopener\">Sei interessato all\u2019articolo? Scrivici e verrai contattato da un nostro Consultant<\/a><\/p>\n\n\n<p><a href=\"https:\/\/beneggiassociati.com\/\" target=\"_blank\" rel=\"noreferrer noopener\">@ Beneggi e Associati | Commercialisti al servizio delle imprese | Meda | Milano<\/a><br \/><\/p>\n","protected":false},"excerpt":{"rendered":"<p>Con la legge 145\/2018 viene introdotta una forma di assunzione agevolata per i cittadini che hanno conseguito, o lo faranno, una laurea magistrale nel periodo dal 1\u00b0 gennaio 2018 al 30 giugno 2019 con la votazione di 110 e lode e con una media ponderata di almeno 108\/110, entro la durata legale del corso di [&hellip;]<\/p>\n","protected":false},"author":4,"featured_media":409,"comment_status":"open","ping_status":"open","sticky":false,"template":"","format":"standard","meta":{"_acf_changed":false,"content-type":"","footnotes":""},"categories":[16],"tags":[],"class_list":["post-16316","post","type-post","status-publish","format-standard","has-post-thumbnail","hentry","category-archivio"],"acf":[],"yoast_head":"<!-- This site is optimized with the Yoast SEO plugin v27.5 - https:\/\/yoast.com\/product\/yoast-seo-wordpress\/ -->\n<title>Giovani laureati con la lode, assunzione con sgravio contributi - Beneggi &amp; Associati<\/title>\n<meta name=\"description\" content=\"Con la legge 145\/2018 viene introdotta una forma di assunzione agevolata per i cittadini che hanno conseguito, o lo faranno, una laurea magistrale nel\" \/>\n<meta name=\"robots\" content=\"index, follow, max-snippet:-1, max-image-preview:large, max-video-preview:-1\" \/>\n<link rel=\"canonical\" href=\"https:\/\/beneggiassociati.com\/en\/giovani-laureati-con-la-lode-assunzione-con-sgravio-contributi\/\" \/>\n<meta property=\"og:locale\" content=\"en_US\" \/>\n<meta property=\"og:type\" content=\"article\" \/>\n<meta property=\"og:title\" content=\"Giovani laureati con la lode, assunzione con sgravio contributi - Beneggi &amp; Associati\" \/>\n<meta property=\"og:description\" content=\"Con la legge 145\/2018 viene introdotta una forma di assunzione agevolata per i cittadini che hanno conseguito, o lo faranno, una laurea magistrale nel\" \/>\n<meta property=\"og:url\" content=\"https:\/\/beneggiassociati.com\/en\/giovani-laureati-con-la-lode-assunzione-con-sgravio-contributi\/\" \/>\n<meta property=\"og:site_name\" content=\"Beneggi &amp; Associati\" \/>\n<meta property=\"article:published_time\" content=\"2019-01-12T20:24:00+00:00\" \/>\n<meta property=\"og:image\" content=\"https:\/\/beneggiassociati.com\/wp-content\/uploads\/2025\/07\/single-post-beneggi.jpg\" \/>\n\t<meta property=\"og:image:width\" content=\"1280\" \/>\n\t<meta property=\"og:image:height\" content=\"823\" \/>\n\t<meta property=\"og:image:type\" content=\"image\/jpeg\" \/>\n<meta name=\"author\" content=\"Tiziano Beneggi\" \/>\n<meta name=\"twitter:card\" content=\"summary_large_image\" \/>\n<meta name=\"twitter:label1\" content=\"Written by\" \/>\n\t<meta name=\"twitter:data1\" content=\"Tiziano Beneggi\" \/>\n\t<meta name=\"twitter:label2\" content=\"Est. reading time\" \/>\n\t<meta name=\"twitter:data2\" content=\"3 minutes\" \/>\n<script type=\"application\/ld+json\" class=\"yoast-schema-graph\">{\"@context\":\"https:\\\/\\\/schema.org\",\"@graph\":[{\"@type\":\"Article\",\"@id\":\"https:\\\/\\\/beneggiassociati.com\\\/en\\\/giovani-laureati-con-la-lode-assunzione-con-sgravio-contributi\\\/#article\",\"isPartOf\":{\"@id\":\"https:\\\/\\\/beneggiassociati.com\\\/en\\\/giovani-laureati-con-la-lode-assunzione-con-sgravio-contributi\\\/\"},\"author\":{\"name\":\"Tiziano Beneggi\",\"@id\":\"https:\\\/\\\/beneggiassociati.com\\\/en\\\/#\\\/schema\\\/person\\\/828daacfa37b359e89e981f920072004\"},\"headline\":\"Giovani laureati con la lode, assunzione con sgravio contributi\",\"datePublished\":\"2019-01-12T20:24:00+00:00\",\"mainEntityOfPage\":{\"@id\":\"https:\\\/\\\/beneggiassociati.com\\\/en\\\/giovani-laureati-con-la-lode-assunzione-con-sgravio-contributi\\\/\"},\"wordCount\":545,\"commentCount\":0,\"publisher\":{\"@id\":\"https:\\\/\\\/beneggiassociati.com\\\/en\\\/#organization\"},\"image\":{\"@id\":\"https:\\\/\\\/beneggiassociati.com\\\/en\\\/giovani-laureati-con-la-lode-assunzione-con-sgravio-contributi\\\/#primaryimage\"},\"thumbnailUrl\":\"https:\\\/\\\/beneggiassociati.com\\\/wp-content\\\/uploads\\\/2025\\\/07\\\/single-post-beneggi.jpg\",\"articleSection\":[\"ARCHIVIO\"],\"inLanguage\":\"en-US\"},{\"@type\":\"WebPage\",\"@id\":\"https:\\\/\\\/beneggiassociati.com\\\/en\\\/giovani-laureati-con-la-lode-assunzione-con-sgravio-contributi\\\/\",\"url\":\"https:\\\/\\\/beneggiassociati.com\\\/en\\\/giovani-laureati-con-la-lode-assunzione-con-sgravio-contributi\\\/\",\"name\":\"Giovani laureati con la lode, assunzione con sgravio contributi - Beneggi &amp; Associati\",\"isPartOf\":{\"@id\":\"https:\\\/\\\/beneggiassociati.com\\\/en\\\/#website\"},\"primaryImageOfPage\":{\"@id\":\"https:\\\/\\\/beneggiassociati.com\\\/en\\\/giovani-laureati-con-la-lode-assunzione-con-sgravio-contributi\\\/#primaryimage\"},\"image\":{\"@id\":\"https:\\\/\\\/beneggiassociati.com\\\/en\\\/giovani-laureati-con-la-lode-assunzione-con-sgravio-contributi\\\/#primaryimage\"},\"thumbnailUrl\":\"https:\\\/\\\/beneggiassociati.com\\\/wp-content\\\/uploads\\\/2025\\\/07\\\/single-post-beneggi.jpg\",\"datePublished\":\"2019-01-12T20:24:00+00:00\",\"description\":\"Con la legge 145\\\/2018 viene introdotta una forma di assunzione agevolata per i cittadini che hanno conseguito, o lo faranno, una laurea magistrale nel\",\"breadcrumb\":{\"@id\":\"https:\\\/\\\/beneggiassociati.com\\\/en\\\/giovani-laureati-con-la-lode-assunzione-con-sgravio-contributi\\\/#breadcrumb\"},\"inLanguage\":\"en-US\",\"potentialAction\":[{\"@type\":\"ReadAction\",\"target\":[\"https:\\\/\\\/beneggiassociati.com\\\/en\\\/giovani-laureati-con-la-lode-assunzione-con-sgravio-contributi\\\/\"]}]},{\"@type\":\"ImageObject\",\"inLanguage\":\"en-US\",\"@id\":\"https:\\\/\\\/beneggiassociati.com\\\/en\\\/giovani-laureati-con-la-lode-assunzione-con-sgravio-contributi\\\/#primaryimage\",\"url\":\"https:\\\/\\\/beneggiassociati.com\\\/wp-content\\\/uploads\\\/2025\\\/07\\\/single-post-beneggi.jpg\",\"contentUrl\":\"https:\\\/\\\/beneggiassociati.com\\\/wp-content\\\/uploads\\\/2025\\\/07\\\/single-post-beneggi.jpg\",\"width\":1280,\"height\":823},{\"@type\":\"BreadcrumbList\",\"@id\":\"https:\\\/\\\/beneggiassociati.com\\\/en\\\/giovani-laureati-con-la-lode-assunzione-con-sgravio-contributi\\\/#breadcrumb\",\"itemListElement\":[{\"@type\":\"ListItem\",\"position\":1,\"name\":\"Home\",\"item\":\"https:\\\/\\\/beneggiassociati.com\\\/en\\\/?page_id=24163\"},{\"@type\":\"ListItem\",\"position\":2,\"name\":\"Giovani laureati con la lode, assunzione con sgravio contributi\"}]},{\"@type\":\"WebSite\",\"@id\":\"https:\\\/\\\/beneggiassociati.com\\\/en\\\/#website\",\"url\":\"https:\\\/\\\/beneggiassociati.com\\\/en\\\/\",\"name\":\"Beneggi e associati\",\"description\":\"\",\"publisher\":{\"@id\":\"https:\\\/\\\/beneggiassociati.com\\\/en\\\/#organization\"},\"potentialAction\":[{\"@type\":\"SearchAction\",\"target\":{\"@type\":\"EntryPoint\",\"urlTemplate\":\"https:\\\/\\\/beneggiassociati.com\\\/en\\\/?s={search_term_string}\"},\"query-input\":{\"@type\":\"PropertyValueSpecification\",\"valueRequired\":true,\"valueName\":\"search_term_string\"}}],\"inLanguage\":\"en-US\"},{\"@type\":\"Organization\",\"@id\":\"https:\\\/\\\/beneggiassociati.com\\\/en\\\/#organization\",\"name\":\"Beneggi e associati\",\"url\":\"https:\\\/\\\/beneggiassociati.com\\\/en\\\/\",\"logo\":{\"@type\":\"ImageObject\",\"inLanguage\":\"en-US\",\"@id\":\"https:\\\/\\\/beneggiassociati.com\\\/en\\\/#\\\/schema\\\/logo\\\/image\\\/\",\"url\":\"https:\\\/\\\/beneggiassociati.com\\\/wp-content\\\/uploads\\\/2025\\\/07\\\/beneggi-logo.png\",\"contentUrl\":\"https:\\\/\\\/beneggiassociati.com\\\/wp-content\\\/uploads\\\/2025\\\/07\\\/beneggi-logo.png\",\"width\":141,\"height\":87,\"caption\":\"Beneggi e associati\"},\"image\":{\"@id\":\"https:\\\/\\\/beneggiassociati.com\\\/en\\\/#\\\/schema\\\/logo\\\/image\\\/\"}},{\"@type\":\"Person\",\"@id\":\"https:\\\/\\\/beneggiassociati.com\\\/en\\\/#\\\/schema\\\/person\\\/828daacfa37b359e89e981f920072004\",\"name\":\"Tiziano Beneggi\",\"url\":\"https:\\\/\\\/beneggiassociati.com\\\/en\\\/author\\\/tizianobeneggiassociati-com\\\/\"}]}<\/script>\n<!-- \/ Yoast SEO plugin. -->","yoast_head_json":{"title":"Giovani laureati con la lode, assunzione con sgravio contributi - Beneggi &amp; Associati","description":"Con la legge 145\/2018 viene introdotta una forma di assunzione agevolata per i cittadini che hanno conseguito, o lo faranno, una laurea magistrale nel","robots":{"index":"index","follow":"follow","max-snippet":"max-snippet:-1","max-image-preview":"max-image-preview:large","max-video-preview":"max-video-preview:-1"},"canonical":"https:\/\/beneggiassociati.com\/en\/giovani-laureati-con-la-lode-assunzione-con-sgravio-contributi\/","og_locale":"en_US","og_type":"article","og_title":"Giovani laureati con la lode, assunzione con sgravio contributi - Beneggi &amp; Associati","og_description":"Con la legge 145\/2018 viene introdotta una forma di assunzione agevolata per i cittadini che hanno conseguito, o lo faranno, una laurea magistrale nel","og_url":"https:\/\/beneggiassociati.com\/en\/giovani-laureati-con-la-lode-assunzione-con-sgravio-contributi\/","og_site_name":"Beneggi &amp; Associati","article_published_time":"2019-01-12T20:24:00+00:00","og_image":[{"width":1280,"height":823,"url":"https:\/\/beneggiassociati.com\/wp-content\/uploads\/2025\/07\/single-post-beneggi.jpg","type":"image\/jpeg"}],"author":"Tiziano Beneggi","twitter_card":"summary_large_image","twitter_misc":{"Written by":"Tiziano Beneggi","Est. reading time":"3 minutes"},"schema":{"@context":"https:\/\/schema.org","@graph":[{"@type":"Article","@id":"https:\/\/beneggiassociati.com\/en\/giovani-laureati-con-la-lode-assunzione-con-sgravio-contributi\/#article","isPartOf":{"@id":"https:\/\/beneggiassociati.com\/en\/giovani-laureati-con-la-lode-assunzione-con-sgravio-contributi\/"},"author":{"name":"Tiziano Beneggi","@id":"https:\/\/beneggiassociati.com\/en\/#\/schema\/person\/828daacfa37b359e89e981f920072004"},"headline":"Giovani laureati con la lode, assunzione con sgravio contributi","datePublished":"2019-01-12T20:24:00+00:00","mainEntityOfPage":{"@id":"https:\/\/beneggiassociati.com\/en\/giovani-laureati-con-la-lode-assunzione-con-sgravio-contributi\/"},"wordCount":545,"commentCount":0,"publisher":{"@id":"https:\/\/beneggiassociati.com\/en\/#organization"},"image":{"@id":"https:\/\/beneggiassociati.com\/en\/giovani-laureati-con-la-lode-assunzione-con-sgravio-contributi\/#primaryimage"},"thumbnailUrl":"https:\/\/beneggiassociati.com\/wp-content\/uploads\/2025\/07\/single-post-beneggi.jpg","articleSection":["ARCHIVIO"],"inLanguage":"en-US"},{"@type":"WebPage","@id":"https:\/\/beneggiassociati.com\/en\/giovani-laureati-con-la-lode-assunzione-con-sgravio-contributi\/","url":"https:\/\/beneggiassociati.com\/en\/giovani-laureati-con-la-lode-assunzione-con-sgravio-contributi\/","name":"Giovani laureati con la lode, assunzione con sgravio contributi - Beneggi &amp; Associati","isPartOf":{"@id":"https:\/\/beneggiassociati.com\/en\/#website"},"primaryImageOfPage":{"@id":"https:\/\/beneggiassociati.com\/en\/giovani-laureati-con-la-lode-assunzione-con-sgravio-contributi\/#primaryimage"},"image":{"@id":"https:\/\/beneggiassociati.com\/en\/giovani-laureati-con-la-lode-assunzione-con-sgravio-contributi\/#primaryimage"},"thumbnailUrl":"https:\/\/beneggiassociati.com\/wp-content\/uploads\/2025\/07\/single-post-beneggi.jpg","datePublished":"2019-01-12T20:24:00+00:00","description":"Con la legge 145\/2018 viene introdotta una forma di assunzione agevolata per i cittadini che hanno conseguito, o lo faranno, una laurea magistrale nel","breadcrumb":{"@id":"https:\/\/beneggiassociati.com\/en\/giovani-laureati-con-la-lode-assunzione-con-sgravio-contributi\/#breadcrumb"},"inLanguage":"en-US","potentialAction":[{"@type":"ReadAction","target":["https:\/\/beneggiassociati.com\/en\/giovani-laureati-con-la-lode-assunzione-con-sgravio-contributi\/"]}]},{"@type":"ImageObject","inLanguage":"en-US","@id":"https:\/\/beneggiassociati.com\/en\/giovani-laureati-con-la-lode-assunzione-con-sgravio-contributi\/#primaryimage","url":"https:\/\/beneggiassociati.com\/wp-content\/uploads\/2025\/07\/single-post-beneggi.jpg","contentUrl":"https:\/\/beneggiassociati.com\/wp-content\/uploads\/2025\/07\/single-post-beneggi.jpg","width":1280,"height":823},{"@type":"BreadcrumbList","@id":"https:\/\/beneggiassociati.com\/en\/giovani-laureati-con-la-lode-assunzione-con-sgravio-contributi\/#breadcrumb","itemListElement":[{"@type":"ListItem","position":1,"name":"Home","item":"https:\/\/beneggiassociati.com\/en\/?page_id=24163"},{"@type":"ListItem","position":2,"name":"Giovani laureati con la lode, assunzione con sgravio contributi"}]},{"@type":"WebSite","@id":"https:\/\/beneggiassociati.com\/en\/#website","url":"https:\/\/beneggiassociati.com\/en\/","name":"Beneggi e associati","description":"","publisher":{"@id":"https:\/\/beneggiassociati.com\/en\/#organization"},"potentialAction":[{"@type":"SearchAction","target":{"@type":"EntryPoint","urlTemplate":"https:\/\/beneggiassociati.com\/en\/?s={search_term_string}"},"query-input":{"@type":"PropertyValueSpecification","valueRequired":true,"valueName":"search_term_string"}}],"inLanguage":"en-US"},{"@type":"Organization","@id":"https:\/\/beneggiassociati.com\/en\/#organization","name":"Beneggi e associati","url":"https:\/\/beneggiassociati.com\/en\/","logo":{"@type":"ImageObject","inLanguage":"en-US","@id":"https:\/\/beneggiassociati.com\/en\/#\/schema\/logo\/image\/","url":"https:\/\/beneggiassociati.com\/wp-content\/uploads\/2025\/07\/beneggi-logo.png","contentUrl":"https:\/\/beneggiassociati.com\/wp-content\/uploads\/2025\/07\/beneggi-logo.png","width":141,"height":87,"caption":"Beneggi e associati"},"image":{"@id":"https:\/\/beneggiassociati.com\/en\/#\/schema\/logo\/image\/"}},{"@type":"Person","@id":"https:\/\/beneggiassociati.com\/en\/#\/schema\/person\/828daacfa37b359e89e981f920072004","name":"Tiziano Beneggi","url":"https:\/\/beneggiassociati.com\/en\/author\/tizianobeneggiassociati-com\/"}]}},"_links":{"self":[{"href":"https:\/\/beneggiassociati.com\/en\/wp-json\/wp\/v2\/posts\/16316","targetHints":{"allow":["GET"]}}],"collection":[{"href":"https:\/\/beneggiassociati.com\/en\/wp-json\/wp\/v2\/posts"}],"about":[{"href":"https:\/\/beneggiassociati.com\/en\/wp-json\/wp\/v2\/types\/post"}],"author":[{"embeddable":true,"href":"https:\/\/beneggiassociati.com\/en\/wp-json\/wp\/v2\/users\/4"}],"replies":[{"embeddable":true,"href":"https:\/\/beneggiassociati.com\/en\/wp-json\/wp\/v2\/comments?post=16316"}],"version-history":[{"count":0,"href":"https:\/\/beneggiassociati.com\/en\/wp-json\/wp\/v2\/posts\/16316\/revisions"}],"wp:featuredmedia":[{"embeddable":true,"href":"https:\/\/beneggiassociati.com\/en\/wp-json\/wp\/v2\/media\/409"}],"wp:attachment":[{"href":"https:\/\/beneggiassociati.com\/en\/wp-json\/wp\/v2\/media?parent=16316"}],"wp:term":[{"taxonomy":"category","embeddable":true,"href":"https:\/\/beneggiassociati.com\/en\/wp-json\/wp\/v2\/categories?post=16316"},{"taxonomy":"post_tag","embeddable":true,"href":"https:\/\/beneggiassociati.com\/en\/wp-json\/wp\/v2\/tags?post=16316"}],"curies":[{"name":"wp","href":"https:\/\/api.w.org\/{rel}","templated":true}]}}