{"id":16319,"date":"2019-01-12T22:11:00","date_gmt":"2019-01-12T21:11:00","guid":{"rendered":"https:\/\/dev.beneggiassociati.com\/2019\/01\/12\/web-tax-3-indeducibile-dallires\/"},"modified":"2019-01-12T22:11:00","modified_gmt":"2019-01-12T21:11:00","slug":"web-tax-3-indeducibile-dallires","status":"publish","type":"post","link":"https:\/\/beneggiassociati.com\/en\/web-tax-3-indeducibile-dallires\/","title":{"rendered":"Web tax, 3% indeducibile dall\u2019Ires"},"content":{"rendered":"\n<p>La legge di Bilancio 2019 introduce un\u2019imposta destinata a colpire questi servizi digitali. I presupposti di applicazione del tributo si articolano sul piano soggettivo, oggettivo e \u00abterritoriale\u00bb. Per quanto riguarda le disposizioni di attuazione e le modalit\u00e0 applicative, la legge rinvia rispettivamente a un decreto di attuazione del Mef (entro quattro mesi) e a un provvedimento del direttore dell\u2019agenzia delle Entrate.&nbsp;<\/p>\n\n\n<p><br \/>Sotto il profilo soggettivo, la prima condizione \u00e8 individuata nell\u2019esercizio dell\u2019attivit\u00e0 d\u2019impresa. \u00c8 poi necessario il superamento, nel corso dell\u2019anno solare, di una doppia soglia di ricavi. In particolare, l\u2019ammontare complessivo dei ricavi realizzati non deve essere inferiore a 750 milioni di euro e il totale dei ricavi derivanti da \u00abservizi digitali\u00bb realizzati nel territorio dello Stato non deve essere inferiore a 5,5 milioni. Il superamento delle soglie rileva singolarmente o a livello di gruppo. Se i requisiti sono soddisfatti, l\u2019imposta colpisce sia le imprese non residenti che le residenti in Italia e indipendentemente dalla natura dei committenti (sono tassabili sia i ricavi da prestazioni B2B che B2C).<\/p>\n\n\n<p><br \/>I servizi digitali tassabili si dividono in tre tipologie. La prima comprende la veicolazione su un\u2019interfaccia digitale di pubblicit\u00e0. La seconda riguarda la messa a disposizione di un\u2019interfaccia digitale che consenta agli utenti di mettersi in contatto e interagire tra loro, anche al fine di facilitare lo scambio diretto fra utenti di beni e servizi (servizi d\u2019intermediazione della cosiddetta sharing economy). La terza include la trasmissione di dati raccolti dagli utenti di un\u2019interfaccia digitale generati a seguito del loro utilizzo.&nbsp;<\/p>\n\n\n<p><br \/>L\u2019individuazione specifica dei servizi \u00e8 cruciale, limitandosi la legge solo a definire macro-tipologie. Occorrer\u00e0 attendere il Dm per un quadro pi\u00f9 chiaro.&nbsp;<\/p>\n\n\n<p><br \/>La base imponibile dell\u2019imposta \u00e8 rappresentata dai soli ricavi derivanti dalla fornitura di servizi digitali \u00ablocalizzati\u00bb nel territorio dello Stato. I ricavi sono assunti al lordo dei costi e al netto dell\u2019Iva e delle altre imposte indirette. Non sono tassati i ricavi derivanti da servizi prestati a favore di societ\u00e0 del gruppo (controllanti, controllate o soggette a controllo comune). L\u2019imposta prevede un\u2019aliquota del 3% applicata su base trimestrale. Il versamento deve avvenire entro il mese successivo al trimestre di riferimento.&nbsp;<\/p>\n\n\n<p><br \/>\u00c8 previsto l\u2019obbligo di presentazione di una dichiarazione entro il quarto mese successivo alla chiusura del periodo d\u2019imposta. Nel caso di pi\u00f9 societ\u00e0 tenute al versamento dell\u2019imposta appartenenti al medesimo gruppo, la legge prevede la possibilit\u00e0 di designare una sola societ\u00e0 per l\u2019assolvimento degli adempimenti.<\/p>\n\n\n<p>L\u2019imposta, che colpisce i ricavi, ha natura indiretta, non \u00e8 deducibile dall\u2019Ires ed \u00e8 un aggravio per il mondo digitale, non solo per i giganti del web, ma anche per le Pmi e gli utenti che potrebbero vedersi ribaltato questo extra costo.<\/p>\n\n\n<p><a href=\"mailto:info@beneggiassociati.com\" target=\"_blank\" rel=\"noreferrer noopener\">Sei interessato all\u2019articolo? Scrivici e verrai contattato da un nostro Consultant<\/a><\/p>\n\n\n<p><a href=\"https:\/\/beneggiassociati.com\/\" target=\"_blank\" rel=\"noreferrer noopener\">@ Beneggi e Associati | Commercialisti al servizio delle imprese | Meda | Milano<\/a><br \/><\/p>\n","protected":false},"excerpt":{"rendered":"<p>La legge di Bilancio 2019 introduce un\u2019imposta destinata a colpire questi servizi digitali. I presupposti di applicazione del tributo si articolano sul piano soggettivo, oggettivo e \u00abterritoriale\u00bb. Per quanto riguarda le disposizioni di attuazione e le modalit\u00e0 applicative, la legge rinvia rispettivamente a un decreto di attuazione del Mef (entro quattro mesi) e a un [&hellip;]<\/p>\n","protected":false},"author":4,"featured_media":409,"comment_status":"open","ping_status":"open","sticky":false,"template":"","format":"standard","meta":{"_acf_changed":false,"content-type":"","footnotes":""},"categories":[16],"tags":[],"class_list":["post-16319","post","type-post","status-publish","format-standard","has-post-thumbnail","hentry","category-archivio"],"acf":[],"yoast_head":"<!-- This site is optimized with the Yoast SEO plugin v27.5 - https:\/\/yoast.com\/product\/yoast-seo-wordpress\/ -->\n<title>Web tax, 3% indeducibile dall\u2019Ires - Beneggi &amp; Associati<\/title>\n<meta name=\"description\" content=\"La legge di Bilancio 2019 introduce un\u2019imposta destinata a colpire questi servizi digitali. I presupposti di applicazione del tributo si articolano sul\" \/>\n<meta name=\"robots\" content=\"index, follow, max-snippet:-1, max-image-preview:large, max-video-preview:-1\" \/>\n<link rel=\"canonical\" href=\"https:\/\/beneggiassociati.com\/en\/web-tax-3-indeducibile-dallires\/\" \/>\n<meta property=\"og:locale\" content=\"en_US\" \/>\n<meta property=\"og:type\" content=\"article\" \/>\n<meta property=\"og:title\" content=\"Web tax, 3% indeducibile dall\u2019Ires - Beneggi &amp; Associati\" \/>\n<meta property=\"og:description\" content=\"La legge di Bilancio 2019 introduce un\u2019imposta destinata a colpire questi servizi digitali. I presupposti di applicazione del tributo si articolano sul\" \/>\n<meta property=\"og:url\" content=\"https:\/\/beneggiassociati.com\/en\/web-tax-3-indeducibile-dallires\/\" \/>\n<meta property=\"og:site_name\" content=\"Beneggi &amp; Associati\" \/>\n<meta property=\"article:published_time\" content=\"2019-01-12T21:11:00+00:00\" \/>\n<meta property=\"og:image\" content=\"https:\/\/beneggiassociati.com\/wp-content\/uploads\/2025\/07\/single-post-beneggi.jpg\" \/>\n\t<meta property=\"og:image:width\" content=\"1280\" \/>\n\t<meta property=\"og:image:height\" content=\"823\" \/>\n\t<meta property=\"og:image:type\" content=\"image\/jpeg\" \/>\n<meta name=\"author\" content=\"Tiziano Beneggi\" \/>\n<meta name=\"twitter:card\" content=\"summary_large_image\" \/>\n<meta name=\"twitter:label1\" content=\"Written by\" \/>\n\t<meta name=\"twitter:data1\" content=\"Tiziano Beneggi\" \/>\n\t<meta name=\"twitter:label2\" content=\"Est. reading time\" \/>\n\t<meta name=\"twitter:data2\" content=\"2 minutes\" \/>\n<script type=\"application\/ld+json\" class=\"yoast-schema-graph\">{\"@context\":\"https:\\\/\\\/schema.org\",\"@graph\":[{\"@type\":\"Article\",\"@id\":\"https:\\\/\\\/beneggiassociati.com\\\/en\\\/web-tax-3-indeducibile-dallires\\\/#article\",\"isPartOf\":{\"@id\":\"https:\\\/\\\/beneggiassociati.com\\\/en\\\/web-tax-3-indeducibile-dallires\\\/\"},\"author\":{\"name\":\"Tiziano Beneggi\",\"@id\":\"https:\\\/\\\/beneggiassociati.com\\\/en\\\/#\\\/schema\\\/person\\\/828daacfa37b359e89e981f920072004\"},\"headline\":\"Web tax, 3% indeducibile dall\u2019Ires\",\"datePublished\":\"2019-01-12T21:11:00+00:00\",\"mainEntityOfPage\":{\"@id\":\"https:\\\/\\\/beneggiassociati.com\\\/en\\\/web-tax-3-indeducibile-dallires\\\/\"},\"wordCount\":483,\"commentCount\":0,\"publisher\":{\"@id\":\"https:\\\/\\\/beneggiassociati.com\\\/en\\\/#organization\"},\"image\":{\"@id\":\"https:\\\/\\\/beneggiassociati.com\\\/en\\\/web-tax-3-indeducibile-dallires\\\/#primaryimage\"},\"thumbnailUrl\":\"https:\\\/\\\/beneggiassociati.com\\\/wp-content\\\/uploads\\\/2025\\\/07\\\/single-post-beneggi.jpg\",\"articleSection\":[\"ARCHIVIO\"],\"inLanguage\":\"en-US\"},{\"@type\":\"WebPage\",\"@id\":\"https:\\\/\\\/beneggiassociati.com\\\/en\\\/web-tax-3-indeducibile-dallires\\\/\",\"url\":\"https:\\\/\\\/beneggiassociati.com\\\/en\\\/web-tax-3-indeducibile-dallires\\\/\",\"name\":\"Web tax, 3% indeducibile dall\u2019Ires - Beneggi &amp; Associati\",\"isPartOf\":{\"@id\":\"https:\\\/\\\/beneggiassociati.com\\\/en\\\/#website\"},\"primaryImageOfPage\":{\"@id\":\"https:\\\/\\\/beneggiassociati.com\\\/en\\\/web-tax-3-indeducibile-dallires\\\/#primaryimage\"},\"image\":{\"@id\":\"https:\\\/\\\/beneggiassociati.com\\\/en\\\/web-tax-3-indeducibile-dallires\\\/#primaryimage\"},\"thumbnailUrl\":\"https:\\\/\\\/beneggiassociati.com\\\/wp-content\\\/uploads\\\/2025\\\/07\\\/single-post-beneggi.jpg\",\"datePublished\":\"2019-01-12T21:11:00+00:00\",\"description\":\"La legge di Bilancio 2019 introduce un\u2019imposta destinata a colpire questi servizi digitali. I presupposti di applicazione del tributo si articolano sul\",\"breadcrumb\":{\"@id\":\"https:\\\/\\\/beneggiassociati.com\\\/en\\\/web-tax-3-indeducibile-dallires\\\/#breadcrumb\"},\"inLanguage\":\"en-US\",\"potentialAction\":[{\"@type\":\"ReadAction\",\"target\":[\"https:\\\/\\\/beneggiassociati.com\\\/en\\\/web-tax-3-indeducibile-dallires\\\/\"]}]},{\"@type\":\"ImageObject\",\"inLanguage\":\"en-US\",\"@id\":\"https:\\\/\\\/beneggiassociati.com\\\/en\\\/web-tax-3-indeducibile-dallires\\\/#primaryimage\",\"url\":\"https:\\\/\\\/beneggiassociati.com\\\/wp-content\\\/uploads\\\/2025\\\/07\\\/single-post-beneggi.jpg\",\"contentUrl\":\"https:\\\/\\\/beneggiassociati.com\\\/wp-content\\\/uploads\\\/2025\\\/07\\\/single-post-beneggi.jpg\",\"width\":1280,\"height\":823},{\"@type\":\"BreadcrumbList\",\"@id\":\"https:\\\/\\\/beneggiassociati.com\\\/en\\\/web-tax-3-indeducibile-dallires\\\/#breadcrumb\",\"itemListElement\":[{\"@type\":\"ListItem\",\"position\":1,\"name\":\"Home\",\"item\":\"https:\\\/\\\/beneggiassociati.com\\\/en\\\/?page_id=24163\"},{\"@type\":\"ListItem\",\"position\":2,\"name\":\"Web tax, 3% indeducibile dall\u2019Ires\"}]},{\"@type\":\"WebSite\",\"@id\":\"https:\\\/\\\/beneggiassociati.com\\\/en\\\/#website\",\"url\":\"https:\\\/\\\/beneggiassociati.com\\\/en\\\/\",\"name\":\"Beneggi e associati\",\"description\":\"\",\"publisher\":{\"@id\":\"https:\\\/\\\/beneggiassociati.com\\\/en\\\/#organization\"},\"potentialAction\":[{\"@type\":\"SearchAction\",\"target\":{\"@type\":\"EntryPoint\",\"urlTemplate\":\"https:\\\/\\\/beneggiassociati.com\\\/en\\\/?s={search_term_string}\"},\"query-input\":{\"@type\":\"PropertyValueSpecification\",\"valueRequired\":true,\"valueName\":\"search_term_string\"}}],\"inLanguage\":\"en-US\"},{\"@type\":\"Organization\",\"@id\":\"https:\\\/\\\/beneggiassociati.com\\\/en\\\/#organization\",\"name\":\"Beneggi e associati\",\"url\":\"https:\\\/\\\/beneggiassociati.com\\\/en\\\/\",\"logo\":{\"@type\":\"ImageObject\",\"inLanguage\":\"en-US\",\"@id\":\"https:\\\/\\\/beneggiassociati.com\\\/en\\\/#\\\/schema\\\/logo\\\/image\\\/\",\"url\":\"https:\\\/\\\/beneggiassociati.com\\\/wp-content\\\/uploads\\\/2025\\\/07\\\/beneggi-logo.png\",\"contentUrl\":\"https:\\\/\\\/beneggiassociati.com\\\/wp-content\\\/uploads\\\/2025\\\/07\\\/beneggi-logo.png\",\"width\":141,\"height\":87,\"caption\":\"Beneggi e associati\"},\"image\":{\"@id\":\"https:\\\/\\\/beneggiassociati.com\\\/en\\\/#\\\/schema\\\/logo\\\/image\\\/\"}},{\"@type\":\"Person\",\"@id\":\"https:\\\/\\\/beneggiassociati.com\\\/en\\\/#\\\/schema\\\/person\\\/828daacfa37b359e89e981f920072004\",\"name\":\"Tiziano Beneggi\",\"url\":\"https:\\\/\\\/beneggiassociati.com\\\/en\\\/author\\\/tizianobeneggiassociati-com\\\/\"}]}<\/script>\n<!-- \/ Yoast SEO plugin. -->","yoast_head_json":{"title":"Web tax, 3% indeducibile dall\u2019Ires - Beneggi &amp; Associati","description":"La legge di Bilancio 2019 introduce un\u2019imposta destinata a colpire questi servizi digitali. I presupposti di applicazione del tributo si articolano sul","robots":{"index":"index","follow":"follow","max-snippet":"max-snippet:-1","max-image-preview":"max-image-preview:large","max-video-preview":"max-video-preview:-1"},"canonical":"https:\/\/beneggiassociati.com\/en\/web-tax-3-indeducibile-dallires\/","og_locale":"en_US","og_type":"article","og_title":"Web tax, 3% indeducibile dall\u2019Ires - Beneggi &amp; Associati","og_description":"La legge di Bilancio 2019 introduce un\u2019imposta destinata a colpire questi servizi digitali. I presupposti di applicazione del tributo si articolano sul","og_url":"https:\/\/beneggiassociati.com\/en\/web-tax-3-indeducibile-dallires\/","og_site_name":"Beneggi &amp; Associati","article_published_time":"2019-01-12T21:11:00+00:00","og_image":[{"width":1280,"height":823,"url":"https:\/\/beneggiassociati.com\/wp-content\/uploads\/2025\/07\/single-post-beneggi.jpg","type":"image\/jpeg"}],"author":"Tiziano Beneggi","twitter_card":"summary_large_image","twitter_misc":{"Written by":"Tiziano Beneggi","Est. reading time":"2 minutes"},"schema":{"@context":"https:\/\/schema.org","@graph":[{"@type":"Article","@id":"https:\/\/beneggiassociati.com\/en\/web-tax-3-indeducibile-dallires\/#article","isPartOf":{"@id":"https:\/\/beneggiassociati.com\/en\/web-tax-3-indeducibile-dallires\/"},"author":{"name":"Tiziano Beneggi","@id":"https:\/\/beneggiassociati.com\/en\/#\/schema\/person\/828daacfa37b359e89e981f920072004"},"headline":"Web tax, 3% indeducibile dall\u2019Ires","datePublished":"2019-01-12T21:11:00+00:00","mainEntityOfPage":{"@id":"https:\/\/beneggiassociati.com\/en\/web-tax-3-indeducibile-dallires\/"},"wordCount":483,"commentCount":0,"publisher":{"@id":"https:\/\/beneggiassociati.com\/en\/#organization"},"image":{"@id":"https:\/\/beneggiassociati.com\/en\/web-tax-3-indeducibile-dallires\/#primaryimage"},"thumbnailUrl":"https:\/\/beneggiassociati.com\/wp-content\/uploads\/2025\/07\/single-post-beneggi.jpg","articleSection":["ARCHIVIO"],"inLanguage":"en-US"},{"@type":"WebPage","@id":"https:\/\/beneggiassociati.com\/en\/web-tax-3-indeducibile-dallires\/","url":"https:\/\/beneggiassociati.com\/en\/web-tax-3-indeducibile-dallires\/","name":"Web tax, 3% indeducibile dall\u2019Ires - Beneggi &amp; Associati","isPartOf":{"@id":"https:\/\/beneggiassociati.com\/en\/#website"},"primaryImageOfPage":{"@id":"https:\/\/beneggiassociati.com\/en\/web-tax-3-indeducibile-dallires\/#primaryimage"},"image":{"@id":"https:\/\/beneggiassociati.com\/en\/web-tax-3-indeducibile-dallires\/#primaryimage"},"thumbnailUrl":"https:\/\/beneggiassociati.com\/wp-content\/uploads\/2025\/07\/single-post-beneggi.jpg","datePublished":"2019-01-12T21:11:00+00:00","description":"La legge di Bilancio 2019 introduce un\u2019imposta destinata a colpire questi servizi digitali. I presupposti di applicazione del tributo si articolano sul","breadcrumb":{"@id":"https:\/\/beneggiassociati.com\/en\/web-tax-3-indeducibile-dallires\/#breadcrumb"},"inLanguage":"en-US","potentialAction":[{"@type":"ReadAction","target":["https:\/\/beneggiassociati.com\/en\/web-tax-3-indeducibile-dallires\/"]}]},{"@type":"ImageObject","inLanguage":"en-US","@id":"https:\/\/beneggiassociati.com\/en\/web-tax-3-indeducibile-dallires\/#primaryimage","url":"https:\/\/beneggiassociati.com\/wp-content\/uploads\/2025\/07\/single-post-beneggi.jpg","contentUrl":"https:\/\/beneggiassociati.com\/wp-content\/uploads\/2025\/07\/single-post-beneggi.jpg","width":1280,"height":823},{"@type":"BreadcrumbList","@id":"https:\/\/beneggiassociati.com\/en\/web-tax-3-indeducibile-dallires\/#breadcrumb","itemListElement":[{"@type":"ListItem","position":1,"name":"Home","item":"https:\/\/beneggiassociati.com\/en\/?page_id=24163"},{"@type":"ListItem","position":2,"name":"Web tax, 3% indeducibile dall\u2019Ires"}]},{"@type":"WebSite","@id":"https:\/\/beneggiassociati.com\/en\/#website","url":"https:\/\/beneggiassociati.com\/en\/","name":"Beneggi e associati","description":"","publisher":{"@id":"https:\/\/beneggiassociati.com\/en\/#organization"},"potentialAction":[{"@type":"SearchAction","target":{"@type":"EntryPoint","urlTemplate":"https:\/\/beneggiassociati.com\/en\/?s={search_term_string}"},"query-input":{"@type":"PropertyValueSpecification","valueRequired":true,"valueName":"search_term_string"}}],"inLanguage":"en-US"},{"@type":"Organization","@id":"https:\/\/beneggiassociati.com\/en\/#organization","name":"Beneggi e associati","url":"https:\/\/beneggiassociati.com\/en\/","logo":{"@type":"ImageObject","inLanguage":"en-US","@id":"https:\/\/beneggiassociati.com\/en\/#\/schema\/logo\/image\/","url":"https:\/\/beneggiassociati.com\/wp-content\/uploads\/2025\/07\/beneggi-logo.png","contentUrl":"https:\/\/beneggiassociati.com\/wp-content\/uploads\/2025\/07\/beneggi-logo.png","width":141,"height":87,"caption":"Beneggi e associati"},"image":{"@id":"https:\/\/beneggiassociati.com\/en\/#\/schema\/logo\/image\/"}},{"@type":"Person","@id":"https:\/\/beneggiassociati.com\/en\/#\/schema\/person\/828daacfa37b359e89e981f920072004","name":"Tiziano Beneggi","url":"https:\/\/beneggiassociati.com\/en\/author\/tizianobeneggiassociati-com\/"}]}},"_links":{"self":[{"href":"https:\/\/beneggiassociati.com\/en\/wp-json\/wp\/v2\/posts\/16319","targetHints":{"allow":["GET"]}}],"collection":[{"href":"https:\/\/beneggiassociati.com\/en\/wp-json\/wp\/v2\/posts"}],"about":[{"href":"https:\/\/beneggiassociati.com\/en\/wp-json\/wp\/v2\/types\/post"}],"author":[{"embeddable":true,"href":"https:\/\/beneggiassociati.com\/en\/wp-json\/wp\/v2\/users\/4"}],"replies":[{"embeddable":true,"href":"https:\/\/beneggiassociati.com\/en\/wp-json\/wp\/v2\/comments?post=16319"}],"version-history":[{"count":0,"href":"https:\/\/beneggiassociati.com\/en\/wp-json\/wp\/v2\/posts\/16319\/revisions"}],"wp:featuredmedia":[{"embeddable":true,"href":"https:\/\/beneggiassociati.com\/en\/wp-json\/wp\/v2\/media\/409"}],"wp:attachment":[{"href":"https:\/\/beneggiassociati.com\/en\/wp-json\/wp\/v2\/media?parent=16319"}],"wp:term":[{"taxonomy":"category","embeddable":true,"href":"https:\/\/beneggiassociati.com\/en\/wp-json\/wp\/v2\/categories?post=16319"},{"taxonomy":"post_tag","embeddable":true,"href":"https:\/\/beneggiassociati.com\/en\/wp-json\/wp\/v2\/tags?post=16319"}],"curies":[{"name":"wp","href":"https:\/\/api.w.org\/{rel}","templated":true}]}}