{"id":16320,"date":"2019-01-12T22:23:00","date_gmt":"2019-01-12T21:23:00","guid":{"rendered":"https:\/\/dev.beneggiassociati.com\/2019\/01\/12\/perdite-compensate-riporto-senza-vincoli-di-tempo\/"},"modified":"2019-01-12T22:23:00","modified_gmt":"2019-01-12T21:23:00","slug":"perdite-compensate-riporto-senza-vincoli-di-tempo","status":"publish","type":"post","link":"https:\/\/beneggiassociati.com\/en\/perdite-compensate-riporto-senza-vincoli-di-tempo\/","title":{"rendered":"Perdite compensate, riporto senza vincoli di tempo"},"content":{"rendered":"\n<p>Cambiano le regole per la determinazione del reddito dei soggetti Irpef, quando sono presenti perdite di impresa. La modifica in questione, inserita nell\u2019articolo 1, comma 23 della legge di Bilancio 2019, \u00e8 certamente quella pi\u00f9 urgente poich\u00e9 la sua applicazione \u00e8 retroattiva, cio\u00e8 vigente gi\u00e0 dal periodo d\u2019imposta 2018 che sar\u00e0 oggetto della prossima dichiarazione dei redditi.<\/p>\n\n\n<p><br \/>Un primo aspetto da sottolineare \u00e8 che la possibilit\u00e0 di eseguire la compensazione cosiddetta \u201corizzontale\u201d delle perdite, cio\u00e8 la somma algebrica di esse con tutti gli altri redditi prodotti dalla persona fisica, resta limitata all\u2019ambito professionale, essendo venuta meno la possibilit\u00e0 di eseguirla da parte delle imprese in contabilit\u00e0 semplificata. Quindi volendo schematizzare al massimo la portata della nuova disposizione, si pu\u00f2 dividere il tema in due categorie:&nbsp;<\/p>\n\n\n<ul class=\"wp-block-list\"><li>i professionisti, per i quali la compensazione delle perdite prodotte avviene con tutte le categorie reddituali, escluso il riporto a nuovo della eventuale eccedenza;&nbsp;<\/li><li>tutte le altre imprese per le quali la compensazione avviene solo in modo verticale, cio\u00e8 sommando algebricamente la perdita di impresa con i redditi di impresa.&nbsp;<\/li><\/ul>\n\n\n<p>In questo senso le imprese in semplificata vengono assimilate a quelle in ordinaria: per tutte la compensazione \u00e8 verticale.<\/p>\n\n\n<p>Un secondo aspetto innovativo riguarda la tempistica della compensazione, che fino al 2017 era fissata, quale termine ultimo, nel quinto esercizio successivo a quello di formazione della perdita stessa. Ora viene meno tale parametro e, similmente a quanto \u00e8 accaduto per i soggetti Ires a far data dal 2011, le perdite eccedenti, cio\u00e8 quelle che superano i redditi d\u2019impresa prodotti, vengono riportate a nuovo illimitatamente nel tempo.&nbsp;<\/p>\n\n\n<p>Un terzo aspetto innovativo concerne il quantum compensabile, tema nel quale si conferma l\u2019analogia con i soggetti Ires: infatti solo l\u201980% del reddito generato in un dato periodo d\u2019imposta potr\u00e0 essere compensato con le perdite pregresse, quindi se queste ultime sono di entit\u00e0 inferiore all\u201980% del reddito, la compensazione sar\u00e0 integrale, mentre al contrario si avr\u00e0 comunque una parte di reddito che genera un necessario versamento di imposte. Su questo punto va per\u00f2 notata una differenza rispetto ai soggetti Ires. Le perdite, anzitutto, vanno computate in diminuzione dei relativi redditi, e solo la differenza eccedente impatter\u00e0 l\u201980% del reddito prodotto negli esercizi successivi. Questo passaggio porta a ritenere che se un contribuente detiene pi\u00f9 fonti dalle quali ritrae redditi d\u2019impresa, la compensazione di perdite e redditi generati nel medesimo periodo d\u2019imposta avviene al 100% e solo l\u2019eccedenza sar\u00e0 sottoposta al test dell\u201980% del reddito prodotto in esercizi successivi.<\/p>\n\n\n<p>Resta fermo il fatto che le perdite prodotte nei primi tre esercizi di attivit\u00e0 possono essere portate a nuovo in modo illimitato nel tempo e fruiscono del regime di compensazione integrale, cio\u00e8 al 100% con i redditi generati in esercizi successivi. Questa regola vale sia per le imprese individuali sia per le societ\u00e0 di persone.&nbsp;<strong><\/strong><\/p>\n\n\n<p><a href=\"mailto:info@beneggiassociati.com\" target=\"_blank\" rel=\"noreferrer noopener\">Sei interessato all\u2019articolo? Scrivici e verrai contattato da un nostro Consultant<\/a><\/p>\n\n\n<p><a href=\"https:\/\/beneggiassociati.com\/\" target=\"_blank\" rel=\"noreferrer noopener\">@ Beneggi e Associati | Commercialisti al servizio delle imprese | Meda | Milano<\/a><br \/><\/p>\n","protected":false},"excerpt":{"rendered":"<p>Cambiano le regole per la determinazione del reddito dei soggetti Irpef, quando sono presenti perdite di impresa. La modifica in questione, inserita nell\u2019articolo 1, comma 23 della legge di Bilancio 2019, \u00e8 certamente quella pi\u00f9 urgente poich\u00e9 la sua applicazione \u00e8 retroattiva, cio\u00e8 vigente gi\u00e0 dal periodo d\u2019imposta 2018 che sar\u00e0 oggetto della prossima dichiarazione [&hellip;]<\/p>\n","protected":false},"author":4,"featured_media":409,"comment_status":"open","ping_status":"open","sticky":false,"template":"","format":"standard","meta":{"_acf_changed":false,"content-type":"","footnotes":""},"categories":[16],"tags":[],"class_list":["post-16320","post","type-post","status-publish","format-standard","has-post-thumbnail","hentry","category-archivio"],"acf":[],"yoast_head":"<!-- This site is optimized with the Yoast SEO plugin v27.5 - https:\/\/yoast.com\/product\/yoast-seo-wordpress\/ -->\n<title>Perdite compensate, riporto senza vincoli di tempo - Beneggi &amp; Associati<\/title>\n<meta name=\"description\" content=\"Cambiano le regole per la determinazione del reddito dei soggetti Irpef, quando sono presenti perdite di impresa. La modifica in questione, inserita\" \/>\n<meta name=\"robots\" content=\"index, follow, max-snippet:-1, max-image-preview:large, max-video-preview:-1\" \/>\n<link rel=\"canonical\" href=\"https:\/\/beneggiassociati.com\/en\/perdite-compensate-riporto-senza-vincoli-di-tempo\/\" \/>\n<meta property=\"og:locale\" content=\"en_US\" \/>\n<meta property=\"og:type\" content=\"article\" \/>\n<meta property=\"og:title\" content=\"Perdite compensate, riporto senza vincoli di tempo - Beneggi &amp; Associati\" \/>\n<meta property=\"og:description\" content=\"Cambiano le regole per la determinazione del reddito dei soggetti Irpef, quando sono presenti perdite di impresa. La modifica in questione, inserita\" \/>\n<meta property=\"og:url\" content=\"https:\/\/beneggiassociati.com\/en\/perdite-compensate-riporto-senza-vincoli-di-tempo\/\" \/>\n<meta property=\"og:site_name\" content=\"Beneggi &amp; Associati\" \/>\n<meta property=\"article:published_time\" content=\"2019-01-12T21:23:00+00:00\" \/>\n<meta property=\"og:image\" content=\"https:\/\/beneggiassociati.com\/wp-content\/uploads\/2025\/07\/single-post-beneggi.jpg\" \/>\n\t<meta property=\"og:image:width\" content=\"1280\" \/>\n\t<meta property=\"og:image:height\" content=\"823\" \/>\n\t<meta property=\"og:image:type\" content=\"image\/jpeg\" \/>\n<meta name=\"author\" content=\"Tiziano Beneggi\" \/>\n<meta name=\"twitter:card\" content=\"summary_large_image\" \/>\n<meta name=\"twitter:label1\" content=\"Written by\" \/>\n\t<meta name=\"twitter:data1\" content=\"Tiziano Beneggi\" \/>\n\t<meta name=\"twitter:label2\" content=\"Est. reading time\" \/>\n\t<meta name=\"twitter:data2\" content=\"2 minutes\" \/>\n<script type=\"application\/ld+json\" class=\"yoast-schema-graph\">{\"@context\":\"https:\\\/\\\/schema.org\",\"@graph\":[{\"@type\":\"Article\",\"@id\":\"https:\\\/\\\/beneggiassociati.com\\\/en\\\/perdite-compensate-riporto-senza-vincoli-di-tempo\\\/#article\",\"isPartOf\":{\"@id\":\"https:\\\/\\\/beneggiassociati.com\\\/en\\\/perdite-compensate-riporto-senza-vincoli-di-tempo\\\/\"},\"author\":{\"name\":\"Tiziano Beneggi\",\"@id\":\"https:\\\/\\\/beneggiassociati.com\\\/en\\\/#\\\/schema\\\/person\\\/828daacfa37b359e89e981f920072004\"},\"headline\":\"Perdite compensate, riporto senza vincoli di tempo\",\"datePublished\":\"2019-01-12T21:23:00+00:00\",\"mainEntityOfPage\":{\"@id\":\"https:\\\/\\\/beneggiassociati.com\\\/en\\\/perdite-compensate-riporto-senza-vincoli-di-tempo\\\/\"},\"wordCount\":494,\"commentCount\":0,\"publisher\":{\"@id\":\"https:\\\/\\\/beneggiassociati.com\\\/en\\\/#organization\"},\"image\":{\"@id\":\"https:\\\/\\\/beneggiassociati.com\\\/en\\\/perdite-compensate-riporto-senza-vincoli-di-tempo\\\/#primaryimage\"},\"thumbnailUrl\":\"https:\\\/\\\/beneggiassociati.com\\\/wp-content\\\/uploads\\\/2025\\\/07\\\/single-post-beneggi.jpg\",\"articleSection\":[\"ARCHIVIO\"],\"inLanguage\":\"en-US\"},{\"@type\":\"WebPage\",\"@id\":\"https:\\\/\\\/beneggiassociati.com\\\/en\\\/perdite-compensate-riporto-senza-vincoli-di-tempo\\\/\",\"url\":\"https:\\\/\\\/beneggiassociati.com\\\/en\\\/perdite-compensate-riporto-senza-vincoli-di-tempo\\\/\",\"name\":\"Perdite compensate, riporto senza vincoli di tempo - Beneggi &amp; Associati\",\"isPartOf\":{\"@id\":\"https:\\\/\\\/beneggiassociati.com\\\/en\\\/#website\"},\"primaryImageOfPage\":{\"@id\":\"https:\\\/\\\/beneggiassociati.com\\\/en\\\/perdite-compensate-riporto-senza-vincoli-di-tempo\\\/#primaryimage\"},\"image\":{\"@id\":\"https:\\\/\\\/beneggiassociati.com\\\/en\\\/perdite-compensate-riporto-senza-vincoli-di-tempo\\\/#primaryimage\"},\"thumbnailUrl\":\"https:\\\/\\\/beneggiassociati.com\\\/wp-content\\\/uploads\\\/2025\\\/07\\\/single-post-beneggi.jpg\",\"datePublished\":\"2019-01-12T21:23:00+00:00\",\"description\":\"Cambiano le regole per la determinazione del reddito dei soggetti Irpef, quando sono presenti perdite di impresa. La modifica in questione, inserita\",\"breadcrumb\":{\"@id\":\"https:\\\/\\\/beneggiassociati.com\\\/en\\\/perdite-compensate-riporto-senza-vincoli-di-tempo\\\/#breadcrumb\"},\"inLanguage\":\"en-US\",\"potentialAction\":[{\"@type\":\"ReadAction\",\"target\":[\"https:\\\/\\\/beneggiassociati.com\\\/en\\\/perdite-compensate-riporto-senza-vincoli-di-tempo\\\/\"]}]},{\"@type\":\"ImageObject\",\"inLanguage\":\"en-US\",\"@id\":\"https:\\\/\\\/beneggiassociati.com\\\/en\\\/perdite-compensate-riporto-senza-vincoli-di-tempo\\\/#primaryimage\",\"url\":\"https:\\\/\\\/beneggiassociati.com\\\/wp-content\\\/uploads\\\/2025\\\/07\\\/single-post-beneggi.jpg\",\"contentUrl\":\"https:\\\/\\\/beneggiassociati.com\\\/wp-content\\\/uploads\\\/2025\\\/07\\\/single-post-beneggi.jpg\",\"width\":1280,\"height\":823},{\"@type\":\"BreadcrumbList\",\"@id\":\"https:\\\/\\\/beneggiassociati.com\\\/en\\\/perdite-compensate-riporto-senza-vincoli-di-tempo\\\/#breadcrumb\",\"itemListElement\":[{\"@type\":\"ListItem\",\"position\":1,\"name\":\"Home\",\"item\":\"https:\\\/\\\/beneggiassociati.com\\\/en\\\/?page_id=24163\"},{\"@type\":\"ListItem\",\"position\":2,\"name\":\"Perdite compensate, riporto senza vincoli di tempo\"}]},{\"@type\":\"WebSite\",\"@id\":\"https:\\\/\\\/beneggiassociati.com\\\/en\\\/#website\",\"url\":\"https:\\\/\\\/beneggiassociati.com\\\/en\\\/\",\"name\":\"Beneggi e associati\",\"description\":\"\",\"publisher\":{\"@id\":\"https:\\\/\\\/beneggiassociati.com\\\/en\\\/#organization\"},\"potentialAction\":[{\"@type\":\"SearchAction\",\"target\":{\"@type\":\"EntryPoint\",\"urlTemplate\":\"https:\\\/\\\/beneggiassociati.com\\\/en\\\/?s={search_term_string}\"},\"query-input\":{\"@type\":\"PropertyValueSpecification\",\"valueRequired\":true,\"valueName\":\"search_term_string\"}}],\"inLanguage\":\"en-US\"},{\"@type\":\"Organization\",\"@id\":\"https:\\\/\\\/beneggiassociati.com\\\/en\\\/#organization\",\"name\":\"Beneggi e associati\",\"url\":\"https:\\\/\\\/beneggiassociati.com\\\/en\\\/\",\"logo\":{\"@type\":\"ImageObject\",\"inLanguage\":\"en-US\",\"@id\":\"https:\\\/\\\/beneggiassociati.com\\\/en\\\/#\\\/schema\\\/logo\\\/image\\\/\",\"url\":\"https:\\\/\\\/beneggiassociati.com\\\/wp-content\\\/uploads\\\/2025\\\/07\\\/beneggi-logo.png\",\"contentUrl\":\"https:\\\/\\\/beneggiassociati.com\\\/wp-content\\\/uploads\\\/2025\\\/07\\\/beneggi-logo.png\",\"width\":141,\"height\":87,\"caption\":\"Beneggi e associati\"},\"image\":{\"@id\":\"https:\\\/\\\/beneggiassociati.com\\\/en\\\/#\\\/schema\\\/logo\\\/image\\\/\"}},{\"@type\":\"Person\",\"@id\":\"https:\\\/\\\/beneggiassociati.com\\\/en\\\/#\\\/schema\\\/person\\\/828daacfa37b359e89e981f920072004\",\"name\":\"Tiziano Beneggi\",\"url\":\"https:\\\/\\\/beneggiassociati.com\\\/en\\\/author\\\/tizianobeneggiassociati-com\\\/\"}]}<\/script>\n<!-- \/ Yoast SEO plugin. -->","yoast_head_json":{"title":"Perdite compensate, riporto senza vincoli di tempo - Beneggi &amp; Associati","description":"Cambiano le regole per la determinazione del reddito dei soggetti Irpef, quando sono presenti perdite di impresa. La modifica in questione, inserita","robots":{"index":"index","follow":"follow","max-snippet":"max-snippet:-1","max-image-preview":"max-image-preview:large","max-video-preview":"max-video-preview:-1"},"canonical":"https:\/\/beneggiassociati.com\/en\/perdite-compensate-riporto-senza-vincoli-di-tempo\/","og_locale":"en_US","og_type":"article","og_title":"Perdite compensate, riporto senza vincoli di tempo - Beneggi &amp; Associati","og_description":"Cambiano le regole per la determinazione del reddito dei soggetti Irpef, quando sono presenti perdite di impresa. La modifica in questione, inserita","og_url":"https:\/\/beneggiassociati.com\/en\/perdite-compensate-riporto-senza-vincoli-di-tempo\/","og_site_name":"Beneggi &amp; Associati","article_published_time":"2019-01-12T21:23:00+00:00","og_image":[{"width":1280,"height":823,"url":"https:\/\/beneggiassociati.com\/wp-content\/uploads\/2025\/07\/single-post-beneggi.jpg","type":"image\/jpeg"}],"author":"Tiziano Beneggi","twitter_card":"summary_large_image","twitter_misc":{"Written by":"Tiziano Beneggi","Est. reading time":"2 minutes"},"schema":{"@context":"https:\/\/schema.org","@graph":[{"@type":"Article","@id":"https:\/\/beneggiassociati.com\/en\/perdite-compensate-riporto-senza-vincoli-di-tempo\/#article","isPartOf":{"@id":"https:\/\/beneggiassociati.com\/en\/perdite-compensate-riporto-senza-vincoli-di-tempo\/"},"author":{"name":"Tiziano Beneggi","@id":"https:\/\/beneggiassociati.com\/en\/#\/schema\/person\/828daacfa37b359e89e981f920072004"},"headline":"Perdite compensate, riporto senza vincoli di tempo","datePublished":"2019-01-12T21:23:00+00:00","mainEntityOfPage":{"@id":"https:\/\/beneggiassociati.com\/en\/perdite-compensate-riporto-senza-vincoli-di-tempo\/"},"wordCount":494,"commentCount":0,"publisher":{"@id":"https:\/\/beneggiassociati.com\/en\/#organization"},"image":{"@id":"https:\/\/beneggiassociati.com\/en\/perdite-compensate-riporto-senza-vincoli-di-tempo\/#primaryimage"},"thumbnailUrl":"https:\/\/beneggiassociati.com\/wp-content\/uploads\/2025\/07\/single-post-beneggi.jpg","articleSection":["ARCHIVIO"],"inLanguage":"en-US"},{"@type":"WebPage","@id":"https:\/\/beneggiassociati.com\/en\/perdite-compensate-riporto-senza-vincoli-di-tempo\/","url":"https:\/\/beneggiassociati.com\/en\/perdite-compensate-riporto-senza-vincoli-di-tempo\/","name":"Perdite compensate, riporto senza vincoli di tempo - Beneggi &amp; Associati","isPartOf":{"@id":"https:\/\/beneggiassociati.com\/en\/#website"},"primaryImageOfPage":{"@id":"https:\/\/beneggiassociati.com\/en\/perdite-compensate-riporto-senza-vincoli-di-tempo\/#primaryimage"},"image":{"@id":"https:\/\/beneggiassociati.com\/en\/perdite-compensate-riporto-senza-vincoli-di-tempo\/#primaryimage"},"thumbnailUrl":"https:\/\/beneggiassociati.com\/wp-content\/uploads\/2025\/07\/single-post-beneggi.jpg","datePublished":"2019-01-12T21:23:00+00:00","description":"Cambiano le regole per la determinazione del reddito dei soggetti Irpef, quando sono presenti perdite di impresa. La modifica in questione, inserita","breadcrumb":{"@id":"https:\/\/beneggiassociati.com\/en\/perdite-compensate-riporto-senza-vincoli-di-tempo\/#breadcrumb"},"inLanguage":"en-US","potentialAction":[{"@type":"ReadAction","target":["https:\/\/beneggiassociati.com\/en\/perdite-compensate-riporto-senza-vincoli-di-tempo\/"]}]},{"@type":"ImageObject","inLanguage":"en-US","@id":"https:\/\/beneggiassociati.com\/en\/perdite-compensate-riporto-senza-vincoli-di-tempo\/#primaryimage","url":"https:\/\/beneggiassociati.com\/wp-content\/uploads\/2025\/07\/single-post-beneggi.jpg","contentUrl":"https:\/\/beneggiassociati.com\/wp-content\/uploads\/2025\/07\/single-post-beneggi.jpg","width":1280,"height":823},{"@type":"BreadcrumbList","@id":"https:\/\/beneggiassociati.com\/en\/perdite-compensate-riporto-senza-vincoli-di-tempo\/#breadcrumb","itemListElement":[{"@type":"ListItem","position":1,"name":"Home","item":"https:\/\/beneggiassociati.com\/en\/?page_id=24163"},{"@type":"ListItem","position":2,"name":"Perdite compensate, riporto senza vincoli di tempo"}]},{"@type":"WebSite","@id":"https:\/\/beneggiassociati.com\/en\/#website","url":"https:\/\/beneggiassociati.com\/en\/","name":"Beneggi e associati","description":"","publisher":{"@id":"https:\/\/beneggiassociati.com\/en\/#organization"},"potentialAction":[{"@type":"SearchAction","target":{"@type":"EntryPoint","urlTemplate":"https:\/\/beneggiassociati.com\/en\/?s={search_term_string}"},"query-input":{"@type":"PropertyValueSpecification","valueRequired":true,"valueName":"search_term_string"}}],"inLanguage":"en-US"},{"@type":"Organization","@id":"https:\/\/beneggiassociati.com\/en\/#organization","name":"Beneggi e associati","url":"https:\/\/beneggiassociati.com\/en\/","logo":{"@type":"ImageObject","inLanguage":"en-US","@id":"https:\/\/beneggiassociati.com\/en\/#\/schema\/logo\/image\/","url":"https:\/\/beneggiassociati.com\/wp-content\/uploads\/2025\/07\/beneggi-logo.png","contentUrl":"https:\/\/beneggiassociati.com\/wp-content\/uploads\/2025\/07\/beneggi-logo.png","width":141,"height":87,"caption":"Beneggi e associati"},"image":{"@id":"https:\/\/beneggiassociati.com\/en\/#\/schema\/logo\/image\/"}},{"@type":"Person","@id":"https:\/\/beneggiassociati.com\/en\/#\/schema\/person\/828daacfa37b359e89e981f920072004","name":"Tiziano Beneggi","url":"https:\/\/beneggiassociati.com\/en\/author\/tizianobeneggiassociati-com\/"}]}},"_links":{"self":[{"href":"https:\/\/beneggiassociati.com\/en\/wp-json\/wp\/v2\/posts\/16320","targetHints":{"allow":["GET"]}}],"collection":[{"href":"https:\/\/beneggiassociati.com\/en\/wp-json\/wp\/v2\/posts"}],"about":[{"href":"https:\/\/beneggiassociati.com\/en\/wp-json\/wp\/v2\/types\/post"}],"author":[{"embeddable":true,"href":"https:\/\/beneggiassociati.com\/en\/wp-json\/wp\/v2\/users\/4"}],"replies":[{"embeddable":true,"href":"https:\/\/beneggiassociati.com\/en\/wp-json\/wp\/v2\/comments?post=16320"}],"version-history":[{"count":0,"href":"https:\/\/beneggiassociati.com\/en\/wp-json\/wp\/v2\/posts\/16320\/revisions"}],"wp:featuredmedia":[{"embeddable":true,"href":"https:\/\/beneggiassociati.com\/en\/wp-json\/wp\/v2\/media\/409"}],"wp:attachment":[{"href":"https:\/\/beneggiassociati.com\/en\/wp-json\/wp\/v2\/media?parent=16320"}],"wp:term":[{"taxonomy":"category","embeddable":true,"href":"https:\/\/beneggiassociati.com\/en\/wp-json\/wp\/v2\/categories?post=16320"},{"taxonomy":"post_tag","embeddable":true,"href":"https:\/\/beneggiassociati.com\/en\/wp-json\/wp\/v2\/tags?post=16320"}],"curies":[{"name":"wp","href":"https:\/\/api.w.org\/{rel}","templated":true}]}}