{"id":16321,"date":"2019-01-12T22:30:00","date_gmt":"2019-01-12T21:30:00","guid":{"rendered":"https:\/\/dev.beneggiassociati.com\/2019\/01\/12\/detrazioni-lavori-in-casa-mobili-e-giardini\/"},"modified":"2019-01-12T22:30:00","modified_gmt":"2019-01-12T21:30:00","slug":"detrazioni-lavori-in-casa-mobili-e-giardini","status":"publish","type":"post","link":"https:\/\/beneggiassociati.com\/en\/detrazioni-lavori-in-casa-mobili-e-giardini\/","title":{"rendered":"Detrazioni, lavori in casa, mobili e giardini"},"content":{"rendered":"\n<p>Recupero edilizio, riqualificazione energetica, acquisto di arredi, sistemazione del verde di giardini e balconi. Chi ha rinviato al 2019 le spese per i lavori in casa, o deve ancora concludere (e pagare) interventi gi\u00e0 avviati nel 2018, pu\u00f2 star tranquillo: la legge di Bilancio ha prorogato di un anno l\u2019accesso ai bonus in scadenza lo scorso 31 dicembre. Una conferma \u201csecca\u201d delle regole e delle percentuali di detrazione, cos\u00ec come erano state ridisegnate dalla manovra del 2018.&nbsp;<\/p>\n\n\n<p><br \/>D\u2019altra parte, sarebbe stato difficile giustificare i tagli a un meccanismo di sconti fiscali che \u2013 tra interventi di ristrutturazione e di risparmio energetico \u2013 dal 1998 a oggi ha attivato investimenti per 292,7 miliardi di euro, con il record di 28,6 miliardi nel solo 2018, secondo le proiezioni del Cresme.<\/p>\n\n\n<p><br \/>Fermo restando che per i contribuenti Irpef vale sempre il principio di cassa, cio\u00e8 non conta la data dei lavori o delle fatture ma quella di pagamento (quasi sempre con bonifico), per cogliere le agevolazioni c\u2019\u00e8 tempo fino al 31 dicembre 2019. Fanno eccezione le opere di riqualificazione energetica su parti condominiali e gli interventi di prevenzione antisismica (anche su singole unit\u00e0), che non vengono toccati dalla legge di Bilancio 145\/2018 perch\u00e9 hanno gi\u00e0 un termine \u201clungo\u201d: fissato alla fine del 2021.<\/p>\n\n\n<p>Anche quest\u2019anno il bonus sul recupero edilizio conserva dunque la detrazione al 50%, che \u00e8 riferita a un\u2019ampia gamma di opere: dalla manutenzione ordinaria come la tinteggiatura (ma solo su parti comuni condominiali) al cambio delle finestre, dall\u2019installazione di porte blindate agli impianti fotovoltaici. Lo sconto si applica su una spesa massima di 96mila euro per unit\u00e0 immobiliare e i lavori agevolati (e iniziati non prima del 2018) consentono, a loro volta, di \u201cagganciare\u201d il bonus mobili: la detrazione (sempre al 50%) sull\u2019acquisto di arredi e grandi elettrodomestici efficienti destinati all\u2019immobile ristrutturato. Il bonus si calcola su una spesa massima di 10mila euro, riferita a ciascun intervento edilizio (autonomo) e dunque eventualmente \u201crinnovabile\u201d, se \u00e8 stata gi\u00e0 esaurita in passato e quest\u2019anno si procede a ulteriori lavori sull\u2019abitazione. Lavori che \u2013 come precisato dalle Entrate \u2013 devono essere almeno di manutenzione straordinaria: non valgono, cio\u00e8, le piccole opere quali l\u2019installazione di grate alle finestre.<\/p>\n\n\n<p><br \/>Confermato per il 2019 anche il bonus verde, la detrazione Irpef del 36% delle spese sostenute per la \u00absistemazione a verde\u00bb di aree scoperte private quali balconi, cortili e giardini. Uno sconto che si calcola su massimo 5mila euro per unit\u00e0 immobiliare, compresi i costi di progettazione e manutenzione.<\/p>\n\n\n<p><br \/>Lo sconto sugli arredi non pu\u00f2 invece abbinarsi alle opere di risparmio energetico agevolate dall\u2019ecobonus, neanche a quelle con detrazione ribassata al 50%: cambio delle finestre, installazione di schermature solari, sostituzione di caldaie a biomassa o condensazione (in classe A). Di base, l\u2019ecobonus prevede infatti una detrazione (Irpef &#8211; Ires) al 65%, con massimali variabili in base al tipo di lavoro&nbsp;<em>green<\/em>&nbsp;(dalla riqualificazione globale alla domotica). Ma che pu\u00f2 salire al 70 o 75% per le coibentazioni nei condom\u00ecni. In pi\u00f9, per i lavori condominiali \u00e8 previsto che ogni beneficiario possa cedere la detrazione Irpef, sotto forma di credito d\u2019imposta, alle imprese esecutrici o a soggetti privati (escluse banche e intermediari finanziari).&nbsp;<\/p>\n\n\n<p><br \/>La cessione del credito vale anche per alcune opere antisismiche, che consentono di detrarre dall\u2019Irpef o dall\u2019Ires i costi sostenuti per la messa in sicurezza degli edifici nelle zone sismiche 1, 2 e 3. Il sismabonus va calcolato su una spesa massima di 96mila euro per unit\u00e0 immobiliare e ripartito in cinque anni. Con alte percentuali di detrazione, che partono dal 50% per arrivare (in condominio) fino all\u201985 per cento.<\/p>\n\n\n<p>Occhio ai metodi di pagamento, ma anche agli obblighi di comunicazione. Oltre allo slalom tra bonifici \u201cparlanti\u201d e ordinari, carte di credito e assegni, richiesti dai vari bonus, quest\u2019anno i privati si trovano a fare i conti anche con una delle novit\u00e0 introdotte dalla manovra del 2018: l\u2019invio all\u2019Enea dei dati sui lavori di risparmio energetico \u201cgenerici\u201d, agevolati dal bonus edilizio del 50 per cento.<\/p>\n\n\n<p><br \/>Tra gli interventi da comunicare ci sono il cambio delle finestre, l\u2019installazione degli impianti fotovoltaici e di contabilizzazione del calore, ma anche l\u2019acquisto di elettrodomestici abbinato ai lavori edili. L\u2019invio online va eseguito entro 90 giorni dal collaudo o dalla fine dei lavori (per le opere concluse dal 1\u00b0 gennaio al 21 novembre 2018 va fatto entro il 19 febbraio 2019).<\/p>\n\n\n<p><br \/>Certo, la compilazione \u00e8 gestibile con il fai-da-te (e pi\u00f9 facilmente rispetto a quella dell\u2019ecobonus), ma si tratta comunque di un ulteriore adempimento a cui prestare attenzione. Che va ad aggiungersi alla comunicazione all\u2019Asl (nei casi previsti dalle norme sulla sicurezza nei cantieri).<br \/>Sul fronte dei pagamenti, invece, le cose non si semplificano: anche nel 2019 restano le differenze tra le agevolazioni. Ristrutturazioni, ecobonus e sismabonus richiedono solo il bonifico \u201cparlante\u201d (cio\u00e8 con codice fiscale, partita Iva e specifica causale con riferimento normativo); il bonus mobili ammette bonifico ordinario, bancomat, carte di credito e prepagate; mentre il bonus giardini allarga lo spettro agli assegni non trasferibili.<\/p>\n\n\n<p><br \/>Quanto ai bonifici \u201cparlanti\u201d, poi, bisogna fare attenzione alle diverse causali. Per gli interventi di recupero edilizio e le misure antisismiche \u201cqualificate\u201d (detraibili al del 50, 70, 75, 80 o 85%) va indicato l\u2019articolo 16-bis del Dpr 917\/1986 (o Tuir); mentre per il risparmio energetico qualificato (detraibile al 50%, 65, 70 o 75%), la norma agevolativa \u00e8 l\u2019articolo 1, commi da 344 a 347 della legge 296\/2006 (o Finanziaria 2007). Secondo la direzione regionale delle Entrate del Piemonte (risposta all\u2019interpello n. 901-184\/2013, protocollo 2013\/41381), \u00e8 ammesso anche indicare la disposizione che ha regolato il bonus del 36% fino al 31 dicembre 2011 (articolo 1, legge 449\/1997) o quella che dal 1\u00b0 gennaio 2012 ha prorogato a regime l\u2019incentivo (articolo 4, comma 1, lettera c, Dl 201\/2011).&nbsp;<\/p>\n\n\n<p><br \/>Si ritiene possibile, inoltre, inserire le norme che prorogano annualmente l\u2019ecobonus, l\u2019aumento dal 36% al 50% della detrazione sul recupero edilizio, e che hanno introdotto le misure antisismiche \u201cqualificate\u201d: cio\u00e8 gli articoli 14 o 16 del Dl 63\/2013.<\/p>\n\n\n<p><a href=\"mailto:info@beneggiassociati.com\" target=\"_blank\" rel=\"noreferrer noopener\">Sei interessato all\u2019articolo? Scrivici e verrai contattato da un nostro Consultant<\/a><\/p>\n\n\n<p><a href=\"https:\/\/beneggiassociati.com\/\" target=\"_blank\" rel=\"noreferrer noopener\">@ Beneggi e Associati | Commercialisti al servizio delle imprese | Meda | Milano<\/a><br \/><\/p>\n","protected":false},"excerpt":{"rendered":"<p>Recupero edilizio, riqualificazione energetica, acquisto di arredi, sistemazione del verde di giardini e balconi. Chi ha rinviato al 2019 le spese per i lavori in casa, o deve ancora concludere (e pagare) interventi gi\u00e0 avviati nel 2018, pu\u00f2 star tranquillo: la legge di Bilancio ha prorogato di un anno l\u2019accesso ai bonus in scadenza lo [&hellip;]<\/p>\n","protected":false},"author":4,"featured_media":409,"comment_status":"open","ping_status":"open","sticky":false,"template":"","format":"standard","meta":{"_acf_changed":false,"content-type":"","footnotes":""},"categories":[16],"tags":[],"class_list":["post-16321","post","type-post","status-publish","format-standard","has-post-thumbnail","hentry","category-archivio"],"acf":[],"yoast_head":"<!-- This site is optimized with the Yoast SEO plugin v27.4 - https:\/\/yoast.com\/product\/yoast-seo-wordpress\/ -->\n<title>Detrazioni, lavori in casa, mobili e giardini - Beneggi &amp; Associati<\/title>\n<meta name=\"description\" content=\"Recupero edilizio, riqualificazione energetica, acquisto di arredi, sistemazione del verde di giardini e balconi. Chi ha rinviato al 2019 le spese per i\" \/>\n<meta name=\"robots\" content=\"index, follow, max-snippet:-1, max-image-preview:large, max-video-preview:-1\" \/>\n<link rel=\"canonical\" href=\"https:\/\/beneggiassociati.com\/en\/detrazioni-lavori-in-casa-mobili-e-giardini\/\" \/>\n<meta property=\"og:locale\" content=\"en_US\" \/>\n<meta property=\"og:type\" content=\"article\" \/>\n<meta property=\"og:title\" content=\"Detrazioni, lavori in casa, mobili e giardini - Beneggi &amp; Associati\" \/>\n<meta property=\"og:description\" content=\"Recupero edilizio, riqualificazione energetica, acquisto di arredi, sistemazione del verde di giardini e balconi. Chi ha rinviato al 2019 le spese per i\" \/>\n<meta property=\"og:url\" content=\"https:\/\/beneggiassociati.com\/en\/detrazioni-lavori-in-casa-mobili-e-giardini\/\" \/>\n<meta property=\"og:site_name\" content=\"Beneggi &amp; Associati\" \/>\n<meta property=\"article:published_time\" content=\"2019-01-12T21:30:00+00:00\" \/>\n<meta property=\"og:image\" content=\"https:\/\/beneggiassociati.com\/wp-content\/uploads\/2025\/07\/single-post-beneggi.jpg\" \/>\n\t<meta property=\"og:image:width\" content=\"1280\" \/>\n\t<meta property=\"og:image:height\" content=\"823\" \/>\n\t<meta property=\"og:image:type\" content=\"image\/jpeg\" \/>\n<meta name=\"author\" content=\"Tiziano Beneggi\" \/>\n<meta name=\"twitter:card\" content=\"summary_large_image\" \/>\n<meta name=\"twitter:label1\" content=\"Written by\" \/>\n\t<meta name=\"twitter:data1\" content=\"Tiziano Beneggi\" \/>\n\t<meta name=\"twitter:label2\" content=\"Est. reading time\" \/>\n\t<meta name=\"twitter:data2\" content=\"5 minutes\" \/>\n<script type=\"application\/ld+json\" class=\"yoast-schema-graph\">{\"@context\":\"https:\\\/\\\/schema.org\",\"@graph\":[{\"@type\":\"Article\",\"@id\":\"https:\\\/\\\/beneggiassociati.com\\\/en\\\/detrazioni-lavori-in-casa-mobili-e-giardini\\\/#article\",\"isPartOf\":{\"@id\":\"https:\\\/\\\/beneggiassociati.com\\\/en\\\/detrazioni-lavori-in-casa-mobili-e-giardini\\\/\"},\"author\":{\"name\":\"Tiziano Beneggi\",\"@id\":\"https:\\\/\\\/beneggiassociati.com\\\/en\\\/#\\\/schema\\\/person\\\/828daacfa37b359e89e981f920072004\"},\"headline\":\"Detrazioni, lavori in casa, mobili e giardini\",\"datePublished\":\"2019-01-12T21:30:00+00:00\",\"mainEntityOfPage\":{\"@id\":\"https:\\\/\\\/beneggiassociati.com\\\/en\\\/detrazioni-lavori-in-casa-mobili-e-giardini\\\/\"},\"wordCount\":981,\"commentCount\":0,\"publisher\":{\"@id\":\"https:\\\/\\\/beneggiassociati.com\\\/en\\\/#organization\"},\"image\":{\"@id\":\"https:\\\/\\\/beneggiassociati.com\\\/en\\\/detrazioni-lavori-in-casa-mobili-e-giardini\\\/#primaryimage\"},\"thumbnailUrl\":\"https:\\\/\\\/beneggiassociati.com\\\/wp-content\\\/uploads\\\/2025\\\/07\\\/single-post-beneggi.jpg\",\"articleSection\":[\"ARCHIVIO\"],\"inLanguage\":\"en-US\"},{\"@type\":\"WebPage\",\"@id\":\"https:\\\/\\\/beneggiassociati.com\\\/en\\\/detrazioni-lavori-in-casa-mobili-e-giardini\\\/\",\"url\":\"https:\\\/\\\/beneggiassociati.com\\\/en\\\/detrazioni-lavori-in-casa-mobili-e-giardini\\\/\",\"name\":\"Detrazioni, lavori in casa, mobili e giardini - Beneggi &amp; Associati\",\"isPartOf\":{\"@id\":\"https:\\\/\\\/beneggiassociati.com\\\/en\\\/#website\"},\"primaryImageOfPage\":{\"@id\":\"https:\\\/\\\/beneggiassociati.com\\\/en\\\/detrazioni-lavori-in-casa-mobili-e-giardini\\\/#primaryimage\"},\"image\":{\"@id\":\"https:\\\/\\\/beneggiassociati.com\\\/en\\\/detrazioni-lavori-in-casa-mobili-e-giardini\\\/#primaryimage\"},\"thumbnailUrl\":\"https:\\\/\\\/beneggiassociati.com\\\/wp-content\\\/uploads\\\/2025\\\/07\\\/single-post-beneggi.jpg\",\"datePublished\":\"2019-01-12T21:30:00+00:00\",\"description\":\"Recupero edilizio, riqualificazione energetica, acquisto di arredi, sistemazione del verde di giardini e balconi. Chi ha rinviato al 2019 le spese per i\",\"breadcrumb\":{\"@id\":\"https:\\\/\\\/beneggiassociati.com\\\/en\\\/detrazioni-lavori-in-casa-mobili-e-giardini\\\/#breadcrumb\"},\"inLanguage\":\"en-US\",\"potentialAction\":[{\"@type\":\"ReadAction\",\"target\":[\"https:\\\/\\\/beneggiassociati.com\\\/en\\\/detrazioni-lavori-in-casa-mobili-e-giardini\\\/\"]}]},{\"@type\":\"ImageObject\",\"inLanguage\":\"en-US\",\"@id\":\"https:\\\/\\\/beneggiassociati.com\\\/en\\\/detrazioni-lavori-in-casa-mobili-e-giardini\\\/#primaryimage\",\"url\":\"https:\\\/\\\/beneggiassociati.com\\\/wp-content\\\/uploads\\\/2025\\\/07\\\/single-post-beneggi.jpg\",\"contentUrl\":\"https:\\\/\\\/beneggiassociati.com\\\/wp-content\\\/uploads\\\/2025\\\/07\\\/single-post-beneggi.jpg\",\"width\":1280,\"height\":823},{\"@type\":\"BreadcrumbList\",\"@id\":\"https:\\\/\\\/beneggiassociati.com\\\/en\\\/detrazioni-lavori-in-casa-mobili-e-giardini\\\/#breadcrumb\",\"itemListElement\":[{\"@type\":\"ListItem\",\"position\":1,\"name\":\"Home\",\"item\":\"https:\\\/\\\/beneggiassociati.com\\\/en\\\/?page_id=24163\"},{\"@type\":\"ListItem\",\"position\":2,\"name\":\"Detrazioni, lavori in casa, mobili e giardini\"}]},{\"@type\":\"WebSite\",\"@id\":\"https:\\\/\\\/beneggiassociati.com\\\/en\\\/#website\",\"url\":\"https:\\\/\\\/beneggiassociati.com\\\/en\\\/\",\"name\":\"Beneggi e associati\",\"description\":\"\",\"publisher\":{\"@id\":\"https:\\\/\\\/beneggiassociati.com\\\/en\\\/#organization\"},\"potentialAction\":[{\"@type\":\"SearchAction\",\"target\":{\"@type\":\"EntryPoint\",\"urlTemplate\":\"https:\\\/\\\/beneggiassociati.com\\\/en\\\/?s={search_term_string}\"},\"query-input\":{\"@type\":\"PropertyValueSpecification\",\"valueRequired\":true,\"valueName\":\"search_term_string\"}}],\"inLanguage\":\"en-US\"},{\"@type\":\"Organization\",\"@id\":\"https:\\\/\\\/beneggiassociati.com\\\/en\\\/#organization\",\"name\":\"Beneggi e associati\",\"url\":\"https:\\\/\\\/beneggiassociati.com\\\/en\\\/\",\"logo\":{\"@type\":\"ImageObject\",\"inLanguage\":\"en-US\",\"@id\":\"https:\\\/\\\/beneggiassociati.com\\\/en\\\/#\\\/schema\\\/logo\\\/image\\\/\",\"url\":\"https:\\\/\\\/beneggiassociati.com\\\/wp-content\\\/uploads\\\/2025\\\/07\\\/beneggi-logo.png\",\"contentUrl\":\"https:\\\/\\\/beneggiassociati.com\\\/wp-content\\\/uploads\\\/2025\\\/07\\\/beneggi-logo.png\",\"width\":141,\"height\":87,\"caption\":\"Beneggi e associati\"},\"image\":{\"@id\":\"https:\\\/\\\/beneggiassociati.com\\\/en\\\/#\\\/schema\\\/logo\\\/image\\\/\"}},{\"@type\":\"Person\",\"@id\":\"https:\\\/\\\/beneggiassociati.com\\\/en\\\/#\\\/schema\\\/person\\\/828daacfa37b359e89e981f920072004\",\"name\":\"Tiziano Beneggi\",\"url\":\"https:\\\/\\\/beneggiassociati.com\\\/en\\\/author\\\/tizianobeneggiassociati-com\\\/\"}]}<\/script>\n<!-- \/ Yoast SEO plugin. -->","yoast_head_json":{"title":"Detrazioni, lavori in casa, mobili e giardini - Beneggi &amp; Associati","description":"Recupero edilizio, riqualificazione energetica, acquisto di arredi, sistemazione del verde di giardini e balconi. Chi ha rinviato al 2019 le spese per i","robots":{"index":"index","follow":"follow","max-snippet":"max-snippet:-1","max-image-preview":"max-image-preview:large","max-video-preview":"max-video-preview:-1"},"canonical":"https:\/\/beneggiassociati.com\/en\/detrazioni-lavori-in-casa-mobili-e-giardini\/","og_locale":"en_US","og_type":"article","og_title":"Detrazioni, lavori in casa, mobili e giardini - Beneggi &amp; Associati","og_description":"Recupero edilizio, riqualificazione energetica, acquisto di arredi, sistemazione del verde di giardini e balconi. Chi ha rinviato al 2019 le spese per i","og_url":"https:\/\/beneggiassociati.com\/en\/detrazioni-lavori-in-casa-mobili-e-giardini\/","og_site_name":"Beneggi &amp; Associati","article_published_time":"2019-01-12T21:30:00+00:00","og_image":[{"width":1280,"height":823,"url":"https:\/\/beneggiassociati.com\/wp-content\/uploads\/2025\/07\/single-post-beneggi.jpg","type":"image\/jpeg"}],"author":"Tiziano Beneggi","twitter_card":"summary_large_image","twitter_misc":{"Written by":"Tiziano Beneggi","Est. reading time":"5 minutes"},"schema":{"@context":"https:\/\/schema.org","@graph":[{"@type":"Article","@id":"https:\/\/beneggiassociati.com\/en\/detrazioni-lavori-in-casa-mobili-e-giardini\/#article","isPartOf":{"@id":"https:\/\/beneggiassociati.com\/en\/detrazioni-lavori-in-casa-mobili-e-giardini\/"},"author":{"name":"Tiziano Beneggi","@id":"https:\/\/beneggiassociati.com\/en\/#\/schema\/person\/828daacfa37b359e89e981f920072004"},"headline":"Detrazioni, lavori in casa, mobili e giardini","datePublished":"2019-01-12T21:30:00+00:00","mainEntityOfPage":{"@id":"https:\/\/beneggiassociati.com\/en\/detrazioni-lavori-in-casa-mobili-e-giardini\/"},"wordCount":981,"commentCount":0,"publisher":{"@id":"https:\/\/beneggiassociati.com\/en\/#organization"},"image":{"@id":"https:\/\/beneggiassociati.com\/en\/detrazioni-lavori-in-casa-mobili-e-giardini\/#primaryimage"},"thumbnailUrl":"https:\/\/beneggiassociati.com\/wp-content\/uploads\/2025\/07\/single-post-beneggi.jpg","articleSection":["ARCHIVIO"],"inLanguage":"en-US"},{"@type":"WebPage","@id":"https:\/\/beneggiassociati.com\/en\/detrazioni-lavori-in-casa-mobili-e-giardini\/","url":"https:\/\/beneggiassociati.com\/en\/detrazioni-lavori-in-casa-mobili-e-giardini\/","name":"Detrazioni, lavori in casa, mobili e giardini - Beneggi &amp; Associati","isPartOf":{"@id":"https:\/\/beneggiassociati.com\/en\/#website"},"primaryImageOfPage":{"@id":"https:\/\/beneggiassociati.com\/en\/detrazioni-lavori-in-casa-mobili-e-giardini\/#primaryimage"},"image":{"@id":"https:\/\/beneggiassociati.com\/en\/detrazioni-lavori-in-casa-mobili-e-giardini\/#primaryimage"},"thumbnailUrl":"https:\/\/beneggiassociati.com\/wp-content\/uploads\/2025\/07\/single-post-beneggi.jpg","datePublished":"2019-01-12T21:30:00+00:00","description":"Recupero edilizio, riqualificazione energetica, acquisto di arredi, sistemazione del verde di giardini e balconi. Chi ha rinviato al 2019 le spese per i","breadcrumb":{"@id":"https:\/\/beneggiassociati.com\/en\/detrazioni-lavori-in-casa-mobili-e-giardini\/#breadcrumb"},"inLanguage":"en-US","potentialAction":[{"@type":"ReadAction","target":["https:\/\/beneggiassociati.com\/en\/detrazioni-lavori-in-casa-mobili-e-giardini\/"]}]},{"@type":"ImageObject","inLanguage":"en-US","@id":"https:\/\/beneggiassociati.com\/en\/detrazioni-lavori-in-casa-mobili-e-giardini\/#primaryimage","url":"https:\/\/beneggiassociati.com\/wp-content\/uploads\/2025\/07\/single-post-beneggi.jpg","contentUrl":"https:\/\/beneggiassociati.com\/wp-content\/uploads\/2025\/07\/single-post-beneggi.jpg","width":1280,"height":823},{"@type":"BreadcrumbList","@id":"https:\/\/beneggiassociati.com\/en\/detrazioni-lavori-in-casa-mobili-e-giardini\/#breadcrumb","itemListElement":[{"@type":"ListItem","position":1,"name":"Home","item":"https:\/\/beneggiassociati.com\/en\/?page_id=24163"},{"@type":"ListItem","position":2,"name":"Detrazioni, lavori in casa, mobili e giardini"}]},{"@type":"WebSite","@id":"https:\/\/beneggiassociati.com\/en\/#website","url":"https:\/\/beneggiassociati.com\/en\/","name":"Beneggi e associati","description":"","publisher":{"@id":"https:\/\/beneggiassociati.com\/en\/#organization"},"potentialAction":[{"@type":"SearchAction","target":{"@type":"EntryPoint","urlTemplate":"https:\/\/beneggiassociati.com\/en\/?s={search_term_string}"},"query-input":{"@type":"PropertyValueSpecification","valueRequired":true,"valueName":"search_term_string"}}],"inLanguage":"en-US"},{"@type":"Organization","@id":"https:\/\/beneggiassociati.com\/en\/#organization","name":"Beneggi e associati","url":"https:\/\/beneggiassociati.com\/en\/","logo":{"@type":"ImageObject","inLanguage":"en-US","@id":"https:\/\/beneggiassociati.com\/en\/#\/schema\/logo\/image\/","url":"https:\/\/beneggiassociati.com\/wp-content\/uploads\/2025\/07\/beneggi-logo.png","contentUrl":"https:\/\/beneggiassociati.com\/wp-content\/uploads\/2025\/07\/beneggi-logo.png","width":141,"height":87,"caption":"Beneggi e associati"},"image":{"@id":"https:\/\/beneggiassociati.com\/en\/#\/schema\/logo\/image\/"}},{"@type":"Person","@id":"https:\/\/beneggiassociati.com\/en\/#\/schema\/person\/828daacfa37b359e89e981f920072004","name":"Tiziano Beneggi","url":"https:\/\/beneggiassociati.com\/en\/author\/tizianobeneggiassociati-com\/"}]}},"_links":{"self":[{"href":"https:\/\/beneggiassociati.com\/en\/wp-json\/wp\/v2\/posts\/16321","targetHints":{"allow":["GET"]}}],"collection":[{"href":"https:\/\/beneggiassociati.com\/en\/wp-json\/wp\/v2\/posts"}],"about":[{"href":"https:\/\/beneggiassociati.com\/en\/wp-json\/wp\/v2\/types\/post"}],"author":[{"embeddable":true,"href":"https:\/\/beneggiassociati.com\/en\/wp-json\/wp\/v2\/users\/4"}],"replies":[{"embeddable":true,"href":"https:\/\/beneggiassociati.com\/en\/wp-json\/wp\/v2\/comments?post=16321"}],"version-history":[{"count":0,"href":"https:\/\/beneggiassociati.com\/en\/wp-json\/wp\/v2\/posts\/16321\/revisions"}],"wp:featuredmedia":[{"embeddable":true,"href":"https:\/\/beneggiassociati.com\/en\/wp-json\/wp\/v2\/media\/409"}],"wp:attachment":[{"href":"https:\/\/beneggiassociati.com\/en\/wp-json\/wp\/v2\/media?parent=16321"}],"wp:term":[{"taxonomy":"category","embeddable":true,"href":"https:\/\/beneggiassociati.com\/en\/wp-json\/wp\/v2\/categories?post=16321"},{"taxonomy":"post_tag","embeddable":true,"href":"https:\/\/beneggiassociati.com\/en\/wp-json\/wp\/v2\/tags?post=16321"}],"curies":[{"name":"wp","href":"https:\/\/api.w.org\/{rel}","templated":true}]}}