{"id":16355,"date":"2019-02-03T10:12:00","date_gmt":"2019-02-03T09:12:00","guid":{"rendered":"https:\/\/dev.beneggiassociati.com\/2019\/02\/03\/appalti-il-committente-e-responsabile-solidale-per-le-retribuzioni-non-pagate\/"},"modified":"2019-02-03T10:12:00","modified_gmt":"2019-02-03T09:12:00","slug":"appalti-il-committente-e-responsabile-solidale-per-le-retribuzioni-non-pagate","status":"publish","type":"post","link":"https:\/\/beneggiassociati.com\/en\/appalti-il-committente-e-responsabile-solidale-per-le-retribuzioni-non-pagate\/","title":{"rendered":"Appalti, il committente \u00e8 responsabile solidale per le retribuzioni non pagate"},"content":{"rendered":"\n<p>Responsabilit\u00e0 solidale stretta per il committente nei confronti dei lavoratori dei dipendenti dell\u2019appaltatore.&nbsp;<\/p>\n\n\n<p>L\u2019obbligazione del committente\u2026pur avendo carattere accessorio, \u00e8 solidale con quella del debitore principale e pertanto\u2026non pu\u00f2 essere considerata n\u00e9 sussidiaria n\u00e9 eventuale, e ci\u00f2 in ragione del \u00abtenore letterale dell\u2019articolo 29 del Dlgs 276 del 2003\u00bb nonch\u00e9 della \u00abratio perseguita dal legislatore (consistente nell\u2019affidare al committente il controllo sulla corretta esecuzione del contratto di appalto da parte dell\u2019appaltatore)\u00bb.<\/p>\n\n\n<p>Come avveniva anteriormente al 2012, tutte le imprese legate dal vincolo di responsabilit\u00e0 solidale si troveranno di fronte alla possibilit\u00e0 che, a seguito delle inadempienze del proprio datore di lavoro, i lavoratori scelgano di rivolgersi alle imprese ritenute pi\u00f9 solide e solvibili (ossia, generalmente, al committente) per ottenere le retribuzioni e i versamenti contributivi non percepiti a fronte dell\u2019opera prestata nell\u2019appalto.&nbsp;<\/p>\n\n\n<p><a href=\"mailto:info@beneggiassociati.com\" target=\"_blank\" rel=\"noreferrer noopener\">Sei interessato all\u2019articolo? Scrivici e verrai contattato da un nostro Consultant<\/a><\/p>\n\n\n<p><a href=\"https:\/\/beneggiassociati.com\/\" target=\"_blank\" rel=\"noreferrer noopener\">@ Beneggi e Associati | Commercialisti al servizio delle imprese | Meda | Milano<\/a><br \/><\/p>\n","protected":false},"excerpt":{"rendered":"<p>Responsabilit\u00e0 solidale stretta per il committente nei confronti dei lavoratori dei dipendenti dell\u2019appaltatore.&nbsp; L\u2019obbligazione del committente\u2026pur avendo carattere accessorio, \u00e8 solidale con quella del debitore principale e pertanto\u2026non pu\u00f2 essere considerata n\u00e9 sussidiaria n\u00e9 eventuale, e ci\u00f2 in ragione del \u00abtenore letterale dell\u2019articolo 29 del Dlgs 276 del 2003\u00bb nonch\u00e9 della \u00abratio perseguita dal legislatore [&hellip;]<\/p>\n","protected":false},"author":4,"featured_media":409,"comment_status":"open","ping_status":"open","sticky":false,"template":"","format":"standard","meta":{"_acf_changed":false,"content-type":"","footnotes":""},"categories":[16],"tags":[],"class_list":["post-16355","post","type-post","status-publish","format-standard","has-post-thumbnail","hentry","category-archivio"],"acf":[],"yoast_head":"<!-- This site is optimized with the Yoast SEO plugin v27.5 - https:\/\/yoast.com\/product\/yoast-seo-wordpress\/ -->\n<title>Appalti, il committente \u00e8 responsabile solidale per le retribuzioni non pagate - Beneggi &amp; Associati<\/title>\n<meta name=\"description\" content=\"Responsabilit\u00e0 solidale stretta per il committente nei confronti dei lavoratori dei dipendenti dell\u2019appaltatore.&nbsp; L\u2019obbligazione del committente\u2026pur\" \/>\n<meta name=\"robots\" content=\"index, follow, max-snippet:-1, max-image-preview:large, max-video-preview:-1\" \/>\n<link rel=\"canonical\" href=\"https:\/\/beneggiassociati.com\/en\/appalti-il-committente-e-responsabile-solidale-per-le-retribuzioni-non-pagate\/\" \/>\n<meta property=\"og:locale\" content=\"en_US\" \/>\n<meta property=\"og:type\" content=\"article\" \/>\n<meta property=\"og:title\" content=\"Appalti, il committente \u00e8 responsabile solidale per le retribuzioni non pagate - Beneggi &amp; Associati\" \/>\n<meta property=\"og:description\" content=\"Responsabilit\u00e0 solidale stretta per il committente nei confronti dei lavoratori dei dipendenti dell\u2019appaltatore.&nbsp; L\u2019obbligazione del committente\u2026pur\" \/>\n<meta property=\"og:url\" content=\"https:\/\/beneggiassociati.com\/en\/appalti-il-committente-e-responsabile-solidale-per-le-retribuzioni-non-pagate\/\" \/>\n<meta property=\"og:site_name\" content=\"Beneggi &amp; Associati\" \/>\n<meta property=\"article:published_time\" content=\"2019-02-03T09:12:00+00:00\" \/>\n<meta property=\"og:image\" content=\"https:\/\/beneggiassociati.com\/wp-content\/uploads\/2025\/07\/single-post-beneggi.jpg\" \/>\n\t<meta property=\"og:image:width\" content=\"1280\" \/>\n\t<meta property=\"og:image:height\" content=\"823\" \/>\n\t<meta property=\"og:image:type\" content=\"image\/jpeg\" \/>\n<meta name=\"author\" content=\"Tiziano Beneggi\" \/>\n<meta name=\"twitter:card\" content=\"summary_large_image\" \/>\n<meta name=\"twitter:label1\" content=\"Written by\" \/>\n\t<meta name=\"twitter:data1\" content=\"Tiziano Beneggi\" \/>\n\t<meta name=\"twitter:label2\" content=\"Est. reading time\" \/>\n\t<meta name=\"twitter:data2\" content=\"1 minute\" \/>\n<script type=\"application\/ld+json\" class=\"yoast-schema-graph\">{\"@context\":\"https:\\\/\\\/schema.org\",\"@graph\":[{\"@type\":\"Article\",\"@id\":\"https:\\\/\\\/beneggiassociati.com\\\/en\\\/appalti-il-committente-e-responsabile-solidale-per-le-retribuzioni-non-pagate\\\/#article\",\"isPartOf\":{\"@id\":\"https:\\\/\\\/beneggiassociati.com\\\/en\\\/appalti-il-committente-e-responsabile-solidale-per-le-retribuzioni-non-pagate\\\/\"},\"author\":{\"name\":\"Tiziano Beneggi\",\"@id\":\"https:\\\/\\\/beneggiassociati.com\\\/en\\\/#\\\/schema\\\/person\\\/828daacfa37b359e89e981f920072004\"},\"headline\":\"Appalti, il committente \u00e8 responsabile solidale per le retribuzioni non pagate\",\"datePublished\":\"2019-02-03T09:12:00+00:00\",\"mainEntityOfPage\":{\"@id\":\"https:\\\/\\\/beneggiassociati.com\\\/en\\\/appalti-il-committente-e-responsabile-solidale-per-le-retribuzioni-non-pagate\\\/\"},\"wordCount\":170,\"commentCount\":0,\"publisher\":{\"@id\":\"https:\\\/\\\/beneggiassociati.com\\\/en\\\/#organization\"},\"image\":{\"@id\":\"https:\\\/\\\/beneggiassociati.com\\\/en\\\/appalti-il-committente-e-responsabile-solidale-per-le-retribuzioni-non-pagate\\\/#primaryimage\"},\"thumbnailUrl\":\"https:\\\/\\\/beneggiassociati.com\\\/wp-content\\\/uploads\\\/2025\\\/07\\\/single-post-beneggi.jpg\",\"articleSection\":[\"ARCHIVIO\"],\"inLanguage\":\"en-US\"},{\"@type\":\"WebPage\",\"@id\":\"https:\\\/\\\/beneggiassociati.com\\\/en\\\/appalti-il-committente-e-responsabile-solidale-per-le-retribuzioni-non-pagate\\\/\",\"url\":\"https:\\\/\\\/beneggiassociati.com\\\/en\\\/appalti-il-committente-e-responsabile-solidale-per-le-retribuzioni-non-pagate\\\/\",\"name\":\"Appalti, il committente \u00e8 responsabile solidale per le retribuzioni non pagate - Beneggi &amp; Associati\",\"isPartOf\":{\"@id\":\"https:\\\/\\\/beneggiassociati.com\\\/en\\\/#website\"},\"primaryImageOfPage\":{\"@id\":\"https:\\\/\\\/beneggiassociati.com\\\/en\\\/appalti-il-committente-e-responsabile-solidale-per-le-retribuzioni-non-pagate\\\/#primaryimage\"},\"image\":{\"@id\":\"https:\\\/\\\/beneggiassociati.com\\\/en\\\/appalti-il-committente-e-responsabile-solidale-per-le-retribuzioni-non-pagate\\\/#primaryimage\"},\"thumbnailUrl\":\"https:\\\/\\\/beneggiassociati.com\\\/wp-content\\\/uploads\\\/2025\\\/07\\\/single-post-beneggi.jpg\",\"datePublished\":\"2019-02-03T09:12:00+00:00\",\"description\":\"Responsabilit\u00e0 solidale stretta per il committente nei confronti dei lavoratori dei dipendenti dell\u2019appaltatore.&nbsp; L\u2019obbligazione del committente\u2026pur\",\"breadcrumb\":{\"@id\":\"https:\\\/\\\/beneggiassociati.com\\\/en\\\/appalti-il-committente-e-responsabile-solidale-per-le-retribuzioni-non-pagate\\\/#breadcrumb\"},\"inLanguage\":\"en-US\",\"potentialAction\":[{\"@type\":\"ReadAction\",\"target\":[\"https:\\\/\\\/beneggiassociati.com\\\/en\\\/appalti-il-committente-e-responsabile-solidale-per-le-retribuzioni-non-pagate\\\/\"]}]},{\"@type\":\"ImageObject\",\"inLanguage\":\"en-US\",\"@id\":\"https:\\\/\\\/beneggiassociati.com\\\/en\\\/appalti-il-committente-e-responsabile-solidale-per-le-retribuzioni-non-pagate\\\/#primaryimage\",\"url\":\"https:\\\/\\\/beneggiassociati.com\\\/wp-content\\\/uploads\\\/2025\\\/07\\\/single-post-beneggi.jpg\",\"contentUrl\":\"https:\\\/\\\/beneggiassociati.com\\\/wp-content\\\/uploads\\\/2025\\\/07\\\/single-post-beneggi.jpg\",\"width\":1280,\"height\":823},{\"@type\":\"BreadcrumbList\",\"@id\":\"https:\\\/\\\/beneggiassociati.com\\\/en\\\/appalti-il-committente-e-responsabile-solidale-per-le-retribuzioni-non-pagate\\\/#breadcrumb\",\"itemListElement\":[{\"@type\":\"ListItem\",\"position\":1,\"name\":\"Home\",\"item\":\"https:\\\/\\\/beneggiassociati.com\\\/en\\\/?page_id=24163\"},{\"@type\":\"ListItem\",\"position\":2,\"name\":\"Appalti, il committente \u00e8 responsabile solidale per le retribuzioni non pagate\"}]},{\"@type\":\"WebSite\",\"@id\":\"https:\\\/\\\/beneggiassociati.com\\\/en\\\/#website\",\"url\":\"https:\\\/\\\/beneggiassociati.com\\\/en\\\/\",\"name\":\"Beneggi e associati\",\"description\":\"\",\"publisher\":{\"@id\":\"https:\\\/\\\/beneggiassociati.com\\\/en\\\/#organization\"},\"potentialAction\":[{\"@type\":\"SearchAction\",\"target\":{\"@type\":\"EntryPoint\",\"urlTemplate\":\"https:\\\/\\\/beneggiassociati.com\\\/en\\\/?s={search_term_string}\"},\"query-input\":{\"@type\":\"PropertyValueSpecification\",\"valueRequired\":true,\"valueName\":\"search_term_string\"}}],\"inLanguage\":\"en-US\"},{\"@type\":\"Organization\",\"@id\":\"https:\\\/\\\/beneggiassociati.com\\\/en\\\/#organization\",\"name\":\"Beneggi e associati\",\"url\":\"https:\\\/\\\/beneggiassociati.com\\\/en\\\/\",\"logo\":{\"@type\":\"ImageObject\",\"inLanguage\":\"en-US\",\"@id\":\"https:\\\/\\\/beneggiassociati.com\\\/en\\\/#\\\/schema\\\/logo\\\/image\\\/\",\"url\":\"https:\\\/\\\/beneggiassociati.com\\\/wp-content\\\/uploads\\\/2025\\\/07\\\/beneggi-logo.png\",\"contentUrl\":\"https:\\\/\\\/beneggiassociati.com\\\/wp-content\\\/uploads\\\/2025\\\/07\\\/beneggi-logo.png\",\"width\":141,\"height\":87,\"caption\":\"Beneggi e associati\"},\"image\":{\"@id\":\"https:\\\/\\\/beneggiassociati.com\\\/en\\\/#\\\/schema\\\/logo\\\/image\\\/\"}},{\"@type\":\"Person\",\"@id\":\"https:\\\/\\\/beneggiassociati.com\\\/en\\\/#\\\/schema\\\/person\\\/828daacfa37b359e89e981f920072004\",\"name\":\"Tiziano Beneggi\",\"url\":\"https:\\\/\\\/beneggiassociati.com\\\/en\\\/author\\\/tizianobeneggiassociati-com\\\/\"}]}<\/script>\n<!-- \/ Yoast SEO plugin. -->","yoast_head_json":{"title":"Appalti, il committente \u00e8 responsabile solidale per le retribuzioni non pagate - Beneggi &amp; Associati","description":"Responsabilit\u00e0 solidale stretta per il committente nei confronti dei lavoratori dei dipendenti dell\u2019appaltatore.&nbsp; L\u2019obbligazione del committente\u2026pur","robots":{"index":"index","follow":"follow","max-snippet":"max-snippet:-1","max-image-preview":"max-image-preview:large","max-video-preview":"max-video-preview:-1"},"canonical":"https:\/\/beneggiassociati.com\/en\/appalti-il-committente-e-responsabile-solidale-per-le-retribuzioni-non-pagate\/","og_locale":"en_US","og_type":"article","og_title":"Appalti, il committente \u00e8 responsabile solidale per le retribuzioni non pagate - Beneggi &amp; Associati","og_description":"Responsabilit\u00e0 solidale stretta per il committente nei confronti dei lavoratori dei dipendenti dell\u2019appaltatore.&nbsp; L\u2019obbligazione del committente\u2026pur","og_url":"https:\/\/beneggiassociati.com\/en\/appalti-il-committente-e-responsabile-solidale-per-le-retribuzioni-non-pagate\/","og_site_name":"Beneggi &amp; Associati","article_published_time":"2019-02-03T09:12:00+00:00","og_image":[{"width":1280,"height":823,"url":"https:\/\/beneggiassociati.com\/wp-content\/uploads\/2025\/07\/single-post-beneggi.jpg","type":"image\/jpeg"}],"author":"Tiziano Beneggi","twitter_card":"summary_large_image","twitter_misc":{"Written by":"Tiziano Beneggi","Est. reading time":"1 minute"},"schema":{"@context":"https:\/\/schema.org","@graph":[{"@type":"Article","@id":"https:\/\/beneggiassociati.com\/en\/appalti-il-committente-e-responsabile-solidale-per-le-retribuzioni-non-pagate\/#article","isPartOf":{"@id":"https:\/\/beneggiassociati.com\/en\/appalti-il-committente-e-responsabile-solidale-per-le-retribuzioni-non-pagate\/"},"author":{"name":"Tiziano Beneggi","@id":"https:\/\/beneggiassociati.com\/en\/#\/schema\/person\/828daacfa37b359e89e981f920072004"},"headline":"Appalti, il committente \u00e8 responsabile solidale per le retribuzioni non pagate","datePublished":"2019-02-03T09:12:00+00:00","mainEntityOfPage":{"@id":"https:\/\/beneggiassociati.com\/en\/appalti-il-committente-e-responsabile-solidale-per-le-retribuzioni-non-pagate\/"},"wordCount":170,"commentCount":0,"publisher":{"@id":"https:\/\/beneggiassociati.com\/en\/#organization"},"image":{"@id":"https:\/\/beneggiassociati.com\/en\/appalti-il-committente-e-responsabile-solidale-per-le-retribuzioni-non-pagate\/#primaryimage"},"thumbnailUrl":"https:\/\/beneggiassociati.com\/wp-content\/uploads\/2025\/07\/single-post-beneggi.jpg","articleSection":["ARCHIVIO"],"inLanguage":"en-US"},{"@type":"WebPage","@id":"https:\/\/beneggiassociati.com\/en\/appalti-il-committente-e-responsabile-solidale-per-le-retribuzioni-non-pagate\/","url":"https:\/\/beneggiassociati.com\/en\/appalti-il-committente-e-responsabile-solidale-per-le-retribuzioni-non-pagate\/","name":"Appalti, il committente \u00e8 responsabile solidale per le retribuzioni non pagate - Beneggi &amp; Associati","isPartOf":{"@id":"https:\/\/beneggiassociati.com\/en\/#website"},"primaryImageOfPage":{"@id":"https:\/\/beneggiassociati.com\/en\/appalti-il-committente-e-responsabile-solidale-per-le-retribuzioni-non-pagate\/#primaryimage"},"image":{"@id":"https:\/\/beneggiassociati.com\/en\/appalti-il-committente-e-responsabile-solidale-per-le-retribuzioni-non-pagate\/#primaryimage"},"thumbnailUrl":"https:\/\/beneggiassociati.com\/wp-content\/uploads\/2025\/07\/single-post-beneggi.jpg","datePublished":"2019-02-03T09:12:00+00:00","description":"Responsabilit\u00e0 solidale stretta per il committente nei confronti dei lavoratori dei dipendenti dell\u2019appaltatore.&nbsp; L\u2019obbligazione del committente\u2026pur","breadcrumb":{"@id":"https:\/\/beneggiassociati.com\/en\/appalti-il-committente-e-responsabile-solidale-per-le-retribuzioni-non-pagate\/#breadcrumb"},"inLanguage":"en-US","potentialAction":[{"@type":"ReadAction","target":["https:\/\/beneggiassociati.com\/en\/appalti-il-committente-e-responsabile-solidale-per-le-retribuzioni-non-pagate\/"]}]},{"@type":"ImageObject","inLanguage":"en-US","@id":"https:\/\/beneggiassociati.com\/en\/appalti-il-committente-e-responsabile-solidale-per-le-retribuzioni-non-pagate\/#primaryimage","url":"https:\/\/beneggiassociati.com\/wp-content\/uploads\/2025\/07\/single-post-beneggi.jpg","contentUrl":"https:\/\/beneggiassociati.com\/wp-content\/uploads\/2025\/07\/single-post-beneggi.jpg","width":1280,"height":823},{"@type":"BreadcrumbList","@id":"https:\/\/beneggiassociati.com\/en\/appalti-il-committente-e-responsabile-solidale-per-le-retribuzioni-non-pagate\/#breadcrumb","itemListElement":[{"@type":"ListItem","position":1,"name":"Home","item":"https:\/\/beneggiassociati.com\/en\/?page_id=24163"},{"@type":"ListItem","position":2,"name":"Appalti, il committente \u00e8 responsabile solidale per le retribuzioni non pagate"}]},{"@type":"WebSite","@id":"https:\/\/beneggiassociati.com\/en\/#website","url":"https:\/\/beneggiassociati.com\/en\/","name":"Beneggi e associati","description":"","publisher":{"@id":"https:\/\/beneggiassociati.com\/en\/#organization"},"potentialAction":[{"@type":"SearchAction","target":{"@type":"EntryPoint","urlTemplate":"https:\/\/beneggiassociati.com\/en\/?s={search_term_string}"},"query-input":{"@type":"PropertyValueSpecification","valueRequired":true,"valueName":"search_term_string"}}],"inLanguage":"en-US"},{"@type":"Organization","@id":"https:\/\/beneggiassociati.com\/en\/#organization","name":"Beneggi e associati","url":"https:\/\/beneggiassociati.com\/en\/","logo":{"@type":"ImageObject","inLanguage":"en-US","@id":"https:\/\/beneggiassociati.com\/en\/#\/schema\/logo\/image\/","url":"https:\/\/beneggiassociati.com\/wp-content\/uploads\/2025\/07\/beneggi-logo.png","contentUrl":"https:\/\/beneggiassociati.com\/wp-content\/uploads\/2025\/07\/beneggi-logo.png","width":141,"height":87,"caption":"Beneggi e associati"},"image":{"@id":"https:\/\/beneggiassociati.com\/en\/#\/schema\/logo\/image\/"}},{"@type":"Person","@id":"https:\/\/beneggiassociati.com\/en\/#\/schema\/person\/828daacfa37b359e89e981f920072004","name":"Tiziano Beneggi","url":"https:\/\/beneggiassociati.com\/en\/author\/tizianobeneggiassociati-com\/"}]}},"_links":{"self":[{"href":"https:\/\/beneggiassociati.com\/en\/wp-json\/wp\/v2\/posts\/16355","targetHints":{"allow":["GET"]}}],"collection":[{"href":"https:\/\/beneggiassociati.com\/en\/wp-json\/wp\/v2\/posts"}],"about":[{"href":"https:\/\/beneggiassociati.com\/en\/wp-json\/wp\/v2\/types\/post"}],"author":[{"embeddable":true,"href":"https:\/\/beneggiassociati.com\/en\/wp-json\/wp\/v2\/users\/4"}],"replies":[{"embeddable":true,"href":"https:\/\/beneggiassociati.com\/en\/wp-json\/wp\/v2\/comments?post=16355"}],"version-history":[{"count":0,"href":"https:\/\/beneggiassociati.com\/en\/wp-json\/wp\/v2\/posts\/16355\/revisions"}],"wp:featuredmedia":[{"embeddable":true,"href":"https:\/\/beneggiassociati.com\/en\/wp-json\/wp\/v2\/media\/409"}],"wp:attachment":[{"href":"https:\/\/beneggiassociati.com\/en\/wp-json\/wp\/v2\/media?parent=16355"}],"wp:term":[{"taxonomy":"category","embeddable":true,"href":"https:\/\/beneggiassociati.com\/en\/wp-json\/wp\/v2\/categories?post=16355"},{"taxonomy":"post_tag","embeddable":true,"href":"https:\/\/beneggiassociati.com\/en\/wp-json\/wp\/v2\/tags?post=16355"}],"curies":[{"name":"wp","href":"https:\/\/api.w.org\/{rel}","templated":true}]}}