{"id":16376,"date":"2019-02-03T17:26:00","date_gmt":"2019-02-03T16:26:00","guid":{"rendered":"https:\/\/dev.beneggiassociati.com\/2019\/02\/03\/medici-intramoenia-niente-regime-forfettario-dal-2019\/"},"modified":"2019-02-03T17:26:00","modified_gmt":"2019-02-03T16:26:00","slug":"medici-intramoenia-niente-regime-forfettario-dal-2019","status":"publish","type":"post","link":"https:\/\/beneggiassociati.com\/en\/medici-intramoenia-niente-regime-forfettario-dal-2019\/","title":{"rendered":"Medici intramoenia, niente regime forfettario dal 2019"},"content":{"rendered":"\n<p>Le prestazioni mediche intramoenia ospedaliera hanno natura di reddito di lavoro dipendente e quindi non rilevano ai fini del regime forfettario.&nbsp;<\/p>\n\n\n<p>La nuova causa ostativa al regime forfettario relativa ai rapporti con il proprio datore di lavoro non pu\u00f2 avere effetti retroattivi; anzi, dal 2019 \u00e8 pi\u00f9 facile rientrarvi.&nbsp;<\/p>\n\n\n<p><br \/>I compensi percepiti dai medici del Servizio sanitario nazionale in relazione all\u2019attivit\u00e0 intramoenia (quindi nella sede del servizio medesimo) costituiscono redditi assimilati ai redditi di lavoro dipendente e quindi non possono rientrare nel regime forfettario.&nbsp;Infatti, le prestazioni professionali svolte dai medici all\u2019interno della struttura ospedaliera oltre l\u2019impegno di servizio vengono fatturate dall\u2019ente ospedaliero e vengono liquidate nella busta paga del medico dopo aver trattenuto una quota per le spese di struttura. Quindi, il medico non fattura nulla al paziente che ha chiesto la visita medica. Anche ai fini dell\u2019Irap, l\u2019articolo 2 del Dlgs n. 446\/1997 dispone che per i medici che hanno sottoscritto specifiche convenzioni con le strutture ospedaliere per lo svolgimento delle attivit\u00e0 all\u2019interno delle predette strutture non sussista l\u2019autonoma organizzazione e quindi l\u2019imposta regionale non sia dovuta.<\/p>\n\n\n<p><br \/>La nuova norma prevede che il contribuente non possa accedere al regime forfettario se, in aggiunta al rapporto subordinato, questo operi con partita Iva prevalentemente con il proprio datore di lavoro o con chi lo \u00e8 stato nei due periodi di imposta precedenti o con soggetti ad esso riconducibili. Quindi, i medici ospedalieri se sono autorizzati ad operare anche privatamente possono applicare il regime forfettario qualora i compensi percepiti nel 2018 per le attivit\u00e0 professionali siano risultati non superiori 65mila euro, fatturando le prestazioni ai clienti privati.&nbsp;Invece, non possono essere forfettari se fatturano direttamente all\u2019ente ospedaliero da cui dipendono o presso il quale erano dipendenti nei due periodi di imposta precedenti, a meno che il fatturato con l\u2019ente non risulti inferiore a quello fatto con altri clienti.<\/p>\n\n\n<p><a href=\"mailto:info@beneggiassociati.com\" target=\"_blank\" rel=\"noreferrer noopener\">Sei interessato all\u2019articolo? Scrivici e verrai contattato da un nostro Consultant<\/a><\/p>\n\n\n<p><a href=\"https:\/\/beneggiassociati.com\/\" target=\"_blank\" rel=\"noreferrer noopener\">@ Beneggi e Associati | Commercialisti al servizio delle imprese | Meda | Milano<\/a><br \/><\/p>\n","protected":false},"excerpt":{"rendered":"<p>Le prestazioni mediche intramoenia ospedaliera hanno natura di reddito di lavoro dipendente e quindi non rilevano ai fini del regime forfettario.&nbsp; La nuova causa ostativa al regime forfettario relativa ai rapporti con il proprio datore di lavoro non pu\u00f2 avere effetti retroattivi; anzi, dal 2019 \u00e8 pi\u00f9 facile rientrarvi.&nbsp; I compensi percepiti dai medici del [&hellip;]<\/p>\n","protected":false},"author":4,"featured_media":409,"comment_status":"open","ping_status":"open","sticky":false,"template":"","format":"standard","meta":{"_acf_changed":false,"content-type":"","footnotes":""},"categories":[16],"tags":[],"class_list":["post-16376","post","type-post","status-publish","format-standard","has-post-thumbnail","hentry","category-archivio"],"acf":[],"yoast_head":"<!-- This site is optimized with the Yoast SEO plugin v27.5 - https:\/\/yoast.com\/product\/yoast-seo-wordpress\/ -->\n<title>Medici intramoenia, niente regime forfettario dal 2019 - Beneggi &amp; Associati<\/title>\n<meta name=\"description\" content=\"Le prestazioni mediche intramoenia ospedaliera hanno natura di reddito di lavoro dipendente e quindi non rilevano ai fini del regime forfettario.&nbsp; La\" \/>\n<meta name=\"robots\" content=\"index, follow, max-snippet:-1, max-image-preview:large, max-video-preview:-1\" \/>\n<link rel=\"canonical\" href=\"https:\/\/beneggiassociati.com\/en\/medici-intramoenia-niente-regime-forfettario-dal-2019\/\" \/>\n<meta property=\"og:locale\" content=\"en_US\" \/>\n<meta property=\"og:type\" content=\"article\" \/>\n<meta property=\"og:title\" content=\"Medici intramoenia, niente regime forfettario dal 2019 - Beneggi &amp; Associati\" \/>\n<meta property=\"og:description\" content=\"Le prestazioni mediche intramoenia ospedaliera hanno natura di reddito di lavoro dipendente e quindi non rilevano ai fini del regime forfettario.&nbsp; La\" \/>\n<meta property=\"og:url\" content=\"https:\/\/beneggiassociati.com\/en\/medici-intramoenia-niente-regime-forfettario-dal-2019\/\" \/>\n<meta property=\"og:site_name\" content=\"Beneggi &amp; Associati\" \/>\n<meta property=\"article:published_time\" content=\"2019-02-03T16:26:00+00:00\" \/>\n<meta property=\"og:image\" content=\"https:\/\/beneggiassociati.com\/wp-content\/uploads\/2025\/07\/single-post-beneggi.jpg\" \/>\n\t<meta property=\"og:image:width\" content=\"1280\" \/>\n\t<meta property=\"og:image:height\" content=\"823\" \/>\n\t<meta property=\"og:image:type\" content=\"image\/jpeg\" \/>\n<meta name=\"author\" content=\"Tiziano Beneggi\" \/>\n<meta name=\"twitter:card\" content=\"summary_large_image\" \/>\n<meta name=\"twitter:label1\" content=\"Written by\" \/>\n\t<meta name=\"twitter:data1\" content=\"Tiziano Beneggi\" \/>\n\t<meta name=\"twitter:label2\" content=\"Est. reading time\" \/>\n\t<meta name=\"twitter:data2\" content=\"2 minutes\" \/>\n<script type=\"application\/ld+json\" class=\"yoast-schema-graph\">{\"@context\":\"https:\\\/\\\/schema.org\",\"@graph\":[{\"@type\":\"Article\",\"@id\":\"https:\\\/\\\/beneggiassociati.com\\\/en\\\/medici-intramoenia-niente-regime-forfettario-dal-2019\\\/#article\",\"isPartOf\":{\"@id\":\"https:\\\/\\\/beneggiassociati.com\\\/en\\\/medici-intramoenia-niente-regime-forfettario-dal-2019\\\/\"},\"author\":{\"name\":\"Tiziano Beneggi\",\"@id\":\"https:\\\/\\\/beneggiassociati.com\\\/en\\\/#\\\/schema\\\/person\\\/828daacfa37b359e89e981f920072004\"},\"headline\":\"Medici intramoenia, niente regime forfettario dal 2019\",\"datePublished\":\"2019-02-03T16:26:00+00:00\",\"mainEntityOfPage\":{\"@id\":\"https:\\\/\\\/beneggiassociati.com\\\/en\\\/medici-intramoenia-niente-regime-forfettario-dal-2019\\\/\"},\"wordCount\":344,\"commentCount\":0,\"publisher\":{\"@id\":\"https:\\\/\\\/beneggiassociati.com\\\/en\\\/#organization\"},\"image\":{\"@id\":\"https:\\\/\\\/beneggiassociati.com\\\/en\\\/medici-intramoenia-niente-regime-forfettario-dal-2019\\\/#primaryimage\"},\"thumbnailUrl\":\"https:\\\/\\\/beneggiassociati.com\\\/wp-content\\\/uploads\\\/2025\\\/07\\\/single-post-beneggi.jpg\",\"articleSection\":[\"ARCHIVIO\"],\"inLanguage\":\"en-US\"},{\"@type\":\"WebPage\",\"@id\":\"https:\\\/\\\/beneggiassociati.com\\\/en\\\/medici-intramoenia-niente-regime-forfettario-dal-2019\\\/\",\"url\":\"https:\\\/\\\/beneggiassociati.com\\\/en\\\/medici-intramoenia-niente-regime-forfettario-dal-2019\\\/\",\"name\":\"Medici intramoenia, niente regime forfettario dal 2019 - Beneggi &amp; Associati\",\"isPartOf\":{\"@id\":\"https:\\\/\\\/beneggiassociati.com\\\/en\\\/#website\"},\"primaryImageOfPage\":{\"@id\":\"https:\\\/\\\/beneggiassociati.com\\\/en\\\/medici-intramoenia-niente-regime-forfettario-dal-2019\\\/#primaryimage\"},\"image\":{\"@id\":\"https:\\\/\\\/beneggiassociati.com\\\/en\\\/medici-intramoenia-niente-regime-forfettario-dal-2019\\\/#primaryimage\"},\"thumbnailUrl\":\"https:\\\/\\\/beneggiassociati.com\\\/wp-content\\\/uploads\\\/2025\\\/07\\\/single-post-beneggi.jpg\",\"datePublished\":\"2019-02-03T16:26:00+00:00\",\"description\":\"Le prestazioni mediche intramoenia ospedaliera hanno natura di reddito di lavoro dipendente e quindi non rilevano ai fini del regime forfettario.&nbsp; La\",\"breadcrumb\":{\"@id\":\"https:\\\/\\\/beneggiassociati.com\\\/en\\\/medici-intramoenia-niente-regime-forfettario-dal-2019\\\/#breadcrumb\"},\"inLanguage\":\"en-US\",\"potentialAction\":[{\"@type\":\"ReadAction\",\"target\":[\"https:\\\/\\\/beneggiassociati.com\\\/en\\\/medici-intramoenia-niente-regime-forfettario-dal-2019\\\/\"]}]},{\"@type\":\"ImageObject\",\"inLanguage\":\"en-US\",\"@id\":\"https:\\\/\\\/beneggiassociati.com\\\/en\\\/medici-intramoenia-niente-regime-forfettario-dal-2019\\\/#primaryimage\",\"url\":\"https:\\\/\\\/beneggiassociati.com\\\/wp-content\\\/uploads\\\/2025\\\/07\\\/single-post-beneggi.jpg\",\"contentUrl\":\"https:\\\/\\\/beneggiassociati.com\\\/wp-content\\\/uploads\\\/2025\\\/07\\\/single-post-beneggi.jpg\",\"width\":1280,\"height\":823},{\"@type\":\"BreadcrumbList\",\"@id\":\"https:\\\/\\\/beneggiassociati.com\\\/en\\\/medici-intramoenia-niente-regime-forfettario-dal-2019\\\/#breadcrumb\",\"itemListElement\":[{\"@type\":\"ListItem\",\"position\":1,\"name\":\"Home\",\"item\":\"https:\\\/\\\/beneggiassociati.com\\\/en\\\/?page_id=24163\"},{\"@type\":\"ListItem\",\"position\":2,\"name\":\"Medici intramoenia, niente regime forfettario dal 2019\"}]},{\"@type\":\"WebSite\",\"@id\":\"https:\\\/\\\/beneggiassociati.com\\\/en\\\/#website\",\"url\":\"https:\\\/\\\/beneggiassociati.com\\\/en\\\/\",\"name\":\"Beneggi e associati\",\"description\":\"\",\"publisher\":{\"@id\":\"https:\\\/\\\/beneggiassociati.com\\\/en\\\/#organization\"},\"potentialAction\":[{\"@type\":\"SearchAction\",\"target\":{\"@type\":\"EntryPoint\",\"urlTemplate\":\"https:\\\/\\\/beneggiassociati.com\\\/en\\\/?s={search_term_string}\"},\"query-input\":{\"@type\":\"PropertyValueSpecification\",\"valueRequired\":true,\"valueName\":\"search_term_string\"}}],\"inLanguage\":\"en-US\"},{\"@type\":\"Organization\",\"@id\":\"https:\\\/\\\/beneggiassociati.com\\\/en\\\/#organization\",\"name\":\"Beneggi e associati\",\"url\":\"https:\\\/\\\/beneggiassociati.com\\\/en\\\/\",\"logo\":{\"@type\":\"ImageObject\",\"inLanguage\":\"en-US\",\"@id\":\"https:\\\/\\\/beneggiassociati.com\\\/en\\\/#\\\/schema\\\/logo\\\/image\\\/\",\"url\":\"https:\\\/\\\/beneggiassociati.com\\\/wp-content\\\/uploads\\\/2025\\\/07\\\/beneggi-logo.png\",\"contentUrl\":\"https:\\\/\\\/beneggiassociati.com\\\/wp-content\\\/uploads\\\/2025\\\/07\\\/beneggi-logo.png\",\"width\":141,\"height\":87,\"caption\":\"Beneggi e associati\"},\"image\":{\"@id\":\"https:\\\/\\\/beneggiassociati.com\\\/en\\\/#\\\/schema\\\/logo\\\/image\\\/\"}},{\"@type\":\"Person\",\"@id\":\"https:\\\/\\\/beneggiassociati.com\\\/en\\\/#\\\/schema\\\/person\\\/828daacfa37b359e89e981f920072004\",\"name\":\"Tiziano Beneggi\",\"url\":\"https:\\\/\\\/beneggiassociati.com\\\/en\\\/author\\\/tizianobeneggiassociati-com\\\/\"}]}<\/script>\n<!-- \/ Yoast SEO plugin. -->","yoast_head_json":{"title":"Medici intramoenia, niente regime forfettario dal 2019 - Beneggi &amp; Associati","description":"Le prestazioni mediche intramoenia ospedaliera hanno natura di reddito di lavoro dipendente e quindi non rilevano ai fini del regime forfettario.&nbsp; La","robots":{"index":"index","follow":"follow","max-snippet":"max-snippet:-1","max-image-preview":"max-image-preview:large","max-video-preview":"max-video-preview:-1"},"canonical":"https:\/\/beneggiassociati.com\/en\/medici-intramoenia-niente-regime-forfettario-dal-2019\/","og_locale":"en_US","og_type":"article","og_title":"Medici intramoenia, niente regime forfettario dal 2019 - Beneggi &amp; Associati","og_description":"Le prestazioni mediche intramoenia ospedaliera hanno natura di reddito di lavoro dipendente e quindi non rilevano ai fini del regime forfettario.&nbsp; La","og_url":"https:\/\/beneggiassociati.com\/en\/medici-intramoenia-niente-regime-forfettario-dal-2019\/","og_site_name":"Beneggi &amp; Associati","article_published_time":"2019-02-03T16:26:00+00:00","og_image":[{"width":1280,"height":823,"url":"https:\/\/beneggiassociati.com\/wp-content\/uploads\/2025\/07\/single-post-beneggi.jpg","type":"image\/jpeg"}],"author":"Tiziano Beneggi","twitter_card":"summary_large_image","twitter_misc":{"Written by":"Tiziano Beneggi","Est. reading time":"2 minutes"},"schema":{"@context":"https:\/\/schema.org","@graph":[{"@type":"Article","@id":"https:\/\/beneggiassociati.com\/en\/medici-intramoenia-niente-regime-forfettario-dal-2019\/#article","isPartOf":{"@id":"https:\/\/beneggiassociati.com\/en\/medici-intramoenia-niente-regime-forfettario-dal-2019\/"},"author":{"name":"Tiziano Beneggi","@id":"https:\/\/beneggiassociati.com\/en\/#\/schema\/person\/828daacfa37b359e89e981f920072004"},"headline":"Medici intramoenia, niente regime forfettario dal 2019","datePublished":"2019-02-03T16:26:00+00:00","mainEntityOfPage":{"@id":"https:\/\/beneggiassociati.com\/en\/medici-intramoenia-niente-regime-forfettario-dal-2019\/"},"wordCount":344,"commentCount":0,"publisher":{"@id":"https:\/\/beneggiassociati.com\/en\/#organization"},"image":{"@id":"https:\/\/beneggiassociati.com\/en\/medici-intramoenia-niente-regime-forfettario-dal-2019\/#primaryimage"},"thumbnailUrl":"https:\/\/beneggiassociati.com\/wp-content\/uploads\/2025\/07\/single-post-beneggi.jpg","articleSection":["ARCHIVIO"],"inLanguage":"en-US"},{"@type":"WebPage","@id":"https:\/\/beneggiassociati.com\/en\/medici-intramoenia-niente-regime-forfettario-dal-2019\/","url":"https:\/\/beneggiassociati.com\/en\/medici-intramoenia-niente-regime-forfettario-dal-2019\/","name":"Medici intramoenia, niente regime forfettario dal 2019 - Beneggi &amp; Associati","isPartOf":{"@id":"https:\/\/beneggiassociati.com\/en\/#website"},"primaryImageOfPage":{"@id":"https:\/\/beneggiassociati.com\/en\/medici-intramoenia-niente-regime-forfettario-dal-2019\/#primaryimage"},"image":{"@id":"https:\/\/beneggiassociati.com\/en\/medici-intramoenia-niente-regime-forfettario-dal-2019\/#primaryimage"},"thumbnailUrl":"https:\/\/beneggiassociati.com\/wp-content\/uploads\/2025\/07\/single-post-beneggi.jpg","datePublished":"2019-02-03T16:26:00+00:00","description":"Le prestazioni mediche intramoenia ospedaliera hanno natura di reddito di lavoro dipendente e quindi non rilevano ai fini del regime forfettario.&nbsp; La","breadcrumb":{"@id":"https:\/\/beneggiassociati.com\/en\/medici-intramoenia-niente-regime-forfettario-dal-2019\/#breadcrumb"},"inLanguage":"en-US","potentialAction":[{"@type":"ReadAction","target":["https:\/\/beneggiassociati.com\/en\/medici-intramoenia-niente-regime-forfettario-dal-2019\/"]}]},{"@type":"ImageObject","inLanguage":"en-US","@id":"https:\/\/beneggiassociati.com\/en\/medici-intramoenia-niente-regime-forfettario-dal-2019\/#primaryimage","url":"https:\/\/beneggiassociati.com\/wp-content\/uploads\/2025\/07\/single-post-beneggi.jpg","contentUrl":"https:\/\/beneggiassociati.com\/wp-content\/uploads\/2025\/07\/single-post-beneggi.jpg","width":1280,"height":823},{"@type":"BreadcrumbList","@id":"https:\/\/beneggiassociati.com\/en\/medici-intramoenia-niente-regime-forfettario-dal-2019\/#breadcrumb","itemListElement":[{"@type":"ListItem","position":1,"name":"Home","item":"https:\/\/beneggiassociati.com\/en\/?page_id=24163"},{"@type":"ListItem","position":2,"name":"Medici intramoenia, niente regime forfettario dal 2019"}]},{"@type":"WebSite","@id":"https:\/\/beneggiassociati.com\/en\/#website","url":"https:\/\/beneggiassociati.com\/en\/","name":"Beneggi e associati","description":"","publisher":{"@id":"https:\/\/beneggiassociati.com\/en\/#organization"},"potentialAction":[{"@type":"SearchAction","target":{"@type":"EntryPoint","urlTemplate":"https:\/\/beneggiassociati.com\/en\/?s={search_term_string}"},"query-input":{"@type":"PropertyValueSpecification","valueRequired":true,"valueName":"search_term_string"}}],"inLanguage":"en-US"},{"@type":"Organization","@id":"https:\/\/beneggiassociati.com\/en\/#organization","name":"Beneggi e associati","url":"https:\/\/beneggiassociati.com\/en\/","logo":{"@type":"ImageObject","inLanguage":"en-US","@id":"https:\/\/beneggiassociati.com\/en\/#\/schema\/logo\/image\/","url":"https:\/\/beneggiassociati.com\/wp-content\/uploads\/2025\/07\/beneggi-logo.png","contentUrl":"https:\/\/beneggiassociati.com\/wp-content\/uploads\/2025\/07\/beneggi-logo.png","width":141,"height":87,"caption":"Beneggi e associati"},"image":{"@id":"https:\/\/beneggiassociati.com\/en\/#\/schema\/logo\/image\/"}},{"@type":"Person","@id":"https:\/\/beneggiassociati.com\/en\/#\/schema\/person\/828daacfa37b359e89e981f920072004","name":"Tiziano Beneggi","url":"https:\/\/beneggiassociati.com\/en\/author\/tizianobeneggiassociati-com\/"}]}},"_links":{"self":[{"href":"https:\/\/beneggiassociati.com\/en\/wp-json\/wp\/v2\/posts\/16376","targetHints":{"allow":["GET"]}}],"collection":[{"href":"https:\/\/beneggiassociati.com\/en\/wp-json\/wp\/v2\/posts"}],"about":[{"href":"https:\/\/beneggiassociati.com\/en\/wp-json\/wp\/v2\/types\/post"}],"author":[{"embeddable":true,"href":"https:\/\/beneggiassociati.com\/en\/wp-json\/wp\/v2\/users\/4"}],"replies":[{"embeddable":true,"href":"https:\/\/beneggiassociati.com\/en\/wp-json\/wp\/v2\/comments?post=16376"}],"version-history":[{"count":0,"href":"https:\/\/beneggiassociati.com\/en\/wp-json\/wp\/v2\/posts\/16376\/revisions"}],"wp:featuredmedia":[{"embeddable":true,"href":"https:\/\/beneggiassociati.com\/en\/wp-json\/wp\/v2\/media\/409"}],"wp:attachment":[{"href":"https:\/\/beneggiassociati.com\/en\/wp-json\/wp\/v2\/media?parent=16376"}],"wp:term":[{"taxonomy":"category","embeddable":true,"href":"https:\/\/beneggiassociati.com\/en\/wp-json\/wp\/v2\/categories?post=16376"},{"taxonomy":"post_tag","embeddable":true,"href":"https:\/\/beneggiassociati.com\/en\/wp-json\/wp\/v2\/tags?post=16376"}],"curies":[{"name":"wp","href":"https:\/\/api.w.org\/{rel}","templated":true}]}}