{"id":16387,"date":"2019-02-09T19:15:00","date_gmt":"2019-02-09T18:15:00","guid":{"rendered":"https:\/\/dev.beneggiassociati.com\/2019\/02\/09\/riscatto-laurea-i-conti-sul-forfait\/"},"modified":"2019-02-09T19:15:00","modified_gmt":"2019-02-09T18:15:00","slug":"riscatto-laurea-i-conti-sul-forfait","status":"publish","type":"post","link":"https:\/\/beneggiassociati.com\/en\/riscatto-laurea-i-conti-sul-forfait\/","title":{"rendered":"Riscatto laurea, i conti sul forfait"},"content":{"rendered":"\n<p>Il riscatto della laurea \u201ca forfait\u201d riservato agli under 45 costa meno, ma ha anche un effetto ridotto sull\u2019importo della futura pensione.&nbsp;<\/p>\n\n\n<p><br \/>Il riscatto agevolato pu\u00f2 essere utilizzato solo se il periodo del corso legale di studi si trova in un arco temporale di competenza del metodo contributivo: chi richiede il riscatto dovr\u00e0 avere studiato, almeno in parte, dal 1996 in poi. Per potere ottenere il riscatto, il soggetto dovr\u00e0 avere terminato il percorso di studi e avere ottenuto il titolo e, soprattutto, non dovr\u00e0 avere lavorato durante gli anni universitari. Nel caso, infatti, i periodi di studio fossero coperti da contribuzione obbligatoria, non sar\u00e0 possibile ottenere il riscatto, salvo che per eventuali periodi non coperti (nel caso di lavori estivi o di breve durata).<\/p>\n\n\n<p><br \/>Valgono le regole generali che prevedono una completa deducibilit\u00e0 dell\u2019onere dal reddito fiscalmente imponibile, nonch\u00e9 la rateizzabilit\u00e0 in un massimo di 10 anni senza applicazione di interessi.&nbsp;<\/p>\n\n\n<p><br \/>In assenza di rivalutazione e immaginando un accesso a pensione all\u2019et\u00e0 di vecchiaia alle condizioni di trasformazione del montante contributivo in pensione a oggi vigenti, i 5.240 euro di contributi che si versano per riscattare \u201ca forfait\u201d ogni anno di corso si traducono in un aumento dell\u2019assegno lordo mensile di circa 20 euro. Quindi una laurea quadriennale riscattata in questo modo consente un aumento prospettico teorico della pensione di circa 90 euro mensili lordi.<\/p>\n\n\n<p><br \/>Ma quanto \u00e8 il risparmio rispetto al riscatto tradizionale? Nel caso del riscatto accessibile a tutti, senza limiti di et\u00e0, i periodi che si considerano nel metodo contributivo vengono riscattati pagando un onere direttamente proporzionale all\u2019ultimo reddito imponibile previdenziale da lavoro percepito (fra il 33 e il 34% applicato a tale base di calcolo). Quindi il risparmio sar\u00e0 tanto maggiore quanto pi\u00f9 guadagner\u00e0 il lavoratore al momento della richiesta. Va per\u00f2 considerato che il titolare di un reddito lordo di 40mila euro che riscatti un corso di studi di 4quattro anni, pagher\u00e0 quasi 53.000 euro, ma &#8211; rateizzando in 10 anni- avr\u00e0 un risparmio d\u2019imposta di almeno 21.000 euro (il 41% del riscatto sar\u00e0 quindi pagato dalla deducibilit\u00e0 fiscale). A fronte di questo costo maggiore rispetto al riscatto \u201cforfettizzato\u201d la pensione futura aumenter\u00e0 per\u00f2 di almeno 225 euro lordi mensili, dunque pi\u00f9 del doppio di quello prodotto dal riscatto di laurea agevolato.<\/p>\n\n\n<p><br \/>In questo scenario va inoltre considerato che il risparmio fiscale sar\u00e0 sempre massimizzato rateizzando in 10 anni in quanto, in presenza di redditi non eccessivamente elevati, frazionare l\u2019onere in 10 anni (sia per la forma agevolata, sia per quella ordinaria di riscatto) consente di utilizzare l\u2019aliquota marginale Irpef pi\u00f9 alta ai fini della deducibilit\u00e0 (toccando un massimo del 43% pi\u00f9 una media del 3% fra addizionali regionali e comunali). L\u2019operazione si riveler\u00e0 dunque molto meno conveniente in periodi privi di redditi o di residenza fiscale all\u2019estero in assenza di accordi internazionali che consentano di fruire del vantaggio della deducibilit\u00e0.<\/p>\n\n\n<p><a href=\"mailto:info@beneggiassociati.com\" target=\"_blank\" rel=\"noreferrer noopener\">Sei interessato all\u2019articolo? Scrivici e verrai contattato da un nostro Consultant<\/a><\/p>\n\n\n<p><a href=\"https:\/\/beneggiassociati.com\/\" target=\"_blank\" rel=\"noreferrer noopener\">@ Beneggi e Associati | Commercialisti al servizio delle imprese | Meda | Milano<\/a><br \/><\/p>\n","protected":false},"excerpt":{"rendered":"<p>Il riscatto della laurea \u201ca forfait\u201d riservato agli under 45 costa meno, ma ha anche un effetto ridotto sull\u2019importo della futura pensione.&nbsp; Il riscatto agevolato pu\u00f2 essere utilizzato solo se il periodo del corso legale di studi si trova in un arco temporale di competenza del metodo contributivo: chi richiede il riscatto dovr\u00e0 avere studiato, [&hellip;]<\/p>\n","protected":false},"author":4,"featured_media":409,"comment_status":"open","ping_status":"open","sticky":false,"template":"","format":"standard","meta":{"_acf_changed":false,"content-type":"","footnotes":""},"categories":[16],"tags":[],"class_list":["post-16387","post","type-post","status-publish","format-standard","has-post-thumbnail","hentry","category-archivio"],"acf":[],"yoast_head":"<!-- This site is optimized with the Yoast SEO plugin v27.5 - https:\/\/yoast.com\/product\/yoast-seo-wordpress\/ -->\n<title>Riscatto laurea, i conti sul forfait - Beneggi &amp; Associati<\/title>\n<meta name=\"description\" content=\"Il riscatto della laurea \u201ca forfait\u201d riservato agli under 45 costa meno, ma ha anche un effetto ridotto sull\u2019importo della futura pensione.&nbsp; Il\" \/>\n<meta name=\"robots\" content=\"index, follow, max-snippet:-1, max-image-preview:large, max-video-preview:-1\" \/>\n<link rel=\"canonical\" href=\"https:\/\/beneggiassociati.com\/en\/riscatto-laurea-i-conti-sul-forfait\/\" \/>\n<meta property=\"og:locale\" content=\"en_US\" \/>\n<meta property=\"og:type\" content=\"article\" \/>\n<meta property=\"og:title\" content=\"Riscatto laurea, i conti sul forfait - Beneggi &amp; Associati\" \/>\n<meta property=\"og:description\" content=\"Il riscatto della laurea \u201ca forfait\u201d riservato agli under 45 costa meno, ma ha anche un effetto ridotto sull\u2019importo della futura pensione.&nbsp; Il\" \/>\n<meta property=\"og:url\" content=\"https:\/\/beneggiassociati.com\/en\/riscatto-laurea-i-conti-sul-forfait\/\" \/>\n<meta property=\"og:site_name\" content=\"Beneggi &amp; Associati\" \/>\n<meta property=\"article:published_time\" content=\"2019-02-09T18:15:00+00:00\" \/>\n<meta property=\"og:image\" content=\"https:\/\/beneggiassociati.com\/wp-content\/uploads\/2025\/07\/single-post-beneggi.jpg\" \/>\n\t<meta property=\"og:image:width\" content=\"1280\" \/>\n\t<meta property=\"og:image:height\" content=\"823\" \/>\n\t<meta property=\"og:image:type\" content=\"image\/jpeg\" \/>\n<meta name=\"author\" content=\"Tiziano Beneggi\" \/>\n<meta name=\"twitter:card\" content=\"summary_large_image\" \/>\n<meta name=\"twitter:label1\" content=\"Written by\" \/>\n\t<meta name=\"twitter:data1\" content=\"Tiziano Beneggi\" \/>\n\t<meta name=\"twitter:label2\" content=\"Est. reading time\" \/>\n\t<meta name=\"twitter:data2\" content=\"2 minutes\" \/>\n<script type=\"application\/ld+json\" class=\"yoast-schema-graph\">{\"@context\":\"https:\\\/\\\/schema.org\",\"@graph\":[{\"@type\":\"Article\",\"@id\":\"https:\\\/\\\/beneggiassociati.com\\\/en\\\/riscatto-laurea-i-conti-sul-forfait\\\/#article\",\"isPartOf\":{\"@id\":\"https:\\\/\\\/beneggiassociati.com\\\/en\\\/riscatto-laurea-i-conti-sul-forfait\\\/\"},\"author\":{\"name\":\"Tiziano Beneggi\",\"@id\":\"https:\\\/\\\/beneggiassociati.com\\\/en\\\/#\\\/schema\\\/person\\\/828daacfa37b359e89e981f920072004\"},\"headline\":\"Riscatto laurea, i conti sul forfait\",\"datePublished\":\"2019-02-09T18:15:00+00:00\",\"mainEntityOfPage\":{\"@id\":\"https:\\\/\\\/beneggiassociati.com\\\/en\\\/riscatto-laurea-i-conti-sul-forfait\\\/\"},\"wordCount\":499,\"commentCount\":0,\"publisher\":{\"@id\":\"https:\\\/\\\/beneggiassociati.com\\\/en\\\/#organization\"},\"image\":{\"@id\":\"https:\\\/\\\/beneggiassociati.com\\\/en\\\/riscatto-laurea-i-conti-sul-forfait\\\/#primaryimage\"},\"thumbnailUrl\":\"https:\\\/\\\/beneggiassociati.com\\\/wp-content\\\/uploads\\\/2025\\\/07\\\/single-post-beneggi.jpg\",\"articleSection\":[\"ARCHIVIO\"],\"inLanguage\":\"en-US\"},{\"@type\":\"WebPage\",\"@id\":\"https:\\\/\\\/beneggiassociati.com\\\/en\\\/riscatto-laurea-i-conti-sul-forfait\\\/\",\"url\":\"https:\\\/\\\/beneggiassociati.com\\\/en\\\/riscatto-laurea-i-conti-sul-forfait\\\/\",\"name\":\"Riscatto laurea, i conti sul forfait - Beneggi &amp; Associati\",\"isPartOf\":{\"@id\":\"https:\\\/\\\/beneggiassociati.com\\\/en\\\/#website\"},\"primaryImageOfPage\":{\"@id\":\"https:\\\/\\\/beneggiassociati.com\\\/en\\\/riscatto-laurea-i-conti-sul-forfait\\\/#primaryimage\"},\"image\":{\"@id\":\"https:\\\/\\\/beneggiassociati.com\\\/en\\\/riscatto-laurea-i-conti-sul-forfait\\\/#primaryimage\"},\"thumbnailUrl\":\"https:\\\/\\\/beneggiassociati.com\\\/wp-content\\\/uploads\\\/2025\\\/07\\\/single-post-beneggi.jpg\",\"datePublished\":\"2019-02-09T18:15:00+00:00\",\"description\":\"Il riscatto della laurea \u201ca forfait\u201d riservato agli under 45 costa meno, ma ha anche un effetto ridotto sull\u2019importo della futura pensione.&nbsp; Il\",\"breadcrumb\":{\"@id\":\"https:\\\/\\\/beneggiassociati.com\\\/en\\\/riscatto-laurea-i-conti-sul-forfait\\\/#breadcrumb\"},\"inLanguage\":\"en-US\",\"potentialAction\":[{\"@type\":\"ReadAction\",\"target\":[\"https:\\\/\\\/beneggiassociati.com\\\/en\\\/riscatto-laurea-i-conti-sul-forfait\\\/\"]}]},{\"@type\":\"ImageObject\",\"inLanguage\":\"en-US\",\"@id\":\"https:\\\/\\\/beneggiassociati.com\\\/en\\\/riscatto-laurea-i-conti-sul-forfait\\\/#primaryimage\",\"url\":\"https:\\\/\\\/beneggiassociati.com\\\/wp-content\\\/uploads\\\/2025\\\/07\\\/single-post-beneggi.jpg\",\"contentUrl\":\"https:\\\/\\\/beneggiassociati.com\\\/wp-content\\\/uploads\\\/2025\\\/07\\\/single-post-beneggi.jpg\",\"width\":1280,\"height\":823},{\"@type\":\"BreadcrumbList\",\"@id\":\"https:\\\/\\\/beneggiassociati.com\\\/en\\\/riscatto-laurea-i-conti-sul-forfait\\\/#breadcrumb\",\"itemListElement\":[{\"@type\":\"ListItem\",\"position\":1,\"name\":\"Home\",\"item\":\"https:\\\/\\\/beneggiassociati.com\\\/en\\\/?page_id=24163\"},{\"@type\":\"ListItem\",\"position\":2,\"name\":\"Riscatto laurea, i conti sul forfait\"}]},{\"@type\":\"WebSite\",\"@id\":\"https:\\\/\\\/beneggiassociati.com\\\/en\\\/#website\",\"url\":\"https:\\\/\\\/beneggiassociati.com\\\/en\\\/\",\"name\":\"Beneggi e associati\",\"description\":\"\",\"publisher\":{\"@id\":\"https:\\\/\\\/beneggiassociati.com\\\/en\\\/#organization\"},\"potentialAction\":[{\"@type\":\"SearchAction\",\"target\":{\"@type\":\"EntryPoint\",\"urlTemplate\":\"https:\\\/\\\/beneggiassociati.com\\\/en\\\/?s={search_term_string}\"},\"query-input\":{\"@type\":\"PropertyValueSpecification\",\"valueRequired\":true,\"valueName\":\"search_term_string\"}}],\"inLanguage\":\"en-US\"},{\"@type\":\"Organization\",\"@id\":\"https:\\\/\\\/beneggiassociati.com\\\/en\\\/#organization\",\"name\":\"Beneggi e associati\",\"url\":\"https:\\\/\\\/beneggiassociati.com\\\/en\\\/\",\"logo\":{\"@type\":\"ImageObject\",\"inLanguage\":\"en-US\",\"@id\":\"https:\\\/\\\/beneggiassociati.com\\\/en\\\/#\\\/schema\\\/logo\\\/image\\\/\",\"url\":\"https:\\\/\\\/beneggiassociati.com\\\/wp-content\\\/uploads\\\/2025\\\/07\\\/beneggi-logo.png\",\"contentUrl\":\"https:\\\/\\\/beneggiassociati.com\\\/wp-content\\\/uploads\\\/2025\\\/07\\\/beneggi-logo.png\",\"width\":141,\"height\":87,\"caption\":\"Beneggi e associati\"},\"image\":{\"@id\":\"https:\\\/\\\/beneggiassociati.com\\\/en\\\/#\\\/schema\\\/logo\\\/image\\\/\"}},{\"@type\":\"Person\",\"@id\":\"https:\\\/\\\/beneggiassociati.com\\\/en\\\/#\\\/schema\\\/person\\\/828daacfa37b359e89e981f920072004\",\"name\":\"Tiziano Beneggi\",\"url\":\"https:\\\/\\\/beneggiassociati.com\\\/en\\\/author\\\/tizianobeneggiassociati-com\\\/\"}]}<\/script>\n<!-- \/ Yoast SEO plugin. -->","yoast_head_json":{"title":"Riscatto laurea, i conti sul forfait - Beneggi &amp; Associati","description":"Il riscatto della laurea \u201ca forfait\u201d riservato agli under 45 costa meno, ma ha anche un effetto ridotto sull\u2019importo della futura pensione.&nbsp; Il","robots":{"index":"index","follow":"follow","max-snippet":"max-snippet:-1","max-image-preview":"max-image-preview:large","max-video-preview":"max-video-preview:-1"},"canonical":"https:\/\/beneggiassociati.com\/en\/riscatto-laurea-i-conti-sul-forfait\/","og_locale":"en_US","og_type":"article","og_title":"Riscatto laurea, i conti sul forfait - Beneggi &amp; Associati","og_description":"Il riscatto della laurea \u201ca forfait\u201d riservato agli under 45 costa meno, ma ha anche un effetto ridotto sull\u2019importo della futura pensione.&nbsp; Il","og_url":"https:\/\/beneggiassociati.com\/en\/riscatto-laurea-i-conti-sul-forfait\/","og_site_name":"Beneggi &amp; Associati","article_published_time":"2019-02-09T18:15:00+00:00","og_image":[{"width":1280,"height":823,"url":"https:\/\/beneggiassociati.com\/wp-content\/uploads\/2025\/07\/single-post-beneggi.jpg","type":"image\/jpeg"}],"author":"Tiziano Beneggi","twitter_card":"summary_large_image","twitter_misc":{"Written by":"Tiziano Beneggi","Est. reading time":"2 minutes"},"schema":{"@context":"https:\/\/schema.org","@graph":[{"@type":"Article","@id":"https:\/\/beneggiassociati.com\/en\/riscatto-laurea-i-conti-sul-forfait\/#article","isPartOf":{"@id":"https:\/\/beneggiassociati.com\/en\/riscatto-laurea-i-conti-sul-forfait\/"},"author":{"name":"Tiziano Beneggi","@id":"https:\/\/beneggiassociati.com\/en\/#\/schema\/person\/828daacfa37b359e89e981f920072004"},"headline":"Riscatto laurea, i conti sul forfait","datePublished":"2019-02-09T18:15:00+00:00","mainEntityOfPage":{"@id":"https:\/\/beneggiassociati.com\/en\/riscatto-laurea-i-conti-sul-forfait\/"},"wordCount":499,"commentCount":0,"publisher":{"@id":"https:\/\/beneggiassociati.com\/en\/#organization"},"image":{"@id":"https:\/\/beneggiassociati.com\/en\/riscatto-laurea-i-conti-sul-forfait\/#primaryimage"},"thumbnailUrl":"https:\/\/beneggiassociati.com\/wp-content\/uploads\/2025\/07\/single-post-beneggi.jpg","articleSection":["ARCHIVIO"],"inLanguage":"en-US"},{"@type":"WebPage","@id":"https:\/\/beneggiassociati.com\/en\/riscatto-laurea-i-conti-sul-forfait\/","url":"https:\/\/beneggiassociati.com\/en\/riscatto-laurea-i-conti-sul-forfait\/","name":"Riscatto laurea, i conti sul forfait - Beneggi &amp; Associati","isPartOf":{"@id":"https:\/\/beneggiassociati.com\/en\/#website"},"primaryImageOfPage":{"@id":"https:\/\/beneggiassociati.com\/en\/riscatto-laurea-i-conti-sul-forfait\/#primaryimage"},"image":{"@id":"https:\/\/beneggiassociati.com\/en\/riscatto-laurea-i-conti-sul-forfait\/#primaryimage"},"thumbnailUrl":"https:\/\/beneggiassociati.com\/wp-content\/uploads\/2025\/07\/single-post-beneggi.jpg","datePublished":"2019-02-09T18:15:00+00:00","description":"Il riscatto della laurea \u201ca forfait\u201d riservato agli under 45 costa meno, ma ha anche un effetto ridotto sull\u2019importo della futura pensione.&nbsp; Il","breadcrumb":{"@id":"https:\/\/beneggiassociati.com\/en\/riscatto-laurea-i-conti-sul-forfait\/#breadcrumb"},"inLanguage":"en-US","potentialAction":[{"@type":"ReadAction","target":["https:\/\/beneggiassociati.com\/en\/riscatto-laurea-i-conti-sul-forfait\/"]}]},{"@type":"ImageObject","inLanguage":"en-US","@id":"https:\/\/beneggiassociati.com\/en\/riscatto-laurea-i-conti-sul-forfait\/#primaryimage","url":"https:\/\/beneggiassociati.com\/wp-content\/uploads\/2025\/07\/single-post-beneggi.jpg","contentUrl":"https:\/\/beneggiassociati.com\/wp-content\/uploads\/2025\/07\/single-post-beneggi.jpg","width":1280,"height":823},{"@type":"BreadcrumbList","@id":"https:\/\/beneggiassociati.com\/en\/riscatto-laurea-i-conti-sul-forfait\/#breadcrumb","itemListElement":[{"@type":"ListItem","position":1,"name":"Home","item":"https:\/\/beneggiassociati.com\/en\/?page_id=24163"},{"@type":"ListItem","position":2,"name":"Riscatto laurea, i conti sul forfait"}]},{"@type":"WebSite","@id":"https:\/\/beneggiassociati.com\/en\/#website","url":"https:\/\/beneggiassociati.com\/en\/","name":"Beneggi e associati","description":"","publisher":{"@id":"https:\/\/beneggiassociati.com\/en\/#organization"},"potentialAction":[{"@type":"SearchAction","target":{"@type":"EntryPoint","urlTemplate":"https:\/\/beneggiassociati.com\/en\/?s={search_term_string}"},"query-input":{"@type":"PropertyValueSpecification","valueRequired":true,"valueName":"search_term_string"}}],"inLanguage":"en-US"},{"@type":"Organization","@id":"https:\/\/beneggiassociati.com\/en\/#organization","name":"Beneggi e associati","url":"https:\/\/beneggiassociati.com\/en\/","logo":{"@type":"ImageObject","inLanguage":"en-US","@id":"https:\/\/beneggiassociati.com\/en\/#\/schema\/logo\/image\/","url":"https:\/\/beneggiassociati.com\/wp-content\/uploads\/2025\/07\/beneggi-logo.png","contentUrl":"https:\/\/beneggiassociati.com\/wp-content\/uploads\/2025\/07\/beneggi-logo.png","width":141,"height":87,"caption":"Beneggi e associati"},"image":{"@id":"https:\/\/beneggiassociati.com\/en\/#\/schema\/logo\/image\/"}},{"@type":"Person","@id":"https:\/\/beneggiassociati.com\/en\/#\/schema\/person\/828daacfa37b359e89e981f920072004","name":"Tiziano Beneggi","url":"https:\/\/beneggiassociati.com\/en\/author\/tizianobeneggiassociati-com\/"}]}},"_links":{"self":[{"href":"https:\/\/beneggiassociati.com\/en\/wp-json\/wp\/v2\/posts\/16387","targetHints":{"allow":["GET"]}}],"collection":[{"href":"https:\/\/beneggiassociati.com\/en\/wp-json\/wp\/v2\/posts"}],"about":[{"href":"https:\/\/beneggiassociati.com\/en\/wp-json\/wp\/v2\/types\/post"}],"author":[{"embeddable":true,"href":"https:\/\/beneggiassociati.com\/en\/wp-json\/wp\/v2\/users\/4"}],"replies":[{"embeddable":true,"href":"https:\/\/beneggiassociati.com\/en\/wp-json\/wp\/v2\/comments?post=16387"}],"version-history":[{"count":0,"href":"https:\/\/beneggiassociati.com\/en\/wp-json\/wp\/v2\/posts\/16387\/revisions"}],"wp:featuredmedia":[{"embeddable":true,"href":"https:\/\/beneggiassociati.com\/en\/wp-json\/wp\/v2\/media\/409"}],"wp:attachment":[{"href":"https:\/\/beneggiassociati.com\/en\/wp-json\/wp\/v2\/media?parent=16387"}],"wp:term":[{"taxonomy":"category","embeddable":true,"href":"https:\/\/beneggiassociati.com\/en\/wp-json\/wp\/v2\/categories?post=16387"},{"taxonomy":"post_tag","embeddable":true,"href":"https:\/\/beneggiassociati.com\/en\/wp-json\/wp\/v2\/tags?post=16387"}],"curies":[{"name":"wp","href":"https:\/\/api.w.org\/{rel}","templated":true}]}}