{"id":16388,"date":"2019-02-09T19:22:00","date_gmt":"2019-02-09T18:22:00","guid":{"rendered":"https:\/\/dev.beneggiassociati.com\/2019\/02\/09\/saldo-e-stralcio-debiti-dallattivita-di-liquidazione\/"},"modified":"2019-02-09T19:22:00","modified_gmt":"2019-02-09T18:22:00","slug":"saldo-e-stralcio-debiti-dallattivita-di-liquidazione","status":"publish","type":"post","link":"https:\/\/beneggiassociati.com\/en\/saldo-e-stralcio-debiti-dallattivita-di-liquidazione\/","title":{"rendered":"Saldo e stralcio, debiti dall\u2019attivit\u00e0 di liquidazione"},"content":{"rendered":"\n<p>Disco rosso al saldo e stralcio per gli avvisi bonari: da tutte le sanatorie della pace fiscale restano sempre fuori gli avvisi bonari. Il contribuente che, magari con fatica, \u00e8 riuscito a tenere in piedi la rateazione degli avvisi, anche con un Isee basso, non potr\u00e0 fruire dello stralcio, solo perch\u00e9 non si \u00e8 in presenza di importi affidati all\u2019agente della riscossione.<\/p>\n\n\n<p>Possono invece senz\u2019altro rientrare nella nuova sanatoria tutti i debiti derivanti dalla liquidazione delle dichiarazioni, eseguite in base agli articoli 36 bis, Dpr 600\/1973, e 54 bis, Dpr 633\/1972: la liquidazione delle dichiarazioni pu\u00f2 determinare l\u2019emersione sia di imposte dichiarate e non versate sia la richiesta di maggiori imposte per il disconoscimento, ad esempio, di oneri deducibili: nella normativa di riferimento si richiamano i debiti rinvenienti sia dall\u2019omesso versamento di imposte risultanti dalla dichiarazione sia dalle attivit\u00e0 di liquidazione sopra indicate.&nbsp;<\/p>\n\n\n<p>\u00c8 di interesse anche l\u2019ulteriore precisazione in ordine ai tributi ammessi alla sanatoria. La norma, in effetti, non detta alcuna elencazione tassativa delle imposte definibili. Ci\u00f2 che conta \u00e8 che il debitore sia una persona fisica e che l\u2019affidamento derivi dalla liquidazione delle dichiarazioni annuali. Ne consegue che nulla osta a che lo stralcio includa anche tutte le imposte sostitutive dell\u2019Irpef che, in quanto tali, sono oggetto delle medesime procedure di controllo. Si pensi ad esempio alla cedolare secca sulle locazioni immobiliari.&nbsp;<\/p>\n\n\n<p><a href=\"mailto:info@beneggiassociati.com\" target=\"_blank\" rel=\"noreferrer noopener\">Sei interessato all\u2019articolo? Scrivici e verrai contattato da un nostro Consultant<\/a><\/p>\n\n\n<p><a href=\"https:\/\/beneggiassociati.com\/\" target=\"_blank\" rel=\"noreferrer noopener\">@ Beneggi e Associati | Commercialisti al servizio delle imprese | Meda | Milano<\/a><br \/><\/p>\n","protected":false},"excerpt":{"rendered":"<p>Disco rosso al saldo e stralcio per gli avvisi bonari: da tutte le sanatorie della pace fiscale restano sempre fuori gli avvisi bonari. Il contribuente che, magari con fatica, \u00e8 riuscito a tenere in piedi la rateazione degli avvisi, anche con un Isee basso, non potr\u00e0 fruire dello stralcio, solo perch\u00e9 non si \u00e8 in [&hellip;]<\/p>\n","protected":false},"author":4,"featured_media":409,"comment_status":"open","ping_status":"open","sticky":false,"template":"","format":"standard","meta":{"_acf_changed":false,"content-type":"","footnotes":""},"categories":[16],"tags":[],"class_list":["post-16388","post","type-post","status-publish","format-standard","has-post-thumbnail","hentry","category-archivio"],"acf":[],"yoast_head":"<!-- This site is optimized with the Yoast SEO plugin v27.5 - https:\/\/yoast.com\/product\/yoast-seo-wordpress\/ -->\n<title>Saldo e stralcio, debiti dall\u2019attivit\u00e0 di liquidazione - Beneggi &amp; Associati<\/title>\n<meta name=\"description\" content=\"Disco rosso al saldo e stralcio per gli avvisi bonari: da tutte le sanatorie della pace fiscale restano sempre fuori gli avvisi bonari. Il contribuente\" \/>\n<meta name=\"robots\" content=\"index, follow, max-snippet:-1, max-image-preview:large, max-video-preview:-1\" \/>\n<link rel=\"canonical\" href=\"https:\/\/beneggiassociati.com\/en\/saldo-e-stralcio-debiti-dallattivita-di-liquidazione\/\" \/>\n<meta property=\"og:locale\" content=\"en_US\" \/>\n<meta property=\"og:type\" content=\"article\" \/>\n<meta property=\"og:title\" content=\"Saldo e stralcio, debiti dall\u2019attivit\u00e0 di liquidazione - Beneggi &amp; Associati\" \/>\n<meta property=\"og:description\" content=\"Disco rosso al saldo e stralcio per gli avvisi bonari: da tutte le sanatorie della pace fiscale restano sempre fuori gli avvisi bonari. Il contribuente\" \/>\n<meta property=\"og:url\" content=\"https:\/\/beneggiassociati.com\/en\/saldo-e-stralcio-debiti-dallattivita-di-liquidazione\/\" \/>\n<meta property=\"og:site_name\" content=\"Beneggi &amp; Associati\" \/>\n<meta property=\"article:published_time\" content=\"2019-02-09T18:22:00+00:00\" \/>\n<meta property=\"og:image\" content=\"https:\/\/beneggiassociati.com\/wp-content\/uploads\/2025\/07\/single-post-beneggi.jpg\" \/>\n\t<meta property=\"og:image:width\" content=\"1280\" \/>\n\t<meta property=\"og:image:height\" content=\"823\" \/>\n\t<meta property=\"og:image:type\" content=\"image\/jpeg\" \/>\n<meta name=\"author\" content=\"Tiziano Beneggi\" \/>\n<meta name=\"twitter:card\" content=\"summary_large_image\" \/>\n<meta name=\"twitter:label1\" content=\"Written by\" \/>\n\t<meta name=\"twitter:data1\" content=\"Tiziano Beneggi\" \/>\n\t<meta name=\"twitter:label2\" content=\"Est. reading time\" \/>\n\t<meta name=\"twitter:data2\" content=\"1 minute\" \/>\n<script type=\"application\/ld+json\" class=\"yoast-schema-graph\">{\"@context\":\"https:\\\/\\\/schema.org\",\"@graph\":[{\"@type\":\"Article\",\"@id\":\"https:\\\/\\\/beneggiassociati.com\\\/en\\\/saldo-e-stralcio-debiti-dallattivita-di-liquidazione\\\/#article\",\"isPartOf\":{\"@id\":\"https:\\\/\\\/beneggiassociati.com\\\/en\\\/saldo-e-stralcio-debiti-dallattivita-di-liquidazione\\\/\"},\"author\":{\"name\":\"Tiziano Beneggi\",\"@id\":\"https:\\\/\\\/beneggiassociati.com\\\/en\\\/#\\\/schema\\\/person\\\/828daacfa37b359e89e981f920072004\"},\"headline\":\"Saldo e stralcio, debiti dall\u2019attivit\u00e0 di liquidazione\",\"datePublished\":\"2019-02-09T18:22:00+00:00\",\"mainEntityOfPage\":{\"@id\":\"https:\\\/\\\/beneggiassociati.com\\\/en\\\/saldo-e-stralcio-debiti-dallattivita-di-liquidazione\\\/\"},\"wordCount\":256,\"commentCount\":0,\"publisher\":{\"@id\":\"https:\\\/\\\/beneggiassociati.com\\\/en\\\/#organization\"},\"image\":{\"@id\":\"https:\\\/\\\/beneggiassociati.com\\\/en\\\/saldo-e-stralcio-debiti-dallattivita-di-liquidazione\\\/#primaryimage\"},\"thumbnailUrl\":\"https:\\\/\\\/beneggiassociati.com\\\/wp-content\\\/uploads\\\/2025\\\/07\\\/single-post-beneggi.jpg\",\"articleSection\":[\"ARCHIVIO\"],\"inLanguage\":\"en-US\"},{\"@type\":\"WebPage\",\"@id\":\"https:\\\/\\\/beneggiassociati.com\\\/en\\\/saldo-e-stralcio-debiti-dallattivita-di-liquidazione\\\/\",\"url\":\"https:\\\/\\\/beneggiassociati.com\\\/en\\\/saldo-e-stralcio-debiti-dallattivita-di-liquidazione\\\/\",\"name\":\"Saldo e stralcio, debiti dall\u2019attivit\u00e0 di liquidazione - Beneggi &amp; Associati\",\"isPartOf\":{\"@id\":\"https:\\\/\\\/beneggiassociati.com\\\/en\\\/#website\"},\"primaryImageOfPage\":{\"@id\":\"https:\\\/\\\/beneggiassociati.com\\\/en\\\/saldo-e-stralcio-debiti-dallattivita-di-liquidazione\\\/#primaryimage\"},\"image\":{\"@id\":\"https:\\\/\\\/beneggiassociati.com\\\/en\\\/saldo-e-stralcio-debiti-dallattivita-di-liquidazione\\\/#primaryimage\"},\"thumbnailUrl\":\"https:\\\/\\\/beneggiassociati.com\\\/wp-content\\\/uploads\\\/2025\\\/07\\\/single-post-beneggi.jpg\",\"datePublished\":\"2019-02-09T18:22:00+00:00\",\"description\":\"Disco rosso al saldo e stralcio per gli avvisi bonari: da tutte le sanatorie della pace fiscale restano sempre fuori gli avvisi bonari. Il contribuente\",\"breadcrumb\":{\"@id\":\"https:\\\/\\\/beneggiassociati.com\\\/en\\\/saldo-e-stralcio-debiti-dallattivita-di-liquidazione\\\/#breadcrumb\"},\"inLanguage\":\"en-US\",\"potentialAction\":[{\"@type\":\"ReadAction\",\"target\":[\"https:\\\/\\\/beneggiassociati.com\\\/en\\\/saldo-e-stralcio-debiti-dallattivita-di-liquidazione\\\/\"]}]},{\"@type\":\"ImageObject\",\"inLanguage\":\"en-US\",\"@id\":\"https:\\\/\\\/beneggiassociati.com\\\/en\\\/saldo-e-stralcio-debiti-dallattivita-di-liquidazione\\\/#primaryimage\",\"url\":\"https:\\\/\\\/beneggiassociati.com\\\/wp-content\\\/uploads\\\/2025\\\/07\\\/single-post-beneggi.jpg\",\"contentUrl\":\"https:\\\/\\\/beneggiassociati.com\\\/wp-content\\\/uploads\\\/2025\\\/07\\\/single-post-beneggi.jpg\",\"width\":1280,\"height\":823},{\"@type\":\"BreadcrumbList\",\"@id\":\"https:\\\/\\\/beneggiassociati.com\\\/en\\\/saldo-e-stralcio-debiti-dallattivita-di-liquidazione\\\/#breadcrumb\",\"itemListElement\":[{\"@type\":\"ListItem\",\"position\":1,\"name\":\"Home\",\"item\":\"https:\\\/\\\/beneggiassociati.com\\\/en\\\/?page_id=24163\"},{\"@type\":\"ListItem\",\"position\":2,\"name\":\"Saldo e stralcio, debiti dall\u2019attivit\u00e0 di liquidazione\"}]},{\"@type\":\"WebSite\",\"@id\":\"https:\\\/\\\/beneggiassociati.com\\\/en\\\/#website\",\"url\":\"https:\\\/\\\/beneggiassociati.com\\\/en\\\/\",\"name\":\"Beneggi e associati\",\"description\":\"\",\"publisher\":{\"@id\":\"https:\\\/\\\/beneggiassociati.com\\\/en\\\/#organization\"},\"potentialAction\":[{\"@type\":\"SearchAction\",\"target\":{\"@type\":\"EntryPoint\",\"urlTemplate\":\"https:\\\/\\\/beneggiassociati.com\\\/en\\\/?s={search_term_string}\"},\"query-input\":{\"@type\":\"PropertyValueSpecification\",\"valueRequired\":true,\"valueName\":\"search_term_string\"}}],\"inLanguage\":\"en-US\"},{\"@type\":\"Organization\",\"@id\":\"https:\\\/\\\/beneggiassociati.com\\\/en\\\/#organization\",\"name\":\"Beneggi e associati\",\"url\":\"https:\\\/\\\/beneggiassociati.com\\\/en\\\/\",\"logo\":{\"@type\":\"ImageObject\",\"inLanguage\":\"en-US\",\"@id\":\"https:\\\/\\\/beneggiassociati.com\\\/en\\\/#\\\/schema\\\/logo\\\/image\\\/\",\"url\":\"https:\\\/\\\/beneggiassociati.com\\\/wp-content\\\/uploads\\\/2025\\\/07\\\/beneggi-logo.png\",\"contentUrl\":\"https:\\\/\\\/beneggiassociati.com\\\/wp-content\\\/uploads\\\/2025\\\/07\\\/beneggi-logo.png\",\"width\":141,\"height\":87,\"caption\":\"Beneggi e associati\"},\"image\":{\"@id\":\"https:\\\/\\\/beneggiassociati.com\\\/en\\\/#\\\/schema\\\/logo\\\/image\\\/\"}},{\"@type\":\"Person\",\"@id\":\"https:\\\/\\\/beneggiassociati.com\\\/en\\\/#\\\/schema\\\/person\\\/828daacfa37b359e89e981f920072004\",\"name\":\"Tiziano Beneggi\",\"url\":\"https:\\\/\\\/beneggiassociati.com\\\/en\\\/author\\\/tizianobeneggiassociati-com\\\/\"}]}<\/script>\n<!-- \/ Yoast SEO plugin. -->","yoast_head_json":{"title":"Saldo e stralcio, debiti dall\u2019attivit\u00e0 di liquidazione - Beneggi &amp; Associati","description":"Disco rosso al saldo e stralcio per gli avvisi bonari: da tutte le sanatorie della pace fiscale restano sempre fuori gli avvisi bonari. Il contribuente","robots":{"index":"index","follow":"follow","max-snippet":"max-snippet:-1","max-image-preview":"max-image-preview:large","max-video-preview":"max-video-preview:-1"},"canonical":"https:\/\/beneggiassociati.com\/en\/saldo-e-stralcio-debiti-dallattivita-di-liquidazione\/","og_locale":"en_US","og_type":"article","og_title":"Saldo e stralcio, debiti dall\u2019attivit\u00e0 di liquidazione - Beneggi &amp; Associati","og_description":"Disco rosso al saldo e stralcio per gli avvisi bonari: da tutte le sanatorie della pace fiscale restano sempre fuori gli avvisi bonari. Il contribuente","og_url":"https:\/\/beneggiassociati.com\/en\/saldo-e-stralcio-debiti-dallattivita-di-liquidazione\/","og_site_name":"Beneggi &amp; Associati","article_published_time":"2019-02-09T18:22:00+00:00","og_image":[{"width":1280,"height":823,"url":"https:\/\/beneggiassociati.com\/wp-content\/uploads\/2025\/07\/single-post-beneggi.jpg","type":"image\/jpeg"}],"author":"Tiziano Beneggi","twitter_card":"summary_large_image","twitter_misc":{"Written by":"Tiziano Beneggi","Est. reading time":"1 minute"},"schema":{"@context":"https:\/\/schema.org","@graph":[{"@type":"Article","@id":"https:\/\/beneggiassociati.com\/en\/saldo-e-stralcio-debiti-dallattivita-di-liquidazione\/#article","isPartOf":{"@id":"https:\/\/beneggiassociati.com\/en\/saldo-e-stralcio-debiti-dallattivita-di-liquidazione\/"},"author":{"name":"Tiziano Beneggi","@id":"https:\/\/beneggiassociati.com\/en\/#\/schema\/person\/828daacfa37b359e89e981f920072004"},"headline":"Saldo e stralcio, debiti dall\u2019attivit\u00e0 di liquidazione","datePublished":"2019-02-09T18:22:00+00:00","mainEntityOfPage":{"@id":"https:\/\/beneggiassociati.com\/en\/saldo-e-stralcio-debiti-dallattivita-di-liquidazione\/"},"wordCount":256,"commentCount":0,"publisher":{"@id":"https:\/\/beneggiassociati.com\/en\/#organization"},"image":{"@id":"https:\/\/beneggiassociati.com\/en\/saldo-e-stralcio-debiti-dallattivita-di-liquidazione\/#primaryimage"},"thumbnailUrl":"https:\/\/beneggiassociati.com\/wp-content\/uploads\/2025\/07\/single-post-beneggi.jpg","articleSection":["ARCHIVIO"],"inLanguage":"en-US"},{"@type":"WebPage","@id":"https:\/\/beneggiassociati.com\/en\/saldo-e-stralcio-debiti-dallattivita-di-liquidazione\/","url":"https:\/\/beneggiassociati.com\/en\/saldo-e-stralcio-debiti-dallattivita-di-liquidazione\/","name":"Saldo e stralcio, debiti dall\u2019attivit\u00e0 di liquidazione - Beneggi &amp; Associati","isPartOf":{"@id":"https:\/\/beneggiassociati.com\/en\/#website"},"primaryImageOfPage":{"@id":"https:\/\/beneggiassociati.com\/en\/saldo-e-stralcio-debiti-dallattivita-di-liquidazione\/#primaryimage"},"image":{"@id":"https:\/\/beneggiassociati.com\/en\/saldo-e-stralcio-debiti-dallattivita-di-liquidazione\/#primaryimage"},"thumbnailUrl":"https:\/\/beneggiassociati.com\/wp-content\/uploads\/2025\/07\/single-post-beneggi.jpg","datePublished":"2019-02-09T18:22:00+00:00","description":"Disco rosso al saldo e stralcio per gli avvisi bonari: da tutte le sanatorie della pace fiscale restano sempre fuori gli avvisi bonari. Il contribuente","breadcrumb":{"@id":"https:\/\/beneggiassociati.com\/en\/saldo-e-stralcio-debiti-dallattivita-di-liquidazione\/#breadcrumb"},"inLanguage":"en-US","potentialAction":[{"@type":"ReadAction","target":["https:\/\/beneggiassociati.com\/en\/saldo-e-stralcio-debiti-dallattivita-di-liquidazione\/"]}]},{"@type":"ImageObject","inLanguage":"en-US","@id":"https:\/\/beneggiassociati.com\/en\/saldo-e-stralcio-debiti-dallattivita-di-liquidazione\/#primaryimage","url":"https:\/\/beneggiassociati.com\/wp-content\/uploads\/2025\/07\/single-post-beneggi.jpg","contentUrl":"https:\/\/beneggiassociati.com\/wp-content\/uploads\/2025\/07\/single-post-beneggi.jpg","width":1280,"height":823},{"@type":"BreadcrumbList","@id":"https:\/\/beneggiassociati.com\/en\/saldo-e-stralcio-debiti-dallattivita-di-liquidazione\/#breadcrumb","itemListElement":[{"@type":"ListItem","position":1,"name":"Home","item":"https:\/\/beneggiassociati.com\/en\/?page_id=24163"},{"@type":"ListItem","position":2,"name":"Saldo e stralcio, debiti dall\u2019attivit\u00e0 di liquidazione"}]},{"@type":"WebSite","@id":"https:\/\/beneggiassociati.com\/en\/#website","url":"https:\/\/beneggiassociati.com\/en\/","name":"Beneggi e associati","description":"","publisher":{"@id":"https:\/\/beneggiassociati.com\/en\/#organization"},"potentialAction":[{"@type":"SearchAction","target":{"@type":"EntryPoint","urlTemplate":"https:\/\/beneggiassociati.com\/en\/?s={search_term_string}"},"query-input":{"@type":"PropertyValueSpecification","valueRequired":true,"valueName":"search_term_string"}}],"inLanguage":"en-US"},{"@type":"Organization","@id":"https:\/\/beneggiassociati.com\/en\/#organization","name":"Beneggi e associati","url":"https:\/\/beneggiassociati.com\/en\/","logo":{"@type":"ImageObject","inLanguage":"en-US","@id":"https:\/\/beneggiassociati.com\/en\/#\/schema\/logo\/image\/","url":"https:\/\/beneggiassociati.com\/wp-content\/uploads\/2025\/07\/beneggi-logo.png","contentUrl":"https:\/\/beneggiassociati.com\/wp-content\/uploads\/2025\/07\/beneggi-logo.png","width":141,"height":87,"caption":"Beneggi e associati"},"image":{"@id":"https:\/\/beneggiassociati.com\/en\/#\/schema\/logo\/image\/"}},{"@type":"Person","@id":"https:\/\/beneggiassociati.com\/en\/#\/schema\/person\/828daacfa37b359e89e981f920072004","name":"Tiziano Beneggi","url":"https:\/\/beneggiassociati.com\/en\/author\/tizianobeneggiassociati-com\/"}]}},"_links":{"self":[{"href":"https:\/\/beneggiassociati.com\/en\/wp-json\/wp\/v2\/posts\/16388","targetHints":{"allow":["GET"]}}],"collection":[{"href":"https:\/\/beneggiassociati.com\/en\/wp-json\/wp\/v2\/posts"}],"about":[{"href":"https:\/\/beneggiassociati.com\/en\/wp-json\/wp\/v2\/types\/post"}],"author":[{"embeddable":true,"href":"https:\/\/beneggiassociati.com\/en\/wp-json\/wp\/v2\/users\/4"}],"replies":[{"embeddable":true,"href":"https:\/\/beneggiassociati.com\/en\/wp-json\/wp\/v2\/comments?post=16388"}],"version-history":[{"count":0,"href":"https:\/\/beneggiassociati.com\/en\/wp-json\/wp\/v2\/posts\/16388\/revisions"}],"wp:featuredmedia":[{"embeddable":true,"href":"https:\/\/beneggiassociati.com\/en\/wp-json\/wp\/v2\/media\/409"}],"wp:attachment":[{"href":"https:\/\/beneggiassociati.com\/en\/wp-json\/wp\/v2\/media?parent=16388"}],"wp:term":[{"taxonomy":"category","embeddable":true,"href":"https:\/\/beneggiassociati.com\/en\/wp-json\/wp\/v2\/categories?post=16388"},{"taxonomy":"post_tag","embeddable":true,"href":"https:\/\/beneggiassociati.com\/en\/wp-json\/wp\/v2\/tags?post=16388"}],"curies":[{"name":"wp","href":"https:\/\/api.w.org\/{rel}","templated":true}]}}