{"id":16389,"date":"2019-02-09T19:27:00","date_gmt":"2019-02-09T18:27:00","guid":{"rendered":"https:\/\/dev.beneggiassociati.com\/2019\/02\/09\/pvc-sanabili-gli-anni-fuori-dallaccertamento\/"},"modified":"2019-02-09T19:27:00","modified_gmt":"2019-02-09T18:27:00","slug":"pvc-sanabili-gli-anni-fuori-dallaccertamento","status":"publish","type":"post","link":"https:\/\/beneggiassociati.com\/en\/pvc-sanabili-gli-anni-fuori-dallaccertamento\/","title":{"rendered":"Pvc, sanabili gli anni fuori dall\u2019accertamento"},"content":{"rendered":"\n<p>La notifica di un atto di accertamento entro il 24 ottobre scorso, relativo a un processo verbale definibile e riguardante pi\u00f9 annualit\u00e0, non osta alla definizione del Pvc per le annualit\u00e0 e i tributi non raggiunti dall\u2019atto impositivo.&nbsp;<\/p>\n\n\n<p><br \/>L\u2019Agenzia non ha fornito alcuna risposta sulla sanatoria delle irregolarit\u00e0 formali.<\/p>\n\n\n<p>La norma sulla definizione dei Pvc (articolo 1 del Dl 119\/2018) prevede che il contribuente presenti la \u00abrelativa dichiarazione per regolarizzare le violazioni constatate nel verbale\u00bb.&nbsp;Il medesimo contribuente deve provvedere alla autoliquidazione delle imposte relative alle \u00abviolazioni constatate per ciascun periodo d\u2019imposta\u00bb.&nbsp;<\/p>\n\n\n<p><br \/>\u00c8 evidente, quindi, che la definizione deve riguardare le violazioni constatate in relazione a ciascun periodo d\u2019imposta, cos\u00ec che, in presenza di violazioni relative a pi\u00f9 periodi, il contribuente pu\u00f2 senz\u2019altro scegliere di definire anche soltanto uno dei diversi periodi d\u2019imposta oggetto di constatazione.&nbsp;<\/p>\n\n\n<p><br \/>Nel caso il processo verbale riguardi pi\u00f9 periodi d\u2019imposta, il contribuente pu\u00f2 definire anche solamente il singolo periodo (con riferimento a tutti i tributi definibili oggetto di constatazione).&nbsp;<\/p>\n\n\n<p>Non pu\u00f2 avvalersi della definizione agevolata il contribuente che ha ricevuto, in relazione alle violazioni constatate con il processo verbale, la notifica di un avviso di accertamento, di un atto di recupero o di un invito al contraddittorio (di cui all\u2019articolo 5 del Dlgs 218\/1997) entro il 24 ottobre 2018.<\/p>\n\n\n<p>La notifica di un avviso di accertamento ovvero di un invito al contraddittorio entro il 24 ottobre 2018 costituisce causa ostativa alla regolarizzazione dello specifico periodo d\u2019imposta accertato o in corso di accertamento e non della totalit\u00e0 dei periodi oggetto di constatazione attraverso il processo verbale.&nbsp;<\/p>\n\n\n<p><a href=\"mailto:info@beneggiassociati.com\" target=\"_blank\" rel=\"noreferrer noopener\">Sei interessato all\u2019articolo? Scrivici e verrai contattato da un nostro Consultant<\/a><\/p>\n\n\n<p><a href=\"https:\/\/beneggiassociati.com\/\" target=\"_blank\" rel=\"noreferrer noopener\">@ Beneggi e Associati | Commercialisti al servizio delle imprese | Meda | Milano<\/a><br \/><\/p>\n","protected":false},"excerpt":{"rendered":"<p>La notifica di un atto di accertamento entro il 24 ottobre scorso, relativo a un processo verbale definibile e riguardante pi\u00f9 annualit\u00e0, non osta alla definizione del Pvc per le annualit\u00e0 e i tributi non raggiunti dall\u2019atto impositivo.&nbsp; L\u2019Agenzia non ha fornito alcuna risposta sulla sanatoria delle irregolarit\u00e0 formali. La norma sulla definizione dei Pvc [&hellip;]<\/p>\n","protected":false},"author":4,"featured_media":409,"comment_status":"open","ping_status":"open","sticky":false,"template":"","format":"standard","meta":{"_acf_changed":false,"content-type":"","footnotes":""},"categories":[16],"tags":[],"class_list":["post-16389","post","type-post","status-publish","format-standard","has-post-thumbnail","hentry","category-archivio"],"acf":[],"yoast_head":"<!-- This site is optimized with the Yoast SEO plugin v27.5 - https:\/\/yoast.com\/product\/yoast-seo-wordpress\/ -->\n<title>Pvc, sanabili gli anni fuori dall\u2019accertamento - Beneggi &amp; Associati<\/title>\n<meta name=\"description\" content=\"La notifica di un atto di accertamento entro il 24 ottobre scorso, relativo a un processo verbale definibile e riguardante pi\u00f9 annualit\u00e0, non osta alla\" \/>\n<meta name=\"robots\" content=\"index, follow, max-snippet:-1, max-image-preview:large, max-video-preview:-1\" \/>\n<link rel=\"canonical\" href=\"https:\/\/beneggiassociati.com\/en\/pvc-sanabili-gli-anni-fuori-dallaccertamento\/\" \/>\n<meta property=\"og:locale\" content=\"en_US\" \/>\n<meta property=\"og:type\" content=\"article\" \/>\n<meta property=\"og:title\" content=\"Pvc, sanabili gli anni fuori dall\u2019accertamento - Beneggi &amp; Associati\" \/>\n<meta property=\"og:description\" content=\"La notifica di un atto di accertamento entro il 24 ottobre scorso, relativo a un processo verbale definibile e riguardante pi\u00f9 annualit\u00e0, non osta alla\" \/>\n<meta property=\"og:url\" content=\"https:\/\/beneggiassociati.com\/en\/pvc-sanabili-gli-anni-fuori-dallaccertamento\/\" \/>\n<meta property=\"og:site_name\" content=\"Beneggi &amp; Associati\" \/>\n<meta property=\"article:published_time\" content=\"2019-02-09T18:27:00+00:00\" \/>\n<meta property=\"og:image\" content=\"https:\/\/beneggiassociati.com\/wp-content\/uploads\/2025\/07\/single-post-beneggi.jpg\" \/>\n\t<meta property=\"og:image:width\" content=\"1280\" \/>\n\t<meta property=\"og:image:height\" content=\"823\" \/>\n\t<meta property=\"og:image:type\" content=\"image\/jpeg\" \/>\n<meta name=\"author\" content=\"Tiziano Beneggi\" \/>\n<meta name=\"twitter:card\" content=\"summary_large_image\" \/>\n<meta name=\"twitter:label1\" content=\"Written by\" \/>\n\t<meta name=\"twitter:data1\" content=\"Tiziano Beneggi\" \/>\n\t<meta name=\"twitter:label2\" content=\"Est. reading time\" \/>\n\t<meta name=\"twitter:data2\" content=\"1 minute\" \/>\n<script type=\"application\/ld+json\" class=\"yoast-schema-graph\">{\"@context\":\"https:\\\/\\\/schema.org\",\"@graph\":[{\"@type\":\"Article\",\"@id\":\"https:\\\/\\\/beneggiassociati.com\\\/en\\\/pvc-sanabili-gli-anni-fuori-dallaccertamento\\\/#article\",\"isPartOf\":{\"@id\":\"https:\\\/\\\/beneggiassociati.com\\\/en\\\/pvc-sanabili-gli-anni-fuori-dallaccertamento\\\/\"},\"author\":{\"name\":\"Tiziano Beneggi\",\"@id\":\"https:\\\/\\\/beneggiassociati.com\\\/en\\\/#\\\/schema\\\/person\\\/828daacfa37b359e89e981f920072004\"},\"headline\":\"Pvc, sanabili gli anni fuori dall\u2019accertamento\",\"datePublished\":\"2019-02-09T18:27:00+00:00\",\"mainEntityOfPage\":{\"@id\":\"https:\\\/\\\/beneggiassociati.com\\\/en\\\/pvc-sanabili-gli-anni-fuori-dallaccertamento\\\/\"},\"wordCount\":294,\"commentCount\":0,\"publisher\":{\"@id\":\"https:\\\/\\\/beneggiassociati.com\\\/en\\\/#organization\"},\"image\":{\"@id\":\"https:\\\/\\\/beneggiassociati.com\\\/en\\\/pvc-sanabili-gli-anni-fuori-dallaccertamento\\\/#primaryimage\"},\"thumbnailUrl\":\"https:\\\/\\\/beneggiassociati.com\\\/wp-content\\\/uploads\\\/2025\\\/07\\\/single-post-beneggi.jpg\",\"articleSection\":[\"ARCHIVIO\"],\"inLanguage\":\"en-US\"},{\"@type\":\"WebPage\",\"@id\":\"https:\\\/\\\/beneggiassociati.com\\\/en\\\/pvc-sanabili-gli-anni-fuori-dallaccertamento\\\/\",\"url\":\"https:\\\/\\\/beneggiassociati.com\\\/en\\\/pvc-sanabili-gli-anni-fuori-dallaccertamento\\\/\",\"name\":\"Pvc, sanabili gli anni fuori dall\u2019accertamento - Beneggi &amp; Associati\",\"isPartOf\":{\"@id\":\"https:\\\/\\\/beneggiassociati.com\\\/en\\\/#website\"},\"primaryImageOfPage\":{\"@id\":\"https:\\\/\\\/beneggiassociati.com\\\/en\\\/pvc-sanabili-gli-anni-fuori-dallaccertamento\\\/#primaryimage\"},\"image\":{\"@id\":\"https:\\\/\\\/beneggiassociati.com\\\/en\\\/pvc-sanabili-gli-anni-fuori-dallaccertamento\\\/#primaryimage\"},\"thumbnailUrl\":\"https:\\\/\\\/beneggiassociati.com\\\/wp-content\\\/uploads\\\/2025\\\/07\\\/single-post-beneggi.jpg\",\"datePublished\":\"2019-02-09T18:27:00+00:00\",\"description\":\"La notifica di un atto di accertamento entro il 24 ottobre scorso, relativo a un processo verbale definibile e riguardante pi\u00f9 annualit\u00e0, non osta alla\",\"breadcrumb\":{\"@id\":\"https:\\\/\\\/beneggiassociati.com\\\/en\\\/pvc-sanabili-gli-anni-fuori-dallaccertamento\\\/#breadcrumb\"},\"inLanguage\":\"en-US\",\"potentialAction\":[{\"@type\":\"ReadAction\",\"target\":[\"https:\\\/\\\/beneggiassociati.com\\\/en\\\/pvc-sanabili-gli-anni-fuori-dallaccertamento\\\/\"]}]},{\"@type\":\"ImageObject\",\"inLanguage\":\"en-US\",\"@id\":\"https:\\\/\\\/beneggiassociati.com\\\/en\\\/pvc-sanabili-gli-anni-fuori-dallaccertamento\\\/#primaryimage\",\"url\":\"https:\\\/\\\/beneggiassociati.com\\\/wp-content\\\/uploads\\\/2025\\\/07\\\/single-post-beneggi.jpg\",\"contentUrl\":\"https:\\\/\\\/beneggiassociati.com\\\/wp-content\\\/uploads\\\/2025\\\/07\\\/single-post-beneggi.jpg\",\"width\":1280,\"height\":823},{\"@type\":\"BreadcrumbList\",\"@id\":\"https:\\\/\\\/beneggiassociati.com\\\/en\\\/pvc-sanabili-gli-anni-fuori-dallaccertamento\\\/#breadcrumb\",\"itemListElement\":[{\"@type\":\"ListItem\",\"position\":1,\"name\":\"Home\",\"item\":\"https:\\\/\\\/beneggiassociati.com\\\/en\\\/?page_id=24163\"},{\"@type\":\"ListItem\",\"position\":2,\"name\":\"Pvc, sanabili gli anni fuori dall\u2019accertamento\"}]},{\"@type\":\"WebSite\",\"@id\":\"https:\\\/\\\/beneggiassociati.com\\\/en\\\/#website\",\"url\":\"https:\\\/\\\/beneggiassociati.com\\\/en\\\/\",\"name\":\"Beneggi e associati\",\"description\":\"\",\"publisher\":{\"@id\":\"https:\\\/\\\/beneggiassociati.com\\\/en\\\/#organization\"},\"potentialAction\":[{\"@type\":\"SearchAction\",\"target\":{\"@type\":\"EntryPoint\",\"urlTemplate\":\"https:\\\/\\\/beneggiassociati.com\\\/en\\\/?s={search_term_string}\"},\"query-input\":{\"@type\":\"PropertyValueSpecification\",\"valueRequired\":true,\"valueName\":\"search_term_string\"}}],\"inLanguage\":\"en-US\"},{\"@type\":\"Organization\",\"@id\":\"https:\\\/\\\/beneggiassociati.com\\\/en\\\/#organization\",\"name\":\"Beneggi e associati\",\"url\":\"https:\\\/\\\/beneggiassociati.com\\\/en\\\/\",\"logo\":{\"@type\":\"ImageObject\",\"inLanguage\":\"en-US\",\"@id\":\"https:\\\/\\\/beneggiassociati.com\\\/en\\\/#\\\/schema\\\/logo\\\/image\\\/\",\"url\":\"https:\\\/\\\/beneggiassociati.com\\\/wp-content\\\/uploads\\\/2025\\\/07\\\/beneggi-logo.png\",\"contentUrl\":\"https:\\\/\\\/beneggiassociati.com\\\/wp-content\\\/uploads\\\/2025\\\/07\\\/beneggi-logo.png\",\"width\":141,\"height\":87,\"caption\":\"Beneggi e associati\"},\"image\":{\"@id\":\"https:\\\/\\\/beneggiassociati.com\\\/en\\\/#\\\/schema\\\/logo\\\/image\\\/\"}},{\"@type\":\"Person\",\"@id\":\"https:\\\/\\\/beneggiassociati.com\\\/en\\\/#\\\/schema\\\/person\\\/828daacfa37b359e89e981f920072004\",\"name\":\"Tiziano Beneggi\",\"url\":\"https:\\\/\\\/beneggiassociati.com\\\/en\\\/author\\\/tizianobeneggiassociati-com\\\/\"}]}<\/script>\n<!-- \/ Yoast SEO plugin. -->","yoast_head_json":{"title":"Pvc, sanabili gli anni fuori dall\u2019accertamento - Beneggi &amp; Associati","description":"La notifica di un atto di accertamento entro il 24 ottobre scorso, relativo a un processo verbale definibile e riguardante pi\u00f9 annualit\u00e0, non osta alla","robots":{"index":"index","follow":"follow","max-snippet":"max-snippet:-1","max-image-preview":"max-image-preview:large","max-video-preview":"max-video-preview:-1"},"canonical":"https:\/\/beneggiassociati.com\/en\/pvc-sanabili-gli-anni-fuori-dallaccertamento\/","og_locale":"en_US","og_type":"article","og_title":"Pvc, sanabili gli anni fuori dall\u2019accertamento - Beneggi &amp; Associati","og_description":"La notifica di un atto di accertamento entro il 24 ottobre scorso, relativo a un processo verbale definibile e riguardante pi\u00f9 annualit\u00e0, non osta alla","og_url":"https:\/\/beneggiassociati.com\/en\/pvc-sanabili-gli-anni-fuori-dallaccertamento\/","og_site_name":"Beneggi &amp; Associati","article_published_time":"2019-02-09T18:27:00+00:00","og_image":[{"width":1280,"height":823,"url":"https:\/\/beneggiassociati.com\/wp-content\/uploads\/2025\/07\/single-post-beneggi.jpg","type":"image\/jpeg"}],"author":"Tiziano Beneggi","twitter_card":"summary_large_image","twitter_misc":{"Written by":"Tiziano Beneggi","Est. reading time":"1 minute"},"schema":{"@context":"https:\/\/schema.org","@graph":[{"@type":"Article","@id":"https:\/\/beneggiassociati.com\/en\/pvc-sanabili-gli-anni-fuori-dallaccertamento\/#article","isPartOf":{"@id":"https:\/\/beneggiassociati.com\/en\/pvc-sanabili-gli-anni-fuori-dallaccertamento\/"},"author":{"name":"Tiziano Beneggi","@id":"https:\/\/beneggiassociati.com\/en\/#\/schema\/person\/828daacfa37b359e89e981f920072004"},"headline":"Pvc, sanabili gli anni fuori dall\u2019accertamento","datePublished":"2019-02-09T18:27:00+00:00","mainEntityOfPage":{"@id":"https:\/\/beneggiassociati.com\/en\/pvc-sanabili-gli-anni-fuori-dallaccertamento\/"},"wordCount":294,"commentCount":0,"publisher":{"@id":"https:\/\/beneggiassociati.com\/en\/#organization"},"image":{"@id":"https:\/\/beneggiassociati.com\/en\/pvc-sanabili-gli-anni-fuori-dallaccertamento\/#primaryimage"},"thumbnailUrl":"https:\/\/beneggiassociati.com\/wp-content\/uploads\/2025\/07\/single-post-beneggi.jpg","articleSection":["ARCHIVIO"],"inLanguage":"en-US"},{"@type":"WebPage","@id":"https:\/\/beneggiassociati.com\/en\/pvc-sanabili-gli-anni-fuori-dallaccertamento\/","url":"https:\/\/beneggiassociati.com\/en\/pvc-sanabili-gli-anni-fuori-dallaccertamento\/","name":"Pvc, sanabili gli anni fuori dall\u2019accertamento - Beneggi &amp; Associati","isPartOf":{"@id":"https:\/\/beneggiassociati.com\/en\/#website"},"primaryImageOfPage":{"@id":"https:\/\/beneggiassociati.com\/en\/pvc-sanabili-gli-anni-fuori-dallaccertamento\/#primaryimage"},"image":{"@id":"https:\/\/beneggiassociati.com\/en\/pvc-sanabili-gli-anni-fuori-dallaccertamento\/#primaryimage"},"thumbnailUrl":"https:\/\/beneggiassociati.com\/wp-content\/uploads\/2025\/07\/single-post-beneggi.jpg","datePublished":"2019-02-09T18:27:00+00:00","description":"La notifica di un atto di accertamento entro il 24 ottobre scorso, relativo a un processo verbale definibile e riguardante pi\u00f9 annualit\u00e0, non osta alla","breadcrumb":{"@id":"https:\/\/beneggiassociati.com\/en\/pvc-sanabili-gli-anni-fuori-dallaccertamento\/#breadcrumb"},"inLanguage":"en-US","potentialAction":[{"@type":"ReadAction","target":["https:\/\/beneggiassociati.com\/en\/pvc-sanabili-gli-anni-fuori-dallaccertamento\/"]}]},{"@type":"ImageObject","inLanguage":"en-US","@id":"https:\/\/beneggiassociati.com\/en\/pvc-sanabili-gli-anni-fuori-dallaccertamento\/#primaryimage","url":"https:\/\/beneggiassociati.com\/wp-content\/uploads\/2025\/07\/single-post-beneggi.jpg","contentUrl":"https:\/\/beneggiassociati.com\/wp-content\/uploads\/2025\/07\/single-post-beneggi.jpg","width":1280,"height":823},{"@type":"BreadcrumbList","@id":"https:\/\/beneggiassociati.com\/en\/pvc-sanabili-gli-anni-fuori-dallaccertamento\/#breadcrumb","itemListElement":[{"@type":"ListItem","position":1,"name":"Home","item":"https:\/\/beneggiassociati.com\/en\/?page_id=24163"},{"@type":"ListItem","position":2,"name":"Pvc, sanabili gli anni fuori dall\u2019accertamento"}]},{"@type":"WebSite","@id":"https:\/\/beneggiassociati.com\/en\/#website","url":"https:\/\/beneggiassociati.com\/en\/","name":"Beneggi e associati","description":"","publisher":{"@id":"https:\/\/beneggiassociati.com\/en\/#organization"},"potentialAction":[{"@type":"SearchAction","target":{"@type":"EntryPoint","urlTemplate":"https:\/\/beneggiassociati.com\/en\/?s={search_term_string}"},"query-input":{"@type":"PropertyValueSpecification","valueRequired":true,"valueName":"search_term_string"}}],"inLanguage":"en-US"},{"@type":"Organization","@id":"https:\/\/beneggiassociati.com\/en\/#organization","name":"Beneggi e associati","url":"https:\/\/beneggiassociati.com\/en\/","logo":{"@type":"ImageObject","inLanguage":"en-US","@id":"https:\/\/beneggiassociati.com\/en\/#\/schema\/logo\/image\/","url":"https:\/\/beneggiassociati.com\/wp-content\/uploads\/2025\/07\/beneggi-logo.png","contentUrl":"https:\/\/beneggiassociati.com\/wp-content\/uploads\/2025\/07\/beneggi-logo.png","width":141,"height":87,"caption":"Beneggi e associati"},"image":{"@id":"https:\/\/beneggiassociati.com\/en\/#\/schema\/logo\/image\/"}},{"@type":"Person","@id":"https:\/\/beneggiassociati.com\/en\/#\/schema\/person\/828daacfa37b359e89e981f920072004","name":"Tiziano Beneggi","url":"https:\/\/beneggiassociati.com\/en\/author\/tizianobeneggiassociati-com\/"}]}},"_links":{"self":[{"href":"https:\/\/beneggiassociati.com\/en\/wp-json\/wp\/v2\/posts\/16389","targetHints":{"allow":["GET"]}}],"collection":[{"href":"https:\/\/beneggiassociati.com\/en\/wp-json\/wp\/v2\/posts"}],"about":[{"href":"https:\/\/beneggiassociati.com\/en\/wp-json\/wp\/v2\/types\/post"}],"author":[{"embeddable":true,"href":"https:\/\/beneggiassociati.com\/en\/wp-json\/wp\/v2\/users\/4"}],"replies":[{"embeddable":true,"href":"https:\/\/beneggiassociati.com\/en\/wp-json\/wp\/v2\/comments?post=16389"}],"version-history":[{"count":0,"href":"https:\/\/beneggiassociati.com\/en\/wp-json\/wp\/v2\/posts\/16389\/revisions"}],"wp:featuredmedia":[{"embeddable":true,"href":"https:\/\/beneggiassociati.com\/en\/wp-json\/wp\/v2\/media\/409"}],"wp:attachment":[{"href":"https:\/\/beneggiassociati.com\/en\/wp-json\/wp\/v2\/media?parent=16389"}],"wp:term":[{"taxonomy":"category","embeddable":true,"href":"https:\/\/beneggiassociati.com\/en\/wp-json\/wp\/v2\/categories?post=16389"},{"taxonomy":"post_tag","embeddable":true,"href":"https:\/\/beneggiassociati.com\/en\/wp-json\/wp\/v2\/tags?post=16389"}],"curies":[{"name":"wp","href":"https:\/\/api.w.org\/{rel}","templated":true}]}}