{"id":16394,"date":"2019-02-09T19:58:00","date_gmt":"2019-02-09T18:58:00","guid":{"rendered":"https:\/\/dev.beneggiassociati.com\/2019\/02\/09\/datore-forfettario-non-versa-le-tasse-per-il-dipendente\/"},"modified":"2019-02-09T19:58:00","modified_gmt":"2019-02-09T18:58:00","slug":"datore-forfettario-non-versa-le-tasse-per-il-dipendente","status":"publish","type":"post","link":"https:\/\/beneggiassociati.com\/en\/datore-forfettario-non-versa-le-tasse-per-il-dipendente\/","title":{"rendered":"Datore forfettario, non versa le tasse per il dipendente"},"content":{"rendered":"\n<p>La nuova disciplina sul regime forfettario presenta una sostanziale differenza rispetto al regime in vigore sino al 2018, poich\u00e9 non prevede pi\u00f9, come causa di esclusione dal regime, l\u2019aver sostenuto spese per un ammontare complessivamente superiore a 5.000 euro lordi per lavoro accessorio, per lavoratori dipendenti e collaboratori. Il venir meno di tale limitazione amplifica la portata della disposizione, potendo giungere sino al coinvolgimento di datori di lavoro.&nbsp;<\/p>\n\n\n<p><br \/>I soggetti a cui si applica il regime fiscale forfettario non sono tenuti a operare le ritenute alla fonte (Dpr 600\/1973, titolo III). Essi devono solo indicare nella loro dichiarazione dei redditi (nel quadro RS del modello Redditi vi \u00e8 una sezione dedicata), il codice fiscale del percettore dei compensi che &#8211; all\u2019atto del pagamento \u2013 non sono stati assoggettati a ritenuta fiscale.<\/p>\n\n\n<p><br \/>Le ricadute, in ambito lavoristico, sono molteplici. Emerge su tutte la necessit\u00e0 di prevedere una busta paga che sia adeguata alla nuova \u201ctipologia\u201d di datore di lavoro forfettario. Il cedolino (in teoria gi\u00e0 quello di gennaio 2019) dovr\u00e0 essere emesso con la sola indicazione della retribuzione lorda, dell\u2019imponibile e delle ritenute previdenziali. Resta il fatto che per il dipendente si tratta pur sempre di reddito di lavoro dipendente da dichiarare e da tassare; operazione che il lavoratore dovr\u00e0 eseguire autonomamente, presentando il 730 o il modello Redditi.<\/p>\n\n\n<p><br \/>Altro aspetto riguarda la dichiarazione da rilasciare al lavoratore con i dati del reddito corrisposto ancorch\u00e9 non tassato. Non essendo tenuto a operare e versare le ritenute, il datore di lavoro non dovrebbe rilasciare la certificazione unica parte fiscale, anche se, su questo aspetto, l\u2019agenzia delle Entrate il prossimo anno potrebbe integrare le istruzioni della certificazione obbligando al rilascio pure chi si trova nella situazione descritta.<\/p>\n\n\n<p><br \/>Una perplessit\u00e0, tuttavia, resta riguardo ai rapporti di lavoro che si concludono in corso d\u2019anno, vista la possibilit\u00e0 offerta al dipendente di chiedere l\u2019emissione della Cu al datore che \u00e8 obbligato a rilasciarla nei dodici giorni successivi (obbligo che sembra essere venuto meno). Se questo verr\u00e0 confermato, di fatto, la tassazione definitiva del lavoratore subir\u00e0 un rinvio al 2020 con conseguente slittamento sia dell\u2019integrale pagamento del saldo Irpef per il 2019, sia del correlato acconto per il 2020.<\/p>\n\n\n<p><br \/>Altro dubbio attiene alle addizionali del 2018 che vengono versate a rate nel 2019. Si dovr\u00e0 chiarire se per questo aspetto il datore di lavoro forfettario resta \u2013 se pure temporaneamente &#8211; sostituto di imposta tenuto alla continuazione del prelievo.<\/p>\n\n\n<p><br \/>Infine, ricordiamo l\u2019esenzione dalla presentazione della dichiarazione dei redditi nei confronti di coloro che hanno percepito solo reddito di lavoro dipendente corrisposto da un unico sostituto d\u2019imposta obbligato a effettuare le ritenute d\u2019acconto. Poich\u00e9 l\u2019obbligo di effettuazione delle ritenute (da parte del datore di lavoro in regime forfettario) non esiste pi\u00f9, sembra decadere l\u2019esenzione, rendendo quindi il lavoratore obbligato alla presentazione della dichiarazione dei redditi.<\/p>\n\n\n<p><a href=\"mailto:info@beneggiassociati.com\" target=\"_blank\" rel=\"noreferrer noopener\">Sei interessato all\u2019articolo? Scrivici e verrai contattato da un nostro Consultant<\/a><\/p>\n\n\n<p><a href=\"https:\/\/beneggiassociati.com\/\" target=\"_blank\" rel=\"noreferrer noopener\">@ Beneggi e Associati | Commercialisti al servizio delle imprese | Meda | Milano<\/a><br \/><\/p>\n","protected":false},"excerpt":{"rendered":"<p>La nuova disciplina sul regime forfettario presenta una sostanziale differenza rispetto al regime in vigore sino al 2018, poich\u00e9 non prevede pi\u00f9, come causa di esclusione dal regime, l\u2019aver sostenuto spese per un ammontare complessivamente superiore a 5.000 euro lordi per lavoro accessorio, per lavoratori dipendenti e collaboratori. Il venir meno di tale limitazione amplifica [&hellip;]<\/p>\n","protected":false},"author":4,"featured_media":409,"comment_status":"open","ping_status":"open","sticky":false,"template":"","format":"standard","meta":{"_acf_changed":false,"content-type":"","footnotes":""},"categories":[16],"tags":[],"class_list":["post-16394","post","type-post","status-publish","format-standard","has-post-thumbnail","hentry","category-archivio"],"acf":[],"yoast_head":"<!-- This site is optimized with the Yoast SEO plugin v27.5 - https:\/\/yoast.com\/product\/yoast-seo-wordpress\/ -->\n<title>Datore forfettario, non versa le tasse per il dipendente - Beneggi &amp; Associati<\/title>\n<meta name=\"description\" content=\"La nuova disciplina sul regime forfettario presenta una sostanziale differenza rispetto al regime in vigore sino al 2018, poich\u00e9 non prevede pi\u00f9, come\" \/>\n<meta name=\"robots\" content=\"index, follow, max-snippet:-1, max-image-preview:large, max-video-preview:-1\" \/>\n<link rel=\"canonical\" href=\"https:\/\/beneggiassociati.com\/en\/datore-forfettario-non-versa-le-tasse-per-il-dipendente\/\" \/>\n<meta property=\"og:locale\" content=\"en_US\" \/>\n<meta property=\"og:type\" content=\"article\" \/>\n<meta property=\"og:title\" content=\"Datore forfettario, non versa le tasse per il dipendente - Beneggi &amp; Associati\" \/>\n<meta property=\"og:description\" content=\"La nuova disciplina sul regime forfettario presenta una sostanziale differenza rispetto al regime in vigore sino al 2018, poich\u00e9 non prevede pi\u00f9, come\" \/>\n<meta property=\"og:url\" content=\"https:\/\/beneggiassociati.com\/en\/datore-forfettario-non-versa-le-tasse-per-il-dipendente\/\" \/>\n<meta property=\"og:site_name\" content=\"Beneggi &amp; Associati\" \/>\n<meta property=\"article:published_time\" content=\"2019-02-09T18:58:00+00:00\" \/>\n<meta property=\"og:image\" content=\"https:\/\/beneggiassociati.com\/wp-content\/uploads\/2025\/07\/single-post-beneggi.jpg\" \/>\n\t<meta property=\"og:image:width\" content=\"1280\" \/>\n\t<meta property=\"og:image:height\" content=\"823\" \/>\n\t<meta property=\"og:image:type\" content=\"image\/jpeg\" \/>\n<meta name=\"author\" content=\"Tiziano Beneggi\" \/>\n<meta name=\"twitter:card\" content=\"summary_large_image\" \/>\n<meta name=\"twitter:label1\" content=\"Written by\" \/>\n\t<meta name=\"twitter:data1\" content=\"Tiziano Beneggi\" \/>\n\t<meta name=\"twitter:label2\" content=\"Est. reading time\" \/>\n\t<meta name=\"twitter:data2\" content=\"2 minutes\" \/>\n<script type=\"application\/ld+json\" class=\"yoast-schema-graph\">{\"@context\":\"https:\\\/\\\/schema.org\",\"@graph\":[{\"@type\":\"Article\",\"@id\":\"https:\\\/\\\/beneggiassociati.com\\\/en\\\/datore-forfettario-non-versa-le-tasse-per-il-dipendente\\\/#article\",\"isPartOf\":{\"@id\":\"https:\\\/\\\/beneggiassociati.com\\\/en\\\/datore-forfettario-non-versa-le-tasse-per-il-dipendente\\\/\"},\"author\":{\"name\":\"Tiziano Beneggi\",\"@id\":\"https:\\\/\\\/beneggiassociati.com\\\/en\\\/#\\\/schema\\\/person\\\/828daacfa37b359e89e981f920072004\"},\"headline\":\"Datore forfettario, non versa le tasse per il dipendente\",\"datePublished\":\"2019-02-09T18:58:00+00:00\",\"mainEntityOfPage\":{\"@id\":\"https:\\\/\\\/beneggiassociati.com\\\/en\\\/datore-forfettario-non-versa-le-tasse-per-il-dipendente\\\/\"},\"wordCount\":497,\"commentCount\":0,\"publisher\":{\"@id\":\"https:\\\/\\\/beneggiassociati.com\\\/en\\\/#organization\"},\"image\":{\"@id\":\"https:\\\/\\\/beneggiassociati.com\\\/en\\\/datore-forfettario-non-versa-le-tasse-per-il-dipendente\\\/#primaryimage\"},\"thumbnailUrl\":\"https:\\\/\\\/beneggiassociati.com\\\/wp-content\\\/uploads\\\/2025\\\/07\\\/single-post-beneggi.jpg\",\"articleSection\":[\"ARCHIVIO\"],\"inLanguage\":\"en-US\"},{\"@type\":\"WebPage\",\"@id\":\"https:\\\/\\\/beneggiassociati.com\\\/en\\\/datore-forfettario-non-versa-le-tasse-per-il-dipendente\\\/\",\"url\":\"https:\\\/\\\/beneggiassociati.com\\\/en\\\/datore-forfettario-non-versa-le-tasse-per-il-dipendente\\\/\",\"name\":\"Datore forfettario, non versa le tasse per il dipendente - Beneggi &amp; Associati\",\"isPartOf\":{\"@id\":\"https:\\\/\\\/beneggiassociati.com\\\/en\\\/#website\"},\"primaryImageOfPage\":{\"@id\":\"https:\\\/\\\/beneggiassociati.com\\\/en\\\/datore-forfettario-non-versa-le-tasse-per-il-dipendente\\\/#primaryimage\"},\"image\":{\"@id\":\"https:\\\/\\\/beneggiassociati.com\\\/en\\\/datore-forfettario-non-versa-le-tasse-per-il-dipendente\\\/#primaryimage\"},\"thumbnailUrl\":\"https:\\\/\\\/beneggiassociati.com\\\/wp-content\\\/uploads\\\/2025\\\/07\\\/single-post-beneggi.jpg\",\"datePublished\":\"2019-02-09T18:58:00+00:00\",\"description\":\"La nuova disciplina sul regime forfettario presenta una sostanziale differenza rispetto al regime in vigore sino al 2018, poich\u00e9 non prevede pi\u00f9, come\",\"breadcrumb\":{\"@id\":\"https:\\\/\\\/beneggiassociati.com\\\/en\\\/datore-forfettario-non-versa-le-tasse-per-il-dipendente\\\/#breadcrumb\"},\"inLanguage\":\"en-US\",\"potentialAction\":[{\"@type\":\"ReadAction\",\"target\":[\"https:\\\/\\\/beneggiassociati.com\\\/en\\\/datore-forfettario-non-versa-le-tasse-per-il-dipendente\\\/\"]}]},{\"@type\":\"ImageObject\",\"inLanguage\":\"en-US\",\"@id\":\"https:\\\/\\\/beneggiassociati.com\\\/en\\\/datore-forfettario-non-versa-le-tasse-per-il-dipendente\\\/#primaryimage\",\"url\":\"https:\\\/\\\/beneggiassociati.com\\\/wp-content\\\/uploads\\\/2025\\\/07\\\/single-post-beneggi.jpg\",\"contentUrl\":\"https:\\\/\\\/beneggiassociati.com\\\/wp-content\\\/uploads\\\/2025\\\/07\\\/single-post-beneggi.jpg\",\"width\":1280,\"height\":823},{\"@type\":\"BreadcrumbList\",\"@id\":\"https:\\\/\\\/beneggiassociati.com\\\/en\\\/datore-forfettario-non-versa-le-tasse-per-il-dipendente\\\/#breadcrumb\",\"itemListElement\":[{\"@type\":\"ListItem\",\"position\":1,\"name\":\"Home\",\"item\":\"https:\\\/\\\/beneggiassociati.com\\\/en\\\/?page_id=24163\"},{\"@type\":\"ListItem\",\"position\":2,\"name\":\"Datore forfettario, non versa le tasse per il dipendente\"}]},{\"@type\":\"WebSite\",\"@id\":\"https:\\\/\\\/beneggiassociati.com\\\/en\\\/#website\",\"url\":\"https:\\\/\\\/beneggiassociati.com\\\/en\\\/\",\"name\":\"Beneggi e associati\",\"description\":\"\",\"publisher\":{\"@id\":\"https:\\\/\\\/beneggiassociati.com\\\/en\\\/#organization\"},\"potentialAction\":[{\"@type\":\"SearchAction\",\"target\":{\"@type\":\"EntryPoint\",\"urlTemplate\":\"https:\\\/\\\/beneggiassociati.com\\\/en\\\/?s={search_term_string}\"},\"query-input\":{\"@type\":\"PropertyValueSpecification\",\"valueRequired\":true,\"valueName\":\"search_term_string\"}}],\"inLanguage\":\"en-US\"},{\"@type\":\"Organization\",\"@id\":\"https:\\\/\\\/beneggiassociati.com\\\/en\\\/#organization\",\"name\":\"Beneggi e associati\",\"url\":\"https:\\\/\\\/beneggiassociati.com\\\/en\\\/\",\"logo\":{\"@type\":\"ImageObject\",\"inLanguage\":\"en-US\",\"@id\":\"https:\\\/\\\/beneggiassociati.com\\\/en\\\/#\\\/schema\\\/logo\\\/image\\\/\",\"url\":\"https:\\\/\\\/beneggiassociati.com\\\/wp-content\\\/uploads\\\/2025\\\/07\\\/beneggi-logo.png\",\"contentUrl\":\"https:\\\/\\\/beneggiassociati.com\\\/wp-content\\\/uploads\\\/2025\\\/07\\\/beneggi-logo.png\",\"width\":141,\"height\":87,\"caption\":\"Beneggi e associati\"},\"image\":{\"@id\":\"https:\\\/\\\/beneggiassociati.com\\\/en\\\/#\\\/schema\\\/logo\\\/image\\\/\"}},{\"@type\":\"Person\",\"@id\":\"https:\\\/\\\/beneggiassociati.com\\\/en\\\/#\\\/schema\\\/person\\\/828daacfa37b359e89e981f920072004\",\"name\":\"Tiziano Beneggi\",\"url\":\"https:\\\/\\\/beneggiassociati.com\\\/en\\\/author\\\/tizianobeneggiassociati-com\\\/\"}]}<\/script>\n<!-- \/ Yoast SEO plugin. -->","yoast_head_json":{"title":"Datore forfettario, non versa le tasse per il dipendente - Beneggi &amp; Associati","description":"La nuova disciplina sul regime forfettario presenta una sostanziale differenza rispetto al regime in vigore sino al 2018, poich\u00e9 non prevede pi\u00f9, come","robots":{"index":"index","follow":"follow","max-snippet":"max-snippet:-1","max-image-preview":"max-image-preview:large","max-video-preview":"max-video-preview:-1"},"canonical":"https:\/\/beneggiassociati.com\/en\/datore-forfettario-non-versa-le-tasse-per-il-dipendente\/","og_locale":"en_US","og_type":"article","og_title":"Datore forfettario, non versa le tasse per il dipendente - Beneggi &amp; Associati","og_description":"La nuova disciplina sul regime forfettario presenta una sostanziale differenza rispetto al regime in vigore sino al 2018, poich\u00e9 non prevede pi\u00f9, come","og_url":"https:\/\/beneggiassociati.com\/en\/datore-forfettario-non-versa-le-tasse-per-il-dipendente\/","og_site_name":"Beneggi &amp; Associati","article_published_time":"2019-02-09T18:58:00+00:00","og_image":[{"width":1280,"height":823,"url":"https:\/\/beneggiassociati.com\/wp-content\/uploads\/2025\/07\/single-post-beneggi.jpg","type":"image\/jpeg"}],"author":"Tiziano Beneggi","twitter_card":"summary_large_image","twitter_misc":{"Written by":"Tiziano Beneggi","Est. reading time":"2 minutes"},"schema":{"@context":"https:\/\/schema.org","@graph":[{"@type":"Article","@id":"https:\/\/beneggiassociati.com\/en\/datore-forfettario-non-versa-le-tasse-per-il-dipendente\/#article","isPartOf":{"@id":"https:\/\/beneggiassociati.com\/en\/datore-forfettario-non-versa-le-tasse-per-il-dipendente\/"},"author":{"name":"Tiziano Beneggi","@id":"https:\/\/beneggiassociati.com\/en\/#\/schema\/person\/828daacfa37b359e89e981f920072004"},"headline":"Datore forfettario, non versa le tasse per il dipendente","datePublished":"2019-02-09T18:58:00+00:00","mainEntityOfPage":{"@id":"https:\/\/beneggiassociati.com\/en\/datore-forfettario-non-versa-le-tasse-per-il-dipendente\/"},"wordCount":497,"commentCount":0,"publisher":{"@id":"https:\/\/beneggiassociati.com\/en\/#organization"},"image":{"@id":"https:\/\/beneggiassociati.com\/en\/datore-forfettario-non-versa-le-tasse-per-il-dipendente\/#primaryimage"},"thumbnailUrl":"https:\/\/beneggiassociati.com\/wp-content\/uploads\/2025\/07\/single-post-beneggi.jpg","articleSection":["ARCHIVIO"],"inLanguage":"en-US"},{"@type":"WebPage","@id":"https:\/\/beneggiassociati.com\/en\/datore-forfettario-non-versa-le-tasse-per-il-dipendente\/","url":"https:\/\/beneggiassociati.com\/en\/datore-forfettario-non-versa-le-tasse-per-il-dipendente\/","name":"Datore forfettario, non versa le tasse per il dipendente - Beneggi &amp; Associati","isPartOf":{"@id":"https:\/\/beneggiassociati.com\/en\/#website"},"primaryImageOfPage":{"@id":"https:\/\/beneggiassociati.com\/en\/datore-forfettario-non-versa-le-tasse-per-il-dipendente\/#primaryimage"},"image":{"@id":"https:\/\/beneggiassociati.com\/en\/datore-forfettario-non-versa-le-tasse-per-il-dipendente\/#primaryimage"},"thumbnailUrl":"https:\/\/beneggiassociati.com\/wp-content\/uploads\/2025\/07\/single-post-beneggi.jpg","datePublished":"2019-02-09T18:58:00+00:00","description":"La nuova disciplina sul regime forfettario presenta una sostanziale differenza rispetto al regime in vigore sino al 2018, poich\u00e9 non prevede pi\u00f9, come","breadcrumb":{"@id":"https:\/\/beneggiassociati.com\/en\/datore-forfettario-non-versa-le-tasse-per-il-dipendente\/#breadcrumb"},"inLanguage":"en-US","potentialAction":[{"@type":"ReadAction","target":["https:\/\/beneggiassociati.com\/en\/datore-forfettario-non-versa-le-tasse-per-il-dipendente\/"]}]},{"@type":"ImageObject","inLanguage":"en-US","@id":"https:\/\/beneggiassociati.com\/en\/datore-forfettario-non-versa-le-tasse-per-il-dipendente\/#primaryimage","url":"https:\/\/beneggiassociati.com\/wp-content\/uploads\/2025\/07\/single-post-beneggi.jpg","contentUrl":"https:\/\/beneggiassociati.com\/wp-content\/uploads\/2025\/07\/single-post-beneggi.jpg","width":1280,"height":823},{"@type":"BreadcrumbList","@id":"https:\/\/beneggiassociati.com\/en\/datore-forfettario-non-versa-le-tasse-per-il-dipendente\/#breadcrumb","itemListElement":[{"@type":"ListItem","position":1,"name":"Home","item":"https:\/\/beneggiassociati.com\/en\/?page_id=24163"},{"@type":"ListItem","position":2,"name":"Datore forfettario, non versa le tasse per il dipendente"}]},{"@type":"WebSite","@id":"https:\/\/beneggiassociati.com\/en\/#website","url":"https:\/\/beneggiassociati.com\/en\/","name":"Beneggi e associati","description":"","publisher":{"@id":"https:\/\/beneggiassociati.com\/en\/#organization"},"potentialAction":[{"@type":"SearchAction","target":{"@type":"EntryPoint","urlTemplate":"https:\/\/beneggiassociati.com\/en\/?s={search_term_string}"},"query-input":{"@type":"PropertyValueSpecification","valueRequired":true,"valueName":"search_term_string"}}],"inLanguage":"en-US"},{"@type":"Organization","@id":"https:\/\/beneggiassociati.com\/en\/#organization","name":"Beneggi e associati","url":"https:\/\/beneggiassociati.com\/en\/","logo":{"@type":"ImageObject","inLanguage":"en-US","@id":"https:\/\/beneggiassociati.com\/en\/#\/schema\/logo\/image\/","url":"https:\/\/beneggiassociati.com\/wp-content\/uploads\/2025\/07\/beneggi-logo.png","contentUrl":"https:\/\/beneggiassociati.com\/wp-content\/uploads\/2025\/07\/beneggi-logo.png","width":141,"height":87,"caption":"Beneggi e associati"},"image":{"@id":"https:\/\/beneggiassociati.com\/en\/#\/schema\/logo\/image\/"}},{"@type":"Person","@id":"https:\/\/beneggiassociati.com\/en\/#\/schema\/person\/828daacfa37b359e89e981f920072004","name":"Tiziano Beneggi","url":"https:\/\/beneggiassociati.com\/en\/author\/tizianobeneggiassociati-com\/"}]}},"_links":{"self":[{"href":"https:\/\/beneggiassociati.com\/en\/wp-json\/wp\/v2\/posts\/16394","targetHints":{"allow":["GET"]}}],"collection":[{"href":"https:\/\/beneggiassociati.com\/en\/wp-json\/wp\/v2\/posts"}],"about":[{"href":"https:\/\/beneggiassociati.com\/en\/wp-json\/wp\/v2\/types\/post"}],"author":[{"embeddable":true,"href":"https:\/\/beneggiassociati.com\/en\/wp-json\/wp\/v2\/users\/4"}],"replies":[{"embeddable":true,"href":"https:\/\/beneggiassociati.com\/en\/wp-json\/wp\/v2\/comments?post=16394"}],"version-history":[{"count":0,"href":"https:\/\/beneggiassociati.com\/en\/wp-json\/wp\/v2\/posts\/16394\/revisions"}],"wp:featuredmedia":[{"embeddable":true,"href":"https:\/\/beneggiassociati.com\/en\/wp-json\/wp\/v2\/media\/409"}],"wp:attachment":[{"href":"https:\/\/beneggiassociati.com\/en\/wp-json\/wp\/v2\/media?parent=16394"}],"wp:term":[{"taxonomy":"category","embeddable":true,"href":"https:\/\/beneggiassociati.com\/en\/wp-json\/wp\/v2\/categories?post=16394"},{"taxonomy":"post_tag","embeddable":true,"href":"https:\/\/beneggiassociati.com\/en\/wp-json\/wp\/v2\/tags?post=16394"}],"curies":[{"name":"wp","href":"https:\/\/api.w.org\/{rel}","templated":true}]}}