{"id":16404,"date":"2019-02-10T10:05:00","date_gmt":"2019-02-10T09:05:00","guid":{"rendered":"https:\/\/dev.beneggiassociati.com\/2019\/02\/10\/codice-della-crisi-dimpresa-la-guida-completa\/"},"modified":"2019-02-10T10:05:00","modified_gmt":"2019-02-10T09:05:00","slug":"codice-della-crisi-dimpresa-la-guida-completa","status":"publish","type":"post","link":"https:\/\/beneggiassociati.com\/en\/codice-della-crisi-dimpresa-la-guida-completa\/","title":{"rendered":"Codice della Crisi d\u2019impresa, la guida completa"},"content":{"rendered":"\n<p><strong>La continuit\u00e0 aziendale \u00e8 stella polare della riforma<\/strong><\/p>\n\n\n<p>Debutta, ma in realt\u00e0 sar\u00e0 in vigore solo a met\u00e0 dell\u2019anno prossimo, il Codice della crisi d\u2019impresa. \u00c8 destinato a sostituire la Legge fallimentare, che naturalmente \u00e8 stata rivista varie volte nel corso degli anni, ma \u00e8 pur sempre datata 1942.&nbsp;<\/p>\n\n\n<p><br \/>Nel Codice confluisce una larga parte della legislazione dell\u2019insolvenza, oggi invece frammentata tra provvedimenti diversi: per esempio, vi viene collocata tutta la disciplina del sovraindebitamento, cio\u00e8 del \u201cfallimento\u201d del consumatore o delle piccolissime imprese. Ma vengono introdotte modifiche anche al Codice civile su un versante cruciale come quello degli organi di controllo interni delle societ\u00e0 e della responsabilit\u00e0 degli amministratori.<\/p>\n\n\n<p><br \/>Tra gli obiettivi della riforma, senza dubbio c\u2019\u00e8 la conservazione dell\u2019attivit\u00e0 aziendale. Ad essa \u00e8 riservata un\u2019attenzione che emerge da una serie di elementi. Il principale \u00e8 rappresentato dall\u2019innovazione di maggiore spessore, cio\u00e8 l\u2019introduzione delle misure di allerta che punta a favorire l\u2019emersione tempestiva della crisi prima dell\u2019insolvenza conclamata; ma anche lo stesso concordato preventivo privilegia in maniera netta l\u2019ipotesi in continuit\u00e0, anche indiretta, con tutela dell\u2019occupazione.<\/p>\n\n\n<p><br \/><strong>L\u2019ALLERTA&nbsp;<\/strong><\/p>\n\n\n<p>Il decreto legislativo introduce, per la prima volta, nel nostro ordinamento giuridico, un pacchetto di misure per favorire l\u2019emersione tempestiva della crisi d\u2019impresa prima dell\u2019insolvenza conclamata. La segnalazione della situazione di difficolt\u00e0 \u00e8 affidata a un doppio canale, oltre che all\u2019attivazione autonoma dell\u2019imprenditore: uno innescato dall\u2019intervento degli organi di controllo interno e l\u2019altro dai creditori istituzionali, Inps e Fisco.&nbsp;<\/p>\n\n\n<p>A evitare l\u2019arbitrio o, comunque, segnalazioni strumentali, il provvedimento affida ai dottori commercialisti la determinazione di indici da aggiornare periodicamente e fissa con maggiore precisione i parametri che danno luogo all\u2019intervento dell\u2019amministrazione finanziaria e di quella previdenziale.<\/p>\n\n\n<p><br \/>Prevista comunque l\u2019esclusione delle grandi imprese, di gruppi di imprese di rilevante dimensione e societ\u00e0 con azioni quotate, delle imprese che leggi speciali assoggettano in via esclusiva alla liquidazione coatta amministrativa, come le banche, le imprese che esercitano attivit\u00e0 di intermediazione finanziaria e le compagnie assicuratrici.<\/p>\n\n\n<p><strong>LA PROCEDURA DI COMPOSIZIONE&nbsp;<\/strong><\/p>\n\n\n<p>A gestire la procedura di allerta saranno gli Organismi di composizione della crisi d\u2019impresa (Ocri), gi\u00e0 costituiti o in corso di costituzione, presso ogni Camera di commercio. Imposta una tempistica veloce che inizia con l\u2019audizione del debitore e degli organi di controllo societari. La norma prevede che si procede alla loro convocazione ed audizione in via riservata e confidenziale. Le modalit\u00e0 di gestione devono essere dunque tali da garantire che i terzi non vengano a conoscenza della procedura, per evitare il diffondersi di inutili allarmismi.<\/p>\n\n\n<p><br \/>L\u2019istituto della composizione assistita della crisi, a differenza dell\u2019allerta, prevede invece una forma di accordo con i creditori con la mediazione dell\u2019Organismo di composizione. In questo contesto cade la necessit\u00e0 della riservatezza, ma si apre la strada, su richiesta dell\u2019imprenditore, per misure protettive, per un periodo massimo di nove mesi, da azioni esecutive.<\/p>\n\n\n<p><br \/>In entrambi i casi, quando si configura l\u2019insolvenza anche per responsabilit\u00e0 del debitore, la procedura pu\u00f2 \u201cchiudersi\u201d con la segnalazione al Pm per la dichiarazione di apertura della liquidazione giudiziale&nbsp;<\/p>\n\n\n<p><strong>I CONTROLLI&nbsp;<\/strong><\/p>\n\n\n<p>Coerente con quanto previsto per le misure di allerta e indirizzata a rafforzare i livelli di responsabilit\u00e0 dei vertici aziendali, la riforma allarga l\u2019obbligo di adozione dell\u2019organo di controllo interno, sindaco o revisore, modificando le norme del Codice civile.&nbsp;<\/p>\n\n\n<p><br \/>I cambiamenti allo statuto dovranno essere deliberati entro un arco di nove mesi (termine considerato congruo per consentire al nuovo assetto dei controlli di diventare operativo prima dell\u2019entrata in vigore della parte della riforma dedicata delle misure di allerta) e sono obbligatori quando, per due esercizi consecutivi, \u00e8 stato superato uno dei seguenti limiti:&nbsp;<\/p>\n\n\n<ol class=\"wp-block-list\"><li>stato patrimoniale: due milioni di euro;<\/li><li>ricavi delle vendite e delle prestazioni: due milioni di euro;&nbsp;<\/li><li>dipendenti occupati in media durante l&#8217;esercizio: dieci unit\u00e0.<\/li><\/ol>\n\n\n<p>L\u2019obbligo di nomina dell\u2019organo di controllo o del revisore di cui alla lettera c) del terzo comma cessa quando, per tre esercizi consecutivi, non \u00e8 stato superato nessuno dei limiti.&nbsp;<\/p>\n\n\n<p><br \/>L\u2019obbligo dovrebbe coinvolgere, secondo le prime stime, circa 140mila societ\u00e0 a responsabilit\u00e0 limitata e cooperative&nbsp;<\/p>\n\n\n<p><strong>I GRUPPI&nbsp;<\/strong><\/p>\n\n\n<p>La riforma interviene su un\u2019assenza \u201cstorica\u201d della Legge fallimentare, quella di una disciplina della crisi d\u2019impresa dedicata alle holding.&nbsp;<\/p>\n\n\n<p><br \/>Cos\u00ec, \u00e8 stato previsto lo svolgimento di una procedura unitaria per la trattazione dell\u2019insolvenza delle diverse imprese del gruppo, individuando criteri di competenza territoriale idonei allo scopo, precisando che, anche in caso di procedure distinte che si svolgono in sedi giudiziarie diverse, ci siano obblighi di reciproca informazione a carico degli organi di tali procedure.<\/p>\n\n\n<p><br \/>\u00c8 stata disciplinata la possibilit\u00e0 di proporre un unico ricorso sia per l\u2019omologazione di accordi di ristrutturazione dei debiti dell\u2019intero gruppo, sia per l\u2019ammissione di tutte le imprese del gruppo alla procedura di concordato preventivo e per la successiva eventuale omologazione, anche con presentazione di un piano concordatario unico o di piani tra loro collegati.&nbsp;<\/p>\n\n\n<p><br \/>Sono previsti un unico giudice delegato e un unico curatore ma distinti comitati dei creditori per ciascuna imprese del gruppo, oltre un criterio di ripartizione proporzionale dei costi della procedura tra le singole imprese del gruppo<\/p>\n\n\n<p><strong>IL CONCORDATO&nbsp;<\/strong><\/p>\n\n\n<p>A venire valorizzata \u00e8 soprattutto il concordato in continuit\u00e0: quando cio\u00e8, con l\u2019impresa in situazione di crisi o anche di insolvenza, la proposta prevede il superamento attraverso la prosecuzione (diretta o indiretta) dell\u2019attivit\u00e0 aziendale, sulla base di un adeguato piano che consenta, di salvaguardare il valore dell\u2019impresa e, tendenzialmente, i livelli occupazionali, con il soddisfacimento dei creditori. La proposta liquidatoria \u00e8 ammessa solo se essa si avvale di risorse poste a disposizione da terzi (nuova finanza) che aumentino in modo significativo le prospettive di soddisfacimento per i creditori.<\/p>\n\n\n<p><br \/>Quanto allo svolgimento della procedura, senza stravolgere in modo superiore al necessario l\u2019attuale disciplina, sono state introdotte alcune misure di semplificazione, dirette a rendere il procedimento pi\u00f9 snello e veloce.&nbsp;<\/p>\n\n\n<p>Per esempio, \u00e8 stata eliminata l\u2019adunanza dei creditori e si \u00e8 previsto che, nel caso in cui la proposta di concordato prevede la necessit\u00e0 di porre in essere operazioni societarie, quali sono le fusioni, le scissioni, le trasformazioni, l\u2019eventuale opposizione a tali atti \u00e8 proposta dai creditori nell\u2019ambito del giudizio di omologazione<\/p>\n\n\n<p><strong>IL CONSUMATORE&nbsp;<\/strong><\/p>\n\n\n<p>Il Codice della crisi d\u2019impresa ingloba anche tutta la disciplina del \u201cfallimento\u201d del consumatore e delle piccole imprese sotto le soglie attuali di rilevanza. A venire valorizzata \u00e8 soprattutto la liberazione dai debiti, che rappresenta il vero obiettivo del soggetto destinatario della normativa, per consentirgli nuove opportunit\u00e0 nel mondo del lavoro, liberandolo da un peso che rischia di divenire insostenibile e di impedirgli ogni prospettiva futura.<\/p>\n\n\n<p><br \/>In linea con i criteri stabiliti dalla legge delega, si \u00e8 deciso di non esigere per l\u2019ammissione alle procedure di sovraindebitamento requisiti soggettivi troppo stringenti, tenuto conto, da un lato, dell\u2019eterogeneit\u00e0 dei soggetti destinatari (spesso privi di livelli culturali idonei per rendersi conto del loro progressivo sovraindebitamento), dall\u2019altro della difficolt\u00e0 di individuare puntuali criteri di merito sicuramente verificabili, a causa dell\u2019estrema variet\u00e0 delle situazioni di vita che possono essere motivo di pesanti indebitamenti, senza rischiare di generare un contenzioso dalle proporzioni difficilmente prevedibili o senza, altrimenti, finire per restringere troppo la portata dell\u2019istituto<\/p>\n\n\n<p><strong>GLI ACCORDI&nbsp;<\/strong><\/p>\n\n\n<p>Per rendere pi\u00f9 duttili e meglio fruibili gli accordi di ristrutturazione, che sono ormai entrati in pianta stabile e con un peso sempre pi\u00f9 significativo nella disciplina della crisi d\u2019impresa, sono state previste agevolazioni al momento dell\u2019accesso sia attraverso la previsione di accordi agevolati, sia attraverso la previsione della possibilit\u00e0 di estenderne l\u2019efficacia anche a creditori non aderenti appartenenti a categorie omogenee (anche diverse da quella dei creditori finanziari), mantenendo comunque fermo l\u2019ovvio diritto di opporsi all\u2019omologazione, se l\u2019accordo viene raggiunto con creditori che rappresentano una rilevante percentuale (il 75%) del totale dei crediti appartenenti alla medesima categoria e se l\u2019accordo prevede la prosecuzione dell\u2019esercizio dell\u2019attivit\u00e0 imprenditoriale.&nbsp;<\/p>\n\n\n<p><br \/>Allineata poi la disciplina della bancarotta negli accordi di ristrutturazione che saranno approvati senza assenso del Fisco.<\/p>\n\n\n<p><br \/>In coerenza con quanto previsto per il concordato preventivo, si \u00e8 previsto che, in caso di societ\u00e0 con soci illimitatamente responsabili, gli effetti degli accordi si estendono anche a loro<\/p>\n\n\n<p><strong>I PROFESSIONISTI&nbsp;<\/strong><\/p>\n\n\n<p>Viene istituito l\u2019Albo dei soggetti, anche in forma societaria o associata, dal quale l\u2019autorit\u00e0 giudiziaria individuer\u00e0 i professionisti chiamati all\u2019incarico di curatore, commissario giudiziale o liquidatore. All\u2019Albo saranno iscritti \u201cdi diritto\u201d avvocati e dottori commercialisti in grado di documentare di avare svolto un incarico in almeno quattro procedure nell\u2019ultimo quadriennio.&nbsp;<\/p>\n\n\n<p><br \/>La nomina \u00e8 fatta dall&#8217;autorit\u00e0 giudiziaria tenuto conto delle risultanze dei rapporti riepilogativi periodici e finali redatti dai soggetti incaricati e degli incarichi in corso, in modo da assicurare che il professionista nominato abbia realmente il tempo per dedicarsi al nuovo incarico.&nbsp;<\/p>\n\n\n<p>Le nomine devono essere effettuate secondo criteri di trasparenza e rotazione nell\u2019assegnazione degli incarichi.<br \/>Con l\u2019ultimissima modifica introdotta nel testo, l\u2019Albo \u00e8 stato parzialmente aperto all\u2019ingresso dei consulenti del lavoro, che potranno essere chiamati a svolgere gli incarichi in tutte le procedure nel quali sono presenti dipendenti e quindi, soprattutto, nei concordati preventivi in continuit\u00e0 aziendale.<strong><br \/><\/strong><\/p>\n\n\n<p><a href=\"mailto:info@beneggiassociati.com\" target=\"_blank\" rel=\"noreferrer noopener\">Sei interessato all\u2019articolo? Scrivici e verrai contattato da un nostro Consultant<\/a><\/p>\n\n\n<p><a href=\"https:\/\/beneggiassociati.com\/\" target=\"_blank\" rel=\"noreferrer noopener\">@ Beneggi e Associati | Commercialisti al servizio delle imprese | Meda | Milano<\/a><\/p>\n","protected":false},"excerpt":{"rendered":"<p>La continuit\u00e0 aziendale \u00e8 stella polare della riforma Debutta, ma in realt\u00e0 sar\u00e0 in vigore solo a met\u00e0 dell\u2019anno prossimo, il Codice della crisi d\u2019impresa. \u00c8 destinato a sostituire la Legge fallimentare, che naturalmente \u00e8 stata rivista varie volte nel corso degli anni, ma \u00e8 pur sempre datata 1942.&nbsp; Nel Codice confluisce una larga parte [&hellip;]<\/p>\n","protected":false},"author":4,"featured_media":409,"comment_status":"open","ping_status":"open","sticky":false,"template":"","format":"standard","meta":{"_acf_changed":false,"content-type":"","footnotes":""},"categories":[16],"tags":[],"class_list":["post-16404","post","type-post","status-publish","format-standard","has-post-thumbnail","hentry","category-archivio"],"acf":[],"yoast_head":"<!-- This site is optimized with the Yoast SEO plugin v27.5 - https:\/\/yoast.com\/product\/yoast-seo-wordpress\/ -->\n<title>Codice della Crisi d\u2019impresa, la guida completa - Beneggi &amp; Associati<\/title>\n<meta name=\"description\" content=\"La continuit\u00e0 aziendale \u00e8 stella polare della riforma Debutta, ma in realt\u00e0 sar\u00e0 in vigore solo a met\u00e0 dell\u2019anno prossimo, il Codice della crisi\" \/>\n<meta name=\"robots\" content=\"index, follow, max-snippet:-1, max-image-preview:large, max-video-preview:-1\" \/>\n<link rel=\"canonical\" href=\"https:\/\/beneggiassociati.com\/en\/codice-della-crisi-dimpresa-la-guida-completa\/\" \/>\n<meta property=\"og:locale\" content=\"en_US\" \/>\n<meta property=\"og:type\" content=\"article\" \/>\n<meta property=\"og:title\" content=\"Codice della Crisi d\u2019impresa, la guida completa - Beneggi &amp; Associati\" \/>\n<meta property=\"og:description\" content=\"La continuit\u00e0 aziendale \u00e8 stella polare della riforma Debutta, ma in realt\u00e0 sar\u00e0 in vigore solo a met\u00e0 dell\u2019anno prossimo, il Codice della crisi\" \/>\n<meta property=\"og:url\" content=\"https:\/\/beneggiassociati.com\/en\/codice-della-crisi-dimpresa-la-guida-completa\/\" \/>\n<meta property=\"og:site_name\" content=\"Beneggi &amp; Associati\" \/>\n<meta property=\"article:published_time\" content=\"2019-02-10T09:05:00+00:00\" \/>\n<meta property=\"og:image\" content=\"https:\/\/beneggiassociati.com\/wp-content\/uploads\/2025\/07\/single-post-beneggi.jpg\" \/>\n\t<meta property=\"og:image:width\" content=\"1280\" \/>\n\t<meta property=\"og:image:height\" content=\"823\" \/>\n\t<meta property=\"og:image:type\" content=\"image\/jpeg\" \/>\n<meta name=\"author\" content=\"Tiziano Beneggi\" \/>\n<meta name=\"twitter:card\" content=\"summary_large_image\" \/>\n<meta name=\"twitter:label1\" content=\"Written by\" \/>\n\t<meta name=\"twitter:data1\" content=\"Tiziano Beneggi\" \/>\n\t<meta name=\"twitter:label2\" content=\"Est. reading time\" \/>\n\t<meta name=\"twitter:data2\" content=\"8 minutes\" \/>\n<script type=\"application\/ld+json\" class=\"yoast-schema-graph\">{\"@context\":\"https:\\\/\\\/schema.org\",\"@graph\":[{\"@type\":\"Article\",\"@id\":\"https:\\\/\\\/beneggiassociati.com\\\/en\\\/codice-della-crisi-dimpresa-la-guida-completa\\\/#article\",\"isPartOf\":{\"@id\":\"https:\\\/\\\/beneggiassociati.com\\\/en\\\/codice-della-crisi-dimpresa-la-guida-completa\\\/\"},\"author\":{\"name\":\"Tiziano Beneggi\",\"@id\":\"https:\\\/\\\/beneggiassociati.com\\\/en\\\/#\\\/schema\\\/person\\\/828daacfa37b359e89e981f920072004\"},\"headline\":\"Codice della Crisi d\u2019impresa, la guida completa\",\"datePublished\":\"2019-02-10T09:05:00+00:00\",\"mainEntityOfPage\":{\"@id\":\"https:\\\/\\\/beneggiassociati.com\\\/en\\\/codice-della-crisi-dimpresa-la-guida-completa\\\/\"},\"wordCount\":1565,\"commentCount\":0,\"publisher\":{\"@id\":\"https:\\\/\\\/beneggiassociati.com\\\/en\\\/#organization\"},\"image\":{\"@id\":\"https:\\\/\\\/beneggiassociati.com\\\/en\\\/codice-della-crisi-dimpresa-la-guida-completa\\\/#primaryimage\"},\"thumbnailUrl\":\"https:\\\/\\\/beneggiassociati.com\\\/wp-content\\\/uploads\\\/2025\\\/07\\\/single-post-beneggi.jpg\",\"articleSection\":[\"ARCHIVIO\"],\"inLanguage\":\"en-US\"},{\"@type\":\"WebPage\",\"@id\":\"https:\\\/\\\/beneggiassociati.com\\\/en\\\/codice-della-crisi-dimpresa-la-guida-completa\\\/\",\"url\":\"https:\\\/\\\/beneggiassociati.com\\\/en\\\/codice-della-crisi-dimpresa-la-guida-completa\\\/\",\"name\":\"Codice della Crisi d\u2019impresa, la guida completa - Beneggi &amp; Associati\",\"isPartOf\":{\"@id\":\"https:\\\/\\\/beneggiassociati.com\\\/en\\\/#website\"},\"primaryImageOfPage\":{\"@id\":\"https:\\\/\\\/beneggiassociati.com\\\/en\\\/codice-della-crisi-dimpresa-la-guida-completa\\\/#primaryimage\"},\"image\":{\"@id\":\"https:\\\/\\\/beneggiassociati.com\\\/en\\\/codice-della-crisi-dimpresa-la-guida-completa\\\/#primaryimage\"},\"thumbnailUrl\":\"https:\\\/\\\/beneggiassociati.com\\\/wp-content\\\/uploads\\\/2025\\\/07\\\/single-post-beneggi.jpg\",\"datePublished\":\"2019-02-10T09:05:00+00:00\",\"description\":\"La continuit\u00e0 aziendale \u00e8 stella polare della riforma Debutta, ma in realt\u00e0 sar\u00e0 in vigore solo a met\u00e0 dell\u2019anno prossimo, il Codice della crisi\",\"breadcrumb\":{\"@id\":\"https:\\\/\\\/beneggiassociati.com\\\/en\\\/codice-della-crisi-dimpresa-la-guida-completa\\\/#breadcrumb\"},\"inLanguage\":\"en-US\",\"potentialAction\":[{\"@type\":\"ReadAction\",\"target\":[\"https:\\\/\\\/beneggiassociati.com\\\/en\\\/codice-della-crisi-dimpresa-la-guida-completa\\\/\"]}]},{\"@type\":\"ImageObject\",\"inLanguage\":\"en-US\",\"@id\":\"https:\\\/\\\/beneggiassociati.com\\\/en\\\/codice-della-crisi-dimpresa-la-guida-completa\\\/#primaryimage\",\"url\":\"https:\\\/\\\/beneggiassociati.com\\\/wp-content\\\/uploads\\\/2025\\\/07\\\/single-post-beneggi.jpg\",\"contentUrl\":\"https:\\\/\\\/beneggiassociati.com\\\/wp-content\\\/uploads\\\/2025\\\/07\\\/single-post-beneggi.jpg\",\"width\":1280,\"height\":823},{\"@type\":\"BreadcrumbList\",\"@id\":\"https:\\\/\\\/beneggiassociati.com\\\/en\\\/codice-della-crisi-dimpresa-la-guida-completa\\\/#breadcrumb\",\"itemListElement\":[{\"@type\":\"ListItem\",\"position\":1,\"name\":\"Home\",\"item\":\"https:\\\/\\\/beneggiassociati.com\\\/en\\\/?page_id=24163\"},{\"@type\":\"ListItem\",\"position\":2,\"name\":\"Codice della Crisi d\u2019impresa, la guida completa\"}]},{\"@type\":\"WebSite\",\"@id\":\"https:\\\/\\\/beneggiassociati.com\\\/en\\\/#website\",\"url\":\"https:\\\/\\\/beneggiassociati.com\\\/en\\\/\",\"name\":\"Beneggi e associati\",\"description\":\"\",\"publisher\":{\"@id\":\"https:\\\/\\\/beneggiassociati.com\\\/en\\\/#organization\"},\"potentialAction\":[{\"@type\":\"SearchAction\",\"target\":{\"@type\":\"EntryPoint\",\"urlTemplate\":\"https:\\\/\\\/beneggiassociati.com\\\/en\\\/?s={search_term_string}\"},\"query-input\":{\"@type\":\"PropertyValueSpecification\",\"valueRequired\":true,\"valueName\":\"search_term_string\"}}],\"inLanguage\":\"en-US\"},{\"@type\":\"Organization\",\"@id\":\"https:\\\/\\\/beneggiassociati.com\\\/en\\\/#organization\",\"name\":\"Beneggi e associati\",\"url\":\"https:\\\/\\\/beneggiassociati.com\\\/en\\\/\",\"logo\":{\"@type\":\"ImageObject\",\"inLanguage\":\"en-US\",\"@id\":\"https:\\\/\\\/beneggiassociati.com\\\/en\\\/#\\\/schema\\\/logo\\\/image\\\/\",\"url\":\"https:\\\/\\\/beneggiassociati.com\\\/wp-content\\\/uploads\\\/2025\\\/07\\\/beneggi-logo.png\",\"contentUrl\":\"https:\\\/\\\/beneggiassociati.com\\\/wp-content\\\/uploads\\\/2025\\\/07\\\/beneggi-logo.png\",\"width\":141,\"height\":87,\"caption\":\"Beneggi e associati\"},\"image\":{\"@id\":\"https:\\\/\\\/beneggiassociati.com\\\/en\\\/#\\\/schema\\\/logo\\\/image\\\/\"}},{\"@type\":\"Person\",\"@id\":\"https:\\\/\\\/beneggiassociati.com\\\/en\\\/#\\\/schema\\\/person\\\/828daacfa37b359e89e981f920072004\",\"name\":\"Tiziano Beneggi\",\"url\":\"https:\\\/\\\/beneggiassociati.com\\\/en\\\/author\\\/tizianobeneggiassociati-com\\\/\"}]}<\/script>\n<!-- \/ Yoast SEO plugin. -->","yoast_head_json":{"title":"Codice della Crisi d\u2019impresa, la guida completa - Beneggi &amp; Associati","description":"La continuit\u00e0 aziendale \u00e8 stella polare della riforma Debutta, ma in realt\u00e0 sar\u00e0 in vigore solo a met\u00e0 dell\u2019anno prossimo, il Codice della crisi","robots":{"index":"index","follow":"follow","max-snippet":"max-snippet:-1","max-image-preview":"max-image-preview:large","max-video-preview":"max-video-preview:-1"},"canonical":"https:\/\/beneggiassociati.com\/en\/codice-della-crisi-dimpresa-la-guida-completa\/","og_locale":"en_US","og_type":"article","og_title":"Codice della Crisi d\u2019impresa, la guida completa - Beneggi &amp; Associati","og_description":"La continuit\u00e0 aziendale \u00e8 stella polare della riforma Debutta, ma in realt\u00e0 sar\u00e0 in vigore solo a met\u00e0 dell\u2019anno prossimo, il Codice della crisi","og_url":"https:\/\/beneggiassociati.com\/en\/codice-della-crisi-dimpresa-la-guida-completa\/","og_site_name":"Beneggi &amp; Associati","article_published_time":"2019-02-10T09:05:00+00:00","og_image":[{"width":1280,"height":823,"url":"https:\/\/beneggiassociati.com\/wp-content\/uploads\/2025\/07\/single-post-beneggi.jpg","type":"image\/jpeg"}],"author":"Tiziano Beneggi","twitter_card":"summary_large_image","twitter_misc":{"Written by":"Tiziano Beneggi","Est. reading time":"8 minutes"},"schema":{"@context":"https:\/\/schema.org","@graph":[{"@type":"Article","@id":"https:\/\/beneggiassociati.com\/en\/codice-della-crisi-dimpresa-la-guida-completa\/#article","isPartOf":{"@id":"https:\/\/beneggiassociati.com\/en\/codice-della-crisi-dimpresa-la-guida-completa\/"},"author":{"name":"Tiziano Beneggi","@id":"https:\/\/beneggiassociati.com\/en\/#\/schema\/person\/828daacfa37b359e89e981f920072004"},"headline":"Codice della Crisi d\u2019impresa, la guida completa","datePublished":"2019-02-10T09:05:00+00:00","mainEntityOfPage":{"@id":"https:\/\/beneggiassociati.com\/en\/codice-della-crisi-dimpresa-la-guida-completa\/"},"wordCount":1565,"commentCount":0,"publisher":{"@id":"https:\/\/beneggiassociati.com\/en\/#organization"},"image":{"@id":"https:\/\/beneggiassociati.com\/en\/codice-della-crisi-dimpresa-la-guida-completa\/#primaryimage"},"thumbnailUrl":"https:\/\/beneggiassociati.com\/wp-content\/uploads\/2025\/07\/single-post-beneggi.jpg","articleSection":["ARCHIVIO"],"inLanguage":"en-US"},{"@type":"WebPage","@id":"https:\/\/beneggiassociati.com\/en\/codice-della-crisi-dimpresa-la-guida-completa\/","url":"https:\/\/beneggiassociati.com\/en\/codice-della-crisi-dimpresa-la-guida-completa\/","name":"Codice della Crisi d\u2019impresa, la guida completa - Beneggi &amp; Associati","isPartOf":{"@id":"https:\/\/beneggiassociati.com\/en\/#website"},"primaryImageOfPage":{"@id":"https:\/\/beneggiassociati.com\/en\/codice-della-crisi-dimpresa-la-guida-completa\/#primaryimage"},"image":{"@id":"https:\/\/beneggiassociati.com\/en\/codice-della-crisi-dimpresa-la-guida-completa\/#primaryimage"},"thumbnailUrl":"https:\/\/beneggiassociati.com\/wp-content\/uploads\/2025\/07\/single-post-beneggi.jpg","datePublished":"2019-02-10T09:05:00+00:00","description":"La continuit\u00e0 aziendale \u00e8 stella polare della riforma Debutta, ma in realt\u00e0 sar\u00e0 in vigore solo a met\u00e0 dell\u2019anno prossimo, il Codice della crisi","breadcrumb":{"@id":"https:\/\/beneggiassociati.com\/en\/codice-della-crisi-dimpresa-la-guida-completa\/#breadcrumb"},"inLanguage":"en-US","potentialAction":[{"@type":"ReadAction","target":["https:\/\/beneggiassociati.com\/en\/codice-della-crisi-dimpresa-la-guida-completa\/"]}]},{"@type":"ImageObject","inLanguage":"en-US","@id":"https:\/\/beneggiassociati.com\/en\/codice-della-crisi-dimpresa-la-guida-completa\/#primaryimage","url":"https:\/\/beneggiassociati.com\/wp-content\/uploads\/2025\/07\/single-post-beneggi.jpg","contentUrl":"https:\/\/beneggiassociati.com\/wp-content\/uploads\/2025\/07\/single-post-beneggi.jpg","width":1280,"height":823},{"@type":"BreadcrumbList","@id":"https:\/\/beneggiassociati.com\/en\/codice-della-crisi-dimpresa-la-guida-completa\/#breadcrumb","itemListElement":[{"@type":"ListItem","position":1,"name":"Home","item":"https:\/\/beneggiassociati.com\/en\/?page_id=24163"},{"@type":"ListItem","position":2,"name":"Codice della Crisi d\u2019impresa, la guida completa"}]},{"@type":"WebSite","@id":"https:\/\/beneggiassociati.com\/en\/#website","url":"https:\/\/beneggiassociati.com\/en\/","name":"Beneggi e associati","description":"","publisher":{"@id":"https:\/\/beneggiassociati.com\/en\/#organization"},"potentialAction":[{"@type":"SearchAction","target":{"@type":"EntryPoint","urlTemplate":"https:\/\/beneggiassociati.com\/en\/?s={search_term_string}"},"query-input":{"@type":"PropertyValueSpecification","valueRequired":true,"valueName":"search_term_string"}}],"inLanguage":"en-US"},{"@type":"Organization","@id":"https:\/\/beneggiassociati.com\/en\/#organization","name":"Beneggi e associati","url":"https:\/\/beneggiassociati.com\/en\/","logo":{"@type":"ImageObject","inLanguage":"en-US","@id":"https:\/\/beneggiassociati.com\/en\/#\/schema\/logo\/image\/","url":"https:\/\/beneggiassociati.com\/wp-content\/uploads\/2025\/07\/beneggi-logo.png","contentUrl":"https:\/\/beneggiassociati.com\/wp-content\/uploads\/2025\/07\/beneggi-logo.png","width":141,"height":87,"caption":"Beneggi e associati"},"image":{"@id":"https:\/\/beneggiassociati.com\/en\/#\/schema\/logo\/image\/"}},{"@type":"Person","@id":"https:\/\/beneggiassociati.com\/en\/#\/schema\/person\/828daacfa37b359e89e981f920072004","name":"Tiziano Beneggi","url":"https:\/\/beneggiassociati.com\/en\/author\/tizianobeneggiassociati-com\/"}]}},"_links":{"self":[{"href":"https:\/\/beneggiassociati.com\/en\/wp-json\/wp\/v2\/posts\/16404","targetHints":{"allow":["GET"]}}],"collection":[{"href":"https:\/\/beneggiassociati.com\/en\/wp-json\/wp\/v2\/posts"}],"about":[{"href":"https:\/\/beneggiassociati.com\/en\/wp-json\/wp\/v2\/types\/post"}],"author":[{"embeddable":true,"href":"https:\/\/beneggiassociati.com\/en\/wp-json\/wp\/v2\/users\/4"}],"replies":[{"embeddable":true,"href":"https:\/\/beneggiassociati.com\/en\/wp-json\/wp\/v2\/comments?post=16404"}],"version-history":[{"count":0,"href":"https:\/\/beneggiassociati.com\/en\/wp-json\/wp\/v2\/posts\/16404\/revisions"}],"wp:featuredmedia":[{"embeddable":true,"href":"https:\/\/beneggiassociati.com\/en\/wp-json\/wp\/v2\/media\/409"}],"wp:attachment":[{"href":"https:\/\/beneggiassociati.com\/en\/wp-json\/wp\/v2\/media?parent=16404"}],"wp:term":[{"taxonomy":"category","embeddable":true,"href":"https:\/\/beneggiassociati.com\/en\/wp-json\/wp\/v2\/categories?post=16404"},{"taxonomy":"post_tag","embeddable":true,"href":"https:\/\/beneggiassociati.com\/en\/wp-json\/wp\/v2\/tags?post=16404"}],"curies":[{"name":"wp","href":"https:\/\/api.w.org\/{rel}","templated":true}]}}