{"id":16416,"date":"2019-02-24T17:40:00","date_gmt":"2019-02-24T16:40:00","guid":{"rendered":"https:\/\/dev.beneggiassociati.com\/2019\/02\/24\/brevetto-unitario-scatta-la-riforma-dei-marchi\/"},"modified":"2019-02-24T17:40:00","modified_gmt":"2019-02-24T16:40:00","slug":"brevetto-unitario-scatta-la-riforma-dei-marchi","status":"publish","type":"post","link":"https:\/\/beneggiassociati.com\/en\/brevetto-unitario-scatta-la-riforma-dei-marchi\/","title":{"rendered":"Brevetto unitario, scatta la riforma dei marchi"},"content":{"rendered":"\n<p>L\u2019Italia adotta la nuova normativa Ue sul brevetto europeo con effetto unitario.&nbsp;<\/p>\n\n\n<p><br \/>Attualmente gi\u00e0 esiste un brevetto europeo. L\u2019impresa interessata avanza una domanda unica all\u2019Ufficio europeo dei brevetti redatta in una sola lingua (inglese, francese o tedesco), accompagnata da una traduzione in italiano. Il brevetto europeo, una volta ottenuto, deve essere convalidato in ogni Stato in cui si vuol far valere.&nbsp;<\/p>\n\n\n<p>Il brevetto europeo \u00abunitario\u00bb, invece, consentir\u00e0 di ottenere, con un\u2019unica procedura centralizzata, e un solo pagamento, una protezione brevettuale automaticamente uniforme in tutti i 26 Paesi Ue che partecipano alla cooperazione rafforzata.&nbsp;<\/p>\n\n\n<p>Via libera anche al decreto che attua il \u201cpacchetto marchi\u201d della Ue. In questo caso la principale novit\u00e0 \u00e8 l\u2019eliminazione del requisito di rappresentazione grafica dalla definizione di marchi registrabili. Si potr\u00e0 ricorrere anche a combinazioni di immagini e suoni, teoricamente anche elementi olfattivi, e a marchi di movimento, multimediali, ologrammi, purch\u00e9 siano rappresentati in modo chiaro, preciso e facilmente accessibile. Di conseguenza la domanda di registrazione dovr\u00e0 contenere, anzich\u00e9 la \u00abriproduzione\u00bb del marchio, la sua \u00abrappresentazione\u00bb.&nbsp;<\/p>\n\n\n<p><a href=\"mailto:info@beneggiassociati.com\" target=\"_blank\" rel=\"noreferrer noopener\">Sei interessato all\u2019articolo? Scrivici e verrai contattato da un nostro Consultant<\/a><\/p>\n\n\n<p><a href=\"https:\/\/beneggiassociati.com\/\" target=\"_blank\" rel=\"noreferrer noopener\">@ Beneggi e Associati | Commercialisti al servizio delle imprese | Meda | Milano<\/a><br \/><\/p>\n","protected":false},"excerpt":{"rendered":"<p>L\u2019Italia adotta la nuova normativa Ue sul brevetto europeo con effetto unitario.&nbsp; Attualmente gi\u00e0 esiste un brevetto europeo. L\u2019impresa interessata avanza una domanda unica all\u2019Ufficio europeo dei brevetti redatta in una sola lingua (inglese, francese o tedesco), accompagnata da una traduzione in italiano. Il brevetto europeo, una volta ottenuto, deve essere convalidato in ogni Stato [&hellip;]<\/p>\n","protected":false},"author":4,"featured_media":409,"comment_status":"open","ping_status":"open","sticky":false,"template":"","format":"standard","meta":{"_acf_changed":false,"content-type":"","footnotes":""},"categories":[16],"tags":[],"class_list":["post-16416","post","type-post","status-publish","format-standard","has-post-thumbnail","hentry","category-archivio"],"acf":[],"yoast_head":"<!-- This site is optimized with the Yoast SEO plugin v27.5 - https:\/\/yoast.com\/product\/yoast-seo-wordpress\/ -->\n<title>Brevetto unitario, scatta la riforma dei marchi - Beneggi &amp; Associati<\/title>\n<meta name=\"description\" content=\"L\u2019Italia adotta la nuova normativa Ue sul brevetto europeo con effetto unitario.&nbsp; Attualmente gi\u00e0 esiste un brevetto europeo. L\u2019impresa interessata\" \/>\n<meta name=\"robots\" content=\"index, follow, max-snippet:-1, max-image-preview:large, max-video-preview:-1\" \/>\n<link rel=\"canonical\" href=\"https:\/\/beneggiassociati.com\/en\/brevetto-unitario-scatta-la-riforma-dei-marchi\/\" \/>\n<meta property=\"og:locale\" content=\"en_US\" \/>\n<meta property=\"og:type\" content=\"article\" \/>\n<meta property=\"og:title\" content=\"Brevetto unitario, scatta la riforma dei marchi - Beneggi &amp; Associati\" \/>\n<meta property=\"og:description\" content=\"L\u2019Italia adotta la nuova normativa Ue sul brevetto europeo con effetto unitario.&nbsp; Attualmente gi\u00e0 esiste un brevetto europeo. L\u2019impresa interessata\" \/>\n<meta property=\"og:url\" content=\"https:\/\/beneggiassociati.com\/en\/brevetto-unitario-scatta-la-riforma-dei-marchi\/\" \/>\n<meta property=\"og:site_name\" content=\"Beneggi &amp; Associati\" \/>\n<meta property=\"article:published_time\" content=\"2019-02-24T16:40:00+00:00\" \/>\n<meta property=\"og:image\" content=\"https:\/\/beneggiassociati.com\/wp-content\/uploads\/2025\/07\/single-post-beneggi.jpg\" \/>\n\t<meta property=\"og:image:width\" content=\"1280\" \/>\n\t<meta property=\"og:image:height\" content=\"823\" \/>\n\t<meta property=\"og:image:type\" content=\"image\/jpeg\" \/>\n<meta name=\"author\" content=\"Tiziano Beneggi\" \/>\n<meta name=\"twitter:card\" content=\"summary_large_image\" \/>\n<meta name=\"twitter:label1\" content=\"Written by\" \/>\n\t<meta name=\"twitter:data1\" content=\"Tiziano Beneggi\" \/>\n\t<meta name=\"twitter:label2\" content=\"Est. reading time\" \/>\n\t<meta name=\"twitter:data2\" content=\"1 minute\" \/>\n<script type=\"application\/ld+json\" class=\"yoast-schema-graph\">{\"@context\":\"https:\\\/\\\/schema.org\",\"@graph\":[{\"@type\":\"Article\",\"@id\":\"https:\\\/\\\/beneggiassociati.com\\\/en\\\/brevetto-unitario-scatta-la-riforma-dei-marchi\\\/#article\",\"isPartOf\":{\"@id\":\"https:\\\/\\\/beneggiassociati.com\\\/en\\\/brevetto-unitario-scatta-la-riforma-dei-marchi\\\/\"},\"author\":{\"name\":\"Tiziano Beneggi\",\"@id\":\"https:\\\/\\\/beneggiassociati.com\\\/en\\\/#\\\/schema\\\/person\\\/828daacfa37b359e89e981f920072004\"},\"headline\":\"Brevetto unitario, scatta la riforma dei marchi\",\"datePublished\":\"2019-02-24T16:40:00+00:00\",\"mainEntityOfPage\":{\"@id\":\"https:\\\/\\\/beneggiassociati.com\\\/en\\\/brevetto-unitario-scatta-la-riforma-dei-marchi\\\/\"},\"wordCount\":206,\"commentCount\":0,\"publisher\":{\"@id\":\"https:\\\/\\\/beneggiassociati.com\\\/en\\\/#organization\"},\"image\":{\"@id\":\"https:\\\/\\\/beneggiassociati.com\\\/en\\\/brevetto-unitario-scatta-la-riforma-dei-marchi\\\/#primaryimage\"},\"thumbnailUrl\":\"https:\\\/\\\/beneggiassociati.com\\\/wp-content\\\/uploads\\\/2025\\\/07\\\/single-post-beneggi.jpg\",\"articleSection\":[\"ARCHIVIO\"],\"inLanguage\":\"en-US\"},{\"@type\":\"WebPage\",\"@id\":\"https:\\\/\\\/beneggiassociati.com\\\/en\\\/brevetto-unitario-scatta-la-riforma-dei-marchi\\\/\",\"url\":\"https:\\\/\\\/beneggiassociati.com\\\/en\\\/brevetto-unitario-scatta-la-riforma-dei-marchi\\\/\",\"name\":\"Brevetto unitario, scatta la riforma dei marchi - Beneggi &amp; Associati\",\"isPartOf\":{\"@id\":\"https:\\\/\\\/beneggiassociati.com\\\/en\\\/#website\"},\"primaryImageOfPage\":{\"@id\":\"https:\\\/\\\/beneggiassociati.com\\\/en\\\/brevetto-unitario-scatta-la-riforma-dei-marchi\\\/#primaryimage\"},\"image\":{\"@id\":\"https:\\\/\\\/beneggiassociati.com\\\/en\\\/brevetto-unitario-scatta-la-riforma-dei-marchi\\\/#primaryimage\"},\"thumbnailUrl\":\"https:\\\/\\\/beneggiassociati.com\\\/wp-content\\\/uploads\\\/2025\\\/07\\\/single-post-beneggi.jpg\",\"datePublished\":\"2019-02-24T16:40:00+00:00\",\"description\":\"L\u2019Italia adotta la nuova normativa Ue sul brevetto europeo con effetto unitario.&nbsp; Attualmente gi\u00e0 esiste un brevetto europeo. L\u2019impresa interessata\",\"breadcrumb\":{\"@id\":\"https:\\\/\\\/beneggiassociati.com\\\/en\\\/brevetto-unitario-scatta-la-riforma-dei-marchi\\\/#breadcrumb\"},\"inLanguage\":\"en-US\",\"potentialAction\":[{\"@type\":\"ReadAction\",\"target\":[\"https:\\\/\\\/beneggiassociati.com\\\/en\\\/brevetto-unitario-scatta-la-riforma-dei-marchi\\\/\"]}]},{\"@type\":\"ImageObject\",\"inLanguage\":\"en-US\",\"@id\":\"https:\\\/\\\/beneggiassociati.com\\\/en\\\/brevetto-unitario-scatta-la-riforma-dei-marchi\\\/#primaryimage\",\"url\":\"https:\\\/\\\/beneggiassociati.com\\\/wp-content\\\/uploads\\\/2025\\\/07\\\/single-post-beneggi.jpg\",\"contentUrl\":\"https:\\\/\\\/beneggiassociati.com\\\/wp-content\\\/uploads\\\/2025\\\/07\\\/single-post-beneggi.jpg\",\"width\":1280,\"height\":823},{\"@type\":\"BreadcrumbList\",\"@id\":\"https:\\\/\\\/beneggiassociati.com\\\/en\\\/brevetto-unitario-scatta-la-riforma-dei-marchi\\\/#breadcrumb\",\"itemListElement\":[{\"@type\":\"ListItem\",\"position\":1,\"name\":\"Home\",\"item\":\"https:\\\/\\\/beneggiassociati.com\\\/en\\\/?page_id=24163\"},{\"@type\":\"ListItem\",\"position\":2,\"name\":\"Brevetto unitario, scatta la riforma dei marchi\"}]},{\"@type\":\"WebSite\",\"@id\":\"https:\\\/\\\/beneggiassociati.com\\\/en\\\/#website\",\"url\":\"https:\\\/\\\/beneggiassociati.com\\\/en\\\/\",\"name\":\"Beneggi e associati\",\"description\":\"\",\"publisher\":{\"@id\":\"https:\\\/\\\/beneggiassociati.com\\\/en\\\/#organization\"},\"potentialAction\":[{\"@type\":\"SearchAction\",\"target\":{\"@type\":\"EntryPoint\",\"urlTemplate\":\"https:\\\/\\\/beneggiassociati.com\\\/en\\\/?s={search_term_string}\"},\"query-input\":{\"@type\":\"PropertyValueSpecification\",\"valueRequired\":true,\"valueName\":\"search_term_string\"}}],\"inLanguage\":\"en-US\"},{\"@type\":\"Organization\",\"@id\":\"https:\\\/\\\/beneggiassociati.com\\\/en\\\/#organization\",\"name\":\"Beneggi e associati\",\"url\":\"https:\\\/\\\/beneggiassociati.com\\\/en\\\/\",\"logo\":{\"@type\":\"ImageObject\",\"inLanguage\":\"en-US\",\"@id\":\"https:\\\/\\\/beneggiassociati.com\\\/en\\\/#\\\/schema\\\/logo\\\/image\\\/\",\"url\":\"https:\\\/\\\/beneggiassociati.com\\\/wp-content\\\/uploads\\\/2025\\\/07\\\/beneggi-logo.png\",\"contentUrl\":\"https:\\\/\\\/beneggiassociati.com\\\/wp-content\\\/uploads\\\/2025\\\/07\\\/beneggi-logo.png\",\"width\":141,\"height\":87,\"caption\":\"Beneggi e associati\"},\"image\":{\"@id\":\"https:\\\/\\\/beneggiassociati.com\\\/en\\\/#\\\/schema\\\/logo\\\/image\\\/\"}},{\"@type\":\"Person\",\"@id\":\"https:\\\/\\\/beneggiassociati.com\\\/en\\\/#\\\/schema\\\/person\\\/828daacfa37b359e89e981f920072004\",\"name\":\"Tiziano Beneggi\",\"url\":\"https:\\\/\\\/beneggiassociati.com\\\/en\\\/author\\\/tizianobeneggiassociati-com\\\/\"}]}<\/script>\n<!-- \/ Yoast SEO plugin. -->","yoast_head_json":{"title":"Brevetto unitario, scatta la riforma dei marchi - Beneggi &amp; Associati","description":"L\u2019Italia adotta la nuova normativa Ue sul brevetto europeo con effetto unitario.&nbsp; Attualmente gi\u00e0 esiste un brevetto europeo. L\u2019impresa interessata","robots":{"index":"index","follow":"follow","max-snippet":"max-snippet:-1","max-image-preview":"max-image-preview:large","max-video-preview":"max-video-preview:-1"},"canonical":"https:\/\/beneggiassociati.com\/en\/brevetto-unitario-scatta-la-riforma-dei-marchi\/","og_locale":"en_US","og_type":"article","og_title":"Brevetto unitario, scatta la riforma dei marchi - Beneggi &amp; Associati","og_description":"L\u2019Italia adotta la nuova normativa Ue sul brevetto europeo con effetto unitario.&nbsp; Attualmente gi\u00e0 esiste un brevetto europeo. L\u2019impresa interessata","og_url":"https:\/\/beneggiassociati.com\/en\/brevetto-unitario-scatta-la-riforma-dei-marchi\/","og_site_name":"Beneggi &amp; Associati","article_published_time":"2019-02-24T16:40:00+00:00","og_image":[{"width":1280,"height":823,"url":"https:\/\/beneggiassociati.com\/wp-content\/uploads\/2025\/07\/single-post-beneggi.jpg","type":"image\/jpeg"}],"author":"Tiziano Beneggi","twitter_card":"summary_large_image","twitter_misc":{"Written by":"Tiziano Beneggi","Est. reading time":"1 minute"},"schema":{"@context":"https:\/\/schema.org","@graph":[{"@type":"Article","@id":"https:\/\/beneggiassociati.com\/en\/brevetto-unitario-scatta-la-riforma-dei-marchi\/#article","isPartOf":{"@id":"https:\/\/beneggiassociati.com\/en\/brevetto-unitario-scatta-la-riforma-dei-marchi\/"},"author":{"name":"Tiziano Beneggi","@id":"https:\/\/beneggiassociati.com\/en\/#\/schema\/person\/828daacfa37b359e89e981f920072004"},"headline":"Brevetto unitario, scatta la riforma dei marchi","datePublished":"2019-02-24T16:40:00+00:00","mainEntityOfPage":{"@id":"https:\/\/beneggiassociati.com\/en\/brevetto-unitario-scatta-la-riforma-dei-marchi\/"},"wordCount":206,"commentCount":0,"publisher":{"@id":"https:\/\/beneggiassociati.com\/en\/#organization"},"image":{"@id":"https:\/\/beneggiassociati.com\/en\/brevetto-unitario-scatta-la-riforma-dei-marchi\/#primaryimage"},"thumbnailUrl":"https:\/\/beneggiassociati.com\/wp-content\/uploads\/2025\/07\/single-post-beneggi.jpg","articleSection":["ARCHIVIO"],"inLanguage":"en-US"},{"@type":"WebPage","@id":"https:\/\/beneggiassociati.com\/en\/brevetto-unitario-scatta-la-riforma-dei-marchi\/","url":"https:\/\/beneggiassociati.com\/en\/brevetto-unitario-scatta-la-riforma-dei-marchi\/","name":"Brevetto unitario, scatta la riforma dei marchi - Beneggi &amp; Associati","isPartOf":{"@id":"https:\/\/beneggiassociati.com\/en\/#website"},"primaryImageOfPage":{"@id":"https:\/\/beneggiassociati.com\/en\/brevetto-unitario-scatta-la-riforma-dei-marchi\/#primaryimage"},"image":{"@id":"https:\/\/beneggiassociati.com\/en\/brevetto-unitario-scatta-la-riforma-dei-marchi\/#primaryimage"},"thumbnailUrl":"https:\/\/beneggiassociati.com\/wp-content\/uploads\/2025\/07\/single-post-beneggi.jpg","datePublished":"2019-02-24T16:40:00+00:00","description":"L\u2019Italia adotta la nuova normativa Ue sul brevetto europeo con effetto unitario.&nbsp; Attualmente gi\u00e0 esiste un brevetto europeo. L\u2019impresa interessata","breadcrumb":{"@id":"https:\/\/beneggiassociati.com\/en\/brevetto-unitario-scatta-la-riforma-dei-marchi\/#breadcrumb"},"inLanguage":"en-US","potentialAction":[{"@type":"ReadAction","target":["https:\/\/beneggiassociati.com\/en\/brevetto-unitario-scatta-la-riforma-dei-marchi\/"]}]},{"@type":"ImageObject","inLanguage":"en-US","@id":"https:\/\/beneggiassociati.com\/en\/brevetto-unitario-scatta-la-riforma-dei-marchi\/#primaryimage","url":"https:\/\/beneggiassociati.com\/wp-content\/uploads\/2025\/07\/single-post-beneggi.jpg","contentUrl":"https:\/\/beneggiassociati.com\/wp-content\/uploads\/2025\/07\/single-post-beneggi.jpg","width":1280,"height":823},{"@type":"BreadcrumbList","@id":"https:\/\/beneggiassociati.com\/en\/brevetto-unitario-scatta-la-riforma-dei-marchi\/#breadcrumb","itemListElement":[{"@type":"ListItem","position":1,"name":"Home","item":"https:\/\/beneggiassociati.com\/en\/?page_id=24163"},{"@type":"ListItem","position":2,"name":"Brevetto unitario, scatta la riforma dei marchi"}]},{"@type":"WebSite","@id":"https:\/\/beneggiassociati.com\/en\/#website","url":"https:\/\/beneggiassociati.com\/en\/","name":"Beneggi e associati","description":"","publisher":{"@id":"https:\/\/beneggiassociati.com\/en\/#organization"},"potentialAction":[{"@type":"SearchAction","target":{"@type":"EntryPoint","urlTemplate":"https:\/\/beneggiassociati.com\/en\/?s={search_term_string}"},"query-input":{"@type":"PropertyValueSpecification","valueRequired":true,"valueName":"search_term_string"}}],"inLanguage":"en-US"},{"@type":"Organization","@id":"https:\/\/beneggiassociati.com\/en\/#organization","name":"Beneggi e associati","url":"https:\/\/beneggiassociati.com\/en\/","logo":{"@type":"ImageObject","inLanguage":"en-US","@id":"https:\/\/beneggiassociati.com\/en\/#\/schema\/logo\/image\/","url":"https:\/\/beneggiassociati.com\/wp-content\/uploads\/2025\/07\/beneggi-logo.png","contentUrl":"https:\/\/beneggiassociati.com\/wp-content\/uploads\/2025\/07\/beneggi-logo.png","width":141,"height":87,"caption":"Beneggi e associati"},"image":{"@id":"https:\/\/beneggiassociati.com\/en\/#\/schema\/logo\/image\/"}},{"@type":"Person","@id":"https:\/\/beneggiassociati.com\/en\/#\/schema\/person\/828daacfa37b359e89e981f920072004","name":"Tiziano Beneggi","url":"https:\/\/beneggiassociati.com\/en\/author\/tizianobeneggiassociati-com\/"}]}},"_links":{"self":[{"href":"https:\/\/beneggiassociati.com\/en\/wp-json\/wp\/v2\/posts\/16416","targetHints":{"allow":["GET"]}}],"collection":[{"href":"https:\/\/beneggiassociati.com\/en\/wp-json\/wp\/v2\/posts"}],"about":[{"href":"https:\/\/beneggiassociati.com\/en\/wp-json\/wp\/v2\/types\/post"}],"author":[{"embeddable":true,"href":"https:\/\/beneggiassociati.com\/en\/wp-json\/wp\/v2\/users\/4"}],"replies":[{"embeddable":true,"href":"https:\/\/beneggiassociati.com\/en\/wp-json\/wp\/v2\/comments?post=16416"}],"version-history":[{"count":0,"href":"https:\/\/beneggiassociati.com\/en\/wp-json\/wp\/v2\/posts\/16416\/revisions"}],"wp:featuredmedia":[{"embeddable":true,"href":"https:\/\/beneggiassociati.com\/en\/wp-json\/wp\/v2\/media\/409"}],"wp:attachment":[{"href":"https:\/\/beneggiassociati.com\/en\/wp-json\/wp\/v2\/media?parent=16416"}],"wp:term":[{"taxonomy":"category","embeddable":true,"href":"https:\/\/beneggiassociati.com\/en\/wp-json\/wp\/v2\/categories?post=16416"},{"taxonomy":"post_tag","embeddable":true,"href":"https:\/\/beneggiassociati.com\/en\/wp-json\/wp\/v2\/tags?post=16416"}],"curies":[{"name":"wp","href":"https:\/\/api.w.org\/{rel}","templated":true}]}}