{"id":16430,"date":"2019-03-08T15:25:00","date_gmt":"2019-03-08T14:25:00","guid":{"rendered":"https:\/\/dev.beneggiassociati.com\/2019\/03\/08\/nuovi-obblighi-per-prevenire-la-crisi-e-linsolvenza-istituzione-assetto-organizzativo-amministrativo-e-contabile-e-nomina-organo-di-controllo\/"},"modified":"2019-03-08T15:25:00","modified_gmt":"2019-03-08T14:25:00","slug":"nuovi-obblighi-per-prevenire-la-crisi-e-linsolvenza-istituzione-assetto-organizzativo-amministrativo-e-contabile-e-nomina-organo-di-controllo","status":"publish","type":"post","link":"https:\/\/beneggiassociati.com\/en\/nuovi-obblighi-per-prevenire-la-crisi-e-linsolvenza-istituzione-assetto-organizzativo-amministrativo-e-contabile-e-nomina-organo-di-controllo\/","title":{"rendered":"Nuovi obblighi per prevenire la crisi e l\u2019insolvenza, istituzione assetto organizzativo amministrativo e contabile e nomina organo di controllo"},"content":{"rendered":"\n<p>E\u2019 stato pubblicato in Gazzetta\nUfficiale il D.Lgs. n. 14\/2019 attuativo della Legge n. 155\/2017 del Testo\nUnico della crisi d\u2019impresa e dell\u2019insolvenza (CCII) che riforma la precedente\nLegge Fallimentare del 1942. Le finalit\u00e0 principale della riforma \u00e8 quella di rilevare\ntempestivamente lo stato di crisi delle imprese prima che arrivi lo stadio\ndi \u201cinsolvenza irreversibile\u201d nella prospettiva del risanamento e comunque del\npi\u00f9 elevato soddisfacimento dei creditori (Sistema di allerta).<\/p>\n\n\n<p>Il sistema di allerta \u00e8\nrafforzato dall\u2019obbligo della nomina dal 16\/03\/2019 dell\u2019organo di controllo\n(Collegio Sindacale \u2013 Sindaco Unico \u2013 Revisore contabile) per le SRL che\nsuperino per due anni consecutivi uno dei seguenti parametri:<\/p>\n\n\n<ul class=\"wp-block-list\"><li>Ricavi \u20ac 2.000.000<\/li><li>Attivo patrimoniale \u20ac 2.000.000<\/li><li>Dipendenti 10 <\/li><\/ul>\n\n\n<p>In considerazione che tale\nobbligo sorge solo se nello statuto \u00e8 gi\u00e0 previsto la possibilit\u00e0 di nomina\ndell\u2019organo di controllo possono verificarsi i seguenti casi:<\/p>\n\n\n<ul class=\"wp-block-list\"><li>SRL con statuto gi\u00e0 adeguato &#8211; con la prima assemblea\ndi approvazione del bilancio di data posteriore al 16\/03\/2019 (normalmente con\nl\u2019approvazione del bilancio al 31\/12\/2018) &nbsp;&nbsp;&nbsp;<\/li><li>SRL con statuto da adeguare \u2013 obbligo di\nadeguare lo statuto entro 9 mesi dal 16\/03\/2019, quindi entro il 16\/12\/19, e di\nprovvedere entro i successivi 30 giorni.<\/li><\/ul>\n\n\n<p>Il sistema di allerta \u00e8 altres\u00ec\ncompletato con l\u2019istituzione degli OCRI (Organismo di Composizione Crisi\nImprese) da costituiti presso la CCIAA ai quali le situazioni di crisi dovranno\nessere segnalate sia dagli organi sociali (amministratori e \u2019organo di\ncontrollo interno) sia dai creditori qualificati (Agenzia delle Entrate \u2013 INPS\n\u2013 Agenzie delle riscossioni). La mancata tempestivit\u00e0 della rilevazione della\ncrisi e richiesta di assistenza all\u2019OCRI, comporter\u00e0 il ricorso alle normali\nprocedure concorsuali che normalmente portano all\u2019estinzione dell\u2019impresa ed\nalla responsabilit\u00e0 solidale degli amministratori e dell\u2019organo di controllo\nsia verso i soci della societ\u00e0 sia verso i creditori sociali.<\/p>\n\n\n<p>A regime l\u2019intero impianto del\nsistema di allerta entrer\u00e0 in vigore il 14\/08\/2020 (18 mesi dalla\npubblicazione sulla G.U. del D.Lgs. 14\/2019) con l\u2019effettiva istituzione degli\nOCRI e con la determinazione degli indici quantitativi di rilevazione della\ncrisi che dovranno essere determinati dal CNDCEC e approvati dal MISE. <\/p>\n\n\n<p>Alcuni obblighi sorgono per\u00f2 dal 16\/03\/2019\n(30 giorni dalla pubblicazione sulla G.U. del D.Lgs. 14\/2019):<\/p>\n\n\n<ul class=\"wp-block-list\"><li>Art. 375 &#8211; assetti organizzativi impresa<\/li><li>Art. 377 &#8211; assetti organizzativi societari<\/li><li>Art. 378 &#8211; responsabilit\u00e0 degli amministratori<\/li><li>Art. 379 &#8211; nomina organo di controllo<\/li><li>Assetti organizzativi &#8211; Responsabilit\u00e0 degli\namministratori (Artt. 375 \u2013 377 \u2013 378) <\/li><\/ul>\n\n\n<p>La combinazione delle\nsignificative novit\u00e0 normative impone l\u2019adozione di sistemi organizzativi\norientati non pi\u00f9 a fornire soli dati storici, la cui analisi serve solo a\nconstatare o meno lo stato di crisi dell\u2019impresa, ma anche fornire fondati dati\nprospettici che la possano prevenire. L\u2019impresa pertanto non pu\u00f2 pi\u00f9 essere\ngestita sulle mere capacit\u00e0 e sensibilit\u00e0 dell\u2019imprenditore ma dovr\u00e0\nobbligatoriamente dotarsi di un adeguato assetto organizzativo amministrativo e\ncontabile, ovvero predisporre e utilizzare i seguenti strumenti e\/o procedure:<\/p>\n\n\n<ul class=\"wp-block-list\"><li>budget e\/o business plan<\/li><li>sistema di Pianificazione e Controllo di\nGestione (P&amp;C) orientato, oltre al controllo economico patrimoniale, anche\nal controllo finanziario<\/li><li>monitoraggio dell\u2019andamentale finanziario\n(Centrale Rischi)<\/li><\/ul>\n\n\n<p>La gestione degli strumenti atti\na adeguare gli assetti organizzativi sopracitati e degli eventuali strumenti correlati\n(tesoreria, analisi margini di contribuzione, analisi scostamenti, etc.)\nnecessita di figure specializzate e il ricorso a nuova managerialit\u00e0 e\nall\u2019assunzione del relativo costo fisso e vincolo contrattuale. Per molte imprese\nsarebbe pertanto molto pi\u00f9 economico e funzionale il ricorso a specialisti\nesterni; personalmente ho elaborato degli strumenti per gestire e monitorare\nquanto in causa con la massima efficienza e con costi notevolmente inferiori a\nquelli di una risorsa interna.<\/p>\n\n\n<p><a href=\"mailto:info@beneggiassociati.com\" target=\"_blank\" rel=\"noreferrer noopener\">Sei interessato\nall\u2019articolo? Scrivici e verrai contattato da un nostro Consultant<\/a><\/p>\n\n\n<p><a href=\"https:\/\/beneggiassociati.com\/\" target=\"_blank\" rel=\"noreferrer noopener\">@ Beneggi e Associati | Commercialisti al servizio delle\nimprese | Meda | Milano<\/a><\/p>\n","protected":false},"excerpt":{"rendered":"<p>E\u2019 stato pubblicato in Gazzetta Ufficiale il D.Lgs. n. 14\/2019 attuativo della Legge n. 155\/2017 del Testo Unico della crisi d\u2019impresa e dell\u2019insolvenza (CCII) che riforma la precedente Legge Fallimentare del 1942. Le finalit\u00e0 principale della riforma \u00e8 quella di rilevare tempestivamente lo stato di crisi delle imprese prima che arrivi lo stadio di \u201cinsolvenza [&hellip;]<\/p>\n","protected":false},"author":4,"featured_media":409,"comment_status":"open","ping_status":"open","sticky":false,"template":"","format":"standard","meta":{"_acf_changed":false,"content-type":"","footnotes":""},"categories":[16],"tags":[],"class_list":["post-16430","post","type-post","status-publish","format-standard","has-post-thumbnail","hentry","category-archivio"],"acf":[],"yoast_head":"<!-- This site is optimized with the Yoast SEO plugin v27.4 - https:\/\/yoast.com\/product\/yoast-seo-wordpress\/ -->\n<title>Nuovi obblighi per prevenire la crisi e l\u2019insolvenza, istituzione assetto organizzativo amministrativo e contabile e nomina organo di controllo - Beneggi &amp; Associati<\/title>\n<meta name=\"description\" content=\"E\u2019 stato pubblicato in Gazzetta Ufficiale il D.Lgs. n. 14\/2019 attuativo della Legge n. 155\/2017 del Testo Unico della crisi d\u2019impresa e dell\u2019insolvenza\" \/>\n<meta name=\"robots\" content=\"index, follow, max-snippet:-1, max-image-preview:large, max-video-preview:-1\" \/>\n<link rel=\"canonical\" href=\"https:\/\/beneggiassociati.com\/en\/nuovi-obblighi-per-prevenire-la-crisi-e-linsolvenza-istituzione-assetto-organizzativo-amministrativo-e-contabile-e-nomina-organo-di-controllo\/\" \/>\n<meta property=\"og:locale\" content=\"en_US\" \/>\n<meta property=\"og:type\" content=\"article\" \/>\n<meta property=\"og:title\" content=\"Nuovi obblighi per prevenire la crisi e l\u2019insolvenza, istituzione assetto organizzativo amministrativo e contabile e nomina organo di controllo - Beneggi &amp; Associati\" \/>\n<meta property=\"og:description\" content=\"E\u2019 stato pubblicato in Gazzetta Ufficiale il D.Lgs. n. 14\/2019 attuativo della Legge n. 155\/2017 del Testo Unico della crisi d\u2019impresa e dell\u2019insolvenza\" \/>\n<meta property=\"og:url\" content=\"https:\/\/beneggiassociati.com\/en\/nuovi-obblighi-per-prevenire-la-crisi-e-linsolvenza-istituzione-assetto-organizzativo-amministrativo-e-contabile-e-nomina-organo-di-controllo\/\" \/>\n<meta property=\"og:site_name\" content=\"Beneggi &amp; Associati\" \/>\n<meta property=\"article:published_time\" content=\"2019-03-08T14:25:00+00:00\" \/>\n<meta property=\"og:image\" content=\"https:\/\/beneggiassociati.com\/wp-content\/uploads\/2025\/07\/single-post-beneggi.jpg\" \/>\n\t<meta property=\"og:image:width\" content=\"1280\" \/>\n\t<meta property=\"og:image:height\" content=\"823\" \/>\n\t<meta property=\"og:image:type\" content=\"image\/jpeg\" \/>\n<meta name=\"author\" content=\"Tiziano Beneggi\" \/>\n<meta name=\"twitter:card\" content=\"summary_large_image\" \/>\n<meta name=\"twitter:label1\" content=\"Written by\" \/>\n\t<meta name=\"twitter:data1\" content=\"Tiziano Beneggi\" \/>\n\t<meta name=\"twitter:label2\" content=\"Est. reading time\" \/>\n\t<meta name=\"twitter:data2\" content=\"3 minutes\" \/>\n<script type=\"application\/ld+json\" class=\"yoast-schema-graph\">{\"@context\":\"https:\\\/\\\/schema.org\",\"@graph\":[{\"@type\":\"Article\",\"@id\":\"https:\\\/\\\/beneggiassociati.com\\\/en\\\/nuovi-obblighi-per-prevenire-la-crisi-e-linsolvenza-istituzione-assetto-organizzativo-amministrativo-e-contabile-e-nomina-organo-di-controllo\\\/#article\",\"isPartOf\":{\"@id\":\"https:\\\/\\\/beneggiassociati.com\\\/en\\\/nuovi-obblighi-per-prevenire-la-crisi-e-linsolvenza-istituzione-assetto-organizzativo-amministrativo-e-contabile-e-nomina-organo-di-controllo\\\/\"},\"author\":{\"name\":\"Tiziano Beneggi\",\"@id\":\"https:\\\/\\\/beneggiassociati.com\\\/en\\\/#\\\/schema\\\/person\\\/828daacfa37b359e89e981f920072004\"},\"headline\":\"Nuovi obblighi per prevenire la crisi e l\u2019insolvenza, istituzione assetto organizzativo amministrativo e contabile e nomina organo di controllo\",\"datePublished\":\"2019-03-08T14:25:00+00:00\",\"mainEntityOfPage\":{\"@id\":\"https:\\\/\\\/beneggiassociati.com\\\/en\\\/nuovi-obblighi-per-prevenire-la-crisi-e-linsolvenza-istituzione-assetto-organizzativo-amministrativo-e-contabile-e-nomina-organo-di-controllo\\\/\"},\"wordCount\":615,\"commentCount\":0,\"publisher\":{\"@id\":\"https:\\\/\\\/beneggiassociati.com\\\/en\\\/#organization\"},\"image\":{\"@id\":\"https:\\\/\\\/beneggiassociati.com\\\/en\\\/nuovi-obblighi-per-prevenire-la-crisi-e-linsolvenza-istituzione-assetto-organizzativo-amministrativo-e-contabile-e-nomina-organo-di-controllo\\\/#primaryimage\"},\"thumbnailUrl\":\"https:\\\/\\\/beneggiassociati.com\\\/wp-content\\\/uploads\\\/2025\\\/07\\\/single-post-beneggi.jpg\",\"articleSection\":[\"ARCHIVIO\"],\"inLanguage\":\"en-US\"},{\"@type\":\"WebPage\",\"@id\":\"https:\\\/\\\/beneggiassociati.com\\\/en\\\/nuovi-obblighi-per-prevenire-la-crisi-e-linsolvenza-istituzione-assetto-organizzativo-amministrativo-e-contabile-e-nomina-organo-di-controllo\\\/\",\"url\":\"https:\\\/\\\/beneggiassociati.com\\\/en\\\/nuovi-obblighi-per-prevenire-la-crisi-e-linsolvenza-istituzione-assetto-organizzativo-amministrativo-e-contabile-e-nomina-organo-di-controllo\\\/\",\"name\":\"Nuovi obblighi per prevenire la crisi e l\u2019insolvenza, istituzione assetto organizzativo amministrativo e contabile e nomina organo di controllo - Beneggi &amp; Associati\",\"isPartOf\":{\"@id\":\"https:\\\/\\\/beneggiassociati.com\\\/en\\\/#website\"},\"primaryImageOfPage\":{\"@id\":\"https:\\\/\\\/beneggiassociati.com\\\/en\\\/nuovi-obblighi-per-prevenire-la-crisi-e-linsolvenza-istituzione-assetto-organizzativo-amministrativo-e-contabile-e-nomina-organo-di-controllo\\\/#primaryimage\"},\"image\":{\"@id\":\"https:\\\/\\\/beneggiassociati.com\\\/en\\\/nuovi-obblighi-per-prevenire-la-crisi-e-linsolvenza-istituzione-assetto-organizzativo-amministrativo-e-contabile-e-nomina-organo-di-controllo\\\/#primaryimage\"},\"thumbnailUrl\":\"https:\\\/\\\/beneggiassociati.com\\\/wp-content\\\/uploads\\\/2025\\\/07\\\/single-post-beneggi.jpg\",\"datePublished\":\"2019-03-08T14:25:00+00:00\",\"description\":\"E\u2019 stato pubblicato in Gazzetta Ufficiale il D.Lgs. n. 14\\\/2019 attuativo della Legge n. 155\\\/2017 del Testo Unico della crisi d\u2019impresa e dell\u2019insolvenza\",\"breadcrumb\":{\"@id\":\"https:\\\/\\\/beneggiassociati.com\\\/en\\\/nuovi-obblighi-per-prevenire-la-crisi-e-linsolvenza-istituzione-assetto-organizzativo-amministrativo-e-contabile-e-nomina-organo-di-controllo\\\/#breadcrumb\"},\"inLanguage\":\"en-US\",\"potentialAction\":[{\"@type\":\"ReadAction\",\"target\":[\"https:\\\/\\\/beneggiassociati.com\\\/en\\\/nuovi-obblighi-per-prevenire-la-crisi-e-linsolvenza-istituzione-assetto-organizzativo-amministrativo-e-contabile-e-nomina-organo-di-controllo\\\/\"]}]},{\"@type\":\"ImageObject\",\"inLanguage\":\"en-US\",\"@id\":\"https:\\\/\\\/beneggiassociati.com\\\/en\\\/nuovi-obblighi-per-prevenire-la-crisi-e-linsolvenza-istituzione-assetto-organizzativo-amministrativo-e-contabile-e-nomina-organo-di-controllo\\\/#primaryimage\",\"url\":\"https:\\\/\\\/beneggiassociati.com\\\/wp-content\\\/uploads\\\/2025\\\/07\\\/single-post-beneggi.jpg\",\"contentUrl\":\"https:\\\/\\\/beneggiassociati.com\\\/wp-content\\\/uploads\\\/2025\\\/07\\\/single-post-beneggi.jpg\",\"width\":1280,\"height\":823},{\"@type\":\"BreadcrumbList\",\"@id\":\"https:\\\/\\\/beneggiassociati.com\\\/en\\\/nuovi-obblighi-per-prevenire-la-crisi-e-linsolvenza-istituzione-assetto-organizzativo-amministrativo-e-contabile-e-nomina-organo-di-controllo\\\/#breadcrumb\",\"itemListElement\":[{\"@type\":\"ListItem\",\"position\":1,\"name\":\"Home\",\"item\":\"https:\\\/\\\/beneggiassociati.com\\\/en\\\/?page_id=24163\"},{\"@type\":\"ListItem\",\"position\":2,\"name\":\"Nuovi obblighi per prevenire la crisi e l\u2019insolvenza, istituzione assetto organizzativo amministrativo e contabile e nomina organo di controllo\"}]},{\"@type\":\"WebSite\",\"@id\":\"https:\\\/\\\/beneggiassociati.com\\\/en\\\/#website\",\"url\":\"https:\\\/\\\/beneggiassociati.com\\\/en\\\/\",\"name\":\"Beneggi e associati\",\"description\":\"\",\"publisher\":{\"@id\":\"https:\\\/\\\/beneggiassociati.com\\\/en\\\/#organization\"},\"potentialAction\":[{\"@type\":\"SearchAction\",\"target\":{\"@type\":\"EntryPoint\",\"urlTemplate\":\"https:\\\/\\\/beneggiassociati.com\\\/en\\\/?s={search_term_string}\"},\"query-input\":{\"@type\":\"PropertyValueSpecification\",\"valueRequired\":true,\"valueName\":\"search_term_string\"}}],\"inLanguage\":\"en-US\"},{\"@type\":\"Organization\",\"@id\":\"https:\\\/\\\/beneggiassociati.com\\\/en\\\/#organization\",\"name\":\"Beneggi e associati\",\"url\":\"https:\\\/\\\/beneggiassociati.com\\\/en\\\/\",\"logo\":{\"@type\":\"ImageObject\",\"inLanguage\":\"en-US\",\"@id\":\"https:\\\/\\\/beneggiassociati.com\\\/en\\\/#\\\/schema\\\/logo\\\/image\\\/\",\"url\":\"https:\\\/\\\/beneggiassociati.com\\\/wp-content\\\/uploads\\\/2025\\\/07\\\/beneggi-logo.png\",\"contentUrl\":\"https:\\\/\\\/beneggiassociati.com\\\/wp-content\\\/uploads\\\/2025\\\/07\\\/beneggi-logo.png\",\"width\":141,\"height\":87,\"caption\":\"Beneggi e associati\"},\"image\":{\"@id\":\"https:\\\/\\\/beneggiassociati.com\\\/en\\\/#\\\/schema\\\/logo\\\/image\\\/\"}},{\"@type\":\"Person\",\"@id\":\"https:\\\/\\\/beneggiassociati.com\\\/en\\\/#\\\/schema\\\/person\\\/828daacfa37b359e89e981f920072004\",\"name\":\"Tiziano Beneggi\",\"url\":\"https:\\\/\\\/beneggiassociati.com\\\/en\\\/author\\\/tizianobeneggiassociati-com\\\/\"}]}<\/script>\n<!-- \/ Yoast SEO plugin. -->","yoast_head_json":{"title":"Nuovi obblighi per prevenire la crisi e l\u2019insolvenza, istituzione assetto organizzativo amministrativo e contabile e nomina organo di controllo - Beneggi &amp; Associati","description":"E\u2019 stato pubblicato in Gazzetta Ufficiale il D.Lgs. n. 14\/2019 attuativo della Legge n. 155\/2017 del Testo Unico della crisi d\u2019impresa e dell\u2019insolvenza","robots":{"index":"index","follow":"follow","max-snippet":"max-snippet:-1","max-image-preview":"max-image-preview:large","max-video-preview":"max-video-preview:-1"},"canonical":"https:\/\/beneggiassociati.com\/en\/nuovi-obblighi-per-prevenire-la-crisi-e-linsolvenza-istituzione-assetto-organizzativo-amministrativo-e-contabile-e-nomina-organo-di-controllo\/","og_locale":"en_US","og_type":"article","og_title":"Nuovi obblighi per prevenire la crisi e l\u2019insolvenza, istituzione assetto organizzativo amministrativo e contabile e nomina organo di controllo - Beneggi &amp; Associati","og_description":"E\u2019 stato pubblicato in Gazzetta Ufficiale il D.Lgs. n. 14\/2019 attuativo della Legge n. 155\/2017 del Testo Unico della crisi d\u2019impresa e dell\u2019insolvenza","og_url":"https:\/\/beneggiassociati.com\/en\/nuovi-obblighi-per-prevenire-la-crisi-e-linsolvenza-istituzione-assetto-organizzativo-amministrativo-e-contabile-e-nomina-organo-di-controllo\/","og_site_name":"Beneggi &amp; Associati","article_published_time":"2019-03-08T14:25:00+00:00","og_image":[{"width":1280,"height":823,"url":"https:\/\/beneggiassociati.com\/wp-content\/uploads\/2025\/07\/single-post-beneggi.jpg","type":"image\/jpeg"}],"author":"Tiziano Beneggi","twitter_card":"summary_large_image","twitter_misc":{"Written by":"Tiziano Beneggi","Est. reading time":"3 minutes"},"schema":{"@context":"https:\/\/schema.org","@graph":[{"@type":"Article","@id":"https:\/\/beneggiassociati.com\/en\/nuovi-obblighi-per-prevenire-la-crisi-e-linsolvenza-istituzione-assetto-organizzativo-amministrativo-e-contabile-e-nomina-organo-di-controllo\/#article","isPartOf":{"@id":"https:\/\/beneggiassociati.com\/en\/nuovi-obblighi-per-prevenire-la-crisi-e-linsolvenza-istituzione-assetto-organizzativo-amministrativo-e-contabile-e-nomina-organo-di-controllo\/"},"author":{"name":"Tiziano Beneggi","@id":"https:\/\/beneggiassociati.com\/en\/#\/schema\/person\/828daacfa37b359e89e981f920072004"},"headline":"Nuovi obblighi per prevenire la crisi e l\u2019insolvenza, istituzione assetto organizzativo amministrativo e contabile e nomina organo di controllo","datePublished":"2019-03-08T14:25:00+00:00","mainEntityOfPage":{"@id":"https:\/\/beneggiassociati.com\/en\/nuovi-obblighi-per-prevenire-la-crisi-e-linsolvenza-istituzione-assetto-organizzativo-amministrativo-e-contabile-e-nomina-organo-di-controllo\/"},"wordCount":615,"commentCount":0,"publisher":{"@id":"https:\/\/beneggiassociati.com\/en\/#organization"},"image":{"@id":"https:\/\/beneggiassociati.com\/en\/nuovi-obblighi-per-prevenire-la-crisi-e-linsolvenza-istituzione-assetto-organizzativo-amministrativo-e-contabile-e-nomina-organo-di-controllo\/#primaryimage"},"thumbnailUrl":"https:\/\/beneggiassociati.com\/wp-content\/uploads\/2025\/07\/single-post-beneggi.jpg","articleSection":["ARCHIVIO"],"inLanguage":"en-US"},{"@type":"WebPage","@id":"https:\/\/beneggiassociati.com\/en\/nuovi-obblighi-per-prevenire-la-crisi-e-linsolvenza-istituzione-assetto-organizzativo-amministrativo-e-contabile-e-nomina-organo-di-controllo\/","url":"https:\/\/beneggiassociati.com\/en\/nuovi-obblighi-per-prevenire-la-crisi-e-linsolvenza-istituzione-assetto-organizzativo-amministrativo-e-contabile-e-nomina-organo-di-controllo\/","name":"Nuovi obblighi per prevenire la crisi e l\u2019insolvenza, istituzione assetto organizzativo amministrativo e contabile e nomina organo di controllo - Beneggi &amp; Associati","isPartOf":{"@id":"https:\/\/beneggiassociati.com\/en\/#website"},"primaryImageOfPage":{"@id":"https:\/\/beneggiassociati.com\/en\/nuovi-obblighi-per-prevenire-la-crisi-e-linsolvenza-istituzione-assetto-organizzativo-amministrativo-e-contabile-e-nomina-organo-di-controllo\/#primaryimage"},"image":{"@id":"https:\/\/beneggiassociati.com\/en\/nuovi-obblighi-per-prevenire-la-crisi-e-linsolvenza-istituzione-assetto-organizzativo-amministrativo-e-contabile-e-nomina-organo-di-controllo\/#primaryimage"},"thumbnailUrl":"https:\/\/beneggiassociati.com\/wp-content\/uploads\/2025\/07\/single-post-beneggi.jpg","datePublished":"2019-03-08T14:25:00+00:00","description":"E\u2019 stato pubblicato in Gazzetta Ufficiale il D.Lgs. n. 14\/2019 attuativo della Legge n. 155\/2017 del Testo Unico della crisi d\u2019impresa e dell\u2019insolvenza","breadcrumb":{"@id":"https:\/\/beneggiassociati.com\/en\/nuovi-obblighi-per-prevenire-la-crisi-e-linsolvenza-istituzione-assetto-organizzativo-amministrativo-e-contabile-e-nomina-organo-di-controllo\/#breadcrumb"},"inLanguage":"en-US","potentialAction":[{"@type":"ReadAction","target":["https:\/\/beneggiassociati.com\/en\/nuovi-obblighi-per-prevenire-la-crisi-e-linsolvenza-istituzione-assetto-organizzativo-amministrativo-e-contabile-e-nomina-organo-di-controllo\/"]}]},{"@type":"ImageObject","inLanguage":"en-US","@id":"https:\/\/beneggiassociati.com\/en\/nuovi-obblighi-per-prevenire-la-crisi-e-linsolvenza-istituzione-assetto-organizzativo-amministrativo-e-contabile-e-nomina-organo-di-controllo\/#primaryimage","url":"https:\/\/beneggiassociati.com\/wp-content\/uploads\/2025\/07\/single-post-beneggi.jpg","contentUrl":"https:\/\/beneggiassociati.com\/wp-content\/uploads\/2025\/07\/single-post-beneggi.jpg","width":1280,"height":823},{"@type":"BreadcrumbList","@id":"https:\/\/beneggiassociati.com\/en\/nuovi-obblighi-per-prevenire-la-crisi-e-linsolvenza-istituzione-assetto-organizzativo-amministrativo-e-contabile-e-nomina-organo-di-controllo\/#breadcrumb","itemListElement":[{"@type":"ListItem","position":1,"name":"Home","item":"https:\/\/beneggiassociati.com\/en\/?page_id=24163"},{"@type":"ListItem","position":2,"name":"Nuovi obblighi per prevenire la crisi e l\u2019insolvenza, istituzione assetto organizzativo amministrativo e contabile e nomina organo di controllo"}]},{"@type":"WebSite","@id":"https:\/\/beneggiassociati.com\/en\/#website","url":"https:\/\/beneggiassociati.com\/en\/","name":"Beneggi e associati","description":"","publisher":{"@id":"https:\/\/beneggiassociati.com\/en\/#organization"},"potentialAction":[{"@type":"SearchAction","target":{"@type":"EntryPoint","urlTemplate":"https:\/\/beneggiassociati.com\/en\/?s={search_term_string}"},"query-input":{"@type":"PropertyValueSpecification","valueRequired":true,"valueName":"search_term_string"}}],"inLanguage":"en-US"},{"@type":"Organization","@id":"https:\/\/beneggiassociati.com\/en\/#organization","name":"Beneggi e associati","url":"https:\/\/beneggiassociati.com\/en\/","logo":{"@type":"ImageObject","inLanguage":"en-US","@id":"https:\/\/beneggiassociati.com\/en\/#\/schema\/logo\/image\/","url":"https:\/\/beneggiassociati.com\/wp-content\/uploads\/2025\/07\/beneggi-logo.png","contentUrl":"https:\/\/beneggiassociati.com\/wp-content\/uploads\/2025\/07\/beneggi-logo.png","width":141,"height":87,"caption":"Beneggi e associati"},"image":{"@id":"https:\/\/beneggiassociati.com\/en\/#\/schema\/logo\/image\/"}},{"@type":"Person","@id":"https:\/\/beneggiassociati.com\/en\/#\/schema\/person\/828daacfa37b359e89e981f920072004","name":"Tiziano Beneggi","url":"https:\/\/beneggiassociati.com\/en\/author\/tizianobeneggiassociati-com\/"}]}},"_links":{"self":[{"href":"https:\/\/beneggiassociati.com\/en\/wp-json\/wp\/v2\/posts\/16430","targetHints":{"allow":["GET"]}}],"collection":[{"href":"https:\/\/beneggiassociati.com\/en\/wp-json\/wp\/v2\/posts"}],"about":[{"href":"https:\/\/beneggiassociati.com\/en\/wp-json\/wp\/v2\/types\/post"}],"author":[{"embeddable":true,"href":"https:\/\/beneggiassociati.com\/en\/wp-json\/wp\/v2\/users\/4"}],"replies":[{"embeddable":true,"href":"https:\/\/beneggiassociati.com\/en\/wp-json\/wp\/v2\/comments?post=16430"}],"version-history":[{"count":0,"href":"https:\/\/beneggiassociati.com\/en\/wp-json\/wp\/v2\/posts\/16430\/revisions"}],"wp:featuredmedia":[{"embeddable":true,"href":"https:\/\/beneggiassociati.com\/en\/wp-json\/wp\/v2\/media\/409"}],"wp:attachment":[{"href":"https:\/\/beneggiassociati.com\/en\/wp-json\/wp\/v2\/media?parent=16430"}],"wp:term":[{"taxonomy":"category","embeddable":true,"href":"https:\/\/beneggiassociati.com\/en\/wp-json\/wp\/v2\/categories?post=16430"},{"taxonomy":"post_tag","embeddable":true,"href":"https:\/\/beneggiassociati.com\/en\/wp-json\/wp\/v2\/tags?post=16430"}],"curies":[{"name":"wp","href":"https:\/\/api.w.org\/{rel}","templated":true}]}}