{"id":16433,"date":"2019-03-10T08:09:00","date_gmt":"2019-03-10T07:09:00","guid":{"rendered":"https:\/\/dev.beneggiassociati.com\/2019\/03\/10\/licenziamento-esteso-ai-fatti-extra-lavoro\/"},"modified":"2019-03-10T08:09:00","modified_gmt":"2019-03-10T07:09:00","slug":"licenziamento-esteso-ai-fatti-extra-lavoro","status":"publish","type":"post","link":"https:\/\/beneggiassociati.com\/en\/licenziamento-esteso-ai-fatti-extra-lavoro\/","title":{"rendered":"Licenziamento esteso ai fatti extra-lavoro"},"content":{"rendered":"\n<p>Le condotte estranee all\u2019attivit\u00e0 lavorativa che il lavoratore ha tenuto persino prima dell\u2019assunzione possono essere tali da giustificare il licenziamento per giusta causa.&nbsp;<\/p>\n\n\n<p>La Corte ha ritenuto che una condotta gravemente lesiva delle norme dell\u2019etica e del vivere civile possa costituire giusta causa di licenziamento, anche se il riflesso sul rapporto di lavoro \u00e8 solo potenziale.<\/p>\n\n\n<p>Da sempre la giusta causa di licenziamento si verifica quando \u00e8 irrimediabilmente leso il vincolo fiduciario che \u00e8 alla base del rapporto di lavoro. La fiducia \u00e8 quindi condizione per la permanenza del rapporto e pu\u00f2 essere compromessa non solo da specifici inadempimenti contrattuali, ma anche da condotte extralavorative che, non riguardanti direttamente l\u2019esecuzione della prestazione, possano comunque ledere il vincolo fiduciario, qualora abbiano un riflesso sulla funzionalit\u00e0 del rapporto e compromettano le aspettative di un futuro puntuale adempimento dell\u2019obbligazione lavorativa.<\/p>\n\n\n<p>Sulla base di questo ragionamento a maggior ragione ha rilevanza la condotta tenuta dal lavoratore in un precedente rapporto, tanto pi\u00f9 se omogeneo a quello in cui il fatto viene in considerazione. In questo caso, pu\u00f2 essere riconosciuta una giusta causa di licenziamento, poich\u00e9 essa non si riferisce solo alla condotta disciplinare, ma anche a quella che, estranea al rapporto lavorativo, si riveli incompatibile con il permanere di quel vincolo fiduciario sul quale lo stesso si fonda.&nbsp;<\/p>\n\n\n<p><br \/>Le condotte extralavorative che possono essere rilevanti ai fini dell\u2019integrazione della giusta causa di licenziamento riguardano tutti gli ambiti nei quali si esplica la personalit\u00e0 del lavoratore e non devono essere necessariamente successive all\u2019instaurazione del rapporto, sempre che si tratti di comportamenti appresi dal datore dopo la conclusione del contratto e non compatibili con il grado di affidamento richiesto dalle mansioni assegnate.<\/p>\n\n\n<p>La condotta illecita extralavorativa pu\u00f2 avere rilievo disciplinare poich\u00e9 il lavoratore \u00e8 tenuto non solo a fornire la prestazione richiesta ma anche, quale obbligo accessorio, a non mettere in atto, fuori dall\u2019ambito lavorativo, comportamenti tali da ledere gli interessi morali e materiali del datore di lavoro o compromettere il rapporto fiduciario con lo stesso.<\/p>\n\n\n<p><a href=\"mailto:info@beneggiassociati.com\" target=\"_blank\" rel=\"noreferrer noopener\">Sei interessato all\u2019articolo? Scrivici e verrai contattato da un nostro Consultant<\/a><\/p>\n\n\n<p><a href=\"https:\/\/beneggiassociati.com\/\" target=\"_blank\" rel=\"noreferrer noopener\">@ Beneggi e Associati | Commercialisti al servizio delle imprese | Meda | Milano<\/a><br \/><\/p>\n","protected":false},"excerpt":{"rendered":"<p>Le condotte estranee all\u2019attivit\u00e0 lavorativa che il lavoratore ha tenuto persino prima dell\u2019assunzione possono essere tali da giustificare il licenziamento per giusta causa.&nbsp; La Corte ha ritenuto che una condotta gravemente lesiva delle norme dell\u2019etica e del vivere civile possa costituire giusta causa di licenziamento, anche se il riflesso sul rapporto di lavoro \u00e8 solo [&hellip;]<\/p>\n","protected":false},"author":4,"featured_media":409,"comment_status":"open","ping_status":"open","sticky":false,"template":"","format":"standard","meta":{"_acf_changed":false,"content-type":"","footnotes":""},"categories":[16],"tags":[],"class_list":["post-16433","post","type-post","status-publish","format-standard","has-post-thumbnail","hentry","category-archivio"],"acf":[],"yoast_head":"<!-- This site is optimized with the Yoast SEO plugin v27.5 - https:\/\/yoast.com\/product\/yoast-seo-wordpress\/ -->\n<title>Licenziamento esteso ai fatti extra-lavoro - Beneggi &amp; Associati<\/title>\n<meta name=\"description\" content=\"Le condotte estranee all\u2019attivit\u00e0 lavorativa che il lavoratore ha tenuto persino prima dell\u2019assunzione possono essere tali da giustificare il\" \/>\n<meta name=\"robots\" content=\"index, follow, max-snippet:-1, max-image-preview:large, max-video-preview:-1\" \/>\n<link rel=\"canonical\" href=\"https:\/\/beneggiassociati.com\/en\/licenziamento-esteso-ai-fatti-extra-lavoro\/\" \/>\n<meta property=\"og:locale\" content=\"en_US\" \/>\n<meta property=\"og:type\" content=\"article\" \/>\n<meta property=\"og:title\" content=\"Licenziamento esteso ai fatti extra-lavoro - Beneggi &amp; Associati\" \/>\n<meta property=\"og:description\" content=\"Le condotte estranee all\u2019attivit\u00e0 lavorativa che il lavoratore ha tenuto persino prima dell\u2019assunzione possono essere tali da giustificare il\" \/>\n<meta property=\"og:url\" content=\"https:\/\/beneggiassociati.com\/en\/licenziamento-esteso-ai-fatti-extra-lavoro\/\" \/>\n<meta property=\"og:site_name\" content=\"Beneggi &amp; Associati\" \/>\n<meta property=\"article:published_time\" content=\"2019-03-10T07:09:00+00:00\" \/>\n<meta property=\"og:image\" content=\"https:\/\/beneggiassociati.com\/wp-content\/uploads\/2025\/07\/single-post-beneggi.jpg\" \/>\n\t<meta property=\"og:image:width\" content=\"1280\" \/>\n\t<meta property=\"og:image:height\" content=\"823\" \/>\n\t<meta property=\"og:image:type\" content=\"image\/jpeg\" \/>\n<meta name=\"author\" content=\"Tiziano Beneggi\" \/>\n<meta name=\"twitter:card\" content=\"summary_large_image\" \/>\n<meta name=\"twitter:label1\" content=\"Written by\" \/>\n\t<meta name=\"twitter:data1\" content=\"Tiziano Beneggi\" \/>\n\t<meta name=\"twitter:label2\" content=\"Est. reading time\" \/>\n\t<meta name=\"twitter:data2\" content=\"2 minutes\" \/>\n<script type=\"application\/ld+json\" class=\"yoast-schema-graph\">{\"@context\":\"https:\\\/\\\/schema.org\",\"@graph\":[{\"@type\":\"Article\",\"@id\":\"https:\\\/\\\/beneggiassociati.com\\\/en\\\/licenziamento-esteso-ai-fatti-extra-lavoro\\\/#article\",\"isPartOf\":{\"@id\":\"https:\\\/\\\/beneggiassociati.com\\\/en\\\/licenziamento-esteso-ai-fatti-extra-lavoro\\\/\"},\"author\":{\"name\":\"Tiziano Beneggi\",\"@id\":\"https:\\\/\\\/beneggiassociati.com\\\/en\\\/#\\\/schema\\\/person\\\/828daacfa37b359e89e981f920072004\"},\"headline\":\"Licenziamento esteso ai fatti extra-lavoro\",\"datePublished\":\"2019-03-10T07:09:00+00:00\",\"mainEntityOfPage\":{\"@id\":\"https:\\\/\\\/beneggiassociati.com\\\/en\\\/licenziamento-esteso-ai-fatti-extra-lavoro\\\/\"},\"wordCount\":362,\"commentCount\":0,\"publisher\":{\"@id\":\"https:\\\/\\\/beneggiassociati.com\\\/en\\\/#organization\"},\"image\":{\"@id\":\"https:\\\/\\\/beneggiassociati.com\\\/en\\\/licenziamento-esteso-ai-fatti-extra-lavoro\\\/#primaryimage\"},\"thumbnailUrl\":\"https:\\\/\\\/beneggiassociati.com\\\/wp-content\\\/uploads\\\/2025\\\/07\\\/single-post-beneggi.jpg\",\"articleSection\":[\"ARCHIVIO\"],\"inLanguage\":\"en-US\"},{\"@type\":\"WebPage\",\"@id\":\"https:\\\/\\\/beneggiassociati.com\\\/en\\\/licenziamento-esteso-ai-fatti-extra-lavoro\\\/\",\"url\":\"https:\\\/\\\/beneggiassociati.com\\\/en\\\/licenziamento-esteso-ai-fatti-extra-lavoro\\\/\",\"name\":\"Licenziamento esteso ai fatti extra-lavoro - Beneggi &amp; Associati\",\"isPartOf\":{\"@id\":\"https:\\\/\\\/beneggiassociati.com\\\/en\\\/#website\"},\"primaryImageOfPage\":{\"@id\":\"https:\\\/\\\/beneggiassociati.com\\\/en\\\/licenziamento-esteso-ai-fatti-extra-lavoro\\\/#primaryimage\"},\"image\":{\"@id\":\"https:\\\/\\\/beneggiassociati.com\\\/en\\\/licenziamento-esteso-ai-fatti-extra-lavoro\\\/#primaryimage\"},\"thumbnailUrl\":\"https:\\\/\\\/beneggiassociati.com\\\/wp-content\\\/uploads\\\/2025\\\/07\\\/single-post-beneggi.jpg\",\"datePublished\":\"2019-03-10T07:09:00+00:00\",\"description\":\"Le condotte estranee all\u2019attivit\u00e0 lavorativa che il lavoratore ha tenuto persino prima dell\u2019assunzione possono essere tali da giustificare il\",\"breadcrumb\":{\"@id\":\"https:\\\/\\\/beneggiassociati.com\\\/en\\\/licenziamento-esteso-ai-fatti-extra-lavoro\\\/#breadcrumb\"},\"inLanguage\":\"en-US\",\"potentialAction\":[{\"@type\":\"ReadAction\",\"target\":[\"https:\\\/\\\/beneggiassociati.com\\\/en\\\/licenziamento-esteso-ai-fatti-extra-lavoro\\\/\"]}]},{\"@type\":\"ImageObject\",\"inLanguage\":\"en-US\",\"@id\":\"https:\\\/\\\/beneggiassociati.com\\\/en\\\/licenziamento-esteso-ai-fatti-extra-lavoro\\\/#primaryimage\",\"url\":\"https:\\\/\\\/beneggiassociati.com\\\/wp-content\\\/uploads\\\/2025\\\/07\\\/single-post-beneggi.jpg\",\"contentUrl\":\"https:\\\/\\\/beneggiassociati.com\\\/wp-content\\\/uploads\\\/2025\\\/07\\\/single-post-beneggi.jpg\",\"width\":1280,\"height\":823},{\"@type\":\"BreadcrumbList\",\"@id\":\"https:\\\/\\\/beneggiassociati.com\\\/en\\\/licenziamento-esteso-ai-fatti-extra-lavoro\\\/#breadcrumb\",\"itemListElement\":[{\"@type\":\"ListItem\",\"position\":1,\"name\":\"Home\",\"item\":\"https:\\\/\\\/beneggiassociati.com\\\/en\\\/?page_id=24163\"},{\"@type\":\"ListItem\",\"position\":2,\"name\":\"Licenziamento esteso ai fatti extra-lavoro\"}]},{\"@type\":\"WebSite\",\"@id\":\"https:\\\/\\\/beneggiassociati.com\\\/en\\\/#website\",\"url\":\"https:\\\/\\\/beneggiassociati.com\\\/en\\\/\",\"name\":\"Beneggi e associati\",\"description\":\"\",\"publisher\":{\"@id\":\"https:\\\/\\\/beneggiassociati.com\\\/en\\\/#organization\"},\"potentialAction\":[{\"@type\":\"SearchAction\",\"target\":{\"@type\":\"EntryPoint\",\"urlTemplate\":\"https:\\\/\\\/beneggiassociati.com\\\/en\\\/?s={search_term_string}\"},\"query-input\":{\"@type\":\"PropertyValueSpecification\",\"valueRequired\":true,\"valueName\":\"search_term_string\"}}],\"inLanguage\":\"en-US\"},{\"@type\":\"Organization\",\"@id\":\"https:\\\/\\\/beneggiassociati.com\\\/en\\\/#organization\",\"name\":\"Beneggi e associati\",\"url\":\"https:\\\/\\\/beneggiassociati.com\\\/en\\\/\",\"logo\":{\"@type\":\"ImageObject\",\"inLanguage\":\"en-US\",\"@id\":\"https:\\\/\\\/beneggiassociati.com\\\/en\\\/#\\\/schema\\\/logo\\\/image\\\/\",\"url\":\"https:\\\/\\\/beneggiassociati.com\\\/wp-content\\\/uploads\\\/2025\\\/07\\\/beneggi-logo.png\",\"contentUrl\":\"https:\\\/\\\/beneggiassociati.com\\\/wp-content\\\/uploads\\\/2025\\\/07\\\/beneggi-logo.png\",\"width\":141,\"height\":87,\"caption\":\"Beneggi e associati\"},\"image\":{\"@id\":\"https:\\\/\\\/beneggiassociati.com\\\/en\\\/#\\\/schema\\\/logo\\\/image\\\/\"}},{\"@type\":\"Person\",\"@id\":\"https:\\\/\\\/beneggiassociati.com\\\/en\\\/#\\\/schema\\\/person\\\/828daacfa37b359e89e981f920072004\",\"name\":\"Tiziano Beneggi\",\"url\":\"https:\\\/\\\/beneggiassociati.com\\\/en\\\/author\\\/tizianobeneggiassociati-com\\\/\"}]}<\/script>\n<!-- \/ Yoast SEO plugin. -->","yoast_head_json":{"title":"Licenziamento esteso ai fatti extra-lavoro - Beneggi &amp; Associati","description":"Le condotte estranee all\u2019attivit\u00e0 lavorativa che il lavoratore ha tenuto persino prima dell\u2019assunzione possono essere tali da giustificare il","robots":{"index":"index","follow":"follow","max-snippet":"max-snippet:-1","max-image-preview":"max-image-preview:large","max-video-preview":"max-video-preview:-1"},"canonical":"https:\/\/beneggiassociati.com\/en\/licenziamento-esteso-ai-fatti-extra-lavoro\/","og_locale":"en_US","og_type":"article","og_title":"Licenziamento esteso ai fatti extra-lavoro - Beneggi &amp; Associati","og_description":"Le condotte estranee all\u2019attivit\u00e0 lavorativa che il lavoratore ha tenuto persino prima dell\u2019assunzione possono essere tali da giustificare il","og_url":"https:\/\/beneggiassociati.com\/en\/licenziamento-esteso-ai-fatti-extra-lavoro\/","og_site_name":"Beneggi &amp; Associati","article_published_time":"2019-03-10T07:09:00+00:00","og_image":[{"width":1280,"height":823,"url":"https:\/\/beneggiassociati.com\/wp-content\/uploads\/2025\/07\/single-post-beneggi.jpg","type":"image\/jpeg"}],"author":"Tiziano Beneggi","twitter_card":"summary_large_image","twitter_misc":{"Written by":"Tiziano Beneggi","Est. reading time":"2 minutes"},"schema":{"@context":"https:\/\/schema.org","@graph":[{"@type":"Article","@id":"https:\/\/beneggiassociati.com\/en\/licenziamento-esteso-ai-fatti-extra-lavoro\/#article","isPartOf":{"@id":"https:\/\/beneggiassociati.com\/en\/licenziamento-esteso-ai-fatti-extra-lavoro\/"},"author":{"name":"Tiziano Beneggi","@id":"https:\/\/beneggiassociati.com\/en\/#\/schema\/person\/828daacfa37b359e89e981f920072004"},"headline":"Licenziamento esteso ai fatti extra-lavoro","datePublished":"2019-03-10T07:09:00+00:00","mainEntityOfPage":{"@id":"https:\/\/beneggiassociati.com\/en\/licenziamento-esteso-ai-fatti-extra-lavoro\/"},"wordCount":362,"commentCount":0,"publisher":{"@id":"https:\/\/beneggiassociati.com\/en\/#organization"},"image":{"@id":"https:\/\/beneggiassociati.com\/en\/licenziamento-esteso-ai-fatti-extra-lavoro\/#primaryimage"},"thumbnailUrl":"https:\/\/beneggiassociati.com\/wp-content\/uploads\/2025\/07\/single-post-beneggi.jpg","articleSection":["ARCHIVIO"],"inLanguage":"en-US"},{"@type":"WebPage","@id":"https:\/\/beneggiassociati.com\/en\/licenziamento-esteso-ai-fatti-extra-lavoro\/","url":"https:\/\/beneggiassociati.com\/en\/licenziamento-esteso-ai-fatti-extra-lavoro\/","name":"Licenziamento esteso ai fatti extra-lavoro - Beneggi &amp; Associati","isPartOf":{"@id":"https:\/\/beneggiassociati.com\/en\/#website"},"primaryImageOfPage":{"@id":"https:\/\/beneggiassociati.com\/en\/licenziamento-esteso-ai-fatti-extra-lavoro\/#primaryimage"},"image":{"@id":"https:\/\/beneggiassociati.com\/en\/licenziamento-esteso-ai-fatti-extra-lavoro\/#primaryimage"},"thumbnailUrl":"https:\/\/beneggiassociati.com\/wp-content\/uploads\/2025\/07\/single-post-beneggi.jpg","datePublished":"2019-03-10T07:09:00+00:00","description":"Le condotte estranee all\u2019attivit\u00e0 lavorativa che il lavoratore ha tenuto persino prima dell\u2019assunzione possono essere tali da giustificare il","breadcrumb":{"@id":"https:\/\/beneggiassociati.com\/en\/licenziamento-esteso-ai-fatti-extra-lavoro\/#breadcrumb"},"inLanguage":"en-US","potentialAction":[{"@type":"ReadAction","target":["https:\/\/beneggiassociati.com\/en\/licenziamento-esteso-ai-fatti-extra-lavoro\/"]}]},{"@type":"ImageObject","inLanguage":"en-US","@id":"https:\/\/beneggiassociati.com\/en\/licenziamento-esteso-ai-fatti-extra-lavoro\/#primaryimage","url":"https:\/\/beneggiassociati.com\/wp-content\/uploads\/2025\/07\/single-post-beneggi.jpg","contentUrl":"https:\/\/beneggiassociati.com\/wp-content\/uploads\/2025\/07\/single-post-beneggi.jpg","width":1280,"height":823},{"@type":"BreadcrumbList","@id":"https:\/\/beneggiassociati.com\/en\/licenziamento-esteso-ai-fatti-extra-lavoro\/#breadcrumb","itemListElement":[{"@type":"ListItem","position":1,"name":"Home","item":"https:\/\/beneggiassociati.com\/en\/?page_id=24163"},{"@type":"ListItem","position":2,"name":"Licenziamento esteso ai fatti extra-lavoro"}]},{"@type":"WebSite","@id":"https:\/\/beneggiassociati.com\/en\/#website","url":"https:\/\/beneggiassociati.com\/en\/","name":"Beneggi e associati","description":"","publisher":{"@id":"https:\/\/beneggiassociati.com\/en\/#organization"},"potentialAction":[{"@type":"SearchAction","target":{"@type":"EntryPoint","urlTemplate":"https:\/\/beneggiassociati.com\/en\/?s={search_term_string}"},"query-input":{"@type":"PropertyValueSpecification","valueRequired":true,"valueName":"search_term_string"}}],"inLanguage":"en-US"},{"@type":"Organization","@id":"https:\/\/beneggiassociati.com\/en\/#organization","name":"Beneggi e associati","url":"https:\/\/beneggiassociati.com\/en\/","logo":{"@type":"ImageObject","inLanguage":"en-US","@id":"https:\/\/beneggiassociati.com\/en\/#\/schema\/logo\/image\/","url":"https:\/\/beneggiassociati.com\/wp-content\/uploads\/2025\/07\/beneggi-logo.png","contentUrl":"https:\/\/beneggiassociati.com\/wp-content\/uploads\/2025\/07\/beneggi-logo.png","width":141,"height":87,"caption":"Beneggi e associati"},"image":{"@id":"https:\/\/beneggiassociati.com\/en\/#\/schema\/logo\/image\/"}},{"@type":"Person","@id":"https:\/\/beneggiassociati.com\/en\/#\/schema\/person\/828daacfa37b359e89e981f920072004","name":"Tiziano Beneggi","url":"https:\/\/beneggiassociati.com\/en\/author\/tizianobeneggiassociati-com\/"}]}},"_links":{"self":[{"href":"https:\/\/beneggiassociati.com\/en\/wp-json\/wp\/v2\/posts\/16433","targetHints":{"allow":["GET"]}}],"collection":[{"href":"https:\/\/beneggiassociati.com\/en\/wp-json\/wp\/v2\/posts"}],"about":[{"href":"https:\/\/beneggiassociati.com\/en\/wp-json\/wp\/v2\/types\/post"}],"author":[{"embeddable":true,"href":"https:\/\/beneggiassociati.com\/en\/wp-json\/wp\/v2\/users\/4"}],"replies":[{"embeddable":true,"href":"https:\/\/beneggiassociati.com\/en\/wp-json\/wp\/v2\/comments?post=16433"}],"version-history":[{"count":0,"href":"https:\/\/beneggiassociati.com\/en\/wp-json\/wp\/v2\/posts\/16433\/revisions"}],"wp:featuredmedia":[{"embeddable":true,"href":"https:\/\/beneggiassociati.com\/en\/wp-json\/wp\/v2\/media\/409"}],"wp:attachment":[{"href":"https:\/\/beneggiassociati.com\/en\/wp-json\/wp\/v2\/media?parent=16433"}],"wp:term":[{"taxonomy":"category","embeddable":true,"href":"https:\/\/beneggiassociati.com\/en\/wp-json\/wp\/v2\/categories?post=16433"},{"taxonomy":"post_tag","embeddable":true,"href":"https:\/\/beneggiassociati.com\/en\/wp-json\/wp\/v2\/tags?post=16433"}],"curies":[{"name":"wp","href":"https:\/\/api.w.org\/{rel}","templated":true}]}}