{"id":16450,"date":"2019-03-24T07:10:00","date_gmt":"2019-03-24T06:10:00","guid":{"rendered":"https:\/\/dev.beneggiassociati.com\/2019\/03\/24\/tutela-marchi-il-tribunale-non-e-piu-indispensabile\/"},"modified":"2019-03-24T07:10:00","modified_gmt":"2019-03-24T06:10:00","slug":"tutela-marchi-il-tribunale-non-e-piu-indispensabile","status":"publish","type":"post","link":"https:\/\/beneggiassociati.com\/en\/tutela-marchi-il-tribunale-non-e-piu-indispensabile\/","title":{"rendered":"Tutela marchi, il tribunale non \u00e8 pi\u00f9 indispensabile"},"content":{"rendered":"\n<p>\u00c8 stato pubblicato sulla Gazzetta ufficiale il cosiddetto pacchetto Marchi.&nbsp;<\/p>\n\n\n<p>La novit\u00e0 pi\u00f9 importante \u00e8 l\u2019introduzione della disciplina del procedimento amministrativo di decadenza e nullit\u00e0 che consente di contestare la validit\u00e0 di un marchio senza dover andare in tribunale. Un decreto del Mise stabilir\u00e0 le modalit\u00e0 di applicazione.&nbsp;<\/p>\n\n\n<p>Il decreto ha abolito il requisito della rappresentazione grafica del marchio garantendo la possibilit\u00e0 di registrare tutti i segni rappresentati in qualsiasi forma idonea utilizzando la tecnologia disponibile.&nbsp;<\/p>\n\n\n<p><br \/>Quanto ai marchi di forma, sempre pi\u00f9 legata alle funzionalit\u00e0 del prodotto, non possono essere registrati come marchio i segni la cui forma o altra caratteristica \u00e8 risultante dalla natura stessa dei prodotti, ovvero \u00e8 necessaria per ottenere un risultato tecnico ovvero d\u00e0 un valore sostanziale al prodotto.&nbsp;<\/p>\n\n\n<p>Con un occhio puntato verso le nuove esigenze del mercato il legislatore ha introdotto norme in tema di protezione delle Dop e Igp, vietando la registrazione come marchio di segni idonei a ingannare il pubblico.&nbsp;&nbsp;<\/p>\n\n\n<p><br \/>\u00c8 stata regolata inoltre la disciplina dei marchi di certificazione che prevede maggior controllo sui procedimenti legati alla fornitura di prodotti o servizi del tipo certificato da parte degli enti che ne garantiscono l\u2019origine, la natura o la qualit\u00e0.&nbsp;<\/p>\n\n\n<p>Sono state introdotte delle integrazioni alla disciplina dei diritti conferiti dalla registrazione del marchio, in particolare a favore del titolare del marchio che ha il diritto di vietare ai terzi l\u2019uso di segni identici\/simili anche sugli imballaggi e per fini diversi da quello di contraddistinguere prodotti e servizi.&nbsp;<\/p>\n\n\n<p>Nella parte processuale sono state introdotte modifiche alla ripartizione dell\u2019onere della prova prevedendo che nelle cause di decadenza per non uso spetta al titolare del marchio dimostrare un uso congruo del marchio. Inoltre, il licenziatario pu\u00f2 avviare un\u2019azione per contraffazione di un marchio d\u2019impresa soltanto con il consenso del titolare del medesimo. In alcuni casi tuttavia il licenziatario potr\u00e0 agire se il titolare del marchio non prende iniziative giudiziarie entro termini appropriati.&nbsp;<\/p>\n\n\n<p><a href=\"mailto:info@beneggiassociati.com\" target=\"_blank\" rel=\"noreferrer noopener\">Sei interessato all\u2019articolo? Scrivici e verrai contattato da un nostro Consultant<\/a><\/p>\n\n\n<p><a href=\"https:\/\/beneggiassociati.com\/\" target=\"_blank\" rel=\"noreferrer noopener\">@ Beneggi e Associati | Commercialisti al servizio delle imprese | Meda | Milano<\/a><br \/><\/p>\n","protected":false},"excerpt":{"rendered":"<p>\u00c8 stato pubblicato sulla Gazzetta ufficiale il cosiddetto pacchetto Marchi.&nbsp; La novit\u00e0 pi\u00f9 importante \u00e8 l\u2019introduzione della disciplina del procedimento amministrativo di decadenza e nullit\u00e0 che consente di contestare la validit\u00e0 di un marchio senza dover andare in tribunale. Un decreto del Mise stabilir\u00e0 le modalit\u00e0 di applicazione.&nbsp; Il decreto ha abolito il requisito della [&hellip;]<\/p>\n","protected":false},"author":4,"featured_media":409,"comment_status":"open","ping_status":"open","sticky":false,"template":"","format":"standard","meta":{"_acf_changed":false,"content-type":"","footnotes":""},"categories":[16],"tags":[],"class_list":["post-16450","post","type-post","status-publish","format-standard","has-post-thumbnail","hentry","category-archivio"],"acf":[],"yoast_head":"<!-- This site is optimized with the Yoast SEO plugin v27.5 - https:\/\/yoast.com\/product\/yoast-seo-wordpress\/ -->\n<title>Tutela marchi, il tribunale non \u00e8 pi\u00f9 indispensabile - Beneggi &amp; Associati<\/title>\n<meta name=\"description\" content=\"\u00c8 stato pubblicato sulla Gazzetta ufficiale il cosiddetto pacchetto Marchi.&nbsp; La novit\u00e0 pi\u00f9 importante \u00e8 l\u2019introduzione della disciplina del\" \/>\n<meta name=\"robots\" content=\"index, follow, max-snippet:-1, max-image-preview:large, max-video-preview:-1\" \/>\n<link rel=\"canonical\" href=\"https:\/\/beneggiassociati.com\/en\/tutela-marchi-il-tribunale-non-e-piu-indispensabile\/\" \/>\n<meta property=\"og:locale\" content=\"en_US\" \/>\n<meta property=\"og:type\" content=\"article\" \/>\n<meta property=\"og:title\" content=\"Tutela marchi, il tribunale non \u00e8 pi\u00f9 indispensabile - Beneggi &amp; Associati\" \/>\n<meta property=\"og:description\" content=\"\u00c8 stato pubblicato sulla Gazzetta ufficiale il cosiddetto pacchetto Marchi.&nbsp; La novit\u00e0 pi\u00f9 importante \u00e8 l\u2019introduzione della disciplina del\" \/>\n<meta property=\"og:url\" content=\"https:\/\/beneggiassociati.com\/en\/tutela-marchi-il-tribunale-non-e-piu-indispensabile\/\" \/>\n<meta property=\"og:site_name\" content=\"Beneggi &amp; Associati\" \/>\n<meta property=\"article:published_time\" content=\"2019-03-24T06:10:00+00:00\" \/>\n<meta property=\"og:image\" content=\"https:\/\/beneggiassociati.com\/wp-content\/uploads\/2025\/07\/single-post-beneggi.jpg\" \/>\n\t<meta property=\"og:image:width\" content=\"1280\" \/>\n\t<meta property=\"og:image:height\" content=\"823\" \/>\n\t<meta property=\"og:image:type\" content=\"image\/jpeg\" \/>\n<meta name=\"author\" content=\"Tiziano Beneggi\" \/>\n<meta name=\"twitter:card\" content=\"summary_large_image\" \/>\n<meta name=\"twitter:label1\" content=\"Written by\" \/>\n\t<meta name=\"twitter:data1\" content=\"Tiziano Beneggi\" \/>\n\t<meta name=\"twitter:label2\" content=\"Est. reading time\" \/>\n\t<meta name=\"twitter:data2\" content=\"2 minutes\" \/>\n<script type=\"application\/ld+json\" class=\"yoast-schema-graph\">{\"@context\":\"https:\\\/\\\/schema.org\",\"@graph\":[{\"@type\":\"Article\",\"@id\":\"https:\\\/\\\/beneggiassociati.com\\\/en\\\/tutela-marchi-il-tribunale-non-e-piu-indispensabile\\\/#article\",\"isPartOf\":{\"@id\":\"https:\\\/\\\/beneggiassociati.com\\\/en\\\/tutela-marchi-il-tribunale-non-e-piu-indispensabile\\\/\"},\"author\":{\"name\":\"Tiziano Beneggi\",\"@id\":\"https:\\\/\\\/beneggiassociati.com\\\/en\\\/#\\\/schema\\\/person\\\/828daacfa37b359e89e981f920072004\"},\"headline\":\"Tutela marchi, il tribunale non \u00e8 pi\u00f9 indispensabile\",\"datePublished\":\"2019-03-24T06:10:00+00:00\",\"mainEntityOfPage\":{\"@id\":\"https:\\\/\\\/beneggiassociati.com\\\/en\\\/tutela-marchi-il-tribunale-non-e-piu-indispensabile\\\/\"},\"wordCount\":358,\"commentCount\":0,\"publisher\":{\"@id\":\"https:\\\/\\\/beneggiassociati.com\\\/en\\\/#organization\"},\"image\":{\"@id\":\"https:\\\/\\\/beneggiassociati.com\\\/en\\\/tutela-marchi-il-tribunale-non-e-piu-indispensabile\\\/#primaryimage\"},\"thumbnailUrl\":\"https:\\\/\\\/beneggiassociati.com\\\/wp-content\\\/uploads\\\/2025\\\/07\\\/single-post-beneggi.jpg\",\"articleSection\":[\"ARCHIVIO\"],\"inLanguage\":\"en-US\"},{\"@type\":\"WebPage\",\"@id\":\"https:\\\/\\\/beneggiassociati.com\\\/en\\\/tutela-marchi-il-tribunale-non-e-piu-indispensabile\\\/\",\"url\":\"https:\\\/\\\/beneggiassociati.com\\\/en\\\/tutela-marchi-il-tribunale-non-e-piu-indispensabile\\\/\",\"name\":\"Tutela marchi, il tribunale non \u00e8 pi\u00f9 indispensabile - Beneggi &amp; Associati\",\"isPartOf\":{\"@id\":\"https:\\\/\\\/beneggiassociati.com\\\/en\\\/#website\"},\"primaryImageOfPage\":{\"@id\":\"https:\\\/\\\/beneggiassociati.com\\\/en\\\/tutela-marchi-il-tribunale-non-e-piu-indispensabile\\\/#primaryimage\"},\"image\":{\"@id\":\"https:\\\/\\\/beneggiassociati.com\\\/en\\\/tutela-marchi-il-tribunale-non-e-piu-indispensabile\\\/#primaryimage\"},\"thumbnailUrl\":\"https:\\\/\\\/beneggiassociati.com\\\/wp-content\\\/uploads\\\/2025\\\/07\\\/single-post-beneggi.jpg\",\"datePublished\":\"2019-03-24T06:10:00+00:00\",\"description\":\"\u00c8 stato pubblicato sulla Gazzetta ufficiale il cosiddetto pacchetto Marchi.&nbsp; La novit\u00e0 pi\u00f9 importante \u00e8 l\u2019introduzione della disciplina del\",\"breadcrumb\":{\"@id\":\"https:\\\/\\\/beneggiassociati.com\\\/en\\\/tutela-marchi-il-tribunale-non-e-piu-indispensabile\\\/#breadcrumb\"},\"inLanguage\":\"en-US\",\"potentialAction\":[{\"@type\":\"ReadAction\",\"target\":[\"https:\\\/\\\/beneggiassociati.com\\\/en\\\/tutela-marchi-il-tribunale-non-e-piu-indispensabile\\\/\"]}]},{\"@type\":\"ImageObject\",\"inLanguage\":\"en-US\",\"@id\":\"https:\\\/\\\/beneggiassociati.com\\\/en\\\/tutela-marchi-il-tribunale-non-e-piu-indispensabile\\\/#primaryimage\",\"url\":\"https:\\\/\\\/beneggiassociati.com\\\/wp-content\\\/uploads\\\/2025\\\/07\\\/single-post-beneggi.jpg\",\"contentUrl\":\"https:\\\/\\\/beneggiassociati.com\\\/wp-content\\\/uploads\\\/2025\\\/07\\\/single-post-beneggi.jpg\",\"width\":1280,\"height\":823},{\"@type\":\"BreadcrumbList\",\"@id\":\"https:\\\/\\\/beneggiassociati.com\\\/en\\\/tutela-marchi-il-tribunale-non-e-piu-indispensabile\\\/#breadcrumb\",\"itemListElement\":[{\"@type\":\"ListItem\",\"position\":1,\"name\":\"Home\",\"item\":\"https:\\\/\\\/beneggiassociati.com\\\/en\\\/?page_id=24163\"},{\"@type\":\"ListItem\",\"position\":2,\"name\":\"Tutela marchi, il tribunale non \u00e8 pi\u00f9 indispensabile\"}]},{\"@type\":\"WebSite\",\"@id\":\"https:\\\/\\\/beneggiassociati.com\\\/en\\\/#website\",\"url\":\"https:\\\/\\\/beneggiassociati.com\\\/en\\\/\",\"name\":\"Beneggi e associati\",\"description\":\"\",\"publisher\":{\"@id\":\"https:\\\/\\\/beneggiassociati.com\\\/en\\\/#organization\"},\"potentialAction\":[{\"@type\":\"SearchAction\",\"target\":{\"@type\":\"EntryPoint\",\"urlTemplate\":\"https:\\\/\\\/beneggiassociati.com\\\/en\\\/?s={search_term_string}\"},\"query-input\":{\"@type\":\"PropertyValueSpecification\",\"valueRequired\":true,\"valueName\":\"search_term_string\"}}],\"inLanguage\":\"en-US\"},{\"@type\":\"Organization\",\"@id\":\"https:\\\/\\\/beneggiassociati.com\\\/en\\\/#organization\",\"name\":\"Beneggi e associati\",\"url\":\"https:\\\/\\\/beneggiassociati.com\\\/en\\\/\",\"logo\":{\"@type\":\"ImageObject\",\"inLanguage\":\"en-US\",\"@id\":\"https:\\\/\\\/beneggiassociati.com\\\/en\\\/#\\\/schema\\\/logo\\\/image\\\/\",\"url\":\"https:\\\/\\\/beneggiassociati.com\\\/wp-content\\\/uploads\\\/2025\\\/07\\\/beneggi-logo.png\",\"contentUrl\":\"https:\\\/\\\/beneggiassociati.com\\\/wp-content\\\/uploads\\\/2025\\\/07\\\/beneggi-logo.png\",\"width\":141,\"height\":87,\"caption\":\"Beneggi e associati\"},\"image\":{\"@id\":\"https:\\\/\\\/beneggiassociati.com\\\/en\\\/#\\\/schema\\\/logo\\\/image\\\/\"}},{\"@type\":\"Person\",\"@id\":\"https:\\\/\\\/beneggiassociati.com\\\/en\\\/#\\\/schema\\\/person\\\/828daacfa37b359e89e981f920072004\",\"name\":\"Tiziano Beneggi\",\"url\":\"https:\\\/\\\/beneggiassociati.com\\\/en\\\/author\\\/tizianobeneggiassociati-com\\\/\"}]}<\/script>\n<!-- \/ Yoast SEO plugin. -->","yoast_head_json":{"title":"Tutela marchi, il tribunale non \u00e8 pi\u00f9 indispensabile - Beneggi &amp; Associati","description":"\u00c8 stato pubblicato sulla Gazzetta ufficiale il cosiddetto pacchetto Marchi.&nbsp; La novit\u00e0 pi\u00f9 importante \u00e8 l\u2019introduzione della disciplina del","robots":{"index":"index","follow":"follow","max-snippet":"max-snippet:-1","max-image-preview":"max-image-preview:large","max-video-preview":"max-video-preview:-1"},"canonical":"https:\/\/beneggiassociati.com\/en\/tutela-marchi-il-tribunale-non-e-piu-indispensabile\/","og_locale":"en_US","og_type":"article","og_title":"Tutela marchi, il tribunale non \u00e8 pi\u00f9 indispensabile - Beneggi &amp; Associati","og_description":"\u00c8 stato pubblicato sulla Gazzetta ufficiale il cosiddetto pacchetto Marchi.&nbsp; La novit\u00e0 pi\u00f9 importante \u00e8 l\u2019introduzione della disciplina del","og_url":"https:\/\/beneggiassociati.com\/en\/tutela-marchi-il-tribunale-non-e-piu-indispensabile\/","og_site_name":"Beneggi &amp; Associati","article_published_time":"2019-03-24T06:10:00+00:00","og_image":[{"width":1280,"height":823,"url":"https:\/\/beneggiassociati.com\/wp-content\/uploads\/2025\/07\/single-post-beneggi.jpg","type":"image\/jpeg"}],"author":"Tiziano Beneggi","twitter_card":"summary_large_image","twitter_misc":{"Written by":"Tiziano Beneggi","Est. reading time":"2 minutes"},"schema":{"@context":"https:\/\/schema.org","@graph":[{"@type":"Article","@id":"https:\/\/beneggiassociati.com\/en\/tutela-marchi-il-tribunale-non-e-piu-indispensabile\/#article","isPartOf":{"@id":"https:\/\/beneggiassociati.com\/en\/tutela-marchi-il-tribunale-non-e-piu-indispensabile\/"},"author":{"name":"Tiziano Beneggi","@id":"https:\/\/beneggiassociati.com\/en\/#\/schema\/person\/828daacfa37b359e89e981f920072004"},"headline":"Tutela marchi, il tribunale non \u00e8 pi\u00f9 indispensabile","datePublished":"2019-03-24T06:10:00+00:00","mainEntityOfPage":{"@id":"https:\/\/beneggiassociati.com\/en\/tutela-marchi-il-tribunale-non-e-piu-indispensabile\/"},"wordCount":358,"commentCount":0,"publisher":{"@id":"https:\/\/beneggiassociati.com\/en\/#organization"},"image":{"@id":"https:\/\/beneggiassociati.com\/en\/tutela-marchi-il-tribunale-non-e-piu-indispensabile\/#primaryimage"},"thumbnailUrl":"https:\/\/beneggiassociati.com\/wp-content\/uploads\/2025\/07\/single-post-beneggi.jpg","articleSection":["ARCHIVIO"],"inLanguage":"en-US"},{"@type":"WebPage","@id":"https:\/\/beneggiassociati.com\/en\/tutela-marchi-il-tribunale-non-e-piu-indispensabile\/","url":"https:\/\/beneggiassociati.com\/en\/tutela-marchi-il-tribunale-non-e-piu-indispensabile\/","name":"Tutela marchi, il tribunale non \u00e8 pi\u00f9 indispensabile - Beneggi &amp; Associati","isPartOf":{"@id":"https:\/\/beneggiassociati.com\/en\/#website"},"primaryImageOfPage":{"@id":"https:\/\/beneggiassociati.com\/en\/tutela-marchi-il-tribunale-non-e-piu-indispensabile\/#primaryimage"},"image":{"@id":"https:\/\/beneggiassociati.com\/en\/tutela-marchi-il-tribunale-non-e-piu-indispensabile\/#primaryimage"},"thumbnailUrl":"https:\/\/beneggiassociati.com\/wp-content\/uploads\/2025\/07\/single-post-beneggi.jpg","datePublished":"2019-03-24T06:10:00+00:00","description":"\u00c8 stato pubblicato sulla Gazzetta ufficiale il cosiddetto pacchetto Marchi.&nbsp; La novit\u00e0 pi\u00f9 importante \u00e8 l\u2019introduzione della disciplina del","breadcrumb":{"@id":"https:\/\/beneggiassociati.com\/en\/tutela-marchi-il-tribunale-non-e-piu-indispensabile\/#breadcrumb"},"inLanguage":"en-US","potentialAction":[{"@type":"ReadAction","target":["https:\/\/beneggiassociati.com\/en\/tutela-marchi-il-tribunale-non-e-piu-indispensabile\/"]}]},{"@type":"ImageObject","inLanguage":"en-US","@id":"https:\/\/beneggiassociati.com\/en\/tutela-marchi-il-tribunale-non-e-piu-indispensabile\/#primaryimage","url":"https:\/\/beneggiassociati.com\/wp-content\/uploads\/2025\/07\/single-post-beneggi.jpg","contentUrl":"https:\/\/beneggiassociati.com\/wp-content\/uploads\/2025\/07\/single-post-beneggi.jpg","width":1280,"height":823},{"@type":"BreadcrumbList","@id":"https:\/\/beneggiassociati.com\/en\/tutela-marchi-il-tribunale-non-e-piu-indispensabile\/#breadcrumb","itemListElement":[{"@type":"ListItem","position":1,"name":"Home","item":"https:\/\/beneggiassociati.com\/en\/?page_id=24163"},{"@type":"ListItem","position":2,"name":"Tutela marchi, il tribunale non \u00e8 pi\u00f9 indispensabile"}]},{"@type":"WebSite","@id":"https:\/\/beneggiassociati.com\/en\/#website","url":"https:\/\/beneggiassociati.com\/en\/","name":"Beneggi e associati","description":"","publisher":{"@id":"https:\/\/beneggiassociati.com\/en\/#organization"},"potentialAction":[{"@type":"SearchAction","target":{"@type":"EntryPoint","urlTemplate":"https:\/\/beneggiassociati.com\/en\/?s={search_term_string}"},"query-input":{"@type":"PropertyValueSpecification","valueRequired":true,"valueName":"search_term_string"}}],"inLanguage":"en-US"},{"@type":"Organization","@id":"https:\/\/beneggiassociati.com\/en\/#organization","name":"Beneggi e associati","url":"https:\/\/beneggiassociati.com\/en\/","logo":{"@type":"ImageObject","inLanguage":"en-US","@id":"https:\/\/beneggiassociati.com\/en\/#\/schema\/logo\/image\/","url":"https:\/\/beneggiassociati.com\/wp-content\/uploads\/2025\/07\/beneggi-logo.png","contentUrl":"https:\/\/beneggiassociati.com\/wp-content\/uploads\/2025\/07\/beneggi-logo.png","width":141,"height":87,"caption":"Beneggi e associati"},"image":{"@id":"https:\/\/beneggiassociati.com\/en\/#\/schema\/logo\/image\/"}},{"@type":"Person","@id":"https:\/\/beneggiassociati.com\/en\/#\/schema\/person\/828daacfa37b359e89e981f920072004","name":"Tiziano Beneggi","url":"https:\/\/beneggiassociati.com\/en\/author\/tizianobeneggiassociati-com\/"}]}},"_links":{"self":[{"href":"https:\/\/beneggiassociati.com\/en\/wp-json\/wp\/v2\/posts\/16450","targetHints":{"allow":["GET"]}}],"collection":[{"href":"https:\/\/beneggiassociati.com\/en\/wp-json\/wp\/v2\/posts"}],"about":[{"href":"https:\/\/beneggiassociati.com\/en\/wp-json\/wp\/v2\/types\/post"}],"author":[{"embeddable":true,"href":"https:\/\/beneggiassociati.com\/en\/wp-json\/wp\/v2\/users\/4"}],"replies":[{"embeddable":true,"href":"https:\/\/beneggiassociati.com\/en\/wp-json\/wp\/v2\/comments?post=16450"}],"version-history":[{"count":0,"href":"https:\/\/beneggiassociati.com\/en\/wp-json\/wp\/v2\/posts\/16450\/revisions"}],"wp:featuredmedia":[{"embeddable":true,"href":"https:\/\/beneggiassociati.com\/en\/wp-json\/wp\/v2\/media\/409"}],"wp:attachment":[{"href":"https:\/\/beneggiassociati.com\/en\/wp-json\/wp\/v2\/media?parent=16450"}],"wp:term":[{"taxonomy":"category","embeddable":true,"href":"https:\/\/beneggiassociati.com\/en\/wp-json\/wp\/v2\/categories?post=16450"},{"taxonomy":"post_tag","embeddable":true,"href":"https:\/\/beneggiassociati.com\/en\/wp-json\/wp\/v2\/tags?post=16450"}],"curies":[{"name":"wp","href":"https:\/\/api.w.org\/{rel}","templated":true}]}}