{"id":16456,"date":"2019-03-24T07:33:00","date_gmt":"2019-03-24T06:33:00","guid":{"rendered":"https:\/\/dev.beneggiassociati.com\/2019\/03\/24\/assegno-al-nucleo-con-domanda-allinps\/"},"modified":"2019-03-24T07:33:00","modified_gmt":"2019-03-24T06:33:00","slug":"assegno-al-nucleo-con-domanda-allinps","status":"publish","type":"post","link":"https:\/\/beneggiassociati.com\/en\/assegno-al-nucleo-con-domanda-allinps\/","title":{"rendered":"Assegno al nucleo con domanda all\u2019Inps"},"content":{"rendered":"\n<p>Dal 1\u00b0 aprile le domande di assegno per il nucleo familiare (Anf) dovranno essere presentate all\u2019Inps e non pi\u00f9 al proprio datore di lavoro. Lo ha reso noto l\u2019istituto di previdenza con la circolare 45\/2019, diffusa ieri.<br \/>La domanda deve essere trasmessa dai lavoratori esclusivamente in via telematica direttamente o rivolgendosi a patronati e intermediari. La novit\u00e0 riguarda i dipendenti di aziende non agricole del settore privato.<\/p>\n\n\n<p><br \/>La variazione si innesta in un momento in cui \u00e8 in corso la corresponsione dell\u2019Anf per il periodo 1\u00b0 luglio 2018\u201330 giugno 2019. Le domande gi\u00e0 presentate sono valide. Sino al 31 marzo sar\u00e0 possibile accogliere domande cartacee che potranno seguire l\u2019iter applicato sinora, ma il relativo conguaglio potr\u00e0 essere effettuato, al massimo, nella denuncia uniemens relativa al mese di giugno 2019 (pagata e trasmessa rispettivamente entro il 16 e il 31 luglio 2019), pena l\u2019impossibilit\u00e0 di recuperare le somme anticipate.<\/p>\n\n\n<p><br \/>Dal prossimo mese le istanze saranno solo telematiche e l\u2019Inps provveder\u00e0 a determinare la spettanza, nonch\u00e9 l\u2019importo dell\u2019Anf, e a comunicarlo al datore di lavoro per mezzo di una specifica utility, disponibile nel cassetto previdenziale aziendale dal 1\u00b0 aprile. Resta comunque l\u2019obbligo &#8211; in capo al lavoratore nei casi previsti &#8211; di presentare domanda di autorizzazione, la quale, tuttavia, non sar\u00e0 pi\u00f9 inviata al richiedente, che sar\u00e0 avvisato dall\u2019Inps solo se la domanda verr\u00e0 rigettata. Una nuova domanda telematica di variazione andr\u00e0 inoltrata se cambiano le condizioni di fruizione o la composizione del nucleo familiare.<\/p>\n\n\n<p><br \/>Non viene modificata, invece, la modalit\u00e0 di erogazione degli assegni che, nella generalit\u00e0 dei casi, resta in capo al datore di lavoro, il quale provveder\u00e0 al recupero degli importi pagati con il collaudato sistema del conguaglio. Con il nuovo meccanismo, il datore potr\u00e0 conguagliare Anf arretrati esclusivamente riferiti a rapporti intrattenuti col richiedente. Le somme relative a contratti pregressi dovranno essere liquidate dai precedenti datori di lavoro.<\/p>\n\n\n<p><br \/>Nella circolare l\u2019Inps precisa che quanto prima saranno illustrate le nuove modalit\u00e0 di compilazione del flusso uniemens nei casi di conguaglio di Anf arretrati e le caratteristiche dell\u2019utility che servir\u00e0 alle aziende per conoscere l\u2019ammontare dell\u2019Anf da erogare.&nbsp;<\/p>\n\n\n<p><a href=\"mailto:info@beneggiassociati.com\" target=\"_blank\" rel=\"noreferrer noopener\">Sei interessato all\u2019articolo? Scrivici e verrai contattato da un nostro Consultant<\/a><\/p>\n\n\n<p><a href=\"https:\/\/beneggiassociati.com\/\" target=\"_blank\" rel=\"noreferrer noopener\">@ Beneggi e Associati | Commercialisti al servizio delle imprese | Meda | Milano<\/a><\/p>\n","protected":false},"excerpt":{"rendered":"<p>Dal 1\u00b0 aprile le domande di assegno per il nucleo familiare (Anf) dovranno essere presentate all\u2019Inps e non pi\u00f9 al proprio datore di lavoro. Lo ha reso noto l\u2019istituto di previdenza con la circolare 45\/2019, diffusa ieri.La domanda deve essere trasmessa dai lavoratori esclusivamente in via telematica direttamente o rivolgendosi a patronati e intermediari. La [&hellip;]<\/p>\n","protected":false},"author":4,"featured_media":409,"comment_status":"open","ping_status":"open","sticky":false,"template":"","format":"standard","meta":{"_acf_changed":false,"content-type":"","footnotes":""},"categories":[16],"tags":[],"class_list":["post-16456","post","type-post","status-publish","format-standard","has-post-thumbnail","hentry","category-archivio"],"acf":[],"yoast_head":"<!-- This site is optimized with the Yoast SEO plugin v27.5 - https:\/\/yoast.com\/product\/yoast-seo-wordpress\/ -->\n<title>Assegno al nucleo con domanda all\u2019Inps - Beneggi &amp; Associati<\/title>\n<meta name=\"description\" content=\"Dal 1\u00b0 aprile le domande di assegno per il nucleo familiare (Anf) dovranno essere presentate all\u2019Inps e non pi\u00f9 al proprio datore di lavoro. Lo ha reso\" \/>\n<meta name=\"robots\" content=\"index, follow, max-snippet:-1, max-image-preview:large, max-video-preview:-1\" \/>\n<link rel=\"canonical\" href=\"https:\/\/beneggiassociati.com\/en\/assegno-al-nucleo-con-domanda-allinps\/\" \/>\n<meta property=\"og:locale\" content=\"en_US\" \/>\n<meta property=\"og:type\" content=\"article\" \/>\n<meta property=\"og:title\" content=\"Assegno al nucleo con domanda all\u2019Inps - Beneggi &amp; Associati\" \/>\n<meta property=\"og:description\" content=\"Dal 1\u00b0 aprile le domande di assegno per il nucleo familiare (Anf) dovranno essere presentate all\u2019Inps e non pi\u00f9 al proprio datore di lavoro. Lo ha reso\" \/>\n<meta property=\"og:url\" content=\"https:\/\/beneggiassociati.com\/en\/assegno-al-nucleo-con-domanda-allinps\/\" \/>\n<meta property=\"og:site_name\" content=\"Beneggi &amp; Associati\" \/>\n<meta property=\"article:published_time\" content=\"2019-03-24T06:33:00+00:00\" \/>\n<meta property=\"og:image\" content=\"https:\/\/beneggiassociati.com\/wp-content\/uploads\/2025\/07\/single-post-beneggi.jpg\" \/>\n\t<meta property=\"og:image:width\" content=\"1280\" \/>\n\t<meta property=\"og:image:height\" content=\"823\" \/>\n\t<meta property=\"og:image:type\" content=\"image\/jpeg\" \/>\n<meta name=\"author\" content=\"Tiziano Beneggi\" \/>\n<meta name=\"twitter:card\" content=\"summary_large_image\" \/>\n<meta name=\"twitter:label1\" content=\"Written by\" \/>\n\t<meta name=\"twitter:data1\" content=\"Tiziano Beneggi\" \/>\n\t<meta name=\"twitter:label2\" content=\"Est. reading time\" \/>\n\t<meta name=\"twitter:data2\" content=\"2 minutes\" \/>\n<script type=\"application\/ld+json\" class=\"yoast-schema-graph\">{\"@context\":\"https:\\\/\\\/schema.org\",\"@graph\":[{\"@type\":\"Article\",\"@id\":\"https:\\\/\\\/beneggiassociati.com\\\/en\\\/assegno-al-nucleo-con-domanda-allinps\\\/#article\",\"isPartOf\":{\"@id\":\"https:\\\/\\\/beneggiassociati.com\\\/en\\\/assegno-al-nucleo-con-domanda-allinps\\\/\"},\"author\":{\"name\":\"Tiziano Beneggi\",\"@id\":\"https:\\\/\\\/beneggiassociati.com\\\/en\\\/#\\\/schema\\\/person\\\/828daacfa37b359e89e981f920072004\"},\"headline\":\"Assegno al nucleo con domanda all\u2019Inps\",\"datePublished\":\"2019-03-24T06:33:00+00:00\",\"mainEntityOfPage\":{\"@id\":\"https:\\\/\\\/beneggiassociati.com\\\/en\\\/assegno-al-nucleo-con-domanda-allinps\\\/\"},\"wordCount\":380,\"commentCount\":0,\"publisher\":{\"@id\":\"https:\\\/\\\/beneggiassociati.com\\\/en\\\/#organization\"},\"image\":{\"@id\":\"https:\\\/\\\/beneggiassociati.com\\\/en\\\/assegno-al-nucleo-con-domanda-allinps\\\/#primaryimage\"},\"thumbnailUrl\":\"https:\\\/\\\/beneggiassociati.com\\\/wp-content\\\/uploads\\\/2025\\\/07\\\/single-post-beneggi.jpg\",\"articleSection\":[\"ARCHIVIO\"],\"inLanguage\":\"en-US\"},{\"@type\":\"WebPage\",\"@id\":\"https:\\\/\\\/beneggiassociati.com\\\/en\\\/assegno-al-nucleo-con-domanda-allinps\\\/\",\"url\":\"https:\\\/\\\/beneggiassociati.com\\\/en\\\/assegno-al-nucleo-con-domanda-allinps\\\/\",\"name\":\"Assegno al nucleo con domanda all\u2019Inps - Beneggi &amp; Associati\",\"isPartOf\":{\"@id\":\"https:\\\/\\\/beneggiassociati.com\\\/en\\\/#website\"},\"primaryImageOfPage\":{\"@id\":\"https:\\\/\\\/beneggiassociati.com\\\/en\\\/assegno-al-nucleo-con-domanda-allinps\\\/#primaryimage\"},\"image\":{\"@id\":\"https:\\\/\\\/beneggiassociati.com\\\/en\\\/assegno-al-nucleo-con-domanda-allinps\\\/#primaryimage\"},\"thumbnailUrl\":\"https:\\\/\\\/beneggiassociati.com\\\/wp-content\\\/uploads\\\/2025\\\/07\\\/single-post-beneggi.jpg\",\"datePublished\":\"2019-03-24T06:33:00+00:00\",\"description\":\"Dal 1\u00b0 aprile le domande di assegno per il nucleo familiare (Anf) dovranno essere presentate all\u2019Inps e non pi\u00f9 al proprio datore di lavoro. Lo ha reso\",\"breadcrumb\":{\"@id\":\"https:\\\/\\\/beneggiassociati.com\\\/en\\\/assegno-al-nucleo-con-domanda-allinps\\\/#breadcrumb\"},\"inLanguage\":\"en-US\",\"potentialAction\":[{\"@type\":\"ReadAction\",\"target\":[\"https:\\\/\\\/beneggiassociati.com\\\/en\\\/assegno-al-nucleo-con-domanda-allinps\\\/\"]}]},{\"@type\":\"ImageObject\",\"inLanguage\":\"en-US\",\"@id\":\"https:\\\/\\\/beneggiassociati.com\\\/en\\\/assegno-al-nucleo-con-domanda-allinps\\\/#primaryimage\",\"url\":\"https:\\\/\\\/beneggiassociati.com\\\/wp-content\\\/uploads\\\/2025\\\/07\\\/single-post-beneggi.jpg\",\"contentUrl\":\"https:\\\/\\\/beneggiassociati.com\\\/wp-content\\\/uploads\\\/2025\\\/07\\\/single-post-beneggi.jpg\",\"width\":1280,\"height\":823},{\"@type\":\"BreadcrumbList\",\"@id\":\"https:\\\/\\\/beneggiassociati.com\\\/en\\\/assegno-al-nucleo-con-domanda-allinps\\\/#breadcrumb\",\"itemListElement\":[{\"@type\":\"ListItem\",\"position\":1,\"name\":\"Home\",\"item\":\"https:\\\/\\\/beneggiassociati.com\\\/en\\\/?page_id=24163\"},{\"@type\":\"ListItem\",\"position\":2,\"name\":\"Assegno al nucleo con domanda all\u2019Inps\"}]},{\"@type\":\"WebSite\",\"@id\":\"https:\\\/\\\/beneggiassociati.com\\\/en\\\/#website\",\"url\":\"https:\\\/\\\/beneggiassociati.com\\\/en\\\/\",\"name\":\"Beneggi e associati\",\"description\":\"\",\"publisher\":{\"@id\":\"https:\\\/\\\/beneggiassociati.com\\\/en\\\/#organization\"},\"potentialAction\":[{\"@type\":\"SearchAction\",\"target\":{\"@type\":\"EntryPoint\",\"urlTemplate\":\"https:\\\/\\\/beneggiassociati.com\\\/en\\\/?s={search_term_string}\"},\"query-input\":{\"@type\":\"PropertyValueSpecification\",\"valueRequired\":true,\"valueName\":\"search_term_string\"}}],\"inLanguage\":\"en-US\"},{\"@type\":\"Organization\",\"@id\":\"https:\\\/\\\/beneggiassociati.com\\\/en\\\/#organization\",\"name\":\"Beneggi e associati\",\"url\":\"https:\\\/\\\/beneggiassociati.com\\\/en\\\/\",\"logo\":{\"@type\":\"ImageObject\",\"inLanguage\":\"en-US\",\"@id\":\"https:\\\/\\\/beneggiassociati.com\\\/en\\\/#\\\/schema\\\/logo\\\/image\\\/\",\"url\":\"https:\\\/\\\/beneggiassociati.com\\\/wp-content\\\/uploads\\\/2025\\\/07\\\/beneggi-logo.png\",\"contentUrl\":\"https:\\\/\\\/beneggiassociati.com\\\/wp-content\\\/uploads\\\/2025\\\/07\\\/beneggi-logo.png\",\"width\":141,\"height\":87,\"caption\":\"Beneggi e associati\"},\"image\":{\"@id\":\"https:\\\/\\\/beneggiassociati.com\\\/en\\\/#\\\/schema\\\/logo\\\/image\\\/\"}},{\"@type\":\"Person\",\"@id\":\"https:\\\/\\\/beneggiassociati.com\\\/en\\\/#\\\/schema\\\/person\\\/828daacfa37b359e89e981f920072004\",\"name\":\"Tiziano Beneggi\",\"url\":\"https:\\\/\\\/beneggiassociati.com\\\/en\\\/author\\\/tizianobeneggiassociati-com\\\/\"}]}<\/script>\n<!-- \/ Yoast SEO plugin. -->","yoast_head_json":{"title":"Assegno al nucleo con domanda all\u2019Inps - Beneggi &amp; Associati","description":"Dal 1\u00b0 aprile le domande di assegno per il nucleo familiare (Anf) dovranno essere presentate all\u2019Inps e non pi\u00f9 al proprio datore di lavoro. Lo ha reso","robots":{"index":"index","follow":"follow","max-snippet":"max-snippet:-1","max-image-preview":"max-image-preview:large","max-video-preview":"max-video-preview:-1"},"canonical":"https:\/\/beneggiassociati.com\/en\/assegno-al-nucleo-con-domanda-allinps\/","og_locale":"en_US","og_type":"article","og_title":"Assegno al nucleo con domanda all\u2019Inps - Beneggi &amp; Associati","og_description":"Dal 1\u00b0 aprile le domande di assegno per il nucleo familiare (Anf) dovranno essere presentate all\u2019Inps e non pi\u00f9 al proprio datore di lavoro. Lo ha reso","og_url":"https:\/\/beneggiassociati.com\/en\/assegno-al-nucleo-con-domanda-allinps\/","og_site_name":"Beneggi &amp; Associati","article_published_time":"2019-03-24T06:33:00+00:00","og_image":[{"width":1280,"height":823,"url":"https:\/\/beneggiassociati.com\/wp-content\/uploads\/2025\/07\/single-post-beneggi.jpg","type":"image\/jpeg"}],"author":"Tiziano Beneggi","twitter_card":"summary_large_image","twitter_misc":{"Written by":"Tiziano Beneggi","Est. reading time":"2 minutes"},"schema":{"@context":"https:\/\/schema.org","@graph":[{"@type":"Article","@id":"https:\/\/beneggiassociati.com\/en\/assegno-al-nucleo-con-domanda-allinps\/#article","isPartOf":{"@id":"https:\/\/beneggiassociati.com\/en\/assegno-al-nucleo-con-domanda-allinps\/"},"author":{"name":"Tiziano Beneggi","@id":"https:\/\/beneggiassociati.com\/en\/#\/schema\/person\/828daacfa37b359e89e981f920072004"},"headline":"Assegno al nucleo con domanda all\u2019Inps","datePublished":"2019-03-24T06:33:00+00:00","mainEntityOfPage":{"@id":"https:\/\/beneggiassociati.com\/en\/assegno-al-nucleo-con-domanda-allinps\/"},"wordCount":380,"commentCount":0,"publisher":{"@id":"https:\/\/beneggiassociati.com\/en\/#organization"},"image":{"@id":"https:\/\/beneggiassociati.com\/en\/assegno-al-nucleo-con-domanda-allinps\/#primaryimage"},"thumbnailUrl":"https:\/\/beneggiassociati.com\/wp-content\/uploads\/2025\/07\/single-post-beneggi.jpg","articleSection":["ARCHIVIO"],"inLanguage":"en-US"},{"@type":"WebPage","@id":"https:\/\/beneggiassociati.com\/en\/assegno-al-nucleo-con-domanda-allinps\/","url":"https:\/\/beneggiassociati.com\/en\/assegno-al-nucleo-con-domanda-allinps\/","name":"Assegno al nucleo con domanda all\u2019Inps - Beneggi &amp; Associati","isPartOf":{"@id":"https:\/\/beneggiassociati.com\/en\/#website"},"primaryImageOfPage":{"@id":"https:\/\/beneggiassociati.com\/en\/assegno-al-nucleo-con-domanda-allinps\/#primaryimage"},"image":{"@id":"https:\/\/beneggiassociati.com\/en\/assegno-al-nucleo-con-domanda-allinps\/#primaryimage"},"thumbnailUrl":"https:\/\/beneggiassociati.com\/wp-content\/uploads\/2025\/07\/single-post-beneggi.jpg","datePublished":"2019-03-24T06:33:00+00:00","description":"Dal 1\u00b0 aprile le domande di assegno per il nucleo familiare (Anf) dovranno essere presentate all\u2019Inps e non pi\u00f9 al proprio datore di lavoro. Lo ha reso","breadcrumb":{"@id":"https:\/\/beneggiassociati.com\/en\/assegno-al-nucleo-con-domanda-allinps\/#breadcrumb"},"inLanguage":"en-US","potentialAction":[{"@type":"ReadAction","target":["https:\/\/beneggiassociati.com\/en\/assegno-al-nucleo-con-domanda-allinps\/"]}]},{"@type":"ImageObject","inLanguage":"en-US","@id":"https:\/\/beneggiassociati.com\/en\/assegno-al-nucleo-con-domanda-allinps\/#primaryimage","url":"https:\/\/beneggiassociati.com\/wp-content\/uploads\/2025\/07\/single-post-beneggi.jpg","contentUrl":"https:\/\/beneggiassociati.com\/wp-content\/uploads\/2025\/07\/single-post-beneggi.jpg","width":1280,"height":823},{"@type":"BreadcrumbList","@id":"https:\/\/beneggiassociati.com\/en\/assegno-al-nucleo-con-domanda-allinps\/#breadcrumb","itemListElement":[{"@type":"ListItem","position":1,"name":"Home","item":"https:\/\/beneggiassociati.com\/en\/?page_id=24163"},{"@type":"ListItem","position":2,"name":"Assegno al nucleo con domanda all\u2019Inps"}]},{"@type":"WebSite","@id":"https:\/\/beneggiassociati.com\/en\/#website","url":"https:\/\/beneggiassociati.com\/en\/","name":"Beneggi e associati","description":"","publisher":{"@id":"https:\/\/beneggiassociati.com\/en\/#organization"},"potentialAction":[{"@type":"SearchAction","target":{"@type":"EntryPoint","urlTemplate":"https:\/\/beneggiassociati.com\/en\/?s={search_term_string}"},"query-input":{"@type":"PropertyValueSpecification","valueRequired":true,"valueName":"search_term_string"}}],"inLanguage":"en-US"},{"@type":"Organization","@id":"https:\/\/beneggiassociati.com\/en\/#organization","name":"Beneggi e associati","url":"https:\/\/beneggiassociati.com\/en\/","logo":{"@type":"ImageObject","inLanguage":"en-US","@id":"https:\/\/beneggiassociati.com\/en\/#\/schema\/logo\/image\/","url":"https:\/\/beneggiassociati.com\/wp-content\/uploads\/2025\/07\/beneggi-logo.png","contentUrl":"https:\/\/beneggiassociati.com\/wp-content\/uploads\/2025\/07\/beneggi-logo.png","width":141,"height":87,"caption":"Beneggi e associati"},"image":{"@id":"https:\/\/beneggiassociati.com\/en\/#\/schema\/logo\/image\/"}},{"@type":"Person","@id":"https:\/\/beneggiassociati.com\/en\/#\/schema\/person\/828daacfa37b359e89e981f920072004","name":"Tiziano Beneggi","url":"https:\/\/beneggiassociati.com\/en\/author\/tizianobeneggiassociati-com\/"}]}},"_links":{"self":[{"href":"https:\/\/beneggiassociati.com\/en\/wp-json\/wp\/v2\/posts\/16456","targetHints":{"allow":["GET"]}}],"collection":[{"href":"https:\/\/beneggiassociati.com\/en\/wp-json\/wp\/v2\/posts"}],"about":[{"href":"https:\/\/beneggiassociati.com\/en\/wp-json\/wp\/v2\/types\/post"}],"author":[{"embeddable":true,"href":"https:\/\/beneggiassociati.com\/en\/wp-json\/wp\/v2\/users\/4"}],"replies":[{"embeddable":true,"href":"https:\/\/beneggiassociati.com\/en\/wp-json\/wp\/v2\/comments?post=16456"}],"version-history":[{"count":0,"href":"https:\/\/beneggiassociati.com\/en\/wp-json\/wp\/v2\/posts\/16456\/revisions"}],"wp:featuredmedia":[{"embeddable":true,"href":"https:\/\/beneggiassociati.com\/en\/wp-json\/wp\/v2\/media\/409"}],"wp:attachment":[{"href":"https:\/\/beneggiassociati.com\/en\/wp-json\/wp\/v2\/media?parent=16456"}],"wp:term":[{"taxonomy":"category","embeddable":true,"href":"https:\/\/beneggiassociati.com\/en\/wp-json\/wp\/v2\/categories?post=16456"},{"taxonomy":"post_tag","embeddable":true,"href":"https:\/\/beneggiassociati.com\/en\/wp-json\/wp\/v2\/tags?post=16456"}],"curies":[{"name":"wp","href":"https:\/\/api.w.org\/{rel}","templated":true}]}}