{"id":16468,"date":"2019-03-24T08:08:00","date_gmt":"2019-03-24T07:08:00","guid":{"rendered":"https:\/\/dev.beneggiassociati.com\/2019\/03\/24\/terzo-settore-iva-pesante-sui-servizi-socio-sanitari\/"},"modified":"2019-03-24T08:08:00","modified_gmt":"2019-03-24T07:08:00","slug":"terzo-settore-iva-pesante-sui-servizi-socio-sanitari","status":"publish","type":"post","link":"https:\/\/beneggiassociati.com\/en\/terzo-settore-iva-pesante-sui-servizi-socio-sanitari\/","title":{"rendered":"Terzo settore, Iva \u00abpesante\u00bb sui servizi socio-sanitari"},"content":{"rendered":"\n<p>Per le prestazioni socio-sanitarie gli enti che svolgono attivit\u00e0 istituzionale con costi uguali o superiori alle relative entrate potranno trovare accoglienza &#8211; presso una delle sezioni del Runts &#8211; come Ets (ente del Terzo settore) di natura \u00abnon commerciale\u00bb. Invece, qualora i corrispettivi superino i relativi costi di erogazione delle prestazioni, l\u2019ente sar\u00e0 qualificato quale Ets di natura \u201ccommerciale\u201d fatta salva la possibilit\u00e0 di trasformarsi in impresa sociale. L\u2019iscrizione a una delle sezioni del Runts produce effetti rilevanti sul trattamento Iva delle prestazioni rese.<\/p>\n\n\n<p><br \/>Mentre per le cooperative sociali \u2013 ora imprese sociali &#8211; si continuer\u00e0 ad applicare l\u2019aliquota Iva del 5%, per le stesse prestazioni sanitarie e socio-assistenziali il Cts garantisce, di fatto, l\u2019esenzione da Iva esclusivamente nei confronti di quegli Ets \u00abdi natura non commerciale\u00bb considerati tali dalle disposizioni al comma 5, articolo 79 del Cts, cos\u00ec pure nei confronti di tutti gli Ets, diversi dalle imprese sociali, che svolgono in via esclusiva o prevalente le attivit\u00e0 di interesse generale &#8211; comprese quelle accreditate o convenzionate \u2013 con modalit\u00e0 di erogazione gratuita o dietro versamento di corrispettivi che non superano i costi effettivi.<\/p>\n\n\n<p><br \/>Il trattamento Iva destinato agli Ets impone, dunque, una riflessione sulle condizioni oggettive e soggettive delle modalit\u00e0 di esercizio delle attivit\u00e0, per valutare eventuali disparit\u00e0 di trattamento sul settore non profit.&nbsp;<\/p>\n\n\n<p><br \/>In linea generale, l\u2019articolo 10, n. 18, del Dpr 633\/1972 garantisce il regime di esenzione Iva per le prestazioni rese alla persona da soggetti che agiscono nell\u2019esercizio di arti e professioni sanitarie, ovvero di personale specializzato. Tuttavia, l\u2019esenzione delle prestazioni ha carattere oggettivo e non dipende dalla qualifica giuridica del soggetto che le eroga, rilevando, tra le altre, anche per le prestazioni erogate da societ\u00e0 di capitali, ad esclusione delle cooperative sociali (Iva al 5%).<\/p>\n\n\n<p><br \/>Il n. 19 dell\u2019articolo 10 del decreto Iva prevede l\u2019esenzione da Iva alle prestazioni sanitarie di ricovero e cura quando rese da enti ospedalieri, cliniche e case di cura convenzionate oppure quando rese da organismi di diritto pubblico, istituzioni sanitarie riconosciute e da \u00abcooperative non sociali\u00bb aventi la qualifica di ex Onlus, cos\u00ec come dagli Ets di natura \u00abnon commerciale\u00bb. Per la clinica o casa di cura privata che eroga prestazioni in regime di natura in parte convenzionata ed in parte non convenzionata, sembra ragionevole considerare esente da Iva solo la parte di prestazione fornita in via convenzionata, cos\u00ec come, nel caso di cliniche o case di cura convenzionate con tariffe superiori a quelle fissate all\u2019interno delle convenzioni, i relativi corrispettivi dovrebbero essere assoggettati a Iva limitatamente all\u2019importo oltre il limite delle convenzioni stesse.&nbsp;<\/p>\n\n\n<p>Diversamente, le stesse prestazioni saranno soggette ad aliquota Iva ordinaria quando erogate da imprese sociali o da cliniche e case di cura non convenzionate.&nbsp;<\/p>\n\n\n<p><a href=\"mailto:info@beneggiassociati.com\" target=\"_blank\" rel=\"noreferrer noopener\">Sei interessato all\u2019articolo? Scrivici e verrai contattato da un nostro Consultant<\/a><\/p>\n\n\n<p><a href=\"https:\/\/beneggiassociati.com\/\" target=\"_blank\" rel=\"noreferrer noopener\">@ Beneggi e Associati | Commercialisti al servizio delle imprese | Meda | Milano<\/a><strong><br \/><\/strong><\/p>\n","protected":false},"excerpt":{"rendered":"<p>Per le prestazioni socio-sanitarie gli enti che svolgono attivit\u00e0 istituzionale con costi uguali o superiori alle relative entrate potranno trovare accoglienza &#8211; presso una delle sezioni del Runts &#8211; come Ets (ente del Terzo settore) di natura \u00abnon commerciale\u00bb. Invece, qualora i corrispettivi superino i relativi costi di erogazione delle prestazioni, l\u2019ente sar\u00e0 qualificato quale [&hellip;]<\/p>\n","protected":false},"author":4,"featured_media":409,"comment_status":"open","ping_status":"open","sticky":false,"template":"","format":"standard","meta":{"_acf_changed":false,"content-type":"","footnotes":""},"categories":[16],"tags":[],"class_list":["post-16468","post","type-post","status-publish","format-standard","has-post-thumbnail","hentry","category-archivio"],"acf":[],"yoast_head":"<!-- This site is optimized with the Yoast SEO plugin v27.5 - https:\/\/yoast.com\/product\/yoast-seo-wordpress\/ -->\n<title>Terzo settore, Iva \u00abpesante\u00bb sui servizi socio-sanitari - Beneggi &amp; Associati<\/title>\n<meta name=\"description\" content=\"Per le prestazioni socio-sanitarie gli enti che svolgono attivit\u00e0 istituzionale con costi uguali o superiori alle relative entrate potranno trovare\" \/>\n<meta name=\"robots\" content=\"index, follow, max-snippet:-1, max-image-preview:large, max-video-preview:-1\" \/>\n<link rel=\"canonical\" href=\"https:\/\/beneggiassociati.com\/en\/terzo-settore-iva-pesante-sui-servizi-socio-sanitari\/\" \/>\n<meta property=\"og:locale\" content=\"en_US\" \/>\n<meta property=\"og:type\" content=\"article\" \/>\n<meta property=\"og:title\" content=\"Terzo settore, Iva \u00abpesante\u00bb sui servizi socio-sanitari - Beneggi &amp; Associati\" \/>\n<meta property=\"og:description\" content=\"Per le prestazioni socio-sanitarie gli enti che svolgono attivit\u00e0 istituzionale con costi uguali o superiori alle relative entrate potranno trovare\" \/>\n<meta property=\"og:url\" content=\"https:\/\/beneggiassociati.com\/en\/terzo-settore-iva-pesante-sui-servizi-socio-sanitari\/\" \/>\n<meta property=\"og:site_name\" content=\"Beneggi &amp; Associati\" \/>\n<meta property=\"article:published_time\" content=\"2019-03-24T07:08:00+00:00\" \/>\n<meta property=\"og:image\" content=\"https:\/\/beneggiassociati.com\/wp-content\/uploads\/2025\/07\/single-post-beneggi.jpg\" \/>\n\t<meta property=\"og:image:width\" content=\"1280\" \/>\n\t<meta property=\"og:image:height\" content=\"823\" \/>\n\t<meta property=\"og:image:type\" content=\"image\/jpeg\" \/>\n<meta name=\"author\" content=\"Tiziano Beneggi\" \/>\n<meta name=\"twitter:card\" content=\"summary_large_image\" \/>\n<meta name=\"twitter:label1\" content=\"Written by\" \/>\n\t<meta name=\"twitter:data1\" content=\"Tiziano Beneggi\" \/>\n\t<meta name=\"twitter:label2\" content=\"Est. reading time\" \/>\n\t<meta name=\"twitter:data2\" content=\"2 minutes\" \/>\n<script type=\"application\/ld+json\" class=\"yoast-schema-graph\">{\"@context\":\"https:\\\/\\\/schema.org\",\"@graph\":[{\"@type\":\"Article\",\"@id\":\"https:\\\/\\\/beneggiassociati.com\\\/en\\\/terzo-settore-iva-pesante-sui-servizi-socio-sanitari\\\/#article\",\"isPartOf\":{\"@id\":\"https:\\\/\\\/beneggiassociati.com\\\/en\\\/terzo-settore-iva-pesante-sui-servizi-socio-sanitari\\\/\"},\"author\":{\"name\":\"Tiziano Beneggi\",\"@id\":\"https:\\\/\\\/beneggiassociati.com\\\/en\\\/#\\\/schema\\\/person\\\/828daacfa37b359e89e981f920072004\"},\"headline\":\"Terzo settore, Iva \u00abpesante\u00bb sui servizi socio-sanitari\",\"datePublished\":\"2019-03-24T07:08:00+00:00\",\"mainEntityOfPage\":{\"@id\":\"https:\\\/\\\/beneggiassociati.com\\\/en\\\/terzo-settore-iva-pesante-sui-servizi-socio-sanitari\\\/\"},\"wordCount\":481,\"commentCount\":0,\"publisher\":{\"@id\":\"https:\\\/\\\/beneggiassociati.com\\\/en\\\/#organization\"},\"image\":{\"@id\":\"https:\\\/\\\/beneggiassociati.com\\\/en\\\/terzo-settore-iva-pesante-sui-servizi-socio-sanitari\\\/#primaryimage\"},\"thumbnailUrl\":\"https:\\\/\\\/beneggiassociati.com\\\/wp-content\\\/uploads\\\/2025\\\/07\\\/single-post-beneggi.jpg\",\"articleSection\":[\"ARCHIVIO\"],\"inLanguage\":\"en-US\"},{\"@type\":\"WebPage\",\"@id\":\"https:\\\/\\\/beneggiassociati.com\\\/en\\\/terzo-settore-iva-pesante-sui-servizi-socio-sanitari\\\/\",\"url\":\"https:\\\/\\\/beneggiassociati.com\\\/en\\\/terzo-settore-iva-pesante-sui-servizi-socio-sanitari\\\/\",\"name\":\"Terzo settore, Iva \u00abpesante\u00bb sui servizi socio-sanitari - Beneggi &amp; Associati\",\"isPartOf\":{\"@id\":\"https:\\\/\\\/beneggiassociati.com\\\/en\\\/#website\"},\"primaryImageOfPage\":{\"@id\":\"https:\\\/\\\/beneggiassociati.com\\\/en\\\/terzo-settore-iva-pesante-sui-servizi-socio-sanitari\\\/#primaryimage\"},\"image\":{\"@id\":\"https:\\\/\\\/beneggiassociati.com\\\/en\\\/terzo-settore-iva-pesante-sui-servizi-socio-sanitari\\\/#primaryimage\"},\"thumbnailUrl\":\"https:\\\/\\\/beneggiassociati.com\\\/wp-content\\\/uploads\\\/2025\\\/07\\\/single-post-beneggi.jpg\",\"datePublished\":\"2019-03-24T07:08:00+00:00\",\"description\":\"Per le prestazioni socio-sanitarie gli enti che svolgono attivit\u00e0 istituzionale con costi uguali o superiori alle relative entrate potranno trovare\",\"breadcrumb\":{\"@id\":\"https:\\\/\\\/beneggiassociati.com\\\/en\\\/terzo-settore-iva-pesante-sui-servizi-socio-sanitari\\\/#breadcrumb\"},\"inLanguage\":\"en-US\",\"potentialAction\":[{\"@type\":\"ReadAction\",\"target\":[\"https:\\\/\\\/beneggiassociati.com\\\/en\\\/terzo-settore-iva-pesante-sui-servizi-socio-sanitari\\\/\"]}]},{\"@type\":\"ImageObject\",\"inLanguage\":\"en-US\",\"@id\":\"https:\\\/\\\/beneggiassociati.com\\\/en\\\/terzo-settore-iva-pesante-sui-servizi-socio-sanitari\\\/#primaryimage\",\"url\":\"https:\\\/\\\/beneggiassociati.com\\\/wp-content\\\/uploads\\\/2025\\\/07\\\/single-post-beneggi.jpg\",\"contentUrl\":\"https:\\\/\\\/beneggiassociati.com\\\/wp-content\\\/uploads\\\/2025\\\/07\\\/single-post-beneggi.jpg\",\"width\":1280,\"height\":823},{\"@type\":\"BreadcrumbList\",\"@id\":\"https:\\\/\\\/beneggiassociati.com\\\/en\\\/terzo-settore-iva-pesante-sui-servizi-socio-sanitari\\\/#breadcrumb\",\"itemListElement\":[{\"@type\":\"ListItem\",\"position\":1,\"name\":\"Home\",\"item\":\"https:\\\/\\\/beneggiassociati.com\\\/en\\\/?page_id=24163\"},{\"@type\":\"ListItem\",\"position\":2,\"name\":\"Terzo settore, Iva \u00abpesante\u00bb sui servizi socio-sanitari\"}]},{\"@type\":\"WebSite\",\"@id\":\"https:\\\/\\\/beneggiassociati.com\\\/en\\\/#website\",\"url\":\"https:\\\/\\\/beneggiassociati.com\\\/en\\\/\",\"name\":\"Beneggi e associati\",\"description\":\"\",\"publisher\":{\"@id\":\"https:\\\/\\\/beneggiassociati.com\\\/en\\\/#organization\"},\"potentialAction\":[{\"@type\":\"SearchAction\",\"target\":{\"@type\":\"EntryPoint\",\"urlTemplate\":\"https:\\\/\\\/beneggiassociati.com\\\/en\\\/?s={search_term_string}\"},\"query-input\":{\"@type\":\"PropertyValueSpecification\",\"valueRequired\":true,\"valueName\":\"search_term_string\"}}],\"inLanguage\":\"en-US\"},{\"@type\":\"Organization\",\"@id\":\"https:\\\/\\\/beneggiassociati.com\\\/en\\\/#organization\",\"name\":\"Beneggi e associati\",\"url\":\"https:\\\/\\\/beneggiassociati.com\\\/en\\\/\",\"logo\":{\"@type\":\"ImageObject\",\"inLanguage\":\"en-US\",\"@id\":\"https:\\\/\\\/beneggiassociati.com\\\/en\\\/#\\\/schema\\\/logo\\\/image\\\/\",\"url\":\"https:\\\/\\\/beneggiassociati.com\\\/wp-content\\\/uploads\\\/2025\\\/07\\\/beneggi-logo.png\",\"contentUrl\":\"https:\\\/\\\/beneggiassociati.com\\\/wp-content\\\/uploads\\\/2025\\\/07\\\/beneggi-logo.png\",\"width\":141,\"height\":87,\"caption\":\"Beneggi e associati\"},\"image\":{\"@id\":\"https:\\\/\\\/beneggiassociati.com\\\/en\\\/#\\\/schema\\\/logo\\\/image\\\/\"}},{\"@type\":\"Person\",\"@id\":\"https:\\\/\\\/beneggiassociati.com\\\/en\\\/#\\\/schema\\\/person\\\/828daacfa37b359e89e981f920072004\",\"name\":\"Tiziano Beneggi\",\"url\":\"https:\\\/\\\/beneggiassociati.com\\\/en\\\/author\\\/tizianobeneggiassociati-com\\\/\"}]}<\/script>\n<!-- \/ Yoast SEO plugin. -->","yoast_head_json":{"title":"Terzo settore, Iva \u00abpesante\u00bb sui servizi socio-sanitari - Beneggi &amp; Associati","description":"Per le prestazioni socio-sanitarie gli enti che svolgono attivit\u00e0 istituzionale con costi uguali o superiori alle relative entrate potranno trovare","robots":{"index":"index","follow":"follow","max-snippet":"max-snippet:-1","max-image-preview":"max-image-preview:large","max-video-preview":"max-video-preview:-1"},"canonical":"https:\/\/beneggiassociati.com\/en\/terzo-settore-iva-pesante-sui-servizi-socio-sanitari\/","og_locale":"en_US","og_type":"article","og_title":"Terzo settore, Iva \u00abpesante\u00bb sui servizi socio-sanitari - Beneggi &amp; Associati","og_description":"Per le prestazioni socio-sanitarie gli enti che svolgono attivit\u00e0 istituzionale con costi uguali o superiori alle relative entrate potranno trovare","og_url":"https:\/\/beneggiassociati.com\/en\/terzo-settore-iva-pesante-sui-servizi-socio-sanitari\/","og_site_name":"Beneggi &amp; Associati","article_published_time":"2019-03-24T07:08:00+00:00","og_image":[{"width":1280,"height":823,"url":"https:\/\/beneggiassociati.com\/wp-content\/uploads\/2025\/07\/single-post-beneggi.jpg","type":"image\/jpeg"}],"author":"Tiziano Beneggi","twitter_card":"summary_large_image","twitter_misc":{"Written by":"Tiziano Beneggi","Est. reading time":"2 minutes"},"schema":{"@context":"https:\/\/schema.org","@graph":[{"@type":"Article","@id":"https:\/\/beneggiassociati.com\/en\/terzo-settore-iva-pesante-sui-servizi-socio-sanitari\/#article","isPartOf":{"@id":"https:\/\/beneggiassociati.com\/en\/terzo-settore-iva-pesante-sui-servizi-socio-sanitari\/"},"author":{"name":"Tiziano Beneggi","@id":"https:\/\/beneggiassociati.com\/en\/#\/schema\/person\/828daacfa37b359e89e981f920072004"},"headline":"Terzo settore, Iva \u00abpesante\u00bb sui servizi socio-sanitari","datePublished":"2019-03-24T07:08:00+00:00","mainEntityOfPage":{"@id":"https:\/\/beneggiassociati.com\/en\/terzo-settore-iva-pesante-sui-servizi-socio-sanitari\/"},"wordCount":481,"commentCount":0,"publisher":{"@id":"https:\/\/beneggiassociati.com\/en\/#organization"},"image":{"@id":"https:\/\/beneggiassociati.com\/en\/terzo-settore-iva-pesante-sui-servizi-socio-sanitari\/#primaryimage"},"thumbnailUrl":"https:\/\/beneggiassociati.com\/wp-content\/uploads\/2025\/07\/single-post-beneggi.jpg","articleSection":["ARCHIVIO"],"inLanguage":"en-US"},{"@type":"WebPage","@id":"https:\/\/beneggiassociati.com\/en\/terzo-settore-iva-pesante-sui-servizi-socio-sanitari\/","url":"https:\/\/beneggiassociati.com\/en\/terzo-settore-iva-pesante-sui-servizi-socio-sanitari\/","name":"Terzo settore, Iva \u00abpesante\u00bb sui servizi socio-sanitari - Beneggi &amp; Associati","isPartOf":{"@id":"https:\/\/beneggiassociati.com\/en\/#website"},"primaryImageOfPage":{"@id":"https:\/\/beneggiassociati.com\/en\/terzo-settore-iva-pesante-sui-servizi-socio-sanitari\/#primaryimage"},"image":{"@id":"https:\/\/beneggiassociati.com\/en\/terzo-settore-iva-pesante-sui-servizi-socio-sanitari\/#primaryimage"},"thumbnailUrl":"https:\/\/beneggiassociati.com\/wp-content\/uploads\/2025\/07\/single-post-beneggi.jpg","datePublished":"2019-03-24T07:08:00+00:00","description":"Per le prestazioni socio-sanitarie gli enti che svolgono attivit\u00e0 istituzionale con costi uguali o superiori alle relative entrate potranno trovare","breadcrumb":{"@id":"https:\/\/beneggiassociati.com\/en\/terzo-settore-iva-pesante-sui-servizi-socio-sanitari\/#breadcrumb"},"inLanguage":"en-US","potentialAction":[{"@type":"ReadAction","target":["https:\/\/beneggiassociati.com\/en\/terzo-settore-iva-pesante-sui-servizi-socio-sanitari\/"]}]},{"@type":"ImageObject","inLanguage":"en-US","@id":"https:\/\/beneggiassociati.com\/en\/terzo-settore-iva-pesante-sui-servizi-socio-sanitari\/#primaryimage","url":"https:\/\/beneggiassociati.com\/wp-content\/uploads\/2025\/07\/single-post-beneggi.jpg","contentUrl":"https:\/\/beneggiassociati.com\/wp-content\/uploads\/2025\/07\/single-post-beneggi.jpg","width":1280,"height":823},{"@type":"BreadcrumbList","@id":"https:\/\/beneggiassociati.com\/en\/terzo-settore-iva-pesante-sui-servizi-socio-sanitari\/#breadcrumb","itemListElement":[{"@type":"ListItem","position":1,"name":"Home","item":"https:\/\/beneggiassociati.com\/en\/?page_id=24163"},{"@type":"ListItem","position":2,"name":"Terzo settore, Iva \u00abpesante\u00bb sui servizi socio-sanitari"}]},{"@type":"WebSite","@id":"https:\/\/beneggiassociati.com\/en\/#website","url":"https:\/\/beneggiassociati.com\/en\/","name":"Beneggi e associati","description":"","publisher":{"@id":"https:\/\/beneggiassociati.com\/en\/#organization"},"potentialAction":[{"@type":"SearchAction","target":{"@type":"EntryPoint","urlTemplate":"https:\/\/beneggiassociati.com\/en\/?s={search_term_string}"},"query-input":{"@type":"PropertyValueSpecification","valueRequired":true,"valueName":"search_term_string"}}],"inLanguage":"en-US"},{"@type":"Organization","@id":"https:\/\/beneggiassociati.com\/en\/#organization","name":"Beneggi e associati","url":"https:\/\/beneggiassociati.com\/en\/","logo":{"@type":"ImageObject","inLanguage":"en-US","@id":"https:\/\/beneggiassociati.com\/en\/#\/schema\/logo\/image\/","url":"https:\/\/beneggiassociati.com\/wp-content\/uploads\/2025\/07\/beneggi-logo.png","contentUrl":"https:\/\/beneggiassociati.com\/wp-content\/uploads\/2025\/07\/beneggi-logo.png","width":141,"height":87,"caption":"Beneggi e associati"},"image":{"@id":"https:\/\/beneggiassociati.com\/en\/#\/schema\/logo\/image\/"}},{"@type":"Person","@id":"https:\/\/beneggiassociati.com\/en\/#\/schema\/person\/828daacfa37b359e89e981f920072004","name":"Tiziano Beneggi","url":"https:\/\/beneggiassociati.com\/en\/author\/tizianobeneggiassociati-com\/"}]}},"_links":{"self":[{"href":"https:\/\/beneggiassociati.com\/en\/wp-json\/wp\/v2\/posts\/16468","targetHints":{"allow":["GET"]}}],"collection":[{"href":"https:\/\/beneggiassociati.com\/en\/wp-json\/wp\/v2\/posts"}],"about":[{"href":"https:\/\/beneggiassociati.com\/en\/wp-json\/wp\/v2\/types\/post"}],"author":[{"embeddable":true,"href":"https:\/\/beneggiassociati.com\/en\/wp-json\/wp\/v2\/users\/4"}],"replies":[{"embeddable":true,"href":"https:\/\/beneggiassociati.com\/en\/wp-json\/wp\/v2\/comments?post=16468"}],"version-history":[{"count":0,"href":"https:\/\/beneggiassociati.com\/en\/wp-json\/wp\/v2\/posts\/16468\/revisions"}],"wp:featuredmedia":[{"embeddable":true,"href":"https:\/\/beneggiassociati.com\/en\/wp-json\/wp\/v2\/media\/409"}],"wp:attachment":[{"href":"https:\/\/beneggiassociati.com\/en\/wp-json\/wp\/v2\/media?parent=16468"}],"wp:term":[{"taxonomy":"category","embeddable":true,"href":"https:\/\/beneggiassociati.com\/en\/wp-json\/wp\/v2\/categories?post=16468"},{"taxonomy":"post_tag","embeddable":true,"href":"https:\/\/beneggiassociati.com\/en\/wp-json\/wp\/v2\/tags?post=16468"}],"curies":[{"name":"wp","href":"https:\/\/api.w.org\/{rel}","templated":true}]}}