{"id":16469,"date":"2019-03-24T08:10:00","date_gmt":"2019-03-24T07:10:00","guid":{"rendered":"https:\/\/dev.beneggiassociati.com\/2019\/03\/24\/ets-doppio-check-sullassistenza-domiciliare-e-ambulatoriale\/"},"modified":"2019-03-24T08:10:00","modified_gmt":"2019-03-24T07:10:00","slug":"ets-doppio-check-sullassistenza-domiciliare-e-ambulatoriale","status":"publish","type":"post","link":"https:\/\/beneggiassociati.com\/en\/ets-doppio-check-sullassistenza-domiciliare-e-ambulatoriale\/","title":{"rendered":"Ets, doppio check sull\u2019assistenza domiciliare e ambulatoriale"},"content":{"rendered":"\n<p>L\u2019articolo 10, n. 21 del decreto Iva, esenta dall\u2019imposta le prestazioni proprie erogate dalle case di riposo come ricovero, somministrazioni di vitto, indumenti e medicinali, prestazioni curative e prestazioni a esse accessorie. L\u2019esenzione di tali prestazioni assume carattere oggettivo indipendentemente sia dal soggetto erogatore che dalla tipologia di soggetto beneficiario.&nbsp;<\/p>\n\n\n<p><br \/>I servizi indicati all\u2019interno dell\u2019articolo 10, n. 27-ter del decreto Iva comprendono una serie di attivit\u00e0 a carattere sociale con l\u2019obiettivo di supportare la persona considerata bisognosa di assistenza o sicurezza sociale.<\/p>\n\n\n<p><br \/>Al fine di esentare da Iva le prestazioni, occorre soddisfare un duplice requisito soggettivo in capo sia ai beneficiari che ai soggetti erogatori: i soggetti destinatari delle prestazioni sono coloro i quali considerati \u00absvantaggiati\u00bb, mentre &#8211; per quanto riguarda i soggetti erogatori &#8211; l\u2019esenzione operer\u00e0 esclusivamente a favore dei soggetti giuridici espressamente indicati all\u2019interno della norma. Cos\u00ec, mentre appare agevole considerare esenti da Iva le prestazioni rese da organismi di diritto pubblico e da istituzioni sanitarie riconosciute che erogano assistenza pubblica, a seguito dell\u2019intervento del Cts al fine di esentare le prestazioni erogate da enti a finalit\u00e0 di assistenza sociale e da Ets occorrer\u00e0 verificare dapprima se le prestazioni socio-sanitarie rientrano all\u2019interno delle attivit\u00e0 di interesse generale degli enti e, contestualmente, accertarsi che le stesse siano svolte in via principale o prevalente e senza scopo di lucro.<\/p>\n\n\n<p><br \/>Rimangono, pertanto, escluse le cooperative sociali \u2013 che godono del regime agevolativo di favore con aliquota pari al 5% &#8211; cos\u00ec come i loro consorzi ovvero le societ\u00e0 di persone o di capitali.&nbsp;<\/p>\n\n\n<p><br \/>Con riferimento alle imprese sociali, si ritiene che le prestazioni dalle stesse erogate siano da assoggettare ad aliquota ordinaria per via della mancata indicazione \u2013 all\u2019interno della norma &#8211; tra i soggetti giuridici oggettivamente destinatari del beneficio di esenzione.&nbsp;<\/p>\n\n\n<p>L\u2019articolo 13 della direttiva Iva, per prevenire il rischio di distorsione della concorrenza, considera alla stregua di soggetti passivi Iva gli enti pubblici quando il mancato assoggettamento ad Iva delle attivit\u00e0 da essi erogate, pu\u00f2 determinare fenomeni non trascurabili di concorrenza sleale tra autorit\u00e0 pubbliche e soggetti privati.&nbsp;<\/p>\n\n\n<p><br \/>Ci\u00f2 che si intende evitare, di fatto, \u00e8 che operazioni di uno stesso tipo, in concorrenza tra loro, siano trattate in maniera diversa, cos\u00ec da garantire la neutralit\u00e0 concorrenziale.<\/p>\n\n\n<p><br \/>Tale principio potrebbe essere infranto laddove \u2013 se mutuato al possibile dualismo che potrebbe generarsi tra le ex Onlus &#8211; ora enti non commerciali\/enti commerciali\/imprese sociali \u2013 l\u2019esenzione da Iva dipendesse esclusivamente dalla forma giuridica mediante il quale un ente svolge la propria attivit\u00e0 e non anche con riferimento alle finalit\u00e0 socio-assistenziali che gli enti stessi intendono perseguire.<\/p>\n\n\n<p><br \/>Una eventuale disparit\u00e0 di trattamento Iva di una stessa prestazione erogata da un Ets non commerciale o da parte di un Ets commerciale\/Impresa sociale graverebbe non poco, in termini di maggiori costi, pure nei confronti dell\u2019utenza finale, all\u2019atto della scelta della struttura erogatrice di un servizio.<\/p>\n\n\n<p><a href=\"mailto:info@beneggiassociati.com\" target=\"_blank\" rel=\"noreferrer noopener\">Sei interessato all\u2019articolo? Scrivici e verrai contattato da un nostro Consultant<\/a><\/p>\n\n\n<p><a href=\"https:\/\/beneggiassociati.com\/\" target=\"_blank\" rel=\"noreferrer noopener\">@ Beneggi e Associati | Commercialisti al servizio delle imprese | Meda | Milano<\/a><\/p>\n","protected":false},"excerpt":{"rendered":"<p>L\u2019articolo 10, n. 21 del decreto Iva, esenta dall\u2019imposta le prestazioni proprie erogate dalle case di riposo come ricovero, somministrazioni di vitto, indumenti e medicinali, prestazioni curative e prestazioni a esse accessorie. L\u2019esenzione di tali prestazioni assume carattere oggettivo indipendentemente sia dal soggetto erogatore che dalla tipologia di soggetto beneficiario.&nbsp; I servizi indicati all\u2019interno dell\u2019articolo [&hellip;]<\/p>\n","protected":false},"author":4,"featured_media":409,"comment_status":"open","ping_status":"open","sticky":false,"template":"","format":"standard","meta":{"_acf_changed":false,"content-type":"","footnotes":""},"categories":[16],"tags":[],"class_list":["post-16469","post","type-post","status-publish","format-standard","has-post-thumbnail","hentry","category-archivio"],"acf":[],"yoast_head":"<!-- This site is optimized with the Yoast SEO plugin v27.5 - https:\/\/yoast.com\/product\/yoast-seo-wordpress\/ -->\n<title>Ets, doppio check sull\u2019assistenza domiciliare e ambulatoriale - Beneggi &amp; Associati<\/title>\n<meta name=\"description\" content=\"L\u2019articolo 10, n. 21 del decreto Iva, esenta dall\u2019imposta le prestazioni proprie erogate dalle case di riposo come ricovero, somministrazioni di vitto,\" \/>\n<meta name=\"robots\" content=\"index, follow, max-snippet:-1, max-image-preview:large, max-video-preview:-1\" \/>\n<link rel=\"canonical\" href=\"https:\/\/beneggiassociati.com\/en\/ets-doppio-check-sullassistenza-domiciliare-e-ambulatoriale\/\" \/>\n<meta property=\"og:locale\" content=\"en_US\" \/>\n<meta property=\"og:type\" content=\"article\" \/>\n<meta property=\"og:title\" content=\"Ets, doppio check sull\u2019assistenza domiciliare e ambulatoriale - Beneggi &amp; Associati\" \/>\n<meta property=\"og:description\" content=\"L\u2019articolo 10, n. 21 del decreto Iva, esenta dall\u2019imposta le prestazioni proprie erogate dalle case di riposo come ricovero, somministrazioni di vitto,\" \/>\n<meta property=\"og:url\" content=\"https:\/\/beneggiassociati.com\/en\/ets-doppio-check-sullassistenza-domiciliare-e-ambulatoriale\/\" \/>\n<meta property=\"og:site_name\" content=\"Beneggi &amp; Associati\" \/>\n<meta property=\"article:published_time\" content=\"2019-03-24T07:10:00+00:00\" \/>\n<meta property=\"og:image\" content=\"https:\/\/beneggiassociati.com\/wp-content\/uploads\/2025\/07\/single-post-beneggi.jpg\" \/>\n\t<meta property=\"og:image:width\" content=\"1280\" \/>\n\t<meta property=\"og:image:height\" content=\"823\" \/>\n\t<meta property=\"og:image:type\" content=\"image\/jpeg\" \/>\n<meta name=\"author\" content=\"Tiziano Beneggi\" \/>\n<meta name=\"twitter:card\" content=\"summary_large_image\" \/>\n<meta name=\"twitter:label1\" content=\"Written by\" \/>\n\t<meta name=\"twitter:data1\" content=\"Tiziano Beneggi\" \/>\n\t<meta name=\"twitter:label2\" content=\"Est. reading time\" \/>\n\t<meta name=\"twitter:data2\" content=\"3 minutes\" \/>\n<script type=\"application\/ld+json\" class=\"yoast-schema-graph\">{\"@context\":\"https:\\\/\\\/schema.org\",\"@graph\":[{\"@type\":\"Article\",\"@id\":\"https:\\\/\\\/beneggiassociati.com\\\/en\\\/ets-doppio-check-sullassistenza-domiciliare-e-ambulatoriale\\\/#article\",\"isPartOf\":{\"@id\":\"https:\\\/\\\/beneggiassociati.com\\\/en\\\/ets-doppio-check-sullassistenza-domiciliare-e-ambulatoriale\\\/\"},\"author\":{\"name\":\"Tiziano Beneggi\",\"@id\":\"https:\\\/\\\/beneggiassociati.com\\\/en\\\/#\\\/schema\\\/person\\\/828daacfa37b359e89e981f920072004\"},\"headline\":\"Ets, doppio check sull\u2019assistenza domiciliare e ambulatoriale\",\"datePublished\":\"2019-03-24T07:10:00+00:00\",\"mainEntityOfPage\":{\"@id\":\"https:\\\/\\\/beneggiassociati.com\\\/en\\\/ets-doppio-check-sullassistenza-domiciliare-e-ambulatoriale\\\/\"},\"wordCount\":514,\"commentCount\":0,\"publisher\":{\"@id\":\"https:\\\/\\\/beneggiassociati.com\\\/en\\\/#organization\"},\"image\":{\"@id\":\"https:\\\/\\\/beneggiassociati.com\\\/en\\\/ets-doppio-check-sullassistenza-domiciliare-e-ambulatoriale\\\/#primaryimage\"},\"thumbnailUrl\":\"https:\\\/\\\/beneggiassociati.com\\\/wp-content\\\/uploads\\\/2025\\\/07\\\/single-post-beneggi.jpg\",\"articleSection\":[\"ARCHIVIO\"],\"inLanguage\":\"en-US\"},{\"@type\":\"WebPage\",\"@id\":\"https:\\\/\\\/beneggiassociati.com\\\/en\\\/ets-doppio-check-sullassistenza-domiciliare-e-ambulatoriale\\\/\",\"url\":\"https:\\\/\\\/beneggiassociati.com\\\/en\\\/ets-doppio-check-sullassistenza-domiciliare-e-ambulatoriale\\\/\",\"name\":\"Ets, doppio check sull\u2019assistenza domiciliare e ambulatoriale - Beneggi &amp; Associati\",\"isPartOf\":{\"@id\":\"https:\\\/\\\/beneggiassociati.com\\\/en\\\/#website\"},\"primaryImageOfPage\":{\"@id\":\"https:\\\/\\\/beneggiassociati.com\\\/en\\\/ets-doppio-check-sullassistenza-domiciliare-e-ambulatoriale\\\/#primaryimage\"},\"image\":{\"@id\":\"https:\\\/\\\/beneggiassociati.com\\\/en\\\/ets-doppio-check-sullassistenza-domiciliare-e-ambulatoriale\\\/#primaryimage\"},\"thumbnailUrl\":\"https:\\\/\\\/beneggiassociati.com\\\/wp-content\\\/uploads\\\/2025\\\/07\\\/single-post-beneggi.jpg\",\"datePublished\":\"2019-03-24T07:10:00+00:00\",\"description\":\"L\u2019articolo 10, n. 21 del decreto Iva, esenta dall\u2019imposta le prestazioni proprie erogate dalle case di riposo come ricovero, somministrazioni di vitto,\",\"breadcrumb\":{\"@id\":\"https:\\\/\\\/beneggiassociati.com\\\/en\\\/ets-doppio-check-sullassistenza-domiciliare-e-ambulatoriale\\\/#breadcrumb\"},\"inLanguage\":\"en-US\",\"potentialAction\":[{\"@type\":\"ReadAction\",\"target\":[\"https:\\\/\\\/beneggiassociati.com\\\/en\\\/ets-doppio-check-sullassistenza-domiciliare-e-ambulatoriale\\\/\"]}]},{\"@type\":\"ImageObject\",\"inLanguage\":\"en-US\",\"@id\":\"https:\\\/\\\/beneggiassociati.com\\\/en\\\/ets-doppio-check-sullassistenza-domiciliare-e-ambulatoriale\\\/#primaryimage\",\"url\":\"https:\\\/\\\/beneggiassociati.com\\\/wp-content\\\/uploads\\\/2025\\\/07\\\/single-post-beneggi.jpg\",\"contentUrl\":\"https:\\\/\\\/beneggiassociati.com\\\/wp-content\\\/uploads\\\/2025\\\/07\\\/single-post-beneggi.jpg\",\"width\":1280,\"height\":823},{\"@type\":\"BreadcrumbList\",\"@id\":\"https:\\\/\\\/beneggiassociati.com\\\/en\\\/ets-doppio-check-sullassistenza-domiciliare-e-ambulatoriale\\\/#breadcrumb\",\"itemListElement\":[{\"@type\":\"ListItem\",\"position\":1,\"name\":\"Home\",\"item\":\"https:\\\/\\\/beneggiassociati.com\\\/en\\\/?page_id=24163\"},{\"@type\":\"ListItem\",\"position\":2,\"name\":\"Ets, doppio check sull\u2019assistenza domiciliare e ambulatoriale\"}]},{\"@type\":\"WebSite\",\"@id\":\"https:\\\/\\\/beneggiassociati.com\\\/en\\\/#website\",\"url\":\"https:\\\/\\\/beneggiassociati.com\\\/en\\\/\",\"name\":\"Beneggi e associati\",\"description\":\"\",\"publisher\":{\"@id\":\"https:\\\/\\\/beneggiassociati.com\\\/en\\\/#organization\"},\"potentialAction\":[{\"@type\":\"SearchAction\",\"target\":{\"@type\":\"EntryPoint\",\"urlTemplate\":\"https:\\\/\\\/beneggiassociati.com\\\/en\\\/?s={search_term_string}\"},\"query-input\":{\"@type\":\"PropertyValueSpecification\",\"valueRequired\":true,\"valueName\":\"search_term_string\"}}],\"inLanguage\":\"en-US\"},{\"@type\":\"Organization\",\"@id\":\"https:\\\/\\\/beneggiassociati.com\\\/en\\\/#organization\",\"name\":\"Beneggi e associati\",\"url\":\"https:\\\/\\\/beneggiassociati.com\\\/en\\\/\",\"logo\":{\"@type\":\"ImageObject\",\"inLanguage\":\"en-US\",\"@id\":\"https:\\\/\\\/beneggiassociati.com\\\/en\\\/#\\\/schema\\\/logo\\\/image\\\/\",\"url\":\"https:\\\/\\\/beneggiassociati.com\\\/wp-content\\\/uploads\\\/2025\\\/07\\\/beneggi-logo.png\",\"contentUrl\":\"https:\\\/\\\/beneggiassociati.com\\\/wp-content\\\/uploads\\\/2025\\\/07\\\/beneggi-logo.png\",\"width\":141,\"height\":87,\"caption\":\"Beneggi e associati\"},\"image\":{\"@id\":\"https:\\\/\\\/beneggiassociati.com\\\/en\\\/#\\\/schema\\\/logo\\\/image\\\/\"}},{\"@type\":\"Person\",\"@id\":\"https:\\\/\\\/beneggiassociati.com\\\/en\\\/#\\\/schema\\\/person\\\/828daacfa37b359e89e981f920072004\",\"name\":\"Tiziano Beneggi\",\"url\":\"https:\\\/\\\/beneggiassociati.com\\\/en\\\/author\\\/tizianobeneggiassociati-com\\\/\"}]}<\/script>\n<!-- \/ Yoast SEO plugin. -->","yoast_head_json":{"title":"Ets, doppio check sull\u2019assistenza domiciliare e ambulatoriale - Beneggi &amp; Associati","description":"L\u2019articolo 10, n. 21 del decreto Iva, esenta dall\u2019imposta le prestazioni proprie erogate dalle case di riposo come ricovero, somministrazioni di vitto,","robots":{"index":"index","follow":"follow","max-snippet":"max-snippet:-1","max-image-preview":"max-image-preview:large","max-video-preview":"max-video-preview:-1"},"canonical":"https:\/\/beneggiassociati.com\/en\/ets-doppio-check-sullassistenza-domiciliare-e-ambulatoriale\/","og_locale":"en_US","og_type":"article","og_title":"Ets, doppio check sull\u2019assistenza domiciliare e ambulatoriale - Beneggi &amp; Associati","og_description":"L\u2019articolo 10, n. 21 del decreto Iva, esenta dall\u2019imposta le prestazioni proprie erogate dalle case di riposo come ricovero, somministrazioni di vitto,","og_url":"https:\/\/beneggiassociati.com\/en\/ets-doppio-check-sullassistenza-domiciliare-e-ambulatoriale\/","og_site_name":"Beneggi &amp; Associati","article_published_time":"2019-03-24T07:10:00+00:00","og_image":[{"width":1280,"height":823,"url":"https:\/\/beneggiassociati.com\/wp-content\/uploads\/2025\/07\/single-post-beneggi.jpg","type":"image\/jpeg"}],"author":"Tiziano Beneggi","twitter_card":"summary_large_image","twitter_misc":{"Written by":"Tiziano Beneggi","Est. reading time":"3 minutes"},"schema":{"@context":"https:\/\/schema.org","@graph":[{"@type":"Article","@id":"https:\/\/beneggiassociati.com\/en\/ets-doppio-check-sullassistenza-domiciliare-e-ambulatoriale\/#article","isPartOf":{"@id":"https:\/\/beneggiassociati.com\/en\/ets-doppio-check-sullassistenza-domiciliare-e-ambulatoriale\/"},"author":{"name":"Tiziano Beneggi","@id":"https:\/\/beneggiassociati.com\/en\/#\/schema\/person\/828daacfa37b359e89e981f920072004"},"headline":"Ets, doppio check sull\u2019assistenza domiciliare e ambulatoriale","datePublished":"2019-03-24T07:10:00+00:00","mainEntityOfPage":{"@id":"https:\/\/beneggiassociati.com\/en\/ets-doppio-check-sullassistenza-domiciliare-e-ambulatoriale\/"},"wordCount":514,"commentCount":0,"publisher":{"@id":"https:\/\/beneggiassociati.com\/en\/#organization"},"image":{"@id":"https:\/\/beneggiassociati.com\/en\/ets-doppio-check-sullassistenza-domiciliare-e-ambulatoriale\/#primaryimage"},"thumbnailUrl":"https:\/\/beneggiassociati.com\/wp-content\/uploads\/2025\/07\/single-post-beneggi.jpg","articleSection":["ARCHIVIO"],"inLanguage":"en-US"},{"@type":"WebPage","@id":"https:\/\/beneggiassociati.com\/en\/ets-doppio-check-sullassistenza-domiciliare-e-ambulatoriale\/","url":"https:\/\/beneggiassociati.com\/en\/ets-doppio-check-sullassistenza-domiciliare-e-ambulatoriale\/","name":"Ets, doppio check sull\u2019assistenza domiciliare e ambulatoriale - Beneggi &amp; Associati","isPartOf":{"@id":"https:\/\/beneggiassociati.com\/en\/#website"},"primaryImageOfPage":{"@id":"https:\/\/beneggiassociati.com\/en\/ets-doppio-check-sullassistenza-domiciliare-e-ambulatoriale\/#primaryimage"},"image":{"@id":"https:\/\/beneggiassociati.com\/en\/ets-doppio-check-sullassistenza-domiciliare-e-ambulatoriale\/#primaryimage"},"thumbnailUrl":"https:\/\/beneggiassociati.com\/wp-content\/uploads\/2025\/07\/single-post-beneggi.jpg","datePublished":"2019-03-24T07:10:00+00:00","description":"L\u2019articolo 10, n. 21 del decreto Iva, esenta dall\u2019imposta le prestazioni proprie erogate dalle case di riposo come ricovero, somministrazioni di vitto,","breadcrumb":{"@id":"https:\/\/beneggiassociati.com\/en\/ets-doppio-check-sullassistenza-domiciliare-e-ambulatoriale\/#breadcrumb"},"inLanguage":"en-US","potentialAction":[{"@type":"ReadAction","target":["https:\/\/beneggiassociati.com\/en\/ets-doppio-check-sullassistenza-domiciliare-e-ambulatoriale\/"]}]},{"@type":"ImageObject","inLanguage":"en-US","@id":"https:\/\/beneggiassociati.com\/en\/ets-doppio-check-sullassistenza-domiciliare-e-ambulatoriale\/#primaryimage","url":"https:\/\/beneggiassociati.com\/wp-content\/uploads\/2025\/07\/single-post-beneggi.jpg","contentUrl":"https:\/\/beneggiassociati.com\/wp-content\/uploads\/2025\/07\/single-post-beneggi.jpg","width":1280,"height":823},{"@type":"BreadcrumbList","@id":"https:\/\/beneggiassociati.com\/en\/ets-doppio-check-sullassistenza-domiciliare-e-ambulatoriale\/#breadcrumb","itemListElement":[{"@type":"ListItem","position":1,"name":"Home","item":"https:\/\/beneggiassociati.com\/en\/?page_id=24163"},{"@type":"ListItem","position":2,"name":"Ets, doppio check sull\u2019assistenza domiciliare e ambulatoriale"}]},{"@type":"WebSite","@id":"https:\/\/beneggiassociati.com\/en\/#website","url":"https:\/\/beneggiassociati.com\/en\/","name":"Beneggi e associati","description":"","publisher":{"@id":"https:\/\/beneggiassociati.com\/en\/#organization"},"potentialAction":[{"@type":"SearchAction","target":{"@type":"EntryPoint","urlTemplate":"https:\/\/beneggiassociati.com\/en\/?s={search_term_string}"},"query-input":{"@type":"PropertyValueSpecification","valueRequired":true,"valueName":"search_term_string"}}],"inLanguage":"en-US"},{"@type":"Organization","@id":"https:\/\/beneggiassociati.com\/en\/#organization","name":"Beneggi e associati","url":"https:\/\/beneggiassociati.com\/en\/","logo":{"@type":"ImageObject","inLanguage":"en-US","@id":"https:\/\/beneggiassociati.com\/en\/#\/schema\/logo\/image\/","url":"https:\/\/beneggiassociati.com\/wp-content\/uploads\/2025\/07\/beneggi-logo.png","contentUrl":"https:\/\/beneggiassociati.com\/wp-content\/uploads\/2025\/07\/beneggi-logo.png","width":141,"height":87,"caption":"Beneggi e associati"},"image":{"@id":"https:\/\/beneggiassociati.com\/en\/#\/schema\/logo\/image\/"}},{"@type":"Person","@id":"https:\/\/beneggiassociati.com\/en\/#\/schema\/person\/828daacfa37b359e89e981f920072004","name":"Tiziano Beneggi","url":"https:\/\/beneggiassociati.com\/en\/author\/tizianobeneggiassociati-com\/"}]}},"_links":{"self":[{"href":"https:\/\/beneggiassociati.com\/en\/wp-json\/wp\/v2\/posts\/16469","targetHints":{"allow":["GET"]}}],"collection":[{"href":"https:\/\/beneggiassociati.com\/en\/wp-json\/wp\/v2\/posts"}],"about":[{"href":"https:\/\/beneggiassociati.com\/en\/wp-json\/wp\/v2\/types\/post"}],"author":[{"embeddable":true,"href":"https:\/\/beneggiassociati.com\/en\/wp-json\/wp\/v2\/users\/4"}],"replies":[{"embeddable":true,"href":"https:\/\/beneggiassociati.com\/en\/wp-json\/wp\/v2\/comments?post=16469"}],"version-history":[{"count":0,"href":"https:\/\/beneggiassociati.com\/en\/wp-json\/wp\/v2\/posts\/16469\/revisions"}],"wp:featuredmedia":[{"embeddable":true,"href":"https:\/\/beneggiassociati.com\/en\/wp-json\/wp\/v2\/media\/409"}],"wp:attachment":[{"href":"https:\/\/beneggiassociati.com\/en\/wp-json\/wp\/v2\/media?parent=16469"}],"wp:term":[{"taxonomy":"category","embeddable":true,"href":"https:\/\/beneggiassociati.com\/en\/wp-json\/wp\/v2\/categories?post=16469"},{"taxonomy":"post_tag","embeddable":true,"href":"https:\/\/beneggiassociati.com\/en\/wp-json\/wp\/v2\/tags?post=16469"}],"curies":[{"name":"wp","href":"https:\/\/api.w.org\/{rel}","templated":true}]}}