{"id":16475,"date":"2019-03-30T19:19:00","date_gmt":"2019-03-30T18:19:00","guid":{"rendered":"https:\/\/dev.beneggiassociati.com\/2019\/03\/30\/quota-100-e-reddito-di-cittadinanza-sono-legge\/"},"modified":"2019-03-30T19:19:00","modified_gmt":"2019-03-30T18:19:00","slug":"quota-100-e-reddito-di-cittadinanza-sono-legge","status":"publish","type":"post","link":"https:\/\/beneggiassociati.com\/en\/quota-100-e-reddito-di-cittadinanza-sono-legge\/","title":{"rendered":"Quota 100 e reddito di cittadinanza, sono legge"},"content":{"rendered":"\n<p>Ok definitivo del Senato alla conversione in legge del decretone su reddito di cittadinanza e quota 100.&nbsp;<\/p>\n\n\n<p>Tra i principali ritocchi apportati al capitolo del reddito di cittadinanza, il sussidio rafforzato alle famiglie con disabili e l\u2019introduzione di paletti anti-furbetti. Gli enti locali possono assumere 3mila navigator (anzich\u00e9 6mila) ed \u00e8 previsto un requisito retributivo di 858 euro per considerare congrua l\u2019offerta d\u2019impiego. Possibile il pagamento della pensione di cittadinanza anche in contanti e non solo con la card.<\/p>\n\n\n<p><br \/>Sul fronte di \u00abquota 100\u00bb (il pensionamento anticipato con almeno 62 anni d\u2019et\u00e0 e 38 di contributi), \u00e8 stato innalzato da 30mila a 45mila euro il limite per l\u2019anticipo con prestito bancario delle liquidazioni (Tfs) degli statali, che potr\u00e0 essere richiesto anche dai dipendenti pubblici gi\u00e0 in pensione al momento dell\u2019entrata in vigore del decretone. \u00c8 saltato il tetto anagrafico dei 45 anni per i riscatti agevolati della laurea da parte dei lavoratori in attivit\u00e0 dal 1\u00b0 gennaio 1996. Sempre nel corso dell\u2019iter parlamentare \u00e8 stato prolungato da 5 a 10 anni il meccanismo di rateizzazione mensile (120 rate anzich\u00e9 60) della cosiddetta \u201cpace contributiva\u201d.<\/p>\n\n\n<p><br \/>Tornando al Rdc, in sede di conversione in legge sono migliorate le condizioni d\u2019accesso a reddito e pensioni di cittadinanza per le famiglie che hanno persone con disabilit\u00e0 gravi o non autosufficienti. Il valore del patrimonio finanziario resta di 6mila euro per un single, ma cresce in base alla consistenza del nucleo aumentando da 5mila a 7.500 euro per ogni componente con disabilit\u00e0 grave o non autosufficiente. Anche il sussidio pari a 780 euro per un single non proprietario di casa cresce in rapporto al numero dei componenti in base ad una scala di equivalenza, ritoccata all\u2019ins\u00f9 per le famiglie con disabili che avranno fino a 50 euro al mese in pi\u00f9.&nbsp;<\/p>\n\n\n<p>Novit\u00e0 per il requisito anagrafico per la pensione di cittadinanza: pu\u00f2 essere concessa anche se il componente ha almeno 67 anni, e convive esclusivamente con una o pi\u00f9 persone di et\u00e0 inferiore in condizione di disabilit\u00e0 grave o di non autosufficienza. Resta il criterio d\u2019accesso dei 10 anni di residenza in Italia, di cui gli ultimi due consecutivi, con la novit\u00e0 che gli extracomunitari dovranno farsi certificare reddito e composizione del nucleo familiare dal Paese di origine, con traduzione in italiano e validazione del consolato.&nbsp;<\/p>\n\n\n<p><br \/>Sono stati anche rafforzati i controlli e le misure \u201cantifurbetti\u201d: i genitori con minori dovranno esibire l\u2019Isee dell\u2019altro genitore anche se non sposato o non convivente. Per le separazioni e i divorzi avvenuti dopo il 1\u00b0 settembre 2018 il cambio di residenza dovr\u00e0 essere certificato da un verbale dei vigili. Si prevede l\u2019assunzione di 100 ispettori della Guardia di finanza e l\u2019assegnazione all\u2019Ispettorato nazionale del lavoro di 65 Carabinieri.&nbsp;<\/p>\n\n\n<p>L\u2019erogazione del reddito o della pensione di cittadinanza verr\u00e0 sospesa a chi ha subito una misura cautelare personale, o una condanna \u00abanche con sentenza non definitiva\u00bb.&nbsp;<\/p>\n\n\n<p><br \/>Chi ha presentato domanda in base ai criteri del Dl, ottenendo il sussidio, avr\u00e0 6 mesi di tempo per aggiornare la documentazione alle modifiche introdotte nella conversione in legge (nel frattempo potr\u00e0 continuare a percepirlo).<\/p>\n\n\n<p><br \/>Quanto ai pensionamenti anticipati, i lavoratori impiegati in attivit\u00e0 gravose che intendono accedere all\u2019Ape social o uscire con il canale dei soli requisiti contributivi previsti per la pensione anticipata non saranno pi\u00f9 vincolati alla finestra dei 3 mesi. Il pacchetto di modifiche include anche lo stop alle pensioni dei latitanti condannati per gravi reati. Previste nuove assunzioni immediate ai Beni culturali, alla Giustizia, e con procedure meno stringenti nell\u2019ambito del Servizio sanitario nazionale, anche per colmare i vuoti di organico che si aprono con le uscite anticipate per quota 100.&nbsp;<\/p>\n\n\n<p><a href=\"mailto:info@beneggiassociati.com\" target=\"_blank\" rel=\"noreferrer noopener\">Sei interessato all\u2019articolo? Scrivici e verrai contattato da un nostro Consultant<\/a><\/p>\n\n\n<p><a href=\"https:\/\/beneggiassociati.com\/\" target=\"_blank\" rel=\"noreferrer noopener\">@ Beneggi e Associati | Commercialisti al servizio delle imprese | Meda | Milano<\/a><br \/><\/p>\n","protected":false},"excerpt":{"rendered":"<p>Ok definitivo del Senato alla conversione in legge del decretone su reddito di cittadinanza e quota 100.&nbsp; Tra i principali ritocchi apportati al capitolo del reddito di cittadinanza, il sussidio rafforzato alle famiglie con disabili e l\u2019introduzione di paletti anti-furbetti. Gli enti locali possono assumere 3mila navigator (anzich\u00e9 6mila) ed \u00e8 previsto un requisito retributivo [&hellip;]<\/p>\n","protected":false},"author":4,"featured_media":409,"comment_status":"open","ping_status":"open","sticky":false,"template":"","format":"standard","meta":{"_acf_changed":false,"content-type":"","footnotes":""},"categories":[16],"tags":[],"class_list":["post-16475","post","type-post","status-publish","format-standard","has-post-thumbnail","hentry","category-archivio"],"acf":[],"yoast_head":"<!-- This site is optimized with the Yoast SEO plugin v27.5 - https:\/\/yoast.com\/product\/yoast-seo-wordpress\/ -->\n<title>Quota 100 e reddito di cittadinanza, sono legge - Beneggi &amp; Associati<\/title>\n<meta name=\"description\" content=\"Ok definitivo del Senato alla conversione in legge del decretone su reddito di cittadinanza e quota 100.&nbsp; Tra i principali ritocchi apportati al\" \/>\n<meta name=\"robots\" content=\"index, follow, max-snippet:-1, max-image-preview:large, max-video-preview:-1\" \/>\n<link rel=\"canonical\" href=\"https:\/\/beneggiassociati.com\/en\/quota-100-e-reddito-di-cittadinanza-sono-legge\/\" \/>\n<meta property=\"og:locale\" content=\"en_US\" \/>\n<meta property=\"og:type\" content=\"article\" \/>\n<meta property=\"og:title\" content=\"Quota 100 e reddito di cittadinanza, sono legge - Beneggi &amp; Associati\" \/>\n<meta property=\"og:description\" content=\"Ok definitivo del Senato alla conversione in legge del decretone su reddito di cittadinanza e quota 100.&nbsp; Tra i principali ritocchi apportati al\" \/>\n<meta property=\"og:url\" content=\"https:\/\/beneggiassociati.com\/en\/quota-100-e-reddito-di-cittadinanza-sono-legge\/\" \/>\n<meta property=\"og:site_name\" content=\"Beneggi &amp; Associati\" \/>\n<meta property=\"article:published_time\" content=\"2019-03-30T18:19:00+00:00\" \/>\n<meta property=\"og:image\" content=\"https:\/\/beneggiassociati.com\/wp-content\/uploads\/2025\/07\/single-post-beneggi.jpg\" \/>\n\t<meta property=\"og:image:width\" content=\"1280\" \/>\n\t<meta property=\"og:image:height\" content=\"823\" \/>\n\t<meta property=\"og:image:type\" content=\"image\/jpeg\" \/>\n<meta name=\"author\" content=\"Tiziano Beneggi\" \/>\n<meta name=\"twitter:card\" content=\"summary_large_image\" \/>\n<meta name=\"twitter:label1\" content=\"Written by\" \/>\n\t<meta name=\"twitter:data1\" content=\"Tiziano Beneggi\" \/>\n\t<meta name=\"twitter:label2\" content=\"Est. reading time\" \/>\n\t<meta name=\"twitter:data2\" content=\"3 minutes\" \/>\n<script type=\"application\/ld+json\" class=\"yoast-schema-graph\">{\"@context\":\"https:\\\/\\\/schema.org\",\"@graph\":[{\"@type\":\"Article\",\"@id\":\"https:\\\/\\\/beneggiassociati.com\\\/en\\\/quota-100-e-reddito-di-cittadinanza-sono-legge\\\/#article\",\"isPartOf\":{\"@id\":\"https:\\\/\\\/beneggiassociati.com\\\/en\\\/quota-100-e-reddito-di-cittadinanza-sono-legge\\\/\"},\"author\":{\"name\":\"Tiziano Beneggi\",\"@id\":\"https:\\\/\\\/beneggiassociati.com\\\/en\\\/#\\\/schema\\\/person\\\/828daacfa37b359e89e981f920072004\"},\"headline\":\"Quota 100 e reddito di cittadinanza, sono legge\",\"datePublished\":\"2019-03-30T18:19:00+00:00\",\"mainEntityOfPage\":{\"@id\":\"https:\\\/\\\/beneggiassociati.com\\\/en\\\/quota-100-e-reddito-di-cittadinanza-sono-legge\\\/\"},\"wordCount\":626,\"commentCount\":0,\"publisher\":{\"@id\":\"https:\\\/\\\/beneggiassociati.com\\\/en\\\/#organization\"},\"image\":{\"@id\":\"https:\\\/\\\/beneggiassociati.com\\\/en\\\/quota-100-e-reddito-di-cittadinanza-sono-legge\\\/#primaryimage\"},\"thumbnailUrl\":\"https:\\\/\\\/beneggiassociati.com\\\/wp-content\\\/uploads\\\/2025\\\/07\\\/single-post-beneggi.jpg\",\"articleSection\":[\"ARCHIVIO\"],\"inLanguage\":\"en-US\"},{\"@type\":\"WebPage\",\"@id\":\"https:\\\/\\\/beneggiassociati.com\\\/en\\\/quota-100-e-reddito-di-cittadinanza-sono-legge\\\/\",\"url\":\"https:\\\/\\\/beneggiassociati.com\\\/en\\\/quota-100-e-reddito-di-cittadinanza-sono-legge\\\/\",\"name\":\"Quota 100 e reddito di cittadinanza, sono legge - Beneggi &amp; Associati\",\"isPartOf\":{\"@id\":\"https:\\\/\\\/beneggiassociati.com\\\/en\\\/#website\"},\"primaryImageOfPage\":{\"@id\":\"https:\\\/\\\/beneggiassociati.com\\\/en\\\/quota-100-e-reddito-di-cittadinanza-sono-legge\\\/#primaryimage\"},\"image\":{\"@id\":\"https:\\\/\\\/beneggiassociati.com\\\/en\\\/quota-100-e-reddito-di-cittadinanza-sono-legge\\\/#primaryimage\"},\"thumbnailUrl\":\"https:\\\/\\\/beneggiassociati.com\\\/wp-content\\\/uploads\\\/2025\\\/07\\\/single-post-beneggi.jpg\",\"datePublished\":\"2019-03-30T18:19:00+00:00\",\"description\":\"Ok definitivo del Senato alla conversione in legge del decretone su reddito di cittadinanza e quota 100.&nbsp; Tra i principali ritocchi apportati al\",\"breadcrumb\":{\"@id\":\"https:\\\/\\\/beneggiassociati.com\\\/en\\\/quota-100-e-reddito-di-cittadinanza-sono-legge\\\/#breadcrumb\"},\"inLanguage\":\"en-US\",\"potentialAction\":[{\"@type\":\"ReadAction\",\"target\":[\"https:\\\/\\\/beneggiassociati.com\\\/en\\\/quota-100-e-reddito-di-cittadinanza-sono-legge\\\/\"]}]},{\"@type\":\"ImageObject\",\"inLanguage\":\"en-US\",\"@id\":\"https:\\\/\\\/beneggiassociati.com\\\/en\\\/quota-100-e-reddito-di-cittadinanza-sono-legge\\\/#primaryimage\",\"url\":\"https:\\\/\\\/beneggiassociati.com\\\/wp-content\\\/uploads\\\/2025\\\/07\\\/single-post-beneggi.jpg\",\"contentUrl\":\"https:\\\/\\\/beneggiassociati.com\\\/wp-content\\\/uploads\\\/2025\\\/07\\\/single-post-beneggi.jpg\",\"width\":1280,\"height\":823},{\"@type\":\"BreadcrumbList\",\"@id\":\"https:\\\/\\\/beneggiassociati.com\\\/en\\\/quota-100-e-reddito-di-cittadinanza-sono-legge\\\/#breadcrumb\",\"itemListElement\":[{\"@type\":\"ListItem\",\"position\":1,\"name\":\"Home\",\"item\":\"https:\\\/\\\/beneggiassociati.com\\\/en\\\/?page_id=24163\"},{\"@type\":\"ListItem\",\"position\":2,\"name\":\"Quota 100 e reddito di cittadinanza, sono legge\"}]},{\"@type\":\"WebSite\",\"@id\":\"https:\\\/\\\/beneggiassociati.com\\\/en\\\/#website\",\"url\":\"https:\\\/\\\/beneggiassociati.com\\\/en\\\/\",\"name\":\"Beneggi e associati\",\"description\":\"\",\"publisher\":{\"@id\":\"https:\\\/\\\/beneggiassociati.com\\\/en\\\/#organization\"},\"potentialAction\":[{\"@type\":\"SearchAction\",\"target\":{\"@type\":\"EntryPoint\",\"urlTemplate\":\"https:\\\/\\\/beneggiassociati.com\\\/en\\\/?s={search_term_string}\"},\"query-input\":{\"@type\":\"PropertyValueSpecification\",\"valueRequired\":true,\"valueName\":\"search_term_string\"}}],\"inLanguage\":\"en-US\"},{\"@type\":\"Organization\",\"@id\":\"https:\\\/\\\/beneggiassociati.com\\\/en\\\/#organization\",\"name\":\"Beneggi e associati\",\"url\":\"https:\\\/\\\/beneggiassociati.com\\\/en\\\/\",\"logo\":{\"@type\":\"ImageObject\",\"inLanguage\":\"en-US\",\"@id\":\"https:\\\/\\\/beneggiassociati.com\\\/en\\\/#\\\/schema\\\/logo\\\/image\\\/\",\"url\":\"https:\\\/\\\/beneggiassociati.com\\\/wp-content\\\/uploads\\\/2025\\\/07\\\/beneggi-logo.png\",\"contentUrl\":\"https:\\\/\\\/beneggiassociati.com\\\/wp-content\\\/uploads\\\/2025\\\/07\\\/beneggi-logo.png\",\"width\":141,\"height\":87,\"caption\":\"Beneggi e associati\"},\"image\":{\"@id\":\"https:\\\/\\\/beneggiassociati.com\\\/en\\\/#\\\/schema\\\/logo\\\/image\\\/\"}},{\"@type\":\"Person\",\"@id\":\"https:\\\/\\\/beneggiassociati.com\\\/en\\\/#\\\/schema\\\/person\\\/828daacfa37b359e89e981f920072004\",\"name\":\"Tiziano Beneggi\",\"url\":\"https:\\\/\\\/beneggiassociati.com\\\/en\\\/author\\\/tizianobeneggiassociati-com\\\/\"}]}<\/script>\n<!-- \/ Yoast SEO plugin. -->","yoast_head_json":{"title":"Quota 100 e reddito di cittadinanza, sono legge - Beneggi &amp; Associati","description":"Ok definitivo del Senato alla conversione in legge del decretone su reddito di cittadinanza e quota 100.&nbsp; Tra i principali ritocchi apportati al","robots":{"index":"index","follow":"follow","max-snippet":"max-snippet:-1","max-image-preview":"max-image-preview:large","max-video-preview":"max-video-preview:-1"},"canonical":"https:\/\/beneggiassociati.com\/en\/quota-100-e-reddito-di-cittadinanza-sono-legge\/","og_locale":"en_US","og_type":"article","og_title":"Quota 100 e reddito di cittadinanza, sono legge - Beneggi &amp; Associati","og_description":"Ok definitivo del Senato alla conversione in legge del decretone su reddito di cittadinanza e quota 100.&nbsp; Tra i principali ritocchi apportati al","og_url":"https:\/\/beneggiassociati.com\/en\/quota-100-e-reddito-di-cittadinanza-sono-legge\/","og_site_name":"Beneggi &amp; Associati","article_published_time":"2019-03-30T18:19:00+00:00","og_image":[{"width":1280,"height":823,"url":"https:\/\/beneggiassociati.com\/wp-content\/uploads\/2025\/07\/single-post-beneggi.jpg","type":"image\/jpeg"}],"author":"Tiziano Beneggi","twitter_card":"summary_large_image","twitter_misc":{"Written by":"Tiziano Beneggi","Est. reading time":"3 minutes"},"schema":{"@context":"https:\/\/schema.org","@graph":[{"@type":"Article","@id":"https:\/\/beneggiassociati.com\/en\/quota-100-e-reddito-di-cittadinanza-sono-legge\/#article","isPartOf":{"@id":"https:\/\/beneggiassociati.com\/en\/quota-100-e-reddito-di-cittadinanza-sono-legge\/"},"author":{"name":"Tiziano Beneggi","@id":"https:\/\/beneggiassociati.com\/en\/#\/schema\/person\/828daacfa37b359e89e981f920072004"},"headline":"Quota 100 e reddito di cittadinanza, sono legge","datePublished":"2019-03-30T18:19:00+00:00","mainEntityOfPage":{"@id":"https:\/\/beneggiassociati.com\/en\/quota-100-e-reddito-di-cittadinanza-sono-legge\/"},"wordCount":626,"commentCount":0,"publisher":{"@id":"https:\/\/beneggiassociati.com\/en\/#organization"},"image":{"@id":"https:\/\/beneggiassociati.com\/en\/quota-100-e-reddito-di-cittadinanza-sono-legge\/#primaryimage"},"thumbnailUrl":"https:\/\/beneggiassociati.com\/wp-content\/uploads\/2025\/07\/single-post-beneggi.jpg","articleSection":["ARCHIVIO"],"inLanguage":"en-US"},{"@type":"WebPage","@id":"https:\/\/beneggiassociati.com\/en\/quota-100-e-reddito-di-cittadinanza-sono-legge\/","url":"https:\/\/beneggiassociati.com\/en\/quota-100-e-reddito-di-cittadinanza-sono-legge\/","name":"Quota 100 e reddito di cittadinanza, sono legge - Beneggi &amp; Associati","isPartOf":{"@id":"https:\/\/beneggiassociati.com\/en\/#website"},"primaryImageOfPage":{"@id":"https:\/\/beneggiassociati.com\/en\/quota-100-e-reddito-di-cittadinanza-sono-legge\/#primaryimage"},"image":{"@id":"https:\/\/beneggiassociati.com\/en\/quota-100-e-reddito-di-cittadinanza-sono-legge\/#primaryimage"},"thumbnailUrl":"https:\/\/beneggiassociati.com\/wp-content\/uploads\/2025\/07\/single-post-beneggi.jpg","datePublished":"2019-03-30T18:19:00+00:00","description":"Ok definitivo del Senato alla conversione in legge del decretone su reddito di cittadinanza e quota 100.&nbsp; Tra i principali ritocchi apportati al","breadcrumb":{"@id":"https:\/\/beneggiassociati.com\/en\/quota-100-e-reddito-di-cittadinanza-sono-legge\/#breadcrumb"},"inLanguage":"en-US","potentialAction":[{"@type":"ReadAction","target":["https:\/\/beneggiassociati.com\/en\/quota-100-e-reddito-di-cittadinanza-sono-legge\/"]}]},{"@type":"ImageObject","inLanguage":"en-US","@id":"https:\/\/beneggiassociati.com\/en\/quota-100-e-reddito-di-cittadinanza-sono-legge\/#primaryimage","url":"https:\/\/beneggiassociati.com\/wp-content\/uploads\/2025\/07\/single-post-beneggi.jpg","contentUrl":"https:\/\/beneggiassociati.com\/wp-content\/uploads\/2025\/07\/single-post-beneggi.jpg","width":1280,"height":823},{"@type":"BreadcrumbList","@id":"https:\/\/beneggiassociati.com\/en\/quota-100-e-reddito-di-cittadinanza-sono-legge\/#breadcrumb","itemListElement":[{"@type":"ListItem","position":1,"name":"Home","item":"https:\/\/beneggiassociati.com\/en\/?page_id=24163"},{"@type":"ListItem","position":2,"name":"Quota 100 e reddito di cittadinanza, sono legge"}]},{"@type":"WebSite","@id":"https:\/\/beneggiassociati.com\/en\/#website","url":"https:\/\/beneggiassociati.com\/en\/","name":"Beneggi e associati","description":"","publisher":{"@id":"https:\/\/beneggiassociati.com\/en\/#organization"},"potentialAction":[{"@type":"SearchAction","target":{"@type":"EntryPoint","urlTemplate":"https:\/\/beneggiassociati.com\/en\/?s={search_term_string}"},"query-input":{"@type":"PropertyValueSpecification","valueRequired":true,"valueName":"search_term_string"}}],"inLanguage":"en-US"},{"@type":"Organization","@id":"https:\/\/beneggiassociati.com\/en\/#organization","name":"Beneggi e associati","url":"https:\/\/beneggiassociati.com\/en\/","logo":{"@type":"ImageObject","inLanguage":"en-US","@id":"https:\/\/beneggiassociati.com\/en\/#\/schema\/logo\/image\/","url":"https:\/\/beneggiassociati.com\/wp-content\/uploads\/2025\/07\/beneggi-logo.png","contentUrl":"https:\/\/beneggiassociati.com\/wp-content\/uploads\/2025\/07\/beneggi-logo.png","width":141,"height":87,"caption":"Beneggi e associati"},"image":{"@id":"https:\/\/beneggiassociati.com\/en\/#\/schema\/logo\/image\/"}},{"@type":"Person","@id":"https:\/\/beneggiassociati.com\/en\/#\/schema\/person\/828daacfa37b359e89e981f920072004","name":"Tiziano Beneggi","url":"https:\/\/beneggiassociati.com\/en\/author\/tizianobeneggiassociati-com\/"}]}},"_links":{"self":[{"href":"https:\/\/beneggiassociati.com\/en\/wp-json\/wp\/v2\/posts\/16475","targetHints":{"allow":["GET"]}}],"collection":[{"href":"https:\/\/beneggiassociati.com\/en\/wp-json\/wp\/v2\/posts"}],"about":[{"href":"https:\/\/beneggiassociati.com\/en\/wp-json\/wp\/v2\/types\/post"}],"author":[{"embeddable":true,"href":"https:\/\/beneggiassociati.com\/en\/wp-json\/wp\/v2\/users\/4"}],"replies":[{"embeddable":true,"href":"https:\/\/beneggiassociati.com\/en\/wp-json\/wp\/v2\/comments?post=16475"}],"version-history":[{"count":0,"href":"https:\/\/beneggiassociati.com\/en\/wp-json\/wp\/v2\/posts\/16475\/revisions"}],"wp:featuredmedia":[{"embeddable":true,"href":"https:\/\/beneggiassociati.com\/en\/wp-json\/wp\/v2\/media\/409"}],"wp:attachment":[{"href":"https:\/\/beneggiassociati.com\/en\/wp-json\/wp\/v2\/media?parent=16475"}],"wp:term":[{"taxonomy":"category","embeddable":true,"href":"https:\/\/beneggiassociati.com\/en\/wp-json\/wp\/v2\/categories?post=16475"},{"taxonomy":"post_tag","embeddable":true,"href":"https:\/\/beneggiassociati.com\/en\/wp-json\/wp\/v2\/tags?post=16475"}],"curies":[{"name":"wp","href":"https:\/\/api.w.org\/{rel}","templated":true}]}}