{"id":16496,"date":"2019-04-28T09:48:00","date_gmt":"2019-04-28T07:48:00","guid":{"rendered":"https:\/\/dev.beneggiassociati.com\/2019\/04\/28\/nel-forfettario-anche-chi-cede-le-quote-di-sas-e-snc-entro-la-fine-del-2019\/"},"modified":"2019-04-28T09:48:00","modified_gmt":"2019-04-28T07:48:00","slug":"nel-forfettario-anche-chi-cede-le-quote-di-sas-e-snc-entro-la-fine-del-2019","status":"publish","type":"post","link":"https:\/\/beneggiassociati.com\/en\/nel-forfettario-anche-chi-cede-le-quote-di-sas-e-snc-entro-la-fine-del-2019\/","title":{"rendered":"Nel forfettario anche chi cede le quote di Sas e Snc entro la fine del 2019"},"content":{"rendered":"\n<p>La partecipazione in societ\u00e0 di persone pu\u00f2 essere ceduta entro il 31 dicembre 2019 e questo salva il regime forfettario per il medesimo anno. Tale possibilit\u00e0 \u00e8 per\u00f2 limitata al 2019, in ossequio alla pubblicazione della legge di bilancio a ridosso della fine dell\u2019anno.&nbsp;<\/p>\n\n\n<p>Significa che in futuro occorre essere liberi da partecipazioni ostative al regime forfettario fin dall\u2019inizio del periodo di imposta.&nbsp;<\/p>\n\n\n<p>Ovviamente, le cessioni poste in essere per entrare nel forfait sono estranee a qualunque ipotesi di abuso del diritto.&nbsp;<\/p>\n\n\n<p>Invece, la sopraggiunta propriet\u00e0 di partecipazioni (successioni o donazione) in corso d\u2019anno non compromette il regime forfettario purch\u00e9 cedute entro l\u2019anno. Diversamente salta il forfait dall\u2019anno successivo.&nbsp;<\/p>\n\n\n<p>Invece, la partecipazione in societ\u00e0 semplici che non produce reddito di impresa o di lavoro autonomo non compromette il regime forfetario.<\/p>\n\n\n<p>Con riferimento alle partecipazioni in societ\u00e0 a responsabilit\u00e0 limitata si ricorda che la norma prevede, quale causa ostativa:<\/p>\n\n\n<ul class=\"wp-block-list\"><li>il controllo diretto e indiretto;<\/li><li>l\u2019esercizio da parte delle Srl di attivit\u00e0 economiche direttamente o indirettamente riconducibili a quelle svolte dalla persona fisica che applica il forfait. Precisazione importante \u00e8 che il momento in cui la causa ostativa opera coincide con l\u2019anno di applicazione del regime e non con l\u2019anno precedente in quanto soltanto nel periodo di imposta interessato si pu\u00f2 verificare la riconducibilit\u00e0 all\u2019attivit\u00e0 svolta dal contribuente a quella della societ\u00e0.&nbsp;<\/li><\/ul>\n\n\n<p>Per quanto riguarda il controllo, la circolare richiama ovviamente l\u2019articolo 2359 del Codice civile e con riferimento alle persone interposte precisa che vanno ricompresi i familiari di cui all\u2019articolo 5 del Tuir e cio\u00e8 il coniuge, i parenti entro il terzo grado e gli affini entro il secondo. Quindi la moglie che possiede il 50% di una Srl che esercita una attivit\u00e0 riconducibile a quelle svolte dal contribuente ostacola il regime forfettario. L\u2019interpretazione \u00e8 oltremodo rigorosa in quanto ad esempio tre fratelli che possiedono un terzo della societ\u00e0 possono avere interessi e obiettivi diversi tra loro; inoltre tale interpretazione premia le famiglie \u201cdi fatto\u201d.<\/p>\n\n\n<p>Con riferimento all\u2019attivit\u00e0 svolta, la circolare precisa che occorre fare riferimento a quella effettivamente esercitata dalla societ\u00e0 a responsabilit\u00e0 limitata controllata. L\u2019incompatibilit\u00e0 scatta quando le operazioni effettuate dal forfettario e soggette ad imposta sostitutiva rappresentino costi deducibili per la societ\u00e0. Ne consegue che non scatta la causa ostativa se il forfettario non emette fatture nei confronti della societ\u00e0 ovvero se tali costi vengano considerati indeducibili. I codici Ateco sono rilevanti se rappresentativi della verit\u00e0 e quindi il forfait si pu\u00f2 applicare in presenza di codici diversi tra socio e societ\u00e0, ma la circolare confonde quando si riferisce alle sezioni che contengono attivit\u00e0 differenti.&nbsp;<\/p>\n\n\n<p>In ordine alla incompatibilit\u00e0 tra il regime forfettario e i regimi speciali ai fini dell\u2019Iva o regimi forfetari di determinazione del reddito, la circolare conferma che i produttori agricoli i cui redditi rientrano nei limiti del reddito agrario in base all\u2019articolo 32 del Tuir possono applicare il regime forfettario; pertanto, un agricoltore che fa anche il veterinario per la attivit\u00e0 professionale pu\u00f2 aderire al forfait. Inoltre, il contribuente pu\u00f2 accedere al forfettario se per il regime speciale ha optato per il regime ordinario nell\u2019anno precedente a quello di applicazione del forfait; ad esempio un soggetto che rientra nel regime del margine, se nel 2018 aveva rinunciato al regime medesimo dal 2019 pu\u00f2 essere forfettario.<\/p>\n\n\n<p><a href=\"mailto:info@beneggiassociati.com\" target=\"_blank\" rel=\"noreferrer noopener\">Sei interessato all\u2019articolo? Scrivici e verrai contattato da un nostro Consultant<\/a><\/p>\n\n\n<p><a href=\"https:\/\/beneggiassociati.com\/\" target=\"_blank\" rel=\"noreferrer noopener\">@ Beneggi e Associati | Commercialisti al servizio delle imprese | Meda | Milano<\/a><br \/><\/p>\n","protected":false},"excerpt":{"rendered":"<p>La partecipazione in societ\u00e0 di persone pu\u00f2 essere ceduta entro il 31 dicembre 2019 e questo salva il regime forfettario per il medesimo anno. Tale possibilit\u00e0 \u00e8 per\u00f2 limitata al 2019, in ossequio alla pubblicazione della legge di bilancio a ridosso della fine dell\u2019anno.&nbsp; Significa che in futuro occorre essere liberi da partecipazioni ostative al [&hellip;]<\/p>\n","protected":false},"author":4,"featured_media":409,"comment_status":"open","ping_status":"open","sticky":false,"template":"","format":"standard","meta":{"_acf_changed":false,"content-type":"","footnotes":""},"categories":[16],"tags":[],"class_list":["post-16496","post","type-post","status-publish","format-standard","has-post-thumbnail","hentry","category-archivio"],"acf":[],"yoast_head":"<!-- This site is optimized with the Yoast SEO plugin v27.5 - https:\/\/yoast.com\/product\/yoast-seo-wordpress\/ -->\n<title>Nel forfettario anche chi cede le quote di Sas e Snc entro la fine del 2019 - Beneggi &amp; Associati<\/title>\n<meta name=\"description\" content=\"La partecipazione in societ\u00e0 di persone pu\u00f2 essere ceduta entro il 31 dicembre 2019 e questo salva il regime forfettario per il medesimo anno. Tale\" \/>\n<meta name=\"robots\" content=\"index, follow, max-snippet:-1, max-image-preview:large, max-video-preview:-1\" \/>\n<link rel=\"canonical\" href=\"https:\/\/beneggiassociati.com\/en\/nel-forfettario-anche-chi-cede-le-quote-di-sas-e-snc-entro-la-fine-del-2019\/\" \/>\n<meta property=\"og:locale\" content=\"en_US\" \/>\n<meta property=\"og:type\" content=\"article\" \/>\n<meta property=\"og:title\" content=\"Nel forfettario anche chi cede le quote di Sas e Snc entro la fine del 2019 - Beneggi &amp; Associati\" \/>\n<meta property=\"og:description\" content=\"La partecipazione in societ\u00e0 di persone pu\u00f2 essere ceduta entro il 31 dicembre 2019 e questo salva il regime forfettario per il medesimo anno. Tale\" \/>\n<meta property=\"og:url\" content=\"https:\/\/beneggiassociati.com\/en\/nel-forfettario-anche-chi-cede-le-quote-di-sas-e-snc-entro-la-fine-del-2019\/\" \/>\n<meta property=\"og:site_name\" content=\"Beneggi &amp; Associati\" \/>\n<meta property=\"article:published_time\" content=\"2019-04-28T07:48:00+00:00\" \/>\n<meta property=\"og:image\" content=\"https:\/\/beneggiassociati.com\/wp-content\/uploads\/2025\/07\/single-post-beneggi.jpg\" \/>\n\t<meta property=\"og:image:width\" content=\"1280\" \/>\n\t<meta property=\"og:image:height\" content=\"823\" \/>\n\t<meta property=\"og:image:type\" content=\"image\/jpeg\" \/>\n<meta name=\"author\" content=\"Tiziano Beneggi\" \/>\n<meta name=\"twitter:card\" content=\"summary_large_image\" \/>\n<meta name=\"twitter:label1\" content=\"Written by\" \/>\n\t<meta name=\"twitter:data1\" content=\"Tiziano Beneggi\" \/>\n\t<meta name=\"twitter:label2\" content=\"Est. reading time\" \/>\n\t<meta name=\"twitter:data2\" content=\"3 minutes\" \/>\n<script type=\"application\/ld+json\" class=\"yoast-schema-graph\">{\"@context\":\"https:\\\/\\\/schema.org\",\"@graph\":[{\"@type\":\"Article\",\"@id\":\"https:\\\/\\\/beneggiassociati.com\\\/en\\\/nel-forfettario-anche-chi-cede-le-quote-di-sas-e-snc-entro-la-fine-del-2019\\\/#article\",\"isPartOf\":{\"@id\":\"https:\\\/\\\/beneggiassociati.com\\\/en\\\/nel-forfettario-anche-chi-cede-le-quote-di-sas-e-snc-entro-la-fine-del-2019\\\/\"},\"author\":{\"name\":\"Tiziano Beneggi\",\"@id\":\"https:\\\/\\\/beneggiassociati.com\\\/en\\\/#\\\/schema\\\/person\\\/828daacfa37b359e89e981f920072004\"},\"headline\":\"Nel forfettario anche chi cede le quote di Sas e Snc entro la fine del 2019\",\"datePublished\":\"2019-04-28T07:48:00+00:00\",\"mainEntityOfPage\":{\"@id\":\"https:\\\/\\\/beneggiassociati.com\\\/en\\\/nel-forfettario-anche-chi-cede-le-quote-di-sas-e-snc-entro-la-fine-del-2019\\\/\"},\"wordCount\":589,\"commentCount\":0,\"publisher\":{\"@id\":\"https:\\\/\\\/beneggiassociati.com\\\/en\\\/#organization\"},\"image\":{\"@id\":\"https:\\\/\\\/beneggiassociati.com\\\/en\\\/nel-forfettario-anche-chi-cede-le-quote-di-sas-e-snc-entro-la-fine-del-2019\\\/#primaryimage\"},\"thumbnailUrl\":\"https:\\\/\\\/beneggiassociati.com\\\/wp-content\\\/uploads\\\/2025\\\/07\\\/single-post-beneggi.jpg\",\"articleSection\":[\"ARCHIVIO\"],\"inLanguage\":\"en-US\"},{\"@type\":\"WebPage\",\"@id\":\"https:\\\/\\\/beneggiassociati.com\\\/en\\\/nel-forfettario-anche-chi-cede-le-quote-di-sas-e-snc-entro-la-fine-del-2019\\\/\",\"url\":\"https:\\\/\\\/beneggiassociati.com\\\/en\\\/nel-forfettario-anche-chi-cede-le-quote-di-sas-e-snc-entro-la-fine-del-2019\\\/\",\"name\":\"Nel forfettario anche chi cede le quote di Sas e Snc entro la fine del 2019 - Beneggi &amp; Associati\",\"isPartOf\":{\"@id\":\"https:\\\/\\\/beneggiassociati.com\\\/en\\\/#website\"},\"primaryImageOfPage\":{\"@id\":\"https:\\\/\\\/beneggiassociati.com\\\/en\\\/nel-forfettario-anche-chi-cede-le-quote-di-sas-e-snc-entro-la-fine-del-2019\\\/#primaryimage\"},\"image\":{\"@id\":\"https:\\\/\\\/beneggiassociati.com\\\/en\\\/nel-forfettario-anche-chi-cede-le-quote-di-sas-e-snc-entro-la-fine-del-2019\\\/#primaryimage\"},\"thumbnailUrl\":\"https:\\\/\\\/beneggiassociati.com\\\/wp-content\\\/uploads\\\/2025\\\/07\\\/single-post-beneggi.jpg\",\"datePublished\":\"2019-04-28T07:48:00+00:00\",\"description\":\"La partecipazione in societ\u00e0 di persone pu\u00f2 essere ceduta entro il 31 dicembre 2019 e questo salva il regime forfettario per il medesimo anno. Tale\",\"breadcrumb\":{\"@id\":\"https:\\\/\\\/beneggiassociati.com\\\/en\\\/nel-forfettario-anche-chi-cede-le-quote-di-sas-e-snc-entro-la-fine-del-2019\\\/#breadcrumb\"},\"inLanguage\":\"en-US\",\"potentialAction\":[{\"@type\":\"ReadAction\",\"target\":[\"https:\\\/\\\/beneggiassociati.com\\\/en\\\/nel-forfettario-anche-chi-cede-le-quote-di-sas-e-snc-entro-la-fine-del-2019\\\/\"]}]},{\"@type\":\"ImageObject\",\"inLanguage\":\"en-US\",\"@id\":\"https:\\\/\\\/beneggiassociati.com\\\/en\\\/nel-forfettario-anche-chi-cede-le-quote-di-sas-e-snc-entro-la-fine-del-2019\\\/#primaryimage\",\"url\":\"https:\\\/\\\/beneggiassociati.com\\\/wp-content\\\/uploads\\\/2025\\\/07\\\/single-post-beneggi.jpg\",\"contentUrl\":\"https:\\\/\\\/beneggiassociati.com\\\/wp-content\\\/uploads\\\/2025\\\/07\\\/single-post-beneggi.jpg\",\"width\":1280,\"height\":823},{\"@type\":\"BreadcrumbList\",\"@id\":\"https:\\\/\\\/beneggiassociati.com\\\/en\\\/nel-forfettario-anche-chi-cede-le-quote-di-sas-e-snc-entro-la-fine-del-2019\\\/#breadcrumb\",\"itemListElement\":[{\"@type\":\"ListItem\",\"position\":1,\"name\":\"Home\",\"item\":\"https:\\\/\\\/beneggiassociati.com\\\/en\\\/?page_id=24163\"},{\"@type\":\"ListItem\",\"position\":2,\"name\":\"Nel forfettario anche chi cede le quote di Sas e Snc entro la fine del 2019\"}]},{\"@type\":\"WebSite\",\"@id\":\"https:\\\/\\\/beneggiassociati.com\\\/en\\\/#website\",\"url\":\"https:\\\/\\\/beneggiassociati.com\\\/en\\\/\",\"name\":\"Beneggi e associati\",\"description\":\"\",\"publisher\":{\"@id\":\"https:\\\/\\\/beneggiassociati.com\\\/en\\\/#organization\"},\"potentialAction\":[{\"@type\":\"SearchAction\",\"target\":{\"@type\":\"EntryPoint\",\"urlTemplate\":\"https:\\\/\\\/beneggiassociati.com\\\/en\\\/?s={search_term_string}\"},\"query-input\":{\"@type\":\"PropertyValueSpecification\",\"valueRequired\":true,\"valueName\":\"search_term_string\"}}],\"inLanguage\":\"en-US\"},{\"@type\":\"Organization\",\"@id\":\"https:\\\/\\\/beneggiassociati.com\\\/en\\\/#organization\",\"name\":\"Beneggi e associati\",\"url\":\"https:\\\/\\\/beneggiassociati.com\\\/en\\\/\",\"logo\":{\"@type\":\"ImageObject\",\"inLanguage\":\"en-US\",\"@id\":\"https:\\\/\\\/beneggiassociati.com\\\/en\\\/#\\\/schema\\\/logo\\\/image\\\/\",\"url\":\"https:\\\/\\\/beneggiassociati.com\\\/wp-content\\\/uploads\\\/2025\\\/07\\\/beneggi-logo.png\",\"contentUrl\":\"https:\\\/\\\/beneggiassociati.com\\\/wp-content\\\/uploads\\\/2025\\\/07\\\/beneggi-logo.png\",\"width\":141,\"height\":87,\"caption\":\"Beneggi e associati\"},\"image\":{\"@id\":\"https:\\\/\\\/beneggiassociati.com\\\/en\\\/#\\\/schema\\\/logo\\\/image\\\/\"}},{\"@type\":\"Person\",\"@id\":\"https:\\\/\\\/beneggiassociati.com\\\/en\\\/#\\\/schema\\\/person\\\/828daacfa37b359e89e981f920072004\",\"name\":\"Tiziano Beneggi\",\"url\":\"https:\\\/\\\/beneggiassociati.com\\\/en\\\/author\\\/tizianobeneggiassociati-com\\\/\"}]}<\/script>\n<!-- \/ Yoast SEO plugin. -->","yoast_head_json":{"title":"Nel forfettario anche chi cede le quote di Sas e Snc entro la fine del 2019 - Beneggi &amp; Associati","description":"La partecipazione in societ\u00e0 di persone pu\u00f2 essere ceduta entro il 31 dicembre 2019 e questo salva il regime forfettario per il medesimo anno. Tale","robots":{"index":"index","follow":"follow","max-snippet":"max-snippet:-1","max-image-preview":"max-image-preview:large","max-video-preview":"max-video-preview:-1"},"canonical":"https:\/\/beneggiassociati.com\/en\/nel-forfettario-anche-chi-cede-le-quote-di-sas-e-snc-entro-la-fine-del-2019\/","og_locale":"en_US","og_type":"article","og_title":"Nel forfettario anche chi cede le quote di Sas e Snc entro la fine del 2019 - Beneggi &amp; Associati","og_description":"La partecipazione in societ\u00e0 di persone pu\u00f2 essere ceduta entro il 31 dicembre 2019 e questo salva il regime forfettario per il medesimo anno. Tale","og_url":"https:\/\/beneggiassociati.com\/en\/nel-forfettario-anche-chi-cede-le-quote-di-sas-e-snc-entro-la-fine-del-2019\/","og_site_name":"Beneggi &amp; Associati","article_published_time":"2019-04-28T07:48:00+00:00","og_image":[{"width":1280,"height":823,"url":"https:\/\/beneggiassociati.com\/wp-content\/uploads\/2025\/07\/single-post-beneggi.jpg","type":"image\/jpeg"}],"author":"Tiziano Beneggi","twitter_card":"summary_large_image","twitter_misc":{"Written by":"Tiziano Beneggi","Est. reading time":"3 minutes"},"schema":{"@context":"https:\/\/schema.org","@graph":[{"@type":"Article","@id":"https:\/\/beneggiassociati.com\/en\/nel-forfettario-anche-chi-cede-le-quote-di-sas-e-snc-entro-la-fine-del-2019\/#article","isPartOf":{"@id":"https:\/\/beneggiassociati.com\/en\/nel-forfettario-anche-chi-cede-le-quote-di-sas-e-snc-entro-la-fine-del-2019\/"},"author":{"name":"Tiziano Beneggi","@id":"https:\/\/beneggiassociati.com\/en\/#\/schema\/person\/828daacfa37b359e89e981f920072004"},"headline":"Nel forfettario anche chi cede le quote di Sas e Snc entro la fine del 2019","datePublished":"2019-04-28T07:48:00+00:00","mainEntityOfPage":{"@id":"https:\/\/beneggiassociati.com\/en\/nel-forfettario-anche-chi-cede-le-quote-di-sas-e-snc-entro-la-fine-del-2019\/"},"wordCount":589,"commentCount":0,"publisher":{"@id":"https:\/\/beneggiassociati.com\/en\/#organization"},"image":{"@id":"https:\/\/beneggiassociati.com\/en\/nel-forfettario-anche-chi-cede-le-quote-di-sas-e-snc-entro-la-fine-del-2019\/#primaryimage"},"thumbnailUrl":"https:\/\/beneggiassociati.com\/wp-content\/uploads\/2025\/07\/single-post-beneggi.jpg","articleSection":["ARCHIVIO"],"inLanguage":"en-US"},{"@type":"WebPage","@id":"https:\/\/beneggiassociati.com\/en\/nel-forfettario-anche-chi-cede-le-quote-di-sas-e-snc-entro-la-fine-del-2019\/","url":"https:\/\/beneggiassociati.com\/en\/nel-forfettario-anche-chi-cede-le-quote-di-sas-e-snc-entro-la-fine-del-2019\/","name":"Nel forfettario anche chi cede le quote di Sas e Snc entro la fine del 2019 - Beneggi &amp; Associati","isPartOf":{"@id":"https:\/\/beneggiassociati.com\/en\/#website"},"primaryImageOfPage":{"@id":"https:\/\/beneggiassociati.com\/en\/nel-forfettario-anche-chi-cede-le-quote-di-sas-e-snc-entro-la-fine-del-2019\/#primaryimage"},"image":{"@id":"https:\/\/beneggiassociati.com\/en\/nel-forfettario-anche-chi-cede-le-quote-di-sas-e-snc-entro-la-fine-del-2019\/#primaryimage"},"thumbnailUrl":"https:\/\/beneggiassociati.com\/wp-content\/uploads\/2025\/07\/single-post-beneggi.jpg","datePublished":"2019-04-28T07:48:00+00:00","description":"La partecipazione in societ\u00e0 di persone pu\u00f2 essere ceduta entro il 31 dicembre 2019 e questo salva il regime forfettario per il medesimo anno. Tale","breadcrumb":{"@id":"https:\/\/beneggiassociati.com\/en\/nel-forfettario-anche-chi-cede-le-quote-di-sas-e-snc-entro-la-fine-del-2019\/#breadcrumb"},"inLanguage":"en-US","potentialAction":[{"@type":"ReadAction","target":["https:\/\/beneggiassociati.com\/en\/nel-forfettario-anche-chi-cede-le-quote-di-sas-e-snc-entro-la-fine-del-2019\/"]}]},{"@type":"ImageObject","inLanguage":"en-US","@id":"https:\/\/beneggiassociati.com\/en\/nel-forfettario-anche-chi-cede-le-quote-di-sas-e-snc-entro-la-fine-del-2019\/#primaryimage","url":"https:\/\/beneggiassociati.com\/wp-content\/uploads\/2025\/07\/single-post-beneggi.jpg","contentUrl":"https:\/\/beneggiassociati.com\/wp-content\/uploads\/2025\/07\/single-post-beneggi.jpg","width":1280,"height":823},{"@type":"BreadcrumbList","@id":"https:\/\/beneggiassociati.com\/en\/nel-forfettario-anche-chi-cede-le-quote-di-sas-e-snc-entro-la-fine-del-2019\/#breadcrumb","itemListElement":[{"@type":"ListItem","position":1,"name":"Home","item":"https:\/\/beneggiassociati.com\/en\/?page_id=24163"},{"@type":"ListItem","position":2,"name":"Nel forfettario anche chi cede le quote di Sas e Snc entro la fine del 2019"}]},{"@type":"WebSite","@id":"https:\/\/beneggiassociati.com\/en\/#website","url":"https:\/\/beneggiassociati.com\/en\/","name":"Beneggi e associati","description":"","publisher":{"@id":"https:\/\/beneggiassociati.com\/en\/#organization"},"potentialAction":[{"@type":"SearchAction","target":{"@type":"EntryPoint","urlTemplate":"https:\/\/beneggiassociati.com\/en\/?s={search_term_string}"},"query-input":{"@type":"PropertyValueSpecification","valueRequired":true,"valueName":"search_term_string"}}],"inLanguage":"en-US"},{"@type":"Organization","@id":"https:\/\/beneggiassociati.com\/en\/#organization","name":"Beneggi e associati","url":"https:\/\/beneggiassociati.com\/en\/","logo":{"@type":"ImageObject","inLanguage":"en-US","@id":"https:\/\/beneggiassociati.com\/en\/#\/schema\/logo\/image\/","url":"https:\/\/beneggiassociati.com\/wp-content\/uploads\/2025\/07\/beneggi-logo.png","contentUrl":"https:\/\/beneggiassociati.com\/wp-content\/uploads\/2025\/07\/beneggi-logo.png","width":141,"height":87,"caption":"Beneggi e associati"},"image":{"@id":"https:\/\/beneggiassociati.com\/en\/#\/schema\/logo\/image\/"}},{"@type":"Person","@id":"https:\/\/beneggiassociati.com\/en\/#\/schema\/person\/828daacfa37b359e89e981f920072004","name":"Tiziano Beneggi","url":"https:\/\/beneggiassociati.com\/en\/author\/tizianobeneggiassociati-com\/"}]}},"_links":{"self":[{"href":"https:\/\/beneggiassociati.com\/en\/wp-json\/wp\/v2\/posts\/16496","targetHints":{"allow":["GET"]}}],"collection":[{"href":"https:\/\/beneggiassociati.com\/en\/wp-json\/wp\/v2\/posts"}],"about":[{"href":"https:\/\/beneggiassociati.com\/en\/wp-json\/wp\/v2\/types\/post"}],"author":[{"embeddable":true,"href":"https:\/\/beneggiassociati.com\/en\/wp-json\/wp\/v2\/users\/4"}],"replies":[{"embeddable":true,"href":"https:\/\/beneggiassociati.com\/en\/wp-json\/wp\/v2\/comments?post=16496"}],"version-history":[{"count":0,"href":"https:\/\/beneggiassociati.com\/en\/wp-json\/wp\/v2\/posts\/16496\/revisions"}],"wp:featuredmedia":[{"embeddable":true,"href":"https:\/\/beneggiassociati.com\/en\/wp-json\/wp\/v2\/media\/409"}],"wp:attachment":[{"href":"https:\/\/beneggiassociati.com\/en\/wp-json\/wp\/v2\/media?parent=16496"}],"wp:term":[{"taxonomy":"category","embeddable":true,"href":"https:\/\/beneggiassociati.com\/en\/wp-json\/wp\/v2\/categories?post=16496"},{"taxonomy":"post_tag","embeddable":true,"href":"https:\/\/beneggiassociati.com\/en\/wp-json\/wp\/v2\/tags?post=16496"}],"curies":[{"name":"wp","href":"https:\/\/api.w.org\/{rel}","templated":true}]}}