{"id":16497,"date":"2019-04-28T09:57:00","date_gmt":"2019-04-28T07:57:00","guid":{"rendered":"https:\/\/dev.beneggiassociati.com\/2019\/04\/28\/forfettario-si-valuta-a-fine-anno-il-vincolo-con-lex-datore\/"},"modified":"2019-04-28T09:57:00","modified_gmt":"2019-04-28T07:57:00","slug":"forfettario-si-valuta-a-fine-anno-il-vincolo-con-lex-datore","status":"publish","type":"post","link":"https:\/\/beneggiassociati.com\/en\/forfettario-si-valuta-a-fine-anno-il-vincolo-con-lex-datore\/","title":{"rendered":"Forfettario, si valuta a fine anno il vincolo con l\u2019ex datore"},"content":{"rendered":"\n<p>L\u2019applicazione del regime forfettario \u00e8 preclusa ai contribuenti che svolgono l\u2019attivit\u00e0 prevalentemente nei confronti dei datori di lavoro, ma la verifica della prevalenza va effettuata solo alla fine del periodo di imposta; quindi qualora il requisito non si sia verificato, la fuoriuscita dal regime avviene dall\u2019anno successivo.&nbsp;<\/p>\n\n\n<p>Con riferimento al regime forfettario riservato alle persone fisiche che esercitano attivit\u00e0 di impresa o professionale, la legge di Bilancio ha apportato tre modifiche: l\u2019introduzione di una soglia unica di ricavi\/compensi, pari a 65mila euro, per l\u2019accesso al regime; l\u2019eliminazione degli altri requisiti di accesso relativi all\u2019ammontare del costo del personale e dei beni strumentali; la modifica e l\u2019introduzione di nuove cause ostative. Proprio su quest\u2019ultimo aspetto si sofferma la circolare, dopo aver riepilogato le caratteristiche principali del regime.&nbsp;<\/p>\n\n\n<p>La legge di bilancio 2019 ha modificato le lettere d) e d-bis) del comma 57 prevedendo che non possono avvalersi del regime forfetario:<\/p>\n\n\n<ul class=\"wp-block-list\"><li>gli esercenti attivit\u00e0 d\u2019impresa, arti o professioni che partecipano a societ\u00e0 di persone, ad associazioni o a imprese familiari o che controllano direttamente o indirettamente societ\u00e0 a responsabilit\u00e0 limitata o associazioni in partecipazione che esercitano attivit\u00e0 economiche direttamente o indirettamente riconducibili a quelle svolte dagli stessi esercenti attivit\u00e0 d\u2019impresa, arti o professioni;<\/li><li>le persone fisiche la cui attivit\u00e0 sia esercitata prevalentemente nei confronti di datori di lavoro con i quali sono in corso rapporti di lavoro o erano intercorsi rapporti di lavoro nei due precedenti periodi d\u2019imposta o nei confronti di soggetti direttamente o indirettamente riconducibili ai suddetti datori di lavoro con esclusione dei soggetti che iniziano una nuova attivit\u00e0 e si iscrivono in un albo o ad un collegio professionale dopo aver svolto il periodo di pratica obbligatorio per l\u2019esercizio di arti o professioni.&nbsp;La verifica della prevalenza va effettuata solo al termine del periodo di imposta. Ne consegue che un contribuente che inizia l\u2019attivit\u00e0 o che nell\u2019anno 2018 abbia realizzato un ammontare di ricavi o compensi non superiore a 65mila pu\u00f2 accedere al regime forfetario anche se nel 2018 ha operato prevalentemente con il proprio datore di lavoro o con chi lo \u00e8 stato nei due periodi di imposta precedenti. Per l\u2019anno in corso, quindi, pu\u00f2 comunque applicare il regime e fruire dell\u2019imposta sostitutiva agevolata ed ove confermi il lavoro prevalente con il datore di lavoro, perder\u00e0 il regime dall\u2019anno 2020.<\/li><\/ul>\n\n\n<p>Il lavoro dipendente comprende anche quello degli amministratori e collaboratori e per datori di lavoro riconducibili al proprio, si intendono quelli delle societ\u00e0 controllanti, controllate e collegate.<\/p>\n\n\n<p><a href=\"mailto:info@beneggiassociati.com\" target=\"_blank\" rel=\"noreferrer noopener\">Sei interessato all\u2019articolo? Scrivici e verrai contattato da un nostro Consultant<\/a><\/p>\n\n\n<p><a href=\"https:\/\/beneggiassociati.com\/\" target=\"_blank\" rel=\"noreferrer noopener\">@ Beneggi e Associati | Commercialisti al servizio delle imprese | Meda | Milano<\/a><br \/><\/p>\n","protected":false},"excerpt":{"rendered":"<p>L\u2019applicazione del regime forfettario \u00e8 preclusa ai contribuenti che svolgono l\u2019attivit\u00e0 prevalentemente nei confronti dei datori di lavoro, ma la verifica della prevalenza va effettuata solo alla fine del periodo di imposta; quindi qualora il requisito non si sia verificato, la fuoriuscita dal regime avviene dall\u2019anno successivo.&nbsp; Con riferimento al regime forfettario riservato alle persone [&hellip;]<\/p>\n","protected":false},"author":4,"featured_media":409,"comment_status":"open","ping_status":"open","sticky":false,"template":"","format":"standard","meta":{"_acf_changed":false,"content-type":"","footnotes":""},"categories":[16],"tags":[],"class_list":["post-16497","post","type-post","status-publish","format-standard","has-post-thumbnail","hentry","category-archivio"],"acf":[],"yoast_head":"<!-- This site is optimized with the Yoast SEO plugin v27.5 - https:\/\/yoast.com\/product\/yoast-seo-wordpress\/ -->\n<title>Forfettario, si valuta a fine anno il vincolo con l\u2019ex datore - Beneggi &amp; Associati<\/title>\n<meta name=\"description\" content=\"L\u2019applicazione del regime forfettario \u00e8 preclusa ai contribuenti che svolgono l\u2019attivit\u00e0 prevalentemente nei confronti dei datori di lavoro, ma la\" \/>\n<meta name=\"robots\" content=\"index, follow, max-snippet:-1, max-image-preview:large, max-video-preview:-1\" \/>\n<link rel=\"canonical\" href=\"https:\/\/beneggiassociati.com\/en\/forfettario-si-valuta-a-fine-anno-il-vincolo-con-lex-datore\/\" \/>\n<meta property=\"og:locale\" content=\"en_US\" \/>\n<meta property=\"og:type\" content=\"article\" \/>\n<meta property=\"og:title\" content=\"Forfettario, si valuta a fine anno il vincolo con l\u2019ex datore - Beneggi &amp; Associati\" \/>\n<meta property=\"og:description\" content=\"L\u2019applicazione del regime forfettario \u00e8 preclusa ai contribuenti che svolgono l\u2019attivit\u00e0 prevalentemente nei confronti dei datori di lavoro, ma la\" \/>\n<meta property=\"og:url\" content=\"https:\/\/beneggiassociati.com\/en\/forfettario-si-valuta-a-fine-anno-il-vincolo-con-lex-datore\/\" \/>\n<meta property=\"og:site_name\" content=\"Beneggi &amp; Associati\" \/>\n<meta property=\"article:published_time\" content=\"2019-04-28T07:57:00+00:00\" \/>\n<meta property=\"og:image\" content=\"https:\/\/beneggiassociati.com\/wp-content\/uploads\/2025\/07\/single-post-beneggi.jpg\" \/>\n\t<meta property=\"og:image:width\" content=\"1280\" \/>\n\t<meta property=\"og:image:height\" content=\"823\" \/>\n\t<meta property=\"og:image:type\" content=\"image\/jpeg\" \/>\n<meta name=\"author\" content=\"Tiziano Beneggi\" \/>\n<meta name=\"twitter:card\" content=\"summary_large_image\" \/>\n<meta name=\"twitter:label1\" content=\"Written by\" \/>\n\t<meta name=\"twitter:data1\" content=\"Tiziano Beneggi\" \/>\n\t<meta name=\"twitter:label2\" content=\"Est. reading time\" \/>\n\t<meta name=\"twitter:data2\" content=\"2 minutes\" \/>\n<script type=\"application\/ld+json\" class=\"yoast-schema-graph\">{\"@context\":\"https:\\\/\\\/schema.org\",\"@graph\":[{\"@type\":\"Article\",\"@id\":\"https:\\\/\\\/beneggiassociati.com\\\/en\\\/forfettario-si-valuta-a-fine-anno-il-vincolo-con-lex-datore\\\/#article\",\"isPartOf\":{\"@id\":\"https:\\\/\\\/beneggiassociati.com\\\/en\\\/forfettario-si-valuta-a-fine-anno-il-vincolo-con-lex-datore\\\/\"},\"author\":{\"name\":\"Tiziano Beneggi\",\"@id\":\"https:\\\/\\\/beneggiassociati.com\\\/en\\\/#\\\/schema\\\/person\\\/828daacfa37b359e89e981f920072004\"},\"headline\":\"Forfettario, si valuta a fine anno il vincolo con l\u2019ex datore\",\"datePublished\":\"2019-04-28T07:57:00+00:00\",\"mainEntityOfPage\":{\"@id\":\"https:\\\/\\\/beneggiassociati.com\\\/en\\\/forfettario-si-valuta-a-fine-anno-il-vincolo-con-lex-datore\\\/\"},\"wordCount\":458,\"commentCount\":0,\"publisher\":{\"@id\":\"https:\\\/\\\/beneggiassociati.com\\\/en\\\/#organization\"},\"image\":{\"@id\":\"https:\\\/\\\/beneggiassociati.com\\\/en\\\/forfettario-si-valuta-a-fine-anno-il-vincolo-con-lex-datore\\\/#primaryimage\"},\"thumbnailUrl\":\"https:\\\/\\\/beneggiassociati.com\\\/wp-content\\\/uploads\\\/2025\\\/07\\\/single-post-beneggi.jpg\",\"articleSection\":[\"ARCHIVIO\"],\"inLanguage\":\"en-US\"},{\"@type\":\"WebPage\",\"@id\":\"https:\\\/\\\/beneggiassociati.com\\\/en\\\/forfettario-si-valuta-a-fine-anno-il-vincolo-con-lex-datore\\\/\",\"url\":\"https:\\\/\\\/beneggiassociati.com\\\/en\\\/forfettario-si-valuta-a-fine-anno-il-vincolo-con-lex-datore\\\/\",\"name\":\"Forfettario, si valuta a fine anno il vincolo con l\u2019ex datore - Beneggi &amp; Associati\",\"isPartOf\":{\"@id\":\"https:\\\/\\\/beneggiassociati.com\\\/en\\\/#website\"},\"primaryImageOfPage\":{\"@id\":\"https:\\\/\\\/beneggiassociati.com\\\/en\\\/forfettario-si-valuta-a-fine-anno-il-vincolo-con-lex-datore\\\/#primaryimage\"},\"image\":{\"@id\":\"https:\\\/\\\/beneggiassociati.com\\\/en\\\/forfettario-si-valuta-a-fine-anno-il-vincolo-con-lex-datore\\\/#primaryimage\"},\"thumbnailUrl\":\"https:\\\/\\\/beneggiassociati.com\\\/wp-content\\\/uploads\\\/2025\\\/07\\\/single-post-beneggi.jpg\",\"datePublished\":\"2019-04-28T07:57:00+00:00\",\"description\":\"L\u2019applicazione del regime forfettario \u00e8 preclusa ai contribuenti che svolgono l\u2019attivit\u00e0 prevalentemente nei confronti dei datori di lavoro, ma la\",\"breadcrumb\":{\"@id\":\"https:\\\/\\\/beneggiassociati.com\\\/en\\\/forfettario-si-valuta-a-fine-anno-il-vincolo-con-lex-datore\\\/#breadcrumb\"},\"inLanguage\":\"en-US\",\"potentialAction\":[{\"@type\":\"ReadAction\",\"target\":[\"https:\\\/\\\/beneggiassociati.com\\\/en\\\/forfettario-si-valuta-a-fine-anno-il-vincolo-con-lex-datore\\\/\"]}]},{\"@type\":\"ImageObject\",\"inLanguage\":\"en-US\",\"@id\":\"https:\\\/\\\/beneggiassociati.com\\\/en\\\/forfettario-si-valuta-a-fine-anno-il-vincolo-con-lex-datore\\\/#primaryimage\",\"url\":\"https:\\\/\\\/beneggiassociati.com\\\/wp-content\\\/uploads\\\/2025\\\/07\\\/single-post-beneggi.jpg\",\"contentUrl\":\"https:\\\/\\\/beneggiassociati.com\\\/wp-content\\\/uploads\\\/2025\\\/07\\\/single-post-beneggi.jpg\",\"width\":1280,\"height\":823},{\"@type\":\"BreadcrumbList\",\"@id\":\"https:\\\/\\\/beneggiassociati.com\\\/en\\\/forfettario-si-valuta-a-fine-anno-il-vincolo-con-lex-datore\\\/#breadcrumb\",\"itemListElement\":[{\"@type\":\"ListItem\",\"position\":1,\"name\":\"Home\",\"item\":\"https:\\\/\\\/beneggiassociati.com\\\/en\\\/?page_id=24163\"},{\"@type\":\"ListItem\",\"position\":2,\"name\":\"Forfettario, si valuta a fine anno il vincolo con l\u2019ex datore\"}]},{\"@type\":\"WebSite\",\"@id\":\"https:\\\/\\\/beneggiassociati.com\\\/en\\\/#website\",\"url\":\"https:\\\/\\\/beneggiassociati.com\\\/en\\\/\",\"name\":\"Beneggi e associati\",\"description\":\"\",\"publisher\":{\"@id\":\"https:\\\/\\\/beneggiassociati.com\\\/en\\\/#organization\"},\"potentialAction\":[{\"@type\":\"SearchAction\",\"target\":{\"@type\":\"EntryPoint\",\"urlTemplate\":\"https:\\\/\\\/beneggiassociati.com\\\/en\\\/?s={search_term_string}\"},\"query-input\":{\"@type\":\"PropertyValueSpecification\",\"valueRequired\":true,\"valueName\":\"search_term_string\"}}],\"inLanguage\":\"en-US\"},{\"@type\":\"Organization\",\"@id\":\"https:\\\/\\\/beneggiassociati.com\\\/en\\\/#organization\",\"name\":\"Beneggi e associati\",\"url\":\"https:\\\/\\\/beneggiassociati.com\\\/en\\\/\",\"logo\":{\"@type\":\"ImageObject\",\"inLanguage\":\"en-US\",\"@id\":\"https:\\\/\\\/beneggiassociati.com\\\/en\\\/#\\\/schema\\\/logo\\\/image\\\/\",\"url\":\"https:\\\/\\\/beneggiassociati.com\\\/wp-content\\\/uploads\\\/2025\\\/07\\\/beneggi-logo.png\",\"contentUrl\":\"https:\\\/\\\/beneggiassociati.com\\\/wp-content\\\/uploads\\\/2025\\\/07\\\/beneggi-logo.png\",\"width\":141,\"height\":87,\"caption\":\"Beneggi e associati\"},\"image\":{\"@id\":\"https:\\\/\\\/beneggiassociati.com\\\/en\\\/#\\\/schema\\\/logo\\\/image\\\/\"}},{\"@type\":\"Person\",\"@id\":\"https:\\\/\\\/beneggiassociati.com\\\/en\\\/#\\\/schema\\\/person\\\/828daacfa37b359e89e981f920072004\",\"name\":\"Tiziano Beneggi\",\"url\":\"https:\\\/\\\/beneggiassociati.com\\\/en\\\/author\\\/tizianobeneggiassociati-com\\\/\"}]}<\/script>\n<!-- \/ Yoast SEO plugin. -->","yoast_head_json":{"title":"Forfettario, si valuta a fine anno il vincolo con l\u2019ex datore - Beneggi &amp; Associati","description":"L\u2019applicazione del regime forfettario \u00e8 preclusa ai contribuenti che svolgono l\u2019attivit\u00e0 prevalentemente nei confronti dei datori di lavoro, ma la","robots":{"index":"index","follow":"follow","max-snippet":"max-snippet:-1","max-image-preview":"max-image-preview:large","max-video-preview":"max-video-preview:-1"},"canonical":"https:\/\/beneggiassociati.com\/en\/forfettario-si-valuta-a-fine-anno-il-vincolo-con-lex-datore\/","og_locale":"en_US","og_type":"article","og_title":"Forfettario, si valuta a fine anno il vincolo con l\u2019ex datore - Beneggi &amp; Associati","og_description":"L\u2019applicazione del regime forfettario \u00e8 preclusa ai contribuenti che svolgono l\u2019attivit\u00e0 prevalentemente nei confronti dei datori di lavoro, ma la","og_url":"https:\/\/beneggiassociati.com\/en\/forfettario-si-valuta-a-fine-anno-il-vincolo-con-lex-datore\/","og_site_name":"Beneggi &amp; Associati","article_published_time":"2019-04-28T07:57:00+00:00","og_image":[{"width":1280,"height":823,"url":"https:\/\/beneggiassociati.com\/wp-content\/uploads\/2025\/07\/single-post-beneggi.jpg","type":"image\/jpeg"}],"author":"Tiziano Beneggi","twitter_card":"summary_large_image","twitter_misc":{"Written by":"Tiziano Beneggi","Est. reading time":"2 minutes"},"schema":{"@context":"https:\/\/schema.org","@graph":[{"@type":"Article","@id":"https:\/\/beneggiassociati.com\/en\/forfettario-si-valuta-a-fine-anno-il-vincolo-con-lex-datore\/#article","isPartOf":{"@id":"https:\/\/beneggiassociati.com\/en\/forfettario-si-valuta-a-fine-anno-il-vincolo-con-lex-datore\/"},"author":{"name":"Tiziano Beneggi","@id":"https:\/\/beneggiassociati.com\/en\/#\/schema\/person\/828daacfa37b359e89e981f920072004"},"headline":"Forfettario, si valuta a fine anno il vincolo con l\u2019ex datore","datePublished":"2019-04-28T07:57:00+00:00","mainEntityOfPage":{"@id":"https:\/\/beneggiassociati.com\/en\/forfettario-si-valuta-a-fine-anno-il-vincolo-con-lex-datore\/"},"wordCount":458,"commentCount":0,"publisher":{"@id":"https:\/\/beneggiassociati.com\/en\/#organization"},"image":{"@id":"https:\/\/beneggiassociati.com\/en\/forfettario-si-valuta-a-fine-anno-il-vincolo-con-lex-datore\/#primaryimage"},"thumbnailUrl":"https:\/\/beneggiassociati.com\/wp-content\/uploads\/2025\/07\/single-post-beneggi.jpg","articleSection":["ARCHIVIO"],"inLanguage":"en-US"},{"@type":"WebPage","@id":"https:\/\/beneggiassociati.com\/en\/forfettario-si-valuta-a-fine-anno-il-vincolo-con-lex-datore\/","url":"https:\/\/beneggiassociati.com\/en\/forfettario-si-valuta-a-fine-anno-il-vincolo-con-lex-datore\/","name":"Forfettario, si valuta a fine anno il vincolo con l\u2019ex datore - Beneggi &amp; Associati","isPartOf":{"@id":"https:\/\/beneggiassociati.com\/en\/#website"},"primaryImageOfPage":{"@id":"https:\/\/beneggiassociati.com\/en\/forfettario-si-valuta-a-fine-anno-il-vincolo-con-lex-datore\/#primaryimage"},"image":{"@id":"https:\/\/beneggiassociati.com\/en\/forfettario-si-valuta-a-fine-anno-il-vincolo-con-lex-datore\/#primaryimage"},"thumbnailUrl":"https:\/\/beneggiassociati.com\/wp-content\/uploads\/2025\/07\/single-post-beneggi.jpg","datePublished":"2019-04-28T07:57:00+00:00","description":"L\u2019applicazione del regime forfettario \u00e8 preclusa ai contribuenti che svolgono l\u2019attivit\u00e0 prevalentemente nei confronti dei datori di lavoro, ma la","breadcrumb":{"@id":"https:\/\/beneggiassociati.com\/en\/forfettario-si-valuta-a-fine-anno-il-vincolo-con-lex-datore\/#breadcrumb"},"inLanguage":"en-US","potentialAction":[{"@type":"ReadAction","target":["https:\/\/beneggiassociati.com\/en\/forfettario-si-valuta-a-fine-anno-il-vincolo-con-lex-datore\/"]}]},{"@type":"ImageObject","inLanguage":"en-US","@id":"https:\/\/beneggiassociati.com\/en\/forfettario-si-valuta-a-fine-anno-il-vincolo-con-lex-datore\/#primaryimage","url":"https:\/\/beneggiassociati.com\/wp-content\/uploads\/2025\/07\/single-post-beneggi.jpg","contentUrl":"https:\/\/beneggiassociati.com\/wp-content\/uploads\/2025\/07\/single-post-beneggi.jpg","width":1280,"height":823},{"@type":"BreadcrumbList","@id":"https:\/\/beneggiassociati.com\/en\/forfettario-si-valuta-a-fine-anno-il-vincolo-con-lex-datore\/#breadcrumb","itemListElement":[{"@type":"ListItem","position":1,"name":"Home","item":"https:\/\/beneggiassociati.com\/en\/?page_id=24163"},{"@type":"ListItem","position":2,"name":"Forfettario, si valuta a fine anno il vincolo con l\u2019ex datore"}]},{"@type":"WebSite","@id":"https:\/\/beneggiassociati.com\/en\/#website","url":"https:\/\/beneggiassociati.com\/en\/","name":"Beneggi e associati","description":"","publisher":{"@id":"https:\/\/beneggiassociati.com\/en\/#organization"},"potentialAction":[{"@type":"SearchAction","target":{"@type":"EntryPoint","urlTemplate":"https:\/\/beneggiassociati.com\/en\/?s={search_term_string}"},"query-input":{"@type":"PropertyValueSpecification","valueRequired":true,"valueName":"search_term_string"}}],"inLanguage":"en-US"},{"@type":"Organization","@id":"https:\/\/beneggiassociati.com\/en\/#organization","name":"Beneggi e associati","url":"https:\/\/beneggiassociati.com\/en\/","logo":{"@type":"ImageObject","inLanguage":"en-US","@id":"https:\/\/beneggiassociati.com\/en\/#\/schema\/logo\/image\/","url":"https:\/\/beneggiassociati.com\/wp-content\/uploads\/2025\/07\/beneggi-logo.png","contentUrl":"https:\/\/beneggiassociati.com\/wp-content\/uploads\/2025\/07\/beneggi-logo.png","width":141,"height":87,"caption":"Beneggi e associati"},"image":{"@id":"https:\/\/beneggiassociati.com\/en\/#\/schema\/logo\/image\/"}},{"@type":"Person","@id":"https:\/\/beneggiassociati.com\/en\/#\/schema\/person\/828daacfa37b359e89e981f920072004","name":"Tiziano Beneggi","url":"https:\/\/beneggiassociati.com\/en\/author\/tizianobeneggiassociati-com\/"}]}},"_links":{"self":[{"href":"https:\/\/beneggiassociati.com\/en\/wp-json\/wp\/v2\/posts\/16497","targetHints":{"allow":["GET"]}}],"collection":[{"href":"https:\/\/beneggiassociati.com\/en\/wp-json\/wp\/v2\/posts"}],"about":[{"href":"https:\/\/beneggiassociati.com\/en\/wp-json\/wp\/v2\/types\/post"}],"author":[{"embeddable":true,"href":"https:\/\/beneggiassociati.com\/en\/wp-json\/wp\/v2\/users\/4"}],"replies":[{"embeddable":true,"href":"https:\/\/beneggiassociati.com\/en\/wp-json\/wp\/v2\/comments?post=16497"}],"version-history":[{"count":0,"href":"https:\/\/beneggiassociati.com\/en\/wp-json\/wp\/v2\/posts\/16497\/revisions"}],"wp:featuredmedia":[{"embeddable":true,"href":"https:\/\/beneggiassociati.com\/en\/wp-json\/wp\/v2\/media\/409"}],"wp:attachment":[{"href":"https:\/\/beneggiassociati.com\/en\/wp-json\/wp\/v2\/media?parent=16497"}],"wp:term":[{"taxonomy":"category","embeddable":true,"href":"https:\/\/beneggiassociati.com\/en\/wp-json\/wp\/v2\/categories?post=16497"},{"taxonomy":"post_tag","embeddable":true,"href":"https:\/\/beneggiassociati.com\/en\/wp-json\/wp\/v2\/tags?post=16497"}],"curies":[{"name":"wp","href":"https:\/\/api.w.org\/{rel}","templated":true}]}}